{"id":225073,"date":"2026-02-24T21:00:00","date_gmt":"2026-02-25T00:00:00","guid":{"rendered":"https:\/\/portaltela.pt\/noticias\/2026\/02\/24\/emergencia-climatica-prioridade-real-nao-apenas-slogan\/"},"modified":"2026-02-24T21:00:00","modified_gmt":"2026-02-25T00:00:00","slug":"emergencia-climatica-prioridade-real-nao-apenas-slogan","status":"publish","type":"post","link":"https:\/\/portaltela.pt\/noticias\/2026\/02\/24\/emergencia-climatica-prioridade-real-nao-apenas-slogan\/","title":{"rendered":"Emerg\u00eancia clim\u00e1tica: prioridade real, n\u00e3o apenas slogan"},"content":{"rendered":"<p>A emerg\u00eancia clim\u00e1tica em Portugal volta a ganhar destaque ap\u00f3s o ver\u00e3o de 2026, marcado pelo calor extremo e pela seca. Um conjunto de fen\u00f3menos meteorol\u00f3gicos causou preju\u00edzos significativos, geralmente concentrados em zonas com menor capacidade de prote\u00e7\u00e3o social.<\/p>\n<p>A an\u00e1lise aponta que desastres ao longo de v\u00e1rias d\u00e9cadas n\u00e3o s\u00e3o apenas eventos naturais, mas resultados de vulnerabilidades estruturais. Inunda\u00e7\u00f5es, inc\u00eandios e aluvi\u00f5es repetem padr\u00f5es de desigualdade na distribui\u00e7\u00e3o de riscos e recursos.<\/p>\n<p>Entre os epis\u00f3dios citados est\u00e3o a trag\u00e9dia de 1967 em Lisboa e na sua \u00e1rea, as cheias de Algarve e Alentejo em 1997, inc\u00eandios graves em 2003 e 2017, e os aluvi\u00f5es de 2010 na Madeira. Cada caso evidencia impactos desproporcionados sobre comunidades com menos recursos.<\/p>\n<p>Em 2026, a soma de tempestades intensas \u2014 designadas Kristin, Leonardo e Marta \u2014 provocou perdas agr\u00edcolas, cortes de energia e falhas de telecomunica\u00e7\u00f5es, com preju\u00edzos estimados em m\u00faltiplos milh\u00f5es.<\/p>\n<p>Segundo relatos, houve falhas de coordena\u00e7\u00e3o de resposta na Prote\u00e7\u00e3o Civil durante epis\u00f3dios cr\u00edticos. A comunidade tamb\u00e9m questiona a efic\u00e1cia de medidas de aviso vermelho e da prote\u00e7\u00e3o das redes essenciais.<\/p>\n<p>O setor p\u00fablico tem sido chamado a responder com medidas r\u00e1pidas de prote\u00e7\u00e3o social. Autoridades destacam a necessidade de refor\u00e7ar o escudo social, tratar de forma excecional as necessidades imediatas e acelerar a reconstru\u00e7\u00e3o de infraestruturas vulner\u00e1veis.<\/p>\n<p>A an\u00e1lise sustenta que a administra\u00e7\u00e3o p\u00fablica deve encetar uma estrat\u00e9gia de adapta\u00e7\u00e3o clim\u00e1tica robusta. Investir na transi\u00e7\u00e3o energ\u00e9tica e em defesa civil \u00e9 apresentado como imperativo para a seguran\u00e7a coletiva e a estabilidade econ\u00f3mica a longo prazo.<\/p>\n","protected":false},"excerpt":{"rendered":"<ul>\n<li>A emerg\u00eancia clim\u00e1tica \u00e9 apresentada como consequ\u00eancia de desigualdades sociais, n\u00e3o apenas de fen\u00f3menos naturais, com maior impacto sobre quem trabalha e tem menos recursos.<\/li>\n<li>Hist\u00f3ricas cat\u00e1strofes em Portugal incluem cheias no Algarve e no Alentejo (1997), inc\u00eandios letais (2003, 2017) e aluvi\u00f5es na Madeira (2010), sugerindo um padr\u00e3o repetido.<\/li>\n<li>Em 2026, ap\u00f3s o ver\u00e3o mais quente e seco de sempre, ocorreram tempestades designadas Kristin, Leonardo e Marta, provocando interrup\u00e7\u00f5es de colheitas, cortes de energia e telecomunica\u00e7\u00f5es e preju\u00edzos de cerca de 6 mil milh\u00f5es de euros.<\/li>\n<li>Cr\u00edticas \u00e0 gest\u00e3o da crise: aus\u00eancia do comandante nacional da Prote\u00e7\u00e3o Civil, falhas do SIRESP e declara\u00e7\u00f5es de ministros durante a emerg\u00eancia, apontando falhas de coordena\u00e7\u00e3o e comunica\u00e7\u00e3o.<\/li>\n<li>Defende-se a necessidade de medidas de exce\u00e7\u00e3o e de um escudo social para proteger popula\u00e7\u00f5es afetadas, bem como investimentos na transi\u00e7\u00e3o clim\u00e1tica para seguran\u00e7a coletiva e racionalidade econ\u00f3mica.<\/li>\n<\/ul>\n","protected":false},"author":2,"featured_media":225075,"comment_status":"closed","ping_status":"closed","sticky":false,"template":"","format":"standard","meta":{"footnotes":""},"categories":[1],"tags":[1272,5224,5437,5231,1014,320],"class_list":["post-225073","post","type-post","status-publish","format-standard","has-post-thumbnail","hentry","category-noticias","tag-adaptacao-climatica","tag-clima","tag-desigualdades-sociais","tag-energia-sustentavel","tag-portugal","tag-protecao-civil"],"yoast_head":"<!-- This site is optimized with the Yoast SEO plugin v27.2 - https:\/\/yoast.com\/product\/yoast-seo-wordpress\/ -->\n<title>Emerg\u00eancia clim\u00e1tica: prioridade real, n\u00e3o apenas slogan - Portal Tela Portugal<\/title>\n<meta name=\"robots\" content=\"index, follow, max-snippet:-1, max-image-preview:large, max-video-preview:-1\" \/>\n<meta property=\"og:locale\" content=\"pt_PT\" \/>\n<meta property=\"og:type\" content=\"article\" \/>\n<meta property=\"og:title\" content=\"Emerg\u00eancia clim\u00e1tica: prioridade real, n\u00e3o apenas slogan - Portal Tela Portugal\" \/>\n<meta property=\"og:description\" content=\"A emerg\u00eancia clim\u00e1tica \u00e9 apresentada como consequ\u00eancia de desigualdades sociais, n\u00e3o apenas de fen\u00f3menos naturais, com maior impacto sobre quem trabalha e tem menos recursos. Hist\u00f3ricas cat\u00e1strofes em Portugal incluem cheias no Algarve e no Alentejo (1997), inc\u00eandios letais (2003, 2017) e aluvi\u00f5es na Madeira (2010), sugerindo um padr\u00e3o repetido. Em 2026, ap\u00f3s o ver\u00e3o mais quente e seco de sempre, ocorreram tempestades designadas Kristin, Leonardo e Marta, provocando interrup\u00e7\u00f5es de colheitas, cortes de energia e telecomunica\u00e7\u00f5es e preju\u00edzos de cerca de 6 mil milh\u00f5es de euros. Cr\u00edticas \u00e0 gest\u00e3o da crise: aus\u00eancia do comandante nacional da Prote\u00e7\u00e3o Civil, falhas do SIRESP e declara\u00e7\u00f5es de ministros durante a emerg\u00eancia, apontando falhas de coordena\u00e7\u00e3o e comunica\u00e7\u00e3o. Defende-se a necessidade de medidas de exce\u00e7\u00e3o e de um escudo social para proteger popula\u00e7\u00f5es afetadas, bem como investimentos na transi\u00e7\u00e3o clim\u00e1tica para seguran\u00e7a coletiva e racionalidade econ\u00f3mica.\" \/>\n<meta property=\"og:url\" content=\"https:\/\/portaltela.pt\/noticias\/2026\/02\/24\/emergencia-climatica-prioridade-real-nao-apenas-slogan\/\" \/>\n<meta property=\"og:site_name\" content=\"Portal Tela Portugal\" \/>\n<meta property=\"article:published_time\" content=\"2026-02-25T00:00:00+00:00\" \/>\n<meta name=\"author\" content=\"Telinha\" \/>\n<meta name=\"twitter:card\" content=\"summary_large_image\" \/>\n<meta name=\"twitter:label1\" content=\"Escrito por\" \/>\n\t<meta name=\"twitter:data1\" content=\"Telinha\" \/>\n\t<meta name=\"twitter:label2\" content=\"Tempo estimado de leitura\" \/>\n\t<meta name=\"twitter:data2\" content=\"1 minuto\" \/>\n<script type=\"application\/ld+json\" class=\"yoast-schema-graph\">{\"@context\":\"https:\/\/schema.org\",\"@graph\":[{\"@type\":\"Article\",\"@id\":\"https:\/\/portaltela.pt\/noticias\/2026\/02\/24\/emergencia-climatica-prioridade-real-nao-apenas-slogan\/#article\",\"isPartOf\":{\"@id\":\"https:\/\/portaltela.pt\/noticias\/2026\/02\/24\/emergencia-climatica-prioridade-real-nao-apenas-slogan\/\"},\"author\":{\"name\":\"Telinha\",\"@id\":\"https:\/\/portaltela.pt\/#\/schema\/person\/c4278d4a6028830caff9ee44b42d32ed\"},\"headline\":\"Emerg\u00eancia clim\u00e1tica: prioridade real, n\u00e3o apenas slogan\",\"datePublished\":\"2026-02-25T00:00:00+00:00\",\"mainEntityOfPage\":{\"@id\":\"https:\/\/portaltela.pt\/noticias\/2026\/02\/24\/emergencia-climatica-prioridade-real-nao-apenas-slogan\/\"},\"wordCount\":306,\"image\":{\"@id\":\"https:\/\/portaltela.pt\/noticias\/2026\/02\/24\/emergencia-climatica-prioridade-real-nao-apenas-slogan\/#primaryimage\"},\"thumbnailUrl\":\"https:\/\/portaltela.pt\/s.01k8rhncp4jt1\/2026\/02\/image-1810.jpg\",\"keywords\":[\"adapta\u00e7\u00e3o clim\u00e1tica\",\"clima\",\"desigualdades sociais\",\"Energia sustent\u00e1vel\",\"Portugal\",\"prote\u00e7\u00e3o civil\"],\"articleSection\":[\"Not\u00edcias\"],\"inLanguage\":\"pt-PT\"},{\"@type\":\"WebPage\",\"@id\":\"https:\/\/portaltela.pt\/noticias\/2026\/02\/24\/emergencia-climatica-prioridade-real-nao-apenas-slogan\/\",\"url\":\"https:\/\/portaltela.pt\/noticias\/2026\/02\/24\/emergencia-climatica-prioridade-real-nao-apenas-slogan\/\",\"name\":\"Emerg\u00eancia clim\u00e1tica: prioridade real, n\u00e3o apenas slogan - Portal Tela Portugal\",\"isPartOf\":{\"@id\":\"https:\/\/portaltela.pt\/#website\"},\"primaryImageOfPage\":{\"@id\":\"https:\/\/portaltela.pt\/noticias\/2026\/02\/24\/emergencia-climatica-prioridade-real-nao-apenas-slogan\/#primaryimage\"},\"image\":{\"@id\":\"https:\/\/portaltela.pt\/noticias\/2026\/02\/24\/emergencia-climatica-prioridade-real-nao-apenas-slogan\/#primaryimage\"},\"thumbnailUrl\":\"https:\/\/portaltela.pt\/s.01k8rhncp4jt1\/2026\/02\/image-1810.jpg\",\"datePublished\":\"2026-02-25T00:00:00+00:00\",\"author\":{\"@id\":\"https:\/\/portaltela.pt\/#\/schema\/person\/c4278d4a6028830caff9ee44b42d32ed\"},\"breadcrumb\":{\"@id\":\"https:\/\/portaltela.pt\/noticias\/2026\/02\/24\/emergencia-climatica-prioridade-real-nao-apenas-slogan\/#breadcrumb\"},\"inLanguage\":\"pt-PT\",\"potentialAction\":[{\"@type\":\"ReadAction\",\"target\":[\"https:\/\/portaltela.pt\/noticias\/2026\/02\/24\/emergencia-climatica-prioridade-real-nao-apenas-slogan\/\"]}]},{\"@type\":\"ImageObject\",\"inLanguage\":\"pt-PT\",\"@id\":\"https:\/\/portaltela.pt\/noticias\/2026\/02\/24\/emergencia-climatica-prioridade-real-nao-apenas-slogan\/#primaryimage\",\"url\":\"https:\/\/portaltela.pt\/s.01k8rhncp4jt1\/2026\/02\/image-1810.jpg\",\"contentUrl\":\"https:\/\/portaltela.pt\/s.01k8rhncp4jt1\/2026\/02\/image-1810.jpg\",\"width\":796,\"height\":448,\"caption\":\"Imagem de contexto do artigo A emerg\u00eancia clim\u00e1tica n\u00e3o \u00e9 um slogan\"},{\"@type\":\"BreadcrumbList\",\"@id\":\"https:\/\/portaltela.pt\/noticias\/2026\/02\/24\/emergencia-climatica-prioridade-real-nao-apenas-slogan\/#breadcrumb\",\"itemListElement\":[{\"@type\":\"ListItem\",\"position\":1,\"name\":\"In\u00edcio\",\"item\":\"https:\/\/portaltela.pt\/\"},{\"@type\":\"ListItem\",\"position\":2,\"name\":\"Emerg\u00eancia clim\u00e1tica: prioridade real, n\u00e3o apenas slogan\"}]},{\"@type\":\"WebSite\",\"@id\":\"https:\/\/portaltela.pt\/#website\",\"url\":\"https:\/\/portaltela.pt\/\",\"name\":\"Portal Tela Portugal\",\"description\":\"\",\"potentialAction\":[{\"@type\":\"SearchAction\",\"target\":{\"@type\":\"EntryPoint\",\"urlTemplate\":\"https:\/\/portaltela.pt\/?s={search_term_string}\"},\"query-input\":{\"@type\":\"PropertyValueSpecification\",\"valueRequired\":true,\"valueName\":\"search_term_string\"}}],\"inLanguage\":\"pt-PT\"},{\"@type\":\"Person\",\"@id\":\"https:\/\/portaltela.pt\/#\/schema\/person\/c4278d4a6028830caff9ee44b42d32ed\",\"name\":\"Telinha\",\"image\":{\"@type\":\"ImageObject\",\"inLanguage\":\"pt-PT\",\"@id\":\"https:\/\/portaltela.pt\/s.01k8rhncp4jt1\/2025\/11\/talking-bot-125x125.png\",\"url\":\"https:\/\/portaltela.pt\/s.01k8rhncp4jt1\/2025\/11\/talking-bot-125x125.png\",\"contentUrl\":\"https:\/\/portaltela.pt\/s.01k8rhncp4jt1\/2025\/11\/talking-bot-125x125.png\",\"caption\":\"Telinha\"},\"sameAs\":[\"https:\/\/portaltela.pt\/\"],\"url\":\"https:\/\/portaltela.pt\/por\/367410592786\/\"}]}<\/script>\n<!-- \/ Yoast SEO plugin. -->","yoast_head_json":{"title":"Emerg\u00eancia clim\u00e1tica: prioridade real, n\u00e3o apenas slogan - Portal Tela Portugal","robots":{"index":"index","follow":"follow","max-snippet":"max-snippet:-1","max-image-preview":"max-image-preview:large","max-video-preview":"max-video-preview:-1"},"og_locale":"pt_PT","og_type":"article","og_title":"Emerg\u00eancia clim\u00e1tica: prioridade real, n\u00e3o apenas slogan - Portal Tela Portugal","og_description":"A emerg\u00eancia clim\u00e1tica \u00e9 apresentada como consequ\u00eancia de desigualdades sociais, n\u00e3o apenas de fen\u00f3menos naturais, com maior impacto sobre quem trabalha e tem menos recursos. Hist\u00f3ricas cat\u00e1strofes em Portugal incluem cheias no Algarve e no Alentejo (1997), inc\u00eandios letais (2003, 2017) e aluvi\u00f5es na Madeira (2010), sugerindo um padr\u00e3o repetido. Em 2026, ap\u00f3s o ver\u00e3o mais quente e seco de sempre, ocorreram tempestades designadas Kristin, Leonardo e Marta, provocando interrup\u00e7\u00f5es de colheitas, cortes de energia e telecomunica\u00e7\u00f5es e preju\u00edzos de cerca de 6 mil milh\u00f5es de euros. Cr\u00edticas \u00e0 gest\u00e3o da crise: aus\u00eancia do comandante nacional da Prote\u00e7\u00e3o Civil, falhas do SIRESP e declara\u00e7\u00f5es de ministros durante a emerg\u00eancia, apontando falhas de coordena\u00e7\u00e3o e comunica\u00e7\u00e3o. Defende-se a necessidade de medidas de exce\u00e7\u00e3o e de um escudo social para proteger popula\u00e7\u00f5es afetadas, bem como investimentos na transi\u00e7\u00e3o clim\u00e1tica para seguran\u00e7a coletiva e racionalidade econ\u00f3mica.","og_url":"https:\/\/portaltela.pt\/noticias\/2026\/02\/24\/emergencia-climatica-prioridade-real-nao-apenas-slogan\/","og_site_name":"Portal Tela Portugal","article_published_time":"2026-02-25T00:00:00+00:00","author":"Telinha","twitter_card":"summary_large_image","twitter_misc":{"Escrito por":"Telinha","Tempo estimado de leitura":"1 minuto"},"schema":{"@context":"https:\/\/schema.org","@graph":[{"@type":"Article","@id":"https:\/\/portaltela.pt\/noticias\/2026\/02\/24\/emergencia-climatica-prioridade-real-nao-apenas-slogan\/#article","isPartOf":{"@id":"https:\/\/portaltela.pt\/noticias\/2026\/02\/24\/emergencia-climatica-prioridade-real-nao-apenas-slogan\/"},"author":{"name":"Telinha","@id":"https:\/\/portaltela.pt\/#\/schema\/person\/c4278d4a6028830caff9ee44b42d32ed"},"headline":"Emerg\u00eancia clim\u00e1tica: prioridade real, n\u00e3o apenas slogan","datePublished":"2026-02-25T00:00:00+00:00","mainEntityOfPage":{"@id":"https:\/\/portaltela.pt\/noticias\/2026\/02\/24\/emergencia-climatica-prioridade-real-nao-apenas-slogan\/"},"wordCount":306,"image":{"@id":"https:\/\/portaltela.pt\/noticias\/2026\/02\/24\/emergencia-climatica-prioridade-real-nao-apenas-slogan\/#primaryimage"},"thumbnailUrl":"https:\/\/portaltela.pt\/s.01k8rhncp4jt1\/2026\/02\/image-1810.jpg","keywords":["adapta\u00e7\u00e3o clim\u00e1tica","clima","desigualdades sociais","Energia sustent\u00e1vel","Portugal","prote\u00e7\u00e3o civil"],"articleSection":["Not\u00edcias"],"inLanguage":"pt-PT"},{"@type":"WebPage","@id":"https:\/\/portaltela.pt\/noticias\/2026\/02\/24\/emergencia-climatica-prioridade-real-nao-apenas-slogan\/","url":"https:\/\/portaltela.pt\/noticias\/2026\/02\/24\/emergencia-climatica-prioridade-real-nao-apenas-slogan\/","name":"Emerg\u00eancia clim\u00e1tica: prioridade real, n\u00e3o apenas slogan - Portal Tela Portugal","isPartOf":{"@id":"https:\/\/portaltela.pt\/#website"},"primaryImageOfPage":{"@id":"https:\/\/portaltela.pt\/noticias\/2026\/02\/24\/emergencia-climatica-prioridade-real-nao-apenas-slogan\/#primaryimage"},"image":{"@id":"https:\/\/portaltela.pt\/noticias\/2026\/02\/24\/emergencia-climatica-prioridade-real-nao-apenas-slogan\/#primaryimage"},"thumbnailUrl":"https:\/\/portaltela.pt\/s.01k8rhncp4jt1\/2026\/02\/image-1810.jpg","datePublished":"2026-02-25T00:00:00+00:00","author":{"@id":"https:\/\/portaltela.pt\/#\/schema\/person\/c4278d4a6028830caff9ee44b42d32ed"},"breadcrumb":{"@id":"https:\/\/portaltela.pt\/noticias\/2026\/02\/24\/emergencia-climatica-prioridade-real-nao-apenas-slogan\/#breadcrumb"},"inLanguage":"pt-PT","potentialAction":[{"@type":"ReadAction","target":["https:\/\/portaltela.pt\/noticias\/2026\/02\/24\/emergencia-climatica-prioridade-real-nao-apenas-slogan\/"]}]},{"@type":"ImageObject","inLanguage":"pt-PT","@id":"https:\/\/portaltela.pt\/noticias\/2026\/02\/24\/emergencia-climatica-prioridade-real-nao-apenas-slogan\/#primaryimage","url":"https:\/\/portaltela.pt\/s.01k8rhncp4jt1\/2026\/02\/image-1810.jpg","contentUrl":"https:\/\/portaltela.pt\/s.01k8rhncp4jt1\/2026\/02\/image-1810.jpg","width":796,"height":448,"caption":"Imagem de contexto do artigo A emerg\u00eancia clim\u00e1tica n\u00e3o \u00e9 um slogan"},{"@type":"BreadcrumbList","@id":"https:\/\/portaltela.pt\/noticias\/2026\/02\/24\/emergencia-climatica-prioridade-real-nao-apenas-slogan\/#breadcrumb","itemListElement":[{"@type":"ListItem","position":1,"name":"In\u00edcio","item":"https:\/\/portaltela.pt\/"},{"@type":"ListItem","position":2,"name":"Emerg\u00eancia clim\u00e1tica: prioridade real, n\u00e3o apenas slogan"}]},{"@type":"WebSite","@id":"https:\/\/portaltela.pt\/#website","url":"https:\/\/portaltela.pt\/","name":"Portal Tela Portugal","description":"","potentialAction":[{"@type":"SearchAction","target":{"@type":"EntryPoint","urlTemplate":"https:\/\/portaltela.pt\/?s={search_term_string}"},"query-input":{"@type":"PropertyValueSpecification","valueRequired":true,"valueName":"search_term_string"}}],"inLanguage":"pt-PT"},{"@type":"Person","@id":"https:\/\/portaltela.pt\/#\/schema\/person\/c4278d4a6028830caff9ee44b42d32ed","name":"Telinha","image":{"@type":"ImageObject","inLanguage":"pt-PT","@id":"https:\/\/portaltela.pt\/s.01k8rhncp4jt1\/2025\/11\/talking-bot-125x125.png","url":"https:\/\/portaltela.pt\/s.01k8rhncp4jt1\/2025\/11\/talking-bot-125x125.png","contentUrl":"https:\/\/portaltela.pt\/s.01k8rhncp4jt1\/2025\/11\/talking-bot-125x125.png","caption":"Telinha"},"sameAs":["https:\/\/portaltela.pt\/"],"url":"https:\/\/portaltela.pt\/por\/367410592786\/"}]}},"_links":{"self":[{"href":"https:\/\/portaltela.pt\/api\/wp\/v2\/posts\/225073","targetHints":{"allow":["GET"]}}],"collection":[{"href":"https:\/\/portaltela.pt\/api\/wp\/v2\/posts"}],"about":[{"href":"https:\/\/portaltela.pt\/api\/wp\/v2\/types\/post"}],"author":[{"embeddable":true,"href":"https:\/\/portaltela.pt\/api\/wp\/v2\/users\/2"}],"replies":[{"embeddable":true,"href":"https:\/\/portaltela.pt\/api\/wp\/v2\/comments?post=225073"}],"version-history":[{"count":0,"href":"https:\/\/portaltela.pt\/api\/wp\/v2\/posts\/225073\/revisions"}],"wp:featuredmedia":[{"embeddable":true,"href":"https:\/\/portaltela.pt\/api\/wp\/v2\/media\/225075"}],"wp:attachment":[{"href":"https:\/\/portaltela.pt\/api\/wp\/v2\/media?parent=225073"}],"wp:term":[{"taxonomy":"category","embeddable":true,"href":"https:\/\/portaltela.pt\/api\/wp\/v2\/categories?post=225073"},{"taxonomy":"post_tag","embeddable":true,"href":"https:\/\/portaltela.pt\/api\/wp\/v2\/tags?post=225073"}],"curies":[{"name":"wp","href":"https:\/\/api.w.org\/{rel}","templated":true}]}}