{"id":225063,"date":"2026-02-24T21:01:00","date_gmt":"2026-02-25T00:01:00","guid":{"rendered":"https:\/\/portaltela.pt\/noticias\/2026\/02\/24\/dados-que-falam-tendencias-reveladas-pelos-numeros\/"},"modified":"2026-02-24T21:01:00","modified_gmt":"2026-02-25T00:01:00","slug":"dados-que-falam-tendencias-reveladas-pelos-numeros","status":"publish","type":"post","link":"https:\/\/portaltela.pt\/noticias\/2026\/02\/24\/dados-que-falam-tendencias-reveladas-pelos-numeros\/","title":{"rendered":"Dados que falam: tend\u00eancias reveladas pelos n\u00fameros"},"content":{"rendered":"<p>Vivemos numa era de narrativas e emo\u00e7\u00f5es, e o Governo tem demonstrado preocupa\u00e7\u00e3o com a isen\u00e7\u00e3o e a literacia na informa\u00e7\u00e3o correta. A partir de agora, os dados da Seguran\u00e7a Social v\u00e3o ser avaliados mensalmente, por setores, nacionalidades e regi\u00f5es.<\/p>\n<p>Entre os dados dispon\u00edveis, os estrangeiros contribuem positivamente para o saldo da Seguran\u00e7a Social e representam um quinto do total de descontos. O impacto \u00e9 sentido em v\u00e1rias \u00e1reas do mercado de trabalho.<\/p>\n<p>A n\u00edvel setorial, os estrangeiros totalizam 53,3% dos trabalhadores na agricultura e pescas, e perto de 40% nos servi\u00e7os e atividades administrativas, que incluem limpeza e call centers. Restaura\u00e7\u00e3o e constru\u00e7\u00e3o tamb\u00e9m dependem de m\u00e3o de obra estrangeira.<\/p>\n<p>Entre as nacionalidades, os brasileiros representam 36% do total de estrangeiros. A dispers\u00e3o geogr\u00e1fica mostra que, apesar de concentrarem-se nas duas maiores \u00e1reas urbanas e no Algarve, o interior tem registado crescimento significativo.<\/p>\n<p>No Interior, o aumento proporcional \u00e9 expressivo: Castelo Branco cresce 11,5 vezes, Viseu 11 vezes e Vila Real 8,1 vezes, na \u00faltima d\u00e9cada. A imigra\u00e7\u00e3o deixa de ser apenas urbana e aproxima-se de territ\u00f3rios pouco povoados.<\/p>\n<p>Este movimento \u00e9 apresentado como fator decisivo no repovoamento de \u00e1reas de baixa densidade e na dinamiza\u00e7\u00e3o econ\u00f3mica local. A an\u00e1lise dos n\u00fameros refor\u00e7a a necessidade de pol\u00edticas ajustadas \u00e0 realidade laboral.<\/p>\n<p>A equipa governamental defende que dificultar o reagrupamento de fam\u00edlias ou adotar uma postura de desconfian\u00e7a para estes trabalhadores resulta em custos para o pa\u00eds. A leitura apresentada sustenta que o pa\u00eds \u00e9 composto por cruzamentos culturais.<\/p>\n","protected":false},"excerpt":{"rendered":"<ul>\n<li>O Governo vai avaliar mensalmente os dados da Seguran\u00e7a Social por setores, nacionalidades e regi\u00f5es, para ter um retrato fiel da realidade.<\/li>\n<li>Os estrangeiros contribuem positivamente para o saldo da Seguran\u00e7a Social e representam um quinto do total de descontos.<\/li>\n<li>Por sectores, estrangeiros totalizam 53,3% dos trabalhadores na agricultura e pescas e cerca de 40% nos servi\u00e7os e atividades administrativas; restaura\u00e7\u00e3o e constru\u00e7\u00e3o tamb\u00e9m dependem fortemente de m\u00e3o de obra estrangeira (39% e 36,2%).<\/li>\n<li>Os brasileiros representam 36% do total de estrangeiros, com dispers\u00e3o crescente para o interior: nos \u00faltimos dez anos, o crescimento foi de 11,5 vezes em Castelo Branco, 11 em Viseu e 8,1 em Vila Real.<\/li>\n<li>A imigra\u00e7\u00e3o deixou de ser um fen\u00f3meno apenas urbano e \u00e9 decisiva para o repovoamento de territ\u00f3rios de baixa densidade; pol\u00edticas p\u00fablicas devem acompanhar essa realidade para n\u00e3o ficarem desalinhadas.<\/li>\n<\/ul>\n","protected":false},"author":2,"featured_media":225066,"comment_status":"closed","ping_status":"closed","sticky":false,"template":"","format":"standard","meta":{"footnotes":""},"categories":[1],"tags":[179,28,712,1456,5093,727],"class_list":["post-225063","post","type-post","status-publish","format-standard","has-post-thumbnail","hentry","category-noticias","tag-agricultura","tag-economia","tag-imigracao","tag-migracao","tag-pesca","tag-servicos"],"yoast_head":"<!-- This site is optimized with the Yoast SEO plugin v27.2 - https:\/\/yoast.com\/product\/yoast-seo-wordpress\/ -->\n<title>Dados que falam: tend\u00eancias reveladas pelos n\u00fameros - Portal Tela Portugal<\/title>\n<meta name=\"robots\" content=\"index, follow, max-snippet:-1, max-image-preview:large, max-video-preview:-1\" \/>\n<meta property=\"og:locale\" content=\"pt_PT\" \/>\n<meta property=\"og:type\" content=\"article\" \/>\n<meta property=\"og:title\" content=\"Dados que falam: tend\u00eancias reveladas pelos n\u00fameros - Portal Tela Portugal\" \/>\n<meta property=\"og:description\" content=\"O Governo vai avaliar mensalmente os dados da Seguran\u00e7a Social por setores, nacionalidades e regi\u00f5es, para ter um retrato fiel da realidade. Os estrangeiros contribuem positivamente para o saldo da Seguran\u00e7a Social e representam um quinto do total de descontos. Por sectores, estrangeiros totalizam 53,3% dos trabalhadores na agricultura e pescas e cerca de 40% nos servi\u00e7os e atividades administrativas; restaura\u00e7\u00e3o e constru\u00e7\u00e3o tamb\u00e9m dependem fortemente de m\u00e3o de obra estrangeira (39% e 36,2%). Os brasileiros representam 36% do total de estrangeiros, com dispers\u00e3o crescente para o interior: nos \u00faltimos dez anos, o crescimento foi de 11,5 vezes em Castelo Branco, 11 em Viseu e 8,1 em Vila Real. A imigra\u00e7\u00e3o deixou de ser um fen\u00f3meno apenas urbano e \u00e9 decisiva para o repovoamento de territ\u00f3rios de baixa densidade; pol\u00edticas p\u00fablicas devem acompanhar essa realidade para n\u00e3o ficarem desalinhadas.\" \/>\n<meta property=\"og:url\" content=\"https:\/\/portaltela.pt\/noticias\/2026\/02\/24\/dados-que-falam-tendencias-reveladas-pelos-numeros\/\" \/>\n<meta property=\"og:site_name\" content=\"Portal Tela Portugal\" \/>\n<meta property=\"article:published_time\" content=\"2026-02-25T00:01:00+00:00\" \/>\n<meta name=\"author\" content=\"Telinha\" \/>\n<meta name=\"twitter:card\" content=\"summary_large_image\" \/>\n<meta name=\"twitter:label1\" content=\"Escrito por\" \/>\n\t<meta name=\"twitter:data1\" content=\"Telinha\" \/>\n\t<meta name=\"twitter:label2\" content=\"Tempo estimado de leitura\" \/>\n\t<meta name=\"twitter:data2\" content=\"1 minuto\" \/>\n<script type=\"application\/ld+json\" class=\"yoast-schema-graph\">{\"@context\":\"https:\/\/schema.org\",\"@graph\":[{\"@type\":\"Article\",\"@id\":\"https:\/\/portaltela.pt\/noticias\/2026\/02\/24\/dados-que-falam-tendencias-reveladas-pelos-numeros\/#article\",\"isPartOf\":{\"@id\":\"https:\/\/portaltela.pt\/noticias\/2026\/02\/24\/dados-que-falam-tendencias-reveladas-pelos-numeros\/\"},\"author\":{\"name\":\"Telinha\",\"@id\":\"https:\/\/portaltela.pt\/#\/schema\/person\/c4278d4a6028830caff9ee44b42d32ed\"},\"headline\":\"Dados que falam: tend\u00eancias reveladas pelos n\u00fameros\",\"datePublished\":\"2026-02-25T00:01:00+00:00\",\"mainEntityOfPage\":{\"@id\":\"https:\/\/portaltela.pt\/noticias\/2026\/02\/24\/dados-que-falam-tendencias-reveladas-pelos-numeros\/\"},\"wordCount\":278,\"image\":{\"@id\":\"https:\/\/portaltela.pt\/noticias\/2026\/02\/24\/dados-que-falam-tendencias-reveladas-pelos-numeros\/#primaryimage\"},\"thumbnailUrl\":\"https:\/\/portaltela.pt\/s.01k8rhncp4jt1\/2026\/02\/63e990e5-4409-40a2-827c-0f48dd6df72c_1200x675-3.jpg\",\"keywords\":[\"agricultura\",\"economia\",\"imigra\u00e7\u00e3o\",\"migra\u00e7\u00e3o\",\"pesca\",\"servi\u00e7os\"],\"articleSection\":[\"Not\u00edcias\"],\"inLanguage\":\"pt-PT\"},{\"@type\":\"WebPage\",\"@id\":\"https:\/\/portaltela.pt\/noticias\/2026\/02\/24\/dados-que-falam-tendencias-reveladas-pelos-numeros\/\",\"url\":\"https:\/\/portaltela.pt\/noticias\/2026\/02\/24\/dados-que-falam-tendencias-reveladas-pelos-numeros\/\",\"name\":\"Dados que falam: tend\u00eancias reveladas pelos n\u00fameros - Portal Tela Portugal\",\"isPartOf\":{\"@id\":\"https:\/\/portaltela.pt\/#website\"},\"primaryImageOfPage\":{\"@id\":\"https:\/\/portaltela.pt\/noticias\/2026\/02\/24\/dados-que-falam-tendencias-reveladas-pelos-numeros\/#primaryimage\"},\"image\":{\"@id\":\"https:\/\/portaltela.pt\/noticias\/2026\/02\/24\/dados-que-falam-tendencias-reveladas-pelos-numeros\/#primaryimage\"},\"thumbnailUrl\":\"https:\/\/portaltela.pt\/s.01k8rhncp4jt1\/2026\/02\/63e990e5-4409-40a2-827c-0f48dd6df72c_1200x675-3.jpg\",\"datePublished\":\"2026-02-25T00:01:00+00:00\",\"author\":{\"@id\":\"https:\/\/portaltela.pt\/#\/schema\/person\/c4278d4a6028830caff9ee44b42d32ed\"},\"breadcrumb\":{\"@id\":\"https:\/\/portaltela.pt\/noticias\/2026\/02\/24\/dados-que-falam-tendencias-reveladas-pelos-numeros\/#breadcrumb\"},\"inLanguage\":\"pt-PT\",\"potentialAction\":[{\"@type\":\"ReadAction\",\"target\":[\"https:\/\/portaltela.pt\/noticias\/2026\/02\/24\/dados-que-falam-tendencias-reveladas-pelos-numeros\/\"]}]},{\"@type\":\"ImageObject\",\"inLanguage\":\"pt-PT\",\"@id\":\"https:\/\/portaltela.pt\/noticias\/2026\/02\/24\/dados-que-falam-tendencias-reveladas-pelos-numeros\/#primaryimage\",\"url\":\"https:\/\/portaltela.pt\/s.01k8rhncp4jt1\/2026\/02\/63e990e5-4409-40a2-827c-0f48dd6df72c_1200x675-3.jpg\",\"contentUrl\":\"https:\/\/portaltela.pt\/s.01k8rhncp4jt1\/2026\/02\/63e990e5-4409-40a2-827c-0f48dd6df72c_1200x675-3.jpg\",\"width\":796,\"height\":448,\"caption\":\"Photo\"},{\"@type\":\"BreadcrumbList\",\"@id\":\"https:\/\/portaltela.pt\/noticias\/2026\/02\/24\/dados-que-falam-tendencias-reveladas-pelos-numeros\/#breadcrumb\",\"itemListElement\":[{\"@type\":\"ListItem\",\"position\":1,\"name\":\"In\u00edcio\",\"item\":\"https:\/\/portaltela.pt\/\"},{\"@type\":\"ListItem\",\"position\":2,\"name\":\"Dados que falam: tend\u00eancias reveladas pelos n\u00fameros\"}]},{\"@type\":\"WebSite\",\"@id\":\"https:\/\/portaltela.pt\/#website\",\"url\":\"https:\/\/portaltela.pt\/\",\"name\":\"Portal Tela Portugal\",\"description\":\"\",\"potentialAction\":[{\"@type\":\"SearchAction\",\"target\":{\"@type\":\"EntryPoint\",\"urlTemplate\":\"https:\/\/portaltela.pt\/?s={search_term_string}\"},\"query-input\":{\"@type\":\"PropertyValueSpecification\",\"valueRequired\":true,\"valueName\":\"search_term_string\"}}],\"inLanguage\":\"pt-PT\"},{\"@type\":\"Person\",\"@id\":\"https:\/\/portaltela.pt\/#\/schema\/person\/c4278d4a6028830caff9ee44b42d32ed\",\"name\":\"Telinha\",\"image\":{\"@type\":\"ImageObject\",\"inLanguage\":\"pt-PT\",\"@id\":\"https:\/\/portaltela.pt\/s.01k8rhncp4jt1\/2025\/11\/talking-bot-125x125.png\",\"url\":\"https:\/\/portaltela.pt\/s.01k8rhncp4jt1\/2025\/11\/talking-bot-125x125.png\",\"contentUrl\":\"https:\/\/portaltela.pt\/s.01k8rhncp4jt1\/2025\/11\/talking-bot-125x125.png\",\"caption\":\"Telinha\"},\"sameAs\":[\"https:\/\/portaltela.pt\/\"],\"url\":\"https:\/\/portaltela.pt\/por\/367410592786\/\"}]}<\/script>\n<!-- \/ Yoast SEO plugin. -->","yoast_head_json":{"title":"Dados que falam: tend\u00eancias reveladas pelos n\u00fameros - Portal Tela Portugal","robots":{"index":"index","follow":"follow","max-snippet":"max-snippet:-1","max-image-preview":"max-image-preview:large","max-video-preview":"max-video-preview:-1"},"og_locale":"pt_PT","og_type":"article","og_title":"Dados que falam: tend\u00eancias reveladas pelos n\u00fameros - Portal Tela Portugal","og_description":"O Governo vai avaliar mensalmente os dados da Seguran\u00e7a Social por setores, nacionalidades e regi\u00f5es, para ter um retrato fiel da realidade. Os estrangeiros contribuem positivamente para o saldo da Seguran\u00e7a Social e representam um quinto do total de descontos. Por sectores, estrangeiros totalizam 53,3% dos trabalhadores na agricultura e pescas e cerca de 40% nos servi\u00e7os e atividades administrativas; restaura\u00e7\u00e3o e constru\u00e7\u00e3o tamb\u00e9m dependem fortemente de m\u00e3o de obra estrangeira (39% e 36,2%). Os brasileiros representam 36% do total de estrangeiros, com dispers\u00e3o crescente para o interior: nos \u00faltimos dez anos, o crescimento foi de 11,5 vezes em Castelo Branco, 11 em Viseu e 8,1 em Vila Real. A imigra\u00e7\u00e3o deixou de ser um fen\u00f3meno apenas urbano e \u00e9 decisiva para o repovoamento de territ\u00f3rios de baixa densidade; pol\u00edticas p\u00fablicas devem acompanhar essa realidade para n\u00e3o ficarem desalinhadas.","og_url":"https:\/\/portaltela.pt\/noticias\/2026\/02\/24\/dados-que-falam-tendencias-reveladas-pelos-numeros\/","og_site_name":"Portal Tela Portugal","article_published_time":"2026-02-25T00:01:00+00:00","author":"Telinha","twitter_card":"summary_large_image","twitter_misc":{"Escrito por":"Telinha","Tempo estimado de leitura":"1 minuto"},"schema":{"@context":"https:\/\/schema.org","@graph":[{"@type":"Article","@id":"https:\/\/portaltela.pt\/noticias\/2026\/02\/24\/dados-que-falam-tendencias-reveladas-pelos-numeros\/#article","isPartOf":{"@id":"https:\/\/portaltela.pt\/noticias\/2026\/02\/24\/dados-que-falam-tendencias-reveladas-pelos-numeros\/"},"author":{"name":"Telinha","@id":"https:\/\/portaltela.pt\/#\/schema\/person\/c4278d4a6028830caff9ee44b42d32ed"},"headline":"Dados que falam: tend\u00eancias reveladas pelos n\u00fameros","datePublished":"2026-02-25T00:01:00+00:00","mainEntityOfPage":{"@id":"https:\/\/portaltela.pt\/noticias\/2026\/02\/24\/dados-que-falam-tendencias-reveladas-pelos-numeros\/"},"wordCount":278,"image":{"@id":"https:\/\/portaltela.pt\/noticias\/2026\/02\/24\/dados-que-falam-tendencias-reveladas-pelos-numeros\/#primaryimage"},"thumbnailUrl":"https:\/\/portaltela.pt\/s.01k8rhncp4jt1\/2026\/02\/63e990e5-4409-40a2-827c-0f48dd6df72c_1200x675-3.jpg","keywords":["agricultura","economia","imigra\u00e7\u00e3o","migra\u00e7\u00e3o","pesca","servi\u00e7os"],"articleSection":["Not\u00edcias"],"inLanguage":"pt-PT"},{"@type":"WebPage","@id":"https:\/\/portaltela.pt\/noticias\/2026\/02\/24\/dados-que-falam-tendencias-reveladas-pelos-numeros\/","url":"https:\/\/portaltela.pt\/noticias\/2026\/02\/24\/dados-que-falam-tendencias-reveladas-pelos-numeros\/","name":"Dados que falam: tend\u00eancias reveladas pelos n\u00fameros - Portal Tela Portugal","isPartOf":{"@id":"https:\/\/portaltela.pt\/#website"},"primaryImageOfPage":{"@id":"https:\/\/portaltela.pt\/noticias\/2026\/02\/24\/dados-que-falam-tendencias-reveladas-pelos-numeros\/#primaryimage"},"image":{"@id":"https:\/\/portaltela.pt\/noticias\/2026\/02\/24\/dados-que-falam-tendencias-reveladas-pelos-numeros\/#primaryimage"},"thumbnailUrl":"https:\/\/portaltela.pt\/s.01k8rhncp4jt1\/2026\/02\/63e990e5-4409-40a2-827c-0f48dd6df72c_1200x675-3.jpg","datePublished":"2026-02-25T00:01:00+00:00","author":{"@id":"https:\/\/portaltela.pt\/#\/schema\/person\/c4278d4a6028830caff9ee44b42d32ed"},"breadcrumb":{"@id":"https:\/\/portaltela.pt\/noticias\/2026\/02\/24\/dados-que-falam-tendencias-reveladas-pelos-numeros\/#breadcrumb"},"inLanguage":"pt-PT","potentialAction":[{"@type":"ReadAction","target":["https:\/\/portaltela.pt\/noticias\/2026\/02\/24\/dados-que-falam-tendencias-reveladas-pelos-numeros\/"]}]},{"@type":"ImageObject","inLanguage":"pt-PT","@id":"https:\/\/portaltela.pt\/noticias\/2026\/02\/24\/dados-que-falam-tendencias-reveladas-pelos-numeros\/#primaryimage","url":"https:\/\/portaltela.pt\/s.01k8rhncp4jt1\/2026\/02\/63e990e5-4409-40a2-827c-0f48dd6df72c_1200x675-3.jpg","contentUrl":"https:\/\/portaltela.pt\/s.01k8rhncp4jt1\/2026\/02\/63e990e5-4409-40a2-827c-0f48dd6df72c_1200x675-3.jpg","width":796,"height":448,"caption":"Photo"},{"@type":"BreadcrumbList","@id":"https:\/\/portaltela.pt\/noticias\/2026\/02\/24\/dados-que-falam-tendencias-reveladas-pelos-numeros\/#breadcrumb","itemListElement":[{"@type":"ListItem","position":1,"name":"In\u00edcio","item":"https:\/\/portaltela.pt\/"},{"@type":"ListItem","position":2,"name":"Dados que falam: tend\u00eancias reveladas pelos n\u00fameros"}]},{"@type":"WebSite","@id":"https:\/\/portaltela.pt\/#website","url":"https:\/\/portaltela.pt\/","name":"Portal Tela Portugal","description":"","potentialAction":[{"@type":"SearchAction","target":{"@type":"EntryPoint","urlTemplate":"https:\/\/portaltela.pt\/?s={search_term_string}"},"query-input":{"@type":"PropertyValueSpecification","valueRequired":true,"valueName":"search_term_string"}}],"inLanguage":"pt-PT"},{"@type":"Person","@id":"https:\/\/portaltela.pt\/#\/schema\/person\/c4278d4a6028830caff9ee44b42d32ed","name":"Telinha","image":{"@type":"ImageObject","inLanguage":"pt-PT","@id":"https:\/\/portaltela.pt\/s.01k8rhncp4jt1\/2025\/11\/talking-bot-125x125.png","url":"https:\/\/portaltela.pt\/s.01k8rhncp4jt1\/2025\/11\/talking-bot-125x125.png","contentUrl":"https:\/\/portaltela.pt\/s.01k8rhncp4jt1\/2025\/11\/talking-bot-125x125.png","caption":"Telinha"},"sameAs":["https:\/\/portaltela.pt\/"],"url":"https:\/\/portaltela.pt\/por\/367410592786\/"}]}},"_links":{"self":[{"href":"https:\/\/portaltela.pt\/api\/wp\/v2\/posts\/225063","targetHints":{"allow":["GET"]}}],"collection":[{"href":"https:\/\/portaltela.pt\/api\/wp\/v2\/posts"}],"about":[{"href":"https:\/\/portaltela.pt\/api\/wp\/v2\/types\/post"}],"author":[{"embeddable":true,"href":"https:\/\/portaltela.pt\/api\/wp\/v2\/users\/2"}],"replies":[{"embeddable":true,"href":"https:\/\/portaltela.pt\/api\/wp\/v2\/comments?post=225063"}],"version-history":[{"count":0,"href":"https:\/\/portaltela.pt\/api\/wp\/v2\/posts\/225063\/revisions"}],"wp:featuredmedia":[{"embeddable":true,"href":"https:\/\/portaltela.pt\/api\/wp\/v2\/media\/225066"}],"wp:attachment":[{"href":"https:\/\/portaltela.pt\/api\/wp\/v2\/media?parent=225063"}],"wp:term":[{"taxonomy":"category","embeddable":true,"href":"https:\/\/portaltela.pt\/api\/wp\/v2\/categories?post=225063"},{"taxonomy":"post_tag","embeddable":true,"href":"https:\/\/portaltela.pt\/api\/wp\/v2\/tags?post=225063"}],"curies":[{"name":"wp","href":"https:\/\/api.w.org\/{rel}","templated":true}]}}