{"id":225042,"date":"2026-02-24T19:53:01","date_gmt":"2026-02-24T22:53:01","guid":{"rendered":"https:\/\/portaltela.pt\/noticias\/2026\/02\/24\/lisboa-nao-concedeu-licencas-de-alojamento-local-apos-registos-inativos\/"},"modified":"2026-02-24T19:53:01","modified_gmt":"2026-02-24T22:53:01","slug":"lisboa-nao-concedeu-licencas-de-alojamento-local-apos-registos-inativos","status":"publish","type":"post","link":"https:\/\/portaltela.pt\/noticias\/2026\/02\/24\/lisboa-nao-concedeu-licencas-de-alojamento-local-apos-registos-inativos\/","title":{"rendered":"Lisboa n\u00e3o concedeu licen\u00e7as de alojamento local ap\u00f3s registos inativos"},"content":{"rendered":"<p>Lisboa cancelau 6.765 registos de alojamento local (AL), o que representa cerca de 40% de um universo de perto de 20 mil. A suspens\u00e3o foi conclu\u00edda a 1 de fevereiro, segundo o presidente da C\u00e2mara, Carlos Moedas. Desde ent\u00e3o, o munic\u00edpio n\u00e3o emitiu novas licen\u00e7as de AL.<\/p>\n<p>De acordo com dados oficiais, permanecem ativas 11.779 licen\u00e7as de AL na cidade. A medida foi explicada pela autarquia como resultado do cancelamento de registos inativos, incluindo licen\u00e7as fict\u00edcias ou fantasma, e visa monitorizar o impacto do AL.<\/p>\n<p>Tr\u00eas freguesias apresentam n\u00fameros elevados de cancelamentos, sobretudo Santa Maria Maior e Miseric\u00f3rdia, com mais de 1.000 cada, seguidas de Arroios, com mais de 800 registos anulados. O conjunto de seis freguesias fica em conten\u00e7\u00e3o.<\/p>\n<p>Freguesias em conten\u00e7\u00e3o<\/p>\n<p>Santa Maria Maior, Miseric\u00f3rdia, Santo Ant\u00f3nio, S\u00e3o Vicente, Arroios e Estrela ficam sob conten\u00e7\u00e3o, sem detalhar se \u00e9 absoluta ou relativa, nem indicar bairros espec\u00edficos.<\/p>\n<p>As novas licen\u00e7as s\u00f3 poder\u00e3o ser emitidas nessas \u00e1reas quando a conten\u00e7\u00e3o terminar. O munic\u00edpio vai iniciar um estudo para avaliar o impacto real do AL em Lisboa.<\/p>\n<p>Contexto regulat\u00f3rio<\/p>\n<p>Em novembro, foi aprovada uma altera\u00e7\u00e3o ao Regulamento Municipal do Alojamento Local (RMAL) que reduziu r\u00e1cios de conten\u00e7\u00e3o. A gest\u00e3o anterior defendia regras mais restritivas, podendo resultar em mudan\u00e7as adicionais no futuro.<\/p>\n<p>Antes do cancelamento, com dados de 1 de novembro de 2025, j\u00e1 havia seis freguesias em conten\u00e7\u00e3o absoluta e uma em conten\u00e7\u00e3o relativa. Nove bairros estavam em conten\u00e7\u00e3o absoluta, com outros 13 em conten\u00e7\u00e3o relativa. O RMAL estabelece tr\u00eas escalas de monitoriza\u00e7\u00e3o: concelho, freguesias e bairros.<\/p>\n","protected":false},"excerpt":{"rendered":"<ul>\n<li>Lisboa cancelou seis mil setecentos e sessenta e cinco registos de alojamento local, processo conclu\u00eddo a 1 de fevereiro, e desde ent\u00e3o n\u00e3o foram emitidas novas licen\u00e7as.<\/li>\n<li>No total de registos da cidade, existem quase vinte mil, com onze mil setecentos e setenta e nove registos de AL ativos a 1 de fevereiro.<\/li>\n<li>Freguesias em conten\u00e7\u00e3o: Santa Maria Maior, Miseric\u00f3rdia, Santo Ant\u00f3nio, S\u00e3o Vicente, Arroios e Estrela.<\/li>\n<li>O cancelamento deveu-se \u00e0 falta de apresenta\u00e7\u00e3o do seguro obrigat\u00f3rio; as freguesias com maior n\u00famero de cancelamentos incluem Santa Maria Maior e Miseric\u00f3rdia, com mais de mil registos cancelados cada uma, e Arroios, com mais de oitocentos.<\/li>\n<li>O munic\u00edpio afirma que o cancelamento de registos inativos n\u00e3o implica, automaticamente, abertura de vagas para novas licen\u00e7as; ser\u00e1 feito estudo de impacto do alojamento local, ap\u00f3s a altera\u00e7\u00e3o do Regulamento Municipal do Alojamento Local em novembro.<\/li>\n<\/ul>\n","protected":false},"author":2,"featured_media":225043,"comment_status":"closed","ping_status":"closed","sticky":false,"template":"","format":"standard","meta":{"footnotes":""},"categories":[1],"tags":[6115,491,3424,150,981,169],"class_list":["post-225042","post","type-post","status-publish","format-standard","has-post-thumbnail","hentry","category-noticias","tag-_economia","tag-alojamento-local","tag-freguesias","tag-habitacao","tag-lisboa","tag-turismo"],"yoast_head":"<!-- This site is optimized with the Yoast SEO plugin v27.2 - https:\/\/yoast.com\/product\/yoast-seo-wordpress\/ -->\n<title>Lisboa n\u00e3o concedeu licen\u00e7as de alojamento local ap\u00f3s registos inativos - Portal Tela Portugal<\/title>\n<meta name=\"robots\" content=\"index, follow, max-snippet:-1, max-image-preview:large, max-video-preview:-1\" \/>\n<meta property=\"og:locale\" content=\"pt_PT\" \/>\n<meta property=\"og:type\" content=\"article\" \/>\n<meta property=\"og:title\" content=\"Lisboa n\u00e3o concedeu licen\u00e7as de alojamento local ap\u00f3s registos inativos - Portal Tela Portugal\" \/>\n<meta property=\"og:description\" content=\"Lisboa cancelou seis mil setecentos e sessenta e cinco registos de alojamento local, processo conclu\u00eddo a 1 de fevereiro, e desde ent\u00e3o n\u00e3o foram emitidas novas licen\u00e7as. No total de registos da cidade, existem quase vinte mil, com onze mil setecentos e setenta e nove registos de AL ativos a 1 de fevereiro. Freguesias em conten\u00e7\u00e3o: Santa Maria Maior, Miseric\u00f3rdia, Santo Ant\u00f3nio, S\u00e3o Vicente, Arroios e Estrela. O cancelamento deveu-se \u00e0 falta de apresenta\u00e7\u00e3o do seguro obrigat\u00f3rio; as freguesias com maior n\u00famero de cancelamentos incluem Santa Maria Maior e Miseric\u00f3rdia, com mais de mil registos cancelados cada uma, e Arroios, com mais de oitocentos. O munic\u00edpio afirma que o cancelamento de registos inativos n\u00e3o implica, automaticamente, abertura de vagas para novas licen\u00e7as; ser\u00e1 feito estudo de impacto do alojamento local, ap\u00f3s a altera\u00e7\u00e3o do Regulamento Municipal do Alojamento Local em novembro.\" \/>\n<meta property=\"og:url\" content=\"https:\/\/portaltela.pt\/noticias\/2026\/02\/24\/lisboa-nao-concedeu-licencas-de-alojamento-local-apos-registos-inativos\/\" \/>\n<meta property=\"og:site_name\" content=\"Portal Tela Portugal\" \/>\n<meta property=\"article:published_time\" content=\"2026-02-24T22:53:01+00:00\" \/>\n<meta name=\"author\" content=\"Telinha\" \/>\n<meta name=\"twitter:card\" content=\"summary_large_image\" \/>\n<meta name=\"twitter:label1\" content=\"Escrito por\" \/>\n\t<meta name=\"twitter:data1\" content=\"Telinha\" \/>\n\t<meta name=\"twitter:label2\" content=\"Tempo estimado de leitura\" \/>\n\t<meta name=\"twitter:data2\" content=\"1 minuto\" \/>\n<script type=\"application\/ld+json\" class=\"yoast-schema-graph\">{\"@context\":\"https:\/\/schema.org\",\"@graph\":[{\"@type\":\"Article\",\"@id\":\"https:\/\/portaltela.pt\/noticias\/2026\/02\/24\/lisboa-nao-concedeu-licencas-de-alojamento-local-apos-registos-inativos\/#article\",\"isPartOf\":{\"@id\":\"https:\/\/portaltela.pt\/noticias\/2026\/02\/24\/lisboa-nao-concedeu-licencas-de-alojamento-local-apos-registos-inativos\/\"},\"author\":{\"name\":\"Telinha\",\"@id\":\"https:\/\/portaltela.pt\/#\/schema\/person\/c4278d4a6028830caff9ee44b42d32ed\"},\"headline\":\"Lisboa n\u00e3o concedeu licen\u00e7as de alojamento local ap\u00f3s registos inativos\",\"datePublished\":\"2026-02-24T22:53:01+00:00\",\"mainEntityOfPage\":{\"@id\":\"https:\/\/portaltela.pt\/noticias\/2026\/02\/24\/lisboa-nao-concedeu-licencas-de-alojamento-local-apos-registos-inativos\/\"},\"wordCount\":294,\"image\":{\"@id\":\"https:\/\/portaltela.pt\/noticias\/2026\/02\/24\/lisboa-nao-concedeu-licencas-de-alojamento-local-apos-registos-inativos\/#primaryimage\"},\"thumbnailUrl\":\"https:\/\/portaltela.pt\/s.01k8rhncp4jt1\/2026\/02\/img_1500x1000uu2025-10-04-14-28-12-2239397.jpg\",\"keywords\":[\"_economia\",\"alojamento local\",\"freguesias\",\"habita\u00e7\u00e3o\",\"Lisboa\",\"turismo\"],\"articleSection\":[\"Not\u00edcias\"],\"inLanguage\":\"pt-PT\"},{\"@type\":\"WebPage\",\"@id\":\"https:\/\/portaltela.pt\/noticias\/2026\/02\/24\/lisboa-nao-concedeu-licencas-de-alojamento-local-apos-registos-inativos\/\",\"url\":\"https:\/\/portaltela.pt\/noticias\/2026\/02\/24\/lisboa-nao-concedeu-licencas-de-alojamento-local-apos-registos-inativos\/\",\"name\":\"Lisboa n\u00e3o concedeu licen\u00e7as de alojamento local ap\u00f3s registos inativos - Portal Tela Portugal\",\"isPartOf\":{\"@id\":\"https:\/\/portaltela.pt\/#website\"},\"primaryImageOfPage\":{\"@id\":\"https:\/\/portaltela.pt\/noticias\/2026\/02\/24\/lisboa-nao-concedeu-licencas-de-alojamento-local-apos-registos-inativos\/#primaryimage\"},\"image\":{\"@id\":\"https:\/\/portaltela.pt\/noticias\/2026\/02\/24\/lisboa-nao-concedeu-licencas-de-alojamento-local-apos-registos-inativos\/#primaryimage\"},\"thumbnailUrl\":\"https:\/\/portaltela.pt\/s.01k8rhncp4jt1\/2026\/02\/img_1500x1000uu2025-10-04-14-28-12-2239397.jpg\",\"datePublished\":\"2026-02-24T22:53:01+00:00\",\"author\":{\"@id\":\"https:\/\/portaltela.pt\/#\/schema\/person\/c4278d4a6028830caff9ee44b42d32ed\"},\"breadcrumb\":{\"@id\":\"https:\/\/portaltela.pt\/noticias\/2026\/02\/24\/lisboa-nao-concedeu-licencas-de-alojamento-local-apos-registos-inativos\/#breadcrumb\"},\"inLanguage\":\"pt-PT\",\"potentialAction\":[{\"@type\":\"ReadAction\",\"target\":[\"https:\/\/portaltela.pt\/noticias\/2026\/02\/24\/lisboa-nao-concedeu-licencas-de-alojamento-local-apos-registos-inativos\/\"]}]},{\"@type\":\"ImageObject\",\"inLanguage\":\"pt-PT\",\"@id\":\"https:\/\/portaltela.pt\/noticias\/2026\/02\/24\/lisboa-nao-concedeu-licencas-de-alojamento-local-apos-registos-inativos\/#primaryimage\",\"url\":\"https:\/\/portaltela.pt\/s.01k8rhncp4jt1\/2026\/02\/img_1500x1000uu2025-10-04-14-28-12-2239397.jpg\",\"contentUrl\":\"https:\/\/portaltela.pt\/s.01k8rhncp4jt1\/2026\/02\/img_1500x1000uu2025-10-04-14-28-12-2239397.jpg\",\"width\":1500,\"height\":1000,\"caption\":\"Carlos Moedas\"},{\"@type\":\"BreadcrumbList\",\"@id\":\"https:\/\/portaltela.pt\/noticias\/2026\/02\/24\/lisboa-nao-concedeu-licencas-de-alojamento-local-apos-registos-inativos\/#breadcrumb\",\"itemListElement\":[{\"@type\":\"ListItem\",\"position\":1,\"name\":\"In\u00edcio\",\"item\":\"https:\/\/portaltela.pt\/\"},{\"@type\":\"ListItem\",\"position\":2,\"name\":\"Lisboa n\u00e3o concedeu licen\u00e7as de alojamento local ap\u00f3s registos inativos\"}]},{\"@type\":\"WebSite\",\"@id\":\"https:\/\/portaltela.pt\/#website\",\"url\":\"https:\/\/portaltela.pt\/\",\"name\":\"Portal Tela Portugal\",\"description\":\"\",\"potentialAction\":[{\"@type\":\"SearchAction\",\"target\":{\"@type\":\"EntryPoint\",\"urlTemplate\":\"https:\/\/portaltela.pt\/?s={search_term_string}\"},\"query-input\":{\"@type\":\"PropertyValueSpecification\",\"valueRequired\":true,\"valueName\":\"search_term_string\"}}],\"inLanguage\":\"pt-PT\"},{\"@type\":\"Person\",\"@id\":\"https:\/\/portaltela.pt\/#\/schema\/person\/c4278d4a6028830caff9ee44b42d32ed\",\"name\":\"Telinha\",\"image\":{\"@type\":\"ImageObject\",\"inLanguage\":\"pt-PT\",\"@id\":\"https:\/\/portaltela.pt\/s.01k8rhncp4jt1\/2025\/11\/talking-bot-125x125.png\",\"url\":\"https:\/\/portaltela.pt\/s.01k8rhncp4jt1\/2025\/11\/talking-bot-125x125.png\",\"contentUrl\":\"https:\/\/portaltela.pt\/s.01k8rhncp4jt1\/2025\/11\/talking-bot-125x125.png\",\"caption\":\"Telinha\"},\"sameAs\":[\"https:\/\/portaltela.pt\/\"],\"url\":\"https:\/\/portaltela.pt\/por\/367410592786\/\"}]}<\/script>\n<!-- \/ Yoast SEO plugin. -->","yoast_head_json":{"title":"Lisboa n\u00e3o concedeu licen\u00e7as de alojamento local ap\u00f3s registos inativos - Portal Tela Portugal","robots":{"index":"index","follow":"follow","max-snippet":"max-snippet:-1","max-image-preview":"max-image-preview:large","max-video-preview":"max-video-preview:-1"},"og_locale":"pt_PT","og_type":"article","og_title":"Lisboa n\u00e3o concedeu licen\u00e7as de alojamento local ap\u00f3s registos inativos - Portal Tela Portugal","og_description":"Lisboa cancelou seis mil setecentos e sessenta e cinco registos de alojamento local, processo conclu\u00eddo a 1 de fevereiro, e desde ent\u00e3o n\u00e3o foram emitidas novas licen\u00e7as. No total de registos da cidade, existem quase vinte mil, com onze mil setecentos e setenta e nove registos de AL ativos a 1 de fevereiro. Freguesias em conten\u00e7\u00e3o: Santa Maria Maior, Miseric\u00f3rdia, Santo Ant\u00f3nio, S\u00e3o Vicente, Arroios e Estrela. O cancelamento deveu-se \u00e0 falta de apresenta\u00e7\u00e3o do seguro obrigat\u00f3rio; as freguesias com maior n\u00famero de cancelamentos incluem Santa Maria Maior e Miseric\u00f3rdia, com mais de mil registos cancelados cada uma, e Arroios, com mais de oitocentos. O munic\u00edpio afirma que o cancelamento de registos inativos n\u00e3o implica, automaticamente, abertura de vagas para novas licen\u00e7as; ser\u00e1 feito estudo de impacto do alojamento local, ap\u00f3s a altera\u00e7\u00e3o do Regulamento Municipal do Alojamento Local em novembro.","og_url":"https:\/\/portaltela.pt\/noticias\/2026\/02\/24\/lisboa-nao-concedeu-licencas-de-alojamento-local-apos-registos-inativos\/","og_site_name":"Portal Tela Portugal","article_published_time":"2026-02-24T22:53:01+00:00","author":"Telinha","twitter_card":"summary_large_image","twitter_misc":{"Escrito por":"Telinha","Tempo estimado de leitura":"1 minuto"},"schema":{"@context":"https:\/\/schema.org","@graph":[{"@type":"Article","@id":"https:\/\/portaltela.pt\/noticias\/2026\/02\/24\/lisboa-nao-concedeu-licencas-de-alojamento-local-apos-registos-inativos\/#article","isPartOf":{"@id":"https:\/\/portaltela.pt\/noticias\/2026\/02\/24\/lisboa-nao-concedeu-licencas-de-alojamento-local-apos-registos-inativos\/"},"author":{"name":"Telinha","@id":"https:\/\/portaltela.pt\/#\/schema\/person\/c4278d4a6028830caff9ee44b42d32ed"},"headline":"Lisboa n\u00e3o concedeu licen\u00e7as de alojamento local ap\u00f3s registos inativos","datePublished":"2026-02-24T22:53:01+00:00","mainEntityOfPage":{"@id":"https:\/\/portaltela.pt\/noticias\/2026\/02\/24\/lisboa-nao-concedeu-licencas-de-alojamento-local-apos-registos-inativos\/"},"wordCount":294,"image":{"@id":"https:\/\/portaltela.pt\/noticias\/2026\/02\/24\/lisboa-nao-concedeu-licencas-de-alojamento-local-apos-registos-inativos\/#primaryimage"},"thumbnailUrl":"https:\/\/portaltela.pt\/s.01k8rhncp4jt1\/2026\/02\/img_1500x1000uu2025-10-04-14-28-12-2239397.jpg","keywords":["_economia","alojamento local","freguesias","habita\u00e7\u00e3o","Lisboa","turismo"],"articleSection":["Not\u00edcias"],"inLanguage":"pt-PT"},{"@type":"WebPage","@id":"https:\/\/portaltela.pt\/noticias\/2026\/02\/24\/lisboa-nao-concedeu-licencas-de-alojamento-local-apos-registos-inativos\/","url":"https:\/\/portaltela.pt\/noticias\/2026\/02\/24\/lisboa-nao-concedeu-licencas-de-alojamento-local-apos-registos-inativos\/","name":"Lisboa n\u00e3o concedeu licen\u00e7as de alojamento local ap\u00f3s registos inativos - Portal Tela Portugal","isPartOf":{"@id":"https:\/\/portaltela.pt\/#website"},"primaryImageOfPage":{"@id":"https:\/\/portaltela.pt\/noticias\/2026\/02\/24\/lisboa-nao-concedeu-licencas-de-alojamento-local-apos-registos-inativos\/#primaryimage"},"image":{"@id":"https:\/\/portaltela.pt\/noticias\/2026\/02\/24\/lisboa-nao-concedeu-licencas-de-alojamento-local-apos-registos-inativos\/#primaryimage"},"thumbnailUrl":"https:\/\/portaltela.pt\/s.01k8rhncp4jt1\/2026\/02\/img_1500x1000uu2025-10-04-14-28-12-2239397.jpg","datePublished":"2026-02-24T22:53:01+00:00","author":{"@id":"https:\/\/portaltela.pt\/#\/schema\/person\/c4278d4a6028830caff9ee44b42d32ed"},"breadcrumb":{"@id":"https:\/\/portaltela.pt\/noticias\/2026\/02\/24\/lisboa-nao-concedeu-licencas-de-alojamento-local-apos-registos-inativos\/#breadcrumb"},"inLanguage":"pt-PT","potentialAction":[{"@type":"ReadAction","target":["https:\/\/portaltela.pt\/noticias\/2026\/02\/24\/lisboa-nao-concedeu-licencas-de-alojamento-local-apos-registos-inativos\/"]}]},{"@type":"ImageObject","inLanguage":"pt-PT","@id":"https:\/\/portaltela.pt\/noticias\/2026\/02\/24\/lisboa-nao-concedeu-licencas-de-alojamento-local-apos-registos-inativos\/#primaryimage","url":"https:\/\/portaltela.pt\/s.01k8rhncp4jt1\/2026\/02\/img_1500x1000uu2025-10-04-14-28-12-2239397.jpg","contentUrl":"https:\/\/portaltela.pt\/s.01k8rhncp4jt1\/2026\/02\/img_1500x1000uu2025-10-04-14-28-12-2239397.jpg","width":1500,"height":1000,"caption":"Carlos Moedas"},{"@type":"BreadcrumbList","@id":"https:\/\/portaltela.pt\/noticias\/2026\/02\/24\/lisboa-nao-concedeu-licencas-de-alojamento-local-apos-registos-inativos\/#breadcrumb","itemListElement":[{"@type":"ListItem","position":1,"name":"In\u00edcio","item":"https:\/\/portaltela.pt\/"},{"@type":"ListItem","position":2,"name":"Lisboa n\u00e3o concedeu licen\u00e7as de alojamento local ap\u00f3s registos inativos"}]},{"@type":"WebSite","@id":"https:\/\/portaltela.pt\/#website","url":"https:\/\/portaltela.pt\/","name":"Portal Tela Portugal","description":"","potentialAction":[{"@type":"SearchAction","target":{"@type":"EntryPoint","urlTemplate":"https:\/\/portaltela.pt\/?s={search_term_string}"},"query-input":{"@type":"PropertyValueSpecification","valueRequired":true,"valueName":"search_term_string"}}],"inLanguage":"pt-PT"},{"@type":"Person","@id":"https:\/\/portaltela.pt\/#\/schema\/person\/c4278d4a6028830caff9ee44b42d32ed","name":"Telinha","image":{"@type":"ImageObject","inLanguage":"pt-PT","@id":"https:\/\/portaltela.pt\/s.01k8rhncp4jt1\/2025\/11\/talking-bot-125x125.png","url":"https:\/\/portaltela.pt\/s.01k8rhncp4jt1\/2025\/11\/talking-bot-125x125.png","contentUrl":"https:\/\/portaltela.pt\/s.01k8rhncp4jt1\/2025\/11\/talking-bot-125x125.png","caption":"Telinha"},"sameAs":["https:\/\/portaltela.pt\/"],"url":"https:\/\/portaltela.pt\/por\/367410592786\/"}]}},"_links":{"self":[{"href":"https:\/\/portaltela.pt\/api\/wp\/v2\/posts\/225042","targetHints":{"allow":["GET"]}}],"collection":[{"href":"https:\/\/portaltela.pt\/api\/wp\/v2\/posts"}],"about":[{"href":"https:\/\/portaltela.pt\/api\/wp\/v2\/types\/post"}],"author":[{"embeddable":true,"href":"https:\/\/portaltela.pt\/api\/wp\/v2\/users\/2"}],"replies":[{"embeddable":true,"href":"https:\/\/portaltela.pt\/api\/wp\/v2\/comments?post=225042"}],"version-history":[{"count":0,"href":"https:\/\/portaltela.pt\/api\/wp\/v2\/posts\/225042\/revisions"}],"wp:featuredmedia":[{"embeddable":true,"href":"https:\/\/portaltela.pt\/api\/wp\/v2\/media\/225043"}],"wp:attachment":[{"href":"https:\/\/portaltela.pt\/api\/wp\/v2\/media?parent=225042"}],"wp:term":[{"taxonomy":"category","embeddable":true,"href":"https:\/\/portaltela.pt\/api\/wp\/v2\/categories?post=225042"},{"taxonomy":"post_tag","embeddable":true,"href":"https:\/\/portaltela.pt\/api\/wp\/v2\/tags?post=225042"}],"curies":[{"name":"wp","href":"https:\/\/api.w.org\/{rel}","templated":true}]}}