{"id":225038,"date":"2026-02-24T19:45:00","date_gmt":"2026-02-24T22:45:00","guid":{"rendered":"https:\/\/portaltela.pt\/noticias\/2026\/02\/24\/israel-marca-quatro-anos-da-guerra-na-ucrania-com-ajuda-energetica-a-kiev\/"},"modified":"2026-02-24T19:45:00","modified_gmt":"2026-02-24T22:45:00","slug":"israel-marca-quatro-anos-da-guerra-na-ucrania-com-ajuda-energetica-a-kiev","status":"publish","type":"post","link":"https:\/\/portaltela.pt\/noticias\/2026\/02\/24\/israel-marca-quatro-anos-da-guerra-na-ucrania-com-ajuda-energetica-a-kiev\/","title":{"rendered":"Israel marca quatro anos da guerra na Ucr\u00e2nia com ajuda energ\u00e9tica a Kiev"},"content":{"rendered":"<p>Israel anunciou nesta ter\u00e7a-feira uma nova ajuda energ\u00e9tica a Kiev, coincidindo com o quarto anivers\u00e1rio da invas\u00e3o russa da Ucr\u00e2nia. O acordo prev\u00ea a entrega de 117 centrais el\u00e9tricas port\u00e1teis \u00e0 regi\u00e3o de Kiev, segundo o Minist\u00e9rio dos Neg\u00f3cios Estrangeiros de Israel. A conclus\u00e3o do acordo ocorreu numa chamada entre os chefes da diplomacia dos dois pa\u00edses.<\/p>\n<p>A conversa foi entre o ministro israelita dos Neg\u00f3cios Estrangeiros, Gideon Saar, e o correspondente ucraniano, Andriy Sibiga, com foco nas necessidades energ\u00e9ticas urgentes. As autoridades israelitas destacaram o compromisso em apoiar a Ucr\u00e2nia face aos ataques a infraestruturas cr\u00edticas.<\/p>\n<p>A Ucr\u00e2nia assinala hoje quatro anos desde o in\u00edcio da invas\u00e3o, com o Presidente Volodymyr Zelensky a valorizar a resist\u00eancia do povo ucraniano. Zelensky destacou, numa publica\u00e7\u00e3o, a coragem, o trabalho e a perseveran\u00e7a demonstrados ao longo do conflito.<\/p>\n<h3>Contexto: ofensiva russa e energia<\/h3>\n<p>A ofensiva militar russa foi lan\u00e7ada a 24 de fevereiro de 2022, marcando uma das crises de seguran\u00e7a mais graves desde a Segunda Guerra Mundial. A guerra tem motivado v\u00e1rias ajudas humanit\u00e1rias e medidas de apoio a Kiev por parte de v\u00e1rios pa\u00edses.<\/p>\n<p>A entrega de centrais port\u00e1teis busca mitigar cortes de energia provocados por ataques a infraestruturas cr\u00edticas. O governo israelita declara manter o envolvimento pr\u00e1tico na assist\u00eancia humanit\u00e1ria necess\u00e1ria no terreno.<\/p>\n","protected":false},"excerpt":{"rendered":"<ul>\n<li>Israel anunciou uma nova ajuda energ\u00e9tica a Kiev, com a entrega de 117 centrais el\u00e9tricas port\u00e1teis.<\/li>\n<li>A medida foi anunciada no dia em que se assinala o quarto anivers\u00e1rio da invas\u00e3o russa da Ucr\u00e2nia.<\/li>\n<li>O acordo foi finalizado numa chamada entre o ministro dos Neg\u00f3cios Estrangeiros de Israel, Gideon Saar, e o ministro ucraniano, Andriy Sibiga.<\/li>\n<li>As autoridades israelitas destacaram que a assist\u00eancia visa necessidades energ\u00e9ticas urgentes para infraestruturas cr\u00edticas.<\/li>\n<li>O presidente ucraniano, Volodymyr Zelensky, afirmou que, h\u00e1 quatro anos, Putin planeou tomar Kiev em tr\u00eas dias, sublinhando a resist\u00eancia do povo ucraniano.<\/li>\n<\/ul>\n","protected":false},"author":2,"featured_media":225040,"comment_status":"closed","ping_status":"closed","sticky":false,"template":"","format":"standard","meta":{"footnotes":""},"categories":[1],"tags":[5747,174,258,3708,1639,2134],"class_list":["post-225038","post","type-post","status-publish","format-standard","has-post-thumbnail","hentry","category-noticias","tag-ajuda-humanitaria","tag-energia","tag-infraestruturas","tag-israel","tag-kiev","tag-ucrania"],"yoast_head":"<!-- This site is optimized with the Yoast SEO plugin v27.2 - https:\/\/yoast.com\/product\/yoast-seo-wordpress\/ -->\n<title>Israel marca quatro anos da guerra na Ucr\u00e2nia com ajuda energ\u00e9tica a Kiev - Portal Tela Portugal<\/title>\n<meta name=\"robots\" content=\"index, follow, max-snippet:-1, max-image-preview:large, max-video-preview:-1\" \/>\n<meta property=\"og:locale\" content=\"pt_PT\" \/>\n<meta property=\"og:type\" content=\"article\" \/>\n<meta property=\"og:title\" content=\"Israel marca quatro anos da guerra na Ucr\u00e2nia com ajuda energ\u00e9tica a Kiev - Portal Tela Portugal\" \/>\n<meta property=\"og:description\" content=\"Israel anunciou uma nova ajuda energ\u00e9tica a Kiev, com a entrega de 117 centrais el\u00e9tricas port\u00e1teis. A medida foi anunciada no dia em que se assinala o quarto anivers\u00e1rio da invas\u00e3o russa da Ucr\u00e2nia. O acordo foi finalizado numa chamada entre o ministro dos Neg\u00f3cios Estrangeiros de Israel, Gideon Saar, e o ministro ucraniano, Andriy Sibiga. As autoridades israelitas destacaram que a assist\u00eancia visa necessidades energ\u00e9ticas urgentes para infraestruturas cr\u00edticas. O presidente ucraniano, Volodymyr Zelensky, afirmou que, h\u00e1 quatro anos, Putin planeou tomar Kiev em tr\u00eas dias, sublinhando a resist\u00eancia do povo ucraniano.\" \/>\n<meta property=\"og:url\" content=\"https:\/\/portaltela.pt\/noticias\/2026\/02\/24\/israel-marca-quatro-anos-da-guerra-na-ucrania-com-ajuda-energetica-a-kiev\/\" \/>\n<meta property=\"og:site_name\" content=\"Portal Tela Portugal\" \/>\n<meta property=\"article:published_time\" content=\"2026-02-24T22:45:00+00:00\" \/>\n<meta name=\"author\" content=\"Telinha\" \/>\n<meta name=\"twitter:card\" content=\"summary_large_image\" \/>\n<meta name=\"twitter:label1\" content=\"Escrito por\" \/>\n\t<meta name=\"twitter:data1\" content=\"Telinha\" \/>\n\t<meta name=\"twitter:label2\" content=\"Tempo estimado de leitura\" \/>\n\t<meta name=\"twitter:data2\" content=\"1 minuto\" \/>\n<script type=\"application\/ld+json\" class=\"yoast-schema-graph\">{\"@context\":\"https:\/\/schema.org\",\"@graph\":[{\"@type\":\"Article\",\"@id\":\"https:\/\/portaltela.pt\/noticias\/2026\/02\/24\/israel-marca-quatro-anos-da-guerra-na-ucrania-com-ajuda-energetica-a-kiev\/#article\",\"isPartOf\":{\"@id\":\"https:\/\/portaltela.pt\/noticias\/2026\/02\/24\/israel-marca-quatro-anos-da-guerra-na-ucrania-com-ajuda-energetica-a-kiev\/\"},\"author\":{\"name\":\"Telinha\",\"@id\":\"https:\/\/portaltela.pt\/#\/schema\/person\/c4278d4a6028830caff9ee44b42d32ed\"},\"headline\":\"Israel marca quatro anos da guerra na Ucr\u00e2nia com ajuda energ\u00e9tica a Kiev\",\"datePublished\":\"2026-02-24T22:45:00+00:00\",\"mainEntityOfPage\":{\"@id\":\"https:\/\/portaltela.pt\/noticias\/2026\/02\/24\/israel-marca-quatro-anos-da-guerra-na-ucrania-com-ajuda-energetica-a-kiev\/\"},\"wordCount\":259,\"image\":{\"@id\":\"https:\/\/portaltela.pt\/noticias\/2026\/02\/24\/israel-marca-quatro-anos-da-guerra-na-ucrania-com-ajuda-energetica-a-kiev\/#primaryimage\"},\"thumbnailUrl\":\"https:\/\/portaltela.pt\/s.01k8rhncp4jt1\/2026\/02\/img_1500x1000uu2022-09-26-21-35-24-1188042-1.jpg\",\"keywords\":[\"ajuda humanit\u00e1ria\",\"energia\",\"infraestruturas\",\"Israel\",\"Kiev\",\"Ucr\u00e2nia\"],\"articleSection\":[\"Not\u00edcias\"],\"inLanguage\":\"pt-PT\"},{\"@type\":\"WebPage\",\"@id\":\"https:\/\/portaltela.pt\/noticias\/2026\/02\/24\/israel-marca-quatro-anos-da-guerra-na-ucrania-com-ajuda-energetica-a-kiev\/\",\"url\":\"https:\/\/portaltela.pt\/noticias\/2026\/02\/24\/israel-marca-quatro-anos-da-guerra-na-ucrania-com-ajuda-energetica-a-kiev\/\",\"name\":\"Israel marca quatro anos da guerra na Ucr\u00e2nia com ajuda energ\u00e9tica a Kiev - Portal Tela Portugal\",\"isPartOf\":{\"@id\":\"https:\/\/portaltela.pt\/#website\"},\"primaryImageOfPage\":{\"@id\":\"https:\/\/portaltela.pt\/noticias\/2026\/02\/24\/israel-marca-quatro-anos-da-guerra-na-ucrania-com-ajuda-energetica-a-kiev\/#primaryimage\"},\"image\":{\"@id\":\"https:\/\/portaltela.pt\/noticias\/2026\/02\/24\/israel-marca-quatro-anos-da-guerra-na-ucrania-com-ajuda-energetica-a-kiev\/#primaryimage\"},\"thumbnailUrl\":\"https:\/\/portaltela.pt\/s.01k8rhncp4jt1\/2026\/02\/img_1500x1000uu2022-09-26-21-35-24-1188042-1.jpg\",\"datePublished\":\"2026-02-24T22:45:00+00:00\",\"author\":{\"@id\":\"https:\/\/portaltela.pt\/#\/schema\/person\/c4278d4a6028830caff9ee44b42d32ed\"},\"breadcrumb\":{\"@id\":\"https:\/\/portaltela.pt\/noticias\/2026\/02\/24\/israel-marca-quatro-anos-da-guerra-na-ucrania-com-ajuda-energetica-a-kiev\/#breadcrumb\"},\"inLanguage\":\"pt-PT\",\"potentialAction\":[{\"@type\":\"ReadAction\",\"target\":[\"https:\/\/portaltela.pt\/noticias\/2026\/02\/24\/israel-marca-quatro-anos-da-guerra-na-ucrania-com-ajuda-energetica-a-kiev\/\"]}]},{\"@type\":\"ImageObject\",\"inLanguage\":\"pt-PT\",\"@id\":\"https:\/\/portaltela.pt\/noticias\/2026\/02\/24\/israel-marca-quatro-anos-da-guerra-na-ucrania-com-ajuda-energetica-a-kiev\/#primaryimage\",\"url\":\"https:\/\/portaltela.pt\/s.01k8rhncp4jt1\/2026\/02\/img_1500x1000uu2022-09-26-21-35-24-1188042-1.jpg\",\"contentUrl\":\"https:\/\/portaltela.pt\/s.01k8rhncp4jt1\/2026\/02\/img_1500x1000uu2022-09-26-21-35-24-1188042-1.jpg\",\"width\":796,\"height\":448,\"caption\":\"Israel assinala quatro anos de guerra da Ucr\u00e2nia com ajuda energ\u00e9tica a Kiev\"},{\"@type\":\"BreadcrumbList\",\"@id\":\"https:\/\/portaltela.pt\/noticias\/2026\/02\/24\/israel-marca-quatro-anos-da-guerra-na-ucrania-com-ajuda-energetica-a-kiev\/#breadcrumb\",\"itemListElement\":[{\"@type\":\"ListItem\",\"position\":1,\"name\":\"In\u00edcio\",\"item\":\"https:\/\/portaltela.pt\/\"},{\"@type\":\"ListItem\",\"position\":2,\"name\":\"Israel marca quatro anos da guerra na Ucr\u00e2nia com ajuda energ\u00e9tica a Kiev\"}]},{\"@type\":\"WebSite\",\"@id\":\"https:\/\/portaltela.pt\/#website\",\"url\":\"https:\/\/portaltela.pt\/\",\"name\":\"Portal Tela Portugal\",\"description\":\"\",\"potentialAction\":[{\"@type\":\"SearchAction\",\"target\":{\"@type\":\"EntryPoint\",\"urlTemplate\":\"https:\/\/portaltela.pt\/?s={search_term_string}\"},\"query-input\":{\"@type\":\"PropertyValueSpecification\",\"valueRequired\":true,\"valueName\":\"search_term_string\"}}],\"inLanguage\":\"pt-PT\"},{\"@type\":\"Person\",\"@id\":\"https:\/\/portaltela.pt\/#\/schema\/person\/c4278d4a6028830caff9ee44b42d32ed\",\"name\":\"Telinha\",\"image\":{\"@type\":\"ImageObject\",\"inLanguage\":\"pt-PT\",\"@id\":\"https:\/\/portaltela.pt\/s.01k8rhncp4jt1\/2025\/11\/talking-bot-125x125.png\",\"url\":\"https:\/\/portaltela.pt\/s.01k8rhncp4jt1\/2025\/11\/talking-bot-125x125.png\",\"contentUrl\":\"https:\/\/portaltela.pt\/s.01k8rhncp4jt1\/2025\/11\/talking-bot-125x125.png\",\"caption\":\"Telinha\"},\"sameAs\":[\"https:\/\/portaltela.pt\/\"],\"url\":\"https:\/\/portaltela.pt\/por\/367410592786\/\"}]}<\/script>\n<!-- \/ Yoast SEO plugin. -->","yoast_head_json":{"title":"Israel marca quatro anos da guerra na Ucr\u00e2nia com ajuda energ\u00e9tica a Kiev - Portal Tela Portugal","robots":{"index":"index","follow":"follow","max-snippet":"max-snippet:-1","max-image-preview":"max-image-preview:large","max-video-preview":"max-video-preview:-1"},"og_locale":"pt_PT","og_type":"article","og_title":"Israel marca quatro anos da guerra na Ucr\u00e2nia com ajuda energ\u00e9tica a Kiev - Portal Tela Portugal","og_description":"Israel anunciou uma nova ajuda energ\u00e9tica a Kiev, com a entrega de 117 centrais el\u00e9tricas port\u00e1teis. A medida foi anunciada no dia em que se assinala o quarto anivers\u00e1rio da invas\u00e3o russa da Ucr\u00e2nia. O acordo foi finalizado numa chamada entre o ministro dos Neg\u00f3cios Estrangeiros de Israel, Gideon Saar, e o ministro ucraniano, Andriy Sibiga. As autoridades israelitas destacaram que a assist\u00eancia visa necessidades energ\u00e9ticas urgentes para infraestruturas cr\u00edticas. O presidente ucraniano, Volodymyr Zelensky, afirmou que, h\u00e1 quatro anos, Putin planeou tomar Kiev em tr\u00eas dias, sublinhando a resist\u00eancia do povo ucraniano.","og_url":"https:\/\/portaltela.pt\/noticias\/2026\/02\/24\/israel-marca-quatro-anos-da-guerra-na-ucrania-com-ajuda-energetica-a-kiev\/","og_site_name":"Portal Tela Portugal","article_published_time":"2026-02-24T22:45:00+00:00","author":"Telinha","twitter_card":"summary_large_image","twitter_misc":{"Escrito por":"Telinha","Tempo estimado de leitura":"1 minuto"},"schema":{"@context":"https:\/\/schema.org","@graph":[{"@type":"Article","@id":"https:\/\/portaltela.pt\/noticias\/2026\/02\/24\/israel-marca-quatro-anos-da-guerra-na-ucrania-com-ajuda-energetica-a-kiev\/#article","isPartOf":{"@id":"https:\/\/portaltela.pt\/noticias\/2026\/02\/24\/israel-marca-quatro-anos-da-guerra-na-ucrania-com-ajuda-energetica-a-kiev\/"},"author":{"name":"Telinha","@id":"https:\/\/portaltela.pt\/#\/schema\/person\/c4278d4a6028830caff9ee44b42d32ed"},"headline":"Israel marca quatro anos da guerra na Ucr\u00e2nia com ajuda energ\u00e9tica a Kiev","datePublished":"2026-02-24T22:45:00+00:00","mainEntityOfPage":{"@id":"https:\/\/portaltela.pt\/noticias\/2026\/02\/24\/israel-marca-quatro-anos-da-guerra-na-ucrania-com-ajuda-energetica-a-kiev\/"},"wordCount":259,"image":{"@id":"https:\/\/portaltela.pt\/noticias\/2026\/02\/24\/israel-marca-quatro-anos-da-guerra-na-ucrania-com-ajuda-energetica-a-kiev\/#primaryimage"},"thumbnailUrl":"https:\/\/portaltela.pt\/s.01k8rhncp4jt1\/2026\/02\/img_1500x1000uu2022-09-26-21-35-24-1188042-1.jpg","keywords":["ajuda humanit\u00e1ria","energia","infraestruturas","Israel","Kiev","Ucr\u00e2nia"],"articleSection":["Not\u00edcias"],"inLanguage":"pt-PT"},{"@type":"WebPage","@id":"https:\/\/portaltela.pt\/noticias\/2026\/02\/24\/israel-marca-quatro-anos-da-guerra-na-ucrania-com-ajuda-energetica-a-kiev\/","url":"https:\/\/portaltela.pt\/noticias\/2026\/02\/24\/israel-marca-quatro-anos-da-guerra-na-ucrania-com-ajuda-energetica-a-kiev\/","name":"Israel marca quatro anos da guerra na Ucr\u00e2nia com ajuda energ\u00e9tica a Kiev - Portal Tela Portugal","isPartOf":{"@id":"https:\/\/portaltela.pt\/#website"},"primaryImageOfPage":{"@id":"https:\/\/portaltela.pt\/noticias\/2026\/02\/24\/israel-marca-quatro-anos-da-guerra-na-ucrania-com-ajuda-energetica-a-kiev\/#primaryimage"},"image":{"@id":"https:\/\/portaltela.pt\/noticias\/2026\/02\/24\/israel-marca-quatro-anos-da-guerra-na-ucrania-com-ajuda-energetica-a-kiev\/#primaryimage"},"thumbnailUrl":"https:\/\/portaltela.pt\/s.01k8rhncp4jt1\/2026\/02\/img_1500x1000uu2022-09-26-21-35-24-1188042-1.jpg","datePublished":"2026-02-24T22:45:00+00:00","author":{"@id":"https:\/\/portaltela.pt\/#\/schema\/person\/c4278d4a6028830caff9ee44b42d32ed"},"breadcrumb":{"@id":"https:\/\/portaltela.pt\/noticias\/2026\/02\/24\/israel-marca-quatro-anos-da-guerra-na-ucrania-com-ajuda-energetica-a-kiev\/#breadcrumb"},"inLanguage":"pt-PT","potentialAction":[{"@type":"ReadAction","target":["https:\/\/portaltela.pt\/noticias\/2026\/02\/24\/israel-marca-quatro-anos-da-guerra-na-ucrania-com-ajuda-energetica-a-kiev\/"]}]},{"@type":"ImageObject","inLanguage":"pt-PT","@id":"https:\/\/portaltela.pt\/noticias\/2026\/02\/24\/israel-marca-quatro-anos-da-guerra-na-ucrania-com-ajuda-energetica-a-kiev\/#primaryimage","url":"https:\/\/portaltela.pt\/s.01k8rhncp4jt1\/2026\/02\/img_1500x1000uu2022-09-26-21-35-24-1188042-1.jpg","contentUrl":"https:\/\/portaltela.pt\/s.01k8rhncp4jt1\/2026\/02\/img_1500x1000uu2022-09-26-21-35-24-1188042-1.jpg","width":796,"height":448,"caption":"Israel assinala quatro anos de guerra da Ucr\u00e2nia com ajuda energ\u00e9tica a Kiev"},{"@type":"BreadcrumbList","@id":"https:\/\/portaltela.pt\/noticias\/2026\/02\/24\/israel-marca-quatro-anos-da-guerra-na-ucrania-com-ajuda-energetica-a-kiev\/#breadcrumb","itemListElement":[{"@type":"ListItem","position":1,"name":"In\u00edcio","item":"https:\/\/portaltela.pt\/"},{"@type":"ListItem","position":2,"name":"Israel marca quatro anos da guerra na Ucr\u00e2nia com ajuda energ\u00e9tica a Kiev"}]},{"@type":"WebSite","@id":"https:\/\/portaltela.pt\/#website","url":"https:\/\/portaltela.pt\/","name":"Portal Tela Portugal","description":"","potentialAction":[{"@type":"SearchAction","target":{"@type":"EntryPoint","urlTemplate":"https:\/\/portaltela.pt\/?s={search_term_string}"},"query-input":{"@type":"PropertyValueSpecification","valueRequired":true,"valueName":"search_term_string"}}],"inLanguage":"pt-PT"},{"@type":"Person","@id":"https:\/\/portaltela.pt\/#\/schema\/person\/c4278d4a6028830caff9ee44b42d32ed","name":"Telinha","image":{"@type":"ImageObject","inLanguage":"pt-PT","@id":"https:\/\/portaltela.pt\/s.01k8rhncp4jt1\/2025\/11\/talking-bot-125x125.png","url":"https:\/\/portaltela.pt\/s.01k8rhncp4jt1\/2025\/11\/talking-bot-125x125.png","contentUrl":"https:\/\/portaltela.pt\/s.01k8rhncp4jt1\/2025\/11\/talking-bot-125x125.png","caption":"Telinha"},"sameAs":["https:\/\/portaltela.pt\/"],"url":"https:\/\/portaltela.pt\/por\/367410592786\/"}]}},"_links":{"self":[{"href":"https:\/\/portaltela.pt\/api\/wp\/v2\/posts\/225038","targetHints":{"allow":["GET"]}}],"collection":[{"href":"https:\/\/portaltela.pt\/api\/wp\/v2\/posts"}],"about":[{"href":"https:\/\/portaltela.pt\/api\/wp\/v2\/types\/post"}],"author":[{"embeddable":true,"href":"https:\/\/portaltela.pt\/api\/wp\/v2\/users\/2"}],"replies":[{"embeddable":true,"href":"https:\/\/portaltela.pt\/api\/wp\/v2\/comments?post=225038"}],"version-history":[{"count":0,"href":"https:\/\/portaltela.pt\/api\/wp\/v2\/posts\/225038\/revisions"}],"wp:featuredmedia":[{"embeddable":true,"href":"https:\/\/portaltela.pt\/api\/wp\/v2\/media\/225040"}],"wp:attachment":[{"href":"https:\/\/portaltela.pt\/api\/wp\/v2\/media?parent=225038"}],"wp:term":[{"taxonomy":"category","embeddable":true,"href":"https:\/\/portaltela.pt\/api\/wp\/v2\/categories?post=225038"},{"taxonomy":"post_tag","embeddable":true,"href":"https:\/\/portaltela.pt\/api\/wp\/v2\/tags?post=225038"}],"curies":[{"name":"wp","href":"https:\/\/api.w.org\/{rel}","templated":true}]}}