{"id":225003,"date":"2026-02-24T19:16:00","date_gmt":"2026-02-24T22:16:00","guid":{"rendered":"https:\/\/portaltela.pt\/noticias\/2026\/02\/24\/rei-da-noruega-hospitalizado-nas-canarias-com-infeccao\/"},"modified":"2026-02-24T19:16:00","modified_gmt":"2026-02-24T22:16:00","slug":"rei-da-noruega-hospitalizado-nas-canarias-com-infeccao","status":"publish","type":"post","link":"https:\/\/portaltela.pt\/noticias\/internacional\/2026\/02\/24\/rei-da-noruega-hospitalizado-nas-canarias-com-infeccao\/","title":{"rendered":"Rei da Noruega hospitalizado nas Can\u00e1rias com infec\u00e7\u00e3o"},"content":{"rendered":"<p>O rei da Noruega, Haroldo V, de 89 anos, foi hospitalizado nesta ter\u00e7a-feira nas Can\u00e1rias, devido a uma infec\u00e7\u00e3o e desidrata\u00e7\u00e3o. Encontra-se est\u00e1vel, informou a casa real norueguesa. O monarca estava de f\u00e9rias com a rainha S\u00f3nia, na ilha de Tenerife.<\/p>\n<p>Segundo a nota oficial, o m\u00e9dico pessoal do rei viajar\u00e1 para Tenerife para apoiar os servi\u00e7os de sa\u00fade locais. Uma atualiza\u00e7\u00e3o sobre o estado de sa\u00fade deve ser divulgada na quarta-feira, ap\u00f3s avalia\u00e7\u00e3o m\u00e9dica.<\/p>\n<p>Haroldo V \u00e9 chefe de Estado cerimonial desde 1991 e \u00e9 o monarca mais antigo da Europa. O pal\u00e1cio n\u00e3o indicou mais detalhes cl\u00ednicos, mantendo o foco na informa\u00e7\u00e3o de estabilidade do paciente.<\/p>\n<h3>Controv\u00e9rsias na fam\u00edlia real<\/h3>\n<p>O filho da princesa Mette-Marit, enteado do herdeiro Haakon, enfrenta julgamento por suspeita de 38 crimes, incluindo quatro viola\u00e7\u00f5es. O processo envolve acusa\u00e7\u00f5es graves e est\u00e1 a decorrer no pa\u00eds.<\/p>\n<p>Al\u00e9m disso, revela\u00e7\u00f5es sobre a amizade de Mette-Marit com Jeffrey Epstein t\u00eam gerado controv\u00e9rsia. Documentos recentemente tornados p\u00fablicos pelo Departamento de Justi\u00e7a dos EUA cont\u00eam mensagens entre a princesa e Epstein entre 2011 e 2014, incluindo refer\u00eancias \u00e0 sa\u00fade de Mette-Marit e a aspetos da vida do interveniente.<\/p>\n<p>Os documentos tamb\u00e9m indicam encontros presenciais entre Mette-Marit, Epstein e outras pessoas em cidades como Nova Iorque, Miami e Oslo, refor\u00e7ando o escrut\u00ednio p\u00fablico sobre a atua\u00e7\u00e3o da realeza em rela\u00e7\u00f5es externas.<\/p>\n<p>No mesmo sentido, Mette-Marit sofreu novas publica\u00e7\u00f5es sobre a sua condi\u00e7\u00e3o de fibrose pulmonar, que exige transplante, acrescentando complexidade \u00e0 vida p\u00fablica da fam\u00edlia. Paralelamente, o filho mais velho da princesa, Marius Borg H\u00f8iby, iniciou um julgamento por viola\u00e7\u00e3o, viol\u00eancia dom\u00e9stica e agress\u00f5es, incidindo sobre o historial familiar.<\/p>\n","protected":false},"excerpt":{"rendered":"<ul>\n<li>O rei Haroldo V, de 89 anos, foi hospitalizado em Tenerife, nas Can\u00e1rias, com infe\u00e7\u00e3o e desidrata\u00e7\u00e3o, e encontra-se est\u00e1vel.<\/li>\n<li>A informa\u00e7\u00e3o foi divulgada pela casa real da Noruega, que confirma que o monarca estava de f\u00e9rias com a rainha S\u00f3nia.<\/li>\n<li>O m\u00e9dico pessoal do rei viajar\u00e1 para Tenerife para apoiar os servi\u00e7os de sa\u00fade locais; uma atualiza\u00e7\u00e3o sobre o seu estado dever\u00e1 ser divulgada na quarta-feira.<\/li>\n<li>Haroldo V tem hist\u00f3rico de hospitaliza\u00e7\u00f5es nos \u00faltimos anos, com registos anteriores em Fevereiro de 2024, na Mal\u00e1sia, e em maio de 2023, em Oslo.<\/li>\n<li>A fam\u00edlia real tem enfrentado pol\u00e9micas, incluindo o julgamento do enteado da princesa Mette-Marit por suspeitas de crimes, e revela\u00e7\u00f5es sobre a amizade entre Mette-Marit e Jeffrey Epstein, com mensagens trocadas entre 2011 e 2014.<\/li>\n<\/ul>\n","protected":false},"author":2,"featured_media":225004,"comment_status":"closed","ping_status":"closed","sticky":false,"template":"","format":"standard","meta":{"footnotes":""},"categories":[4,1],"tags":[177,64,3239,2125,5661,172],"class_list":["post-225003","post","type-post","status-publish","format-standard","has-post-thumbnail","hentry","category-internacional","category-noticias","tag-crimes","tag-familia","tag-infeccao","tag-noruega","tag-pessoas-publicas","tag-saude"],"yoast_head":"<!-- This site is optimized with the Yoast SEO plugin v27.2 - https:\/\/yoast.com\/product\/yoast-seo-wordpress\/ -->\n<title>Rei da Noruega hospitalizado nas Can\u00e1rias com infec\u00e7\u00e3o - Portal Tela Portugal<\/title>\n<meta name=\"robots\" content=\"index, follow, max-snippet:-1, max-image-preview:large, max-video-preview:-1\" \/>\n<meta property=\"og:locale\" content=\"pt_PT\" \/>\n<meta property=\"og:type\" content=\"article\" \/>\n<meta property=\"og:title\" content=\"Rei da Noruega hospitalizado nas Can\u00e1rias com infec\u00e7\u00e3o - Portal Tela Portugal\" \/>\n<meta property=\"og:description\" content=\"O rei Haroldo V, de 89 anos, foi hospitalizado em Tenerife, nas Can\u00e1rias, com infe\u00e7\u00e3o e desidrata\u00e7\u00e3o, e encontra-se est\u00e1vel. A informa\u00e7\u00e3o foi divulgada pela casa real da Noruega, que confirma que o monarca estava de f\u00e9rias com a rainha S\u00f3nia. O m\u00e9dico pessoal do rei viajar\u00e1 para Tenerife para apoiar os servi\u00e7os de sa\u00fade locais; uma atualiza\u00e7\u00e3o sobre o seu estado dever\u00e1 ser divulgada na quarta-feira. Haroldo V tem hist\u00f3rico de hospitaliza\u00e7\u00f5es nos \u00faltimos anos, com registos anteriores em Fevereiro de 2024, na Mal\u00e1sia, e em maio de 2023, em Oslo. A fam\u00edlia real tem enfrentado pol\u00e9micas, incluindo o julgamento do enteado da princesa Mette-Marit por suspeitas de crimes, e revela\u00e7\u00f5es sobre a amizade entre Mette-Marit e Jeffrey Epstein, com mensagens trocadas entre 2011 e 2014.\" \/>\n<meta property=\"og:url\" content=\"https:\/\/portaltela.pt\/noticias\/2026\/02\/24\/rei-da-noruega-hospitalizado-nas-canarias-com-infeccao\/\" \/>\n<meta property=\"og:site_name\" content=\"Portal Tela Portugal\" \/>\n<meta property=\"article:published_time\" content=\"2026-02-24T22:16:00+00:00\" \/>\n<meta name=\"author\" content=\"Telinha\" \/>\n<meta name=\"twitter:card\" content=\"summary_large_image\" \/>\n<meta name=\"twitter:label1\" content=\"Escrito por\" \/>\n\t<meta name=\"twitter:data1\" content=\"Telinha\" \/>\n\t<meta name=\"twitter:label2\" content=\"Tempo estimado de leitura\" \/>\n\t<meta name=\"twitter:data2\" content=\"2 minutos\" \/>\n<script type=\"application\/ld+json\" class=\"yoast-schema-graph\">{\"@context\":\"https:\/\/schema.org\",\"@graph\":[{\"@type\":\"Article\",\"@id\":\"https:\/\/portaltela.pt\/noticias\/2026\/02\/24\/rei-da-noruega-hospitalizado-nas-canarias-com-infeccao\/#article\",\"isPartOf\":{\"@id\":\"https:\/\/portaltela.pt\/noticias\/2026\/02\/24\/rei-da-noruega-hospitalizado-nas-canarias-com-infeccao\/\"},\"author\":{\"name\":\"Telinha\",\"@id\":\"https:\/\/portaltela.pt\/#\/schema\/person\/c4278d4a6028830caff9ee44b42d32ed\"},\"headline\":\"Rei da Noruega hospitalizado nas Can\u00e1rias com infec\u00e7\u00e3o\",\"datePublished\":\"2026-02-24T22:16:00+00:00\",\"mainEntityOfPage\":{\"@id\":\"https:\/\/portaltela.pt\/noticias\/2026\/02\/24\/rei-da-noruega-hospitalizado-nas-canarias-com-infeccao\/\"},\"wordCount\":319,\"image\":{\"@id\":\"https:\/\/portaltela.pt\/noticias\/2026\/02\/24\/rei-da-noruega-hospitalizado-nas-canarias-com-infeccao\/#primaryimage\"},\"thumbnailUrl\":\"https:\/\/portaltela.pt\/s.01k8rhncp4jt1\/2026\/02\/2069521.jpg\",\"keywords\":[\"crimes\",\"fam\u00edlia\",\"infec\u00e7\u00e3o\",\"Noruega\",\"pessoas p\u00fablicas\",\"sa\u00fade\"],\"articleSection\":[\"Internacional\",\"Not\u00edcias\"],\"inLanguage\":\"pt-PT\"},{\"@type\":\"WebPage\",\"@id\":\"https:\/\/portaltela.pt\/noticias\/2026\/02\/24\/rei-da-noruega-hospitalizado-nas-canarias-com-infeccao\/\",\"url\":\"https:\/\/portaltela.pt\/noticias\/2026\/02\/24\/rei-da-noruega-hospitalizado-nas-canarias-com-infeccao\/\",\"name\":\"Rei da Noruega hospitalizado nas Can\u00e1rias com infec\u00e7\u00e3o - Portal Tela Portugal\",\"isPartOf\":{\"@id\":\"https:\/\/portaltela.pt\/#website\"},\"primaryImageOfPage\":{\"@id\":\"https:\/\/portaltela.pt\/noticias\/2026\/02\/24\/rei-da-noruega-hospitalizado-nas-canarias-com-infeccao\/#primaryimage\"},\"image\":{\"@id\":\"https:\/\/portaltela.pt\/noticias\/2026\/02\/24\/rei-da-noruega-hospitalizado-nas-canarias-com-infeccao\/#primaryimage\"},\"thumbnailUrl\":\"https:\/\/portaltela.pt\/s.01k8rhncp4jt1\/2026\/02\/2069521.jpg\",\"datePublished\":\"2026-02-24T22:16:00+00:00\",\"author\":{\"@id\":\"https:\/\/portaltela.pt\/#\/schema\/person\/c4278d4a6028830caff9ee44b42d32ed\"},\"breadcrumb\":{\"@id\":\"https:\/\/portaltela.pt\/noticias\/2026\/02\/24\/rei-da-noruega-hospitalizado-nas-canarias-com-infeccao\/#breadcrumb\"},\"inLanguage\":\"pt-PT\",\"potentialAction\":[{\"@type\":\"ReadAction\",\"target\":[\"https:\/\/portaltela.pt\/noticias\/2026\/02\/24\/rei-da-noruega-hospitalizado-nas-canarias-com-infeccao\/\"]}]},{\"@type\":\"ImageObject\",\"inLanguage\":\"pt-PT\",\"@id\":\"https:\/\/portaltela.pt\/noticias\/2026\/02\/24\/rei-da-noruega-hospitalizado-nas-canarias-com-infeccao\/#primaryimage\",\"url\":\"https:\/\/portaltela.pt\/s.01k8rhncp4jt1\/2026\/02\/2069521.jpg\",\"contentUrl\":\"https:\/\/portaltela.pt\/s.01k8rhncp4jt1\/2026\/02\/2069521.jpg\",\"width\":796,\"height\":448,\"caption\":\"Rei Haroldo da Noruega e a Rainha S\u00f3nia chegam ao jantar do Governo no Eric Ericson Hall, em Skeppsholmen, em Junho de 2010\"},{\"@type\":\"BreadcrumbList\",\"@id\":\"https:\/\/portaltela.pt\/noticias\/2026\/02\/24\/rei-da-noruega-hospitalizado-nas-canarias-com-infeccao\/#breadcrumb\",\"itemListElement\":[{\"@type\":\"ListItem\",\"position\":1,\"name\":\"In\u00edcio\",\"item\":\"https:\/\/portaltela.pt\/\"},{\"@type\":\"ListItem\",\"position\":2,\"name\":\"Rei da Noruega hospitalizado nas Can\u00e1rias com infec\u00e7\u00e3o\"}]},{\"@type\":\"WebSite\",\"@id\":\"https:\/\/portaltela.pt\/#website\",\"url\":\"https:\/\/portaltela.pt\/\",\"name\":\"Portal Tela Portugal\",\"description\":\"\",\"potentialAction\":[{\"@type\":\"SearchAction\",\"target\":{\"@type\":\"EntryPoint\",\"urlTemplate\":\"https:\/\/portaltela.pt\/?s={search_term_string}\"},\"query-input\":{\"@type\":\"PropertyValueSpecification\",\"valueRequired\":true,\"valueName\":\"search_term_string\"}}],\"inLanguage\":\"pt-PT\"},{\"@type\":\"Person\",\"@id\":\"https:\/\/portaltela.pt\/#\/schema\/person\/c4278d4a6028830caff9ee44b42d32ed\",\"name\":\"Telinha\",\"image\":{\"@type\":\"ImageObject\",\"inLanguage\":\"pt-PT\",\"@id\":\"https:\/\/portaltela.pt\/s.01k8rhncp4jt1\/2025\/11\/talking-bot-125x125.png\",\"url\":\"https:\/\/portaltela.pt\/s.01k8rhncp4jt1\/2025\/11\/talking-bot-125x125.png\",\"contentUrl\":\"https:\/\/portaltela.pt\/s.01k8rhncp4jt1\/2025\/11\/talking-bot-125x125.png\",\"caption\":\"Telinha\"},\"sameAs\":[\"https:\/\/portaltela.pt\/\"],\"url\":\"https:\/\/portaltela.pt\/por\/367410592786\/\"}]}<\/script>\n<!-- \/ Yoast SEO plugin. -->","yoast_head_json":{"title":"Rei da Noruega hospitalizado nas Can\u00e1rias com infec\u00e7\u00e3o - Portal Tela Portugal","robots":{"index":"index","follow":"follow","max-snippet":"max-snippet:-1","max-image-preview":"max-image-preview:large","max-video-preview":"max-video-preview:-1"},"og_locale":"pt_PT","og_type":"article","og_title":"Rei da Noruega hospitalizado nas Can\u00e1rias com infec\u00e7\u00e3o - Portal Tela Portugal","og_description":"O rei Haroldo V, de 89 anos, foi hospitalizado em Tenerife, nas Can\u00e1rias, com infe\u00e7\u00e3o e desidrata\u00e7\u00e3o, e encontra-se est\u00e1vel. A informa\u00e7\u00e3o foi divulgada pela casa real da Noruega, que confirma que o monarca estava de f\u00e9rias com a rainha S\u00f3nia. O m\u00e9dico pessoal do rei viajar\u00e1 para Tenerife para apoiar os servi\u00e7os de sa\u00fade locais; uma atualiza\u00e7\u00e3o sobre o seu estado dever\u00e1 ser divulgada na quarta-feira. Haroldo V tem hist\u00f3rico de hospitaliza\u00e7\u00f5es nos \u00faltimos anos, com registos anteriores em Fevereiro de 2024, na Mal\u00e1sia, e em maio de 2023, em Oslo. A fam\u00edlia real tem enfrentado pol\u00e9micas, incluindo o julgamento do enteado da princesa Mette-Marit por suspeitas de crimes, e revela\u00e7\u00f5es sobre a amizade entre Mette-Marit e Jeffrey Epstein, com mensagens trocadas entre 2011 e 2014.","og_url":"https:\/\/portaltela.pt\/noticias\/2026\/02\/24\/rei-da-noruega-hospitalizado-nas-canarias-com-infeccao\/","og_site_name":"Portal Tela Portugal","article_published_time":"2026-02-24T22:16:00+00:00","author":"Telinha","twitter_card":"summary_large_image","twitter_misc":{"Escrito por":"Telinha","Tempo estimado de leitura":"2 minutos"},"schema":{"@context":"https:\/\/schema.org","@graph":[{"@type":"Article","@id":"https:\/\/portaltela.pt\/noticias\/2026\/02\/24\/rei-da-noruega-hospitalizado-nas-canarias-com-infeccao\/#article","isPartOf":{"@id":"https:\/\/portaltela.pt\/noticias\/2026\/02\/24\/rei-da-noruega-hospitalizado-nas-canarias-com-infeccao\/"},"author":{"name":"Telinha","@id":"https:\/\/portaltela.pt\/#\/schema\/person\/c4278d4a6028830caff9ee44b42d32ed"},"headline":"Rei da Noruega hospitalizado nas Can\u00e1rias com infec\u00e7\u00e3o","datePublished":"2026-02-24T22:16:00+00:00","mainEntityOfPage":{"@id":"https:\/\/portaltela.pt\/noticias\/2026\/02\/24\/rei-da-noruega-hospitalizado-nas-canarias-com-infeccao\/"},"wordCount":319,"image":{"@id":"https:\/\/portaltela.pt\/noticias\/2026\/02\/24\/rei-da-noruega-hospitalizado-nas-canarias-com-infeccao\/#primaryimage"},"thumbnailUrl":"https:\/\/portaltela.pt\/s.01k8rhncp4jt1\/2026\/02\/2069521.jpg","keywords":["crimes","fam\u00edlia","infec\u00e7\u00e3o","Noruega","pessoas p\u00fablicas","sa\u00fade"],"articleSection":["Internacional","Not\u00edcias"],"inLanguage":"pt-PT"},{"@type":"WebPage","@id":"https:\/\/portaltela.pt\/noticias\/2026\/02\/24\/rei-da-noruega-hospitalizado-nas-canarias-com-infeccao\/","url":"https:\/\/portaltela.pt\/noticias\/2026\/02\/24\/rei-da-noruega-hospitalizado-nas-canarias-com-infeccao\/","name":"Rei da Noruega hospitalizado nas Can\u00e1rias com infec\u00e7\u00e3o - Portal Tela Portugal","isPartOf":{"@id":"https:\/\/portaltela.pt\/#website"},"primaryImageOfPage":{"@id":"https:\/\/portaltela.pt\/noticias\/2026\/02\/24\/rei-da-noruega-hospitalizado-nas-canarias-com-infeccao\/#primaryimage"},"image":{"@id":"https:\/\/portaltela.pt\/noticias\/2026\/02\/24\/rei-da-noruega-hospitalizado-nas-canarias-com-infeccao\/#primaryimage"},"thumbnailUrl":"https:\/\/portaltela.pt\/s.01k8rhncp4jt1\/2026\/02\/2069521.jpg","datePublished":"2026-02-24T22:16:00+00:00","author":{"@id":"https:\/\/portaltela.pt\/#\/schema\/person\/c4278d4a6028830caff9ee44b42d32ed"},"breadcrumb":{"@id":"https:\/\/portaltela.pt\/noticias\/2026\/02\/24\/rei-da-noruega-hospitalizado-nas-canarias-com-infeccao\/#breadcrumb"},"inLanguage":"pt-PT","potentialAction":[{"@type":"ReadAction","target":["https:\/\/portaltela.pt\/noticias\/2026\/02\/24\/rei-da-noruega-hospitalizado-nas-canarias-com-infeccao\/"]}]},{"@type":"ImageObject","inLanguage":"pt-PT","@id":"https:\/\/portaltela.pt\/noticias\/2026\/02\/24\/rei-da-noruega-hospitalizado-nas-canarias-com-infeccao\/#primaryimage","url":"https:\/\/portaltela.pt\/s.01k8rhncp4jt1\/2026\/02\/2069521.jpg","contentUrl":"https:\/\/portaltela.pt\/s.01k8rhncp4jt1\/2026\/02\/2069521.jpg","width":796,"height":448,"caption":"Rei Haroldo da Noruega e a Rainha S\u00f3nia chegam ao jantar do Governo no Eric Ericson Hall, em Skeppsholmen, em Junho de 2010"},{"@type":"BreadcrumbList","@id":"https:\/\/portaltela.pt\/noticias\/2026\/02\/24\/rei-da-noruega-hospitalizado-nas-canarias-com-infeccao\/#breadcrumb","itemListElement":[{"@type":"ListItem","position":1,"name":"In\u00edcio","item":"https:\/\/portaltela.pt\/"},{"@type":"ListItem","position":2,"name":"Rei da Noruega hospitalizado nas Can\u00e1rias com infec\u00e7\u00e3o"}]},{"@type":"WebSite","@id":"https:\/\/portaltela.pt\/#website","url":"https:\/\/portaltela.pt\/","name":"Portal Tela Portugal","description":"","potentialAction":[{"@type":"SearchAction","target":{"@type":"EntryPoint","urlTemplate":"https:\/\/portaltela.pt\/?s={search_term_string}"},"query-input":{"@type":"PropertyValueSpecification","valueRequired":true,"valueName":"search_term_string"}}],"inLanguage":"pt-PT"},{"@type":"Person","@id":"https:\/\/portaltela.pt\/#\/schema\/person\/c4278d4a6028830caff9ee44b42d32ed","name":"Telinha","image":{"@type":"ImageObject","inLanguage":"pt-PT","@id":"https:\/\/portaltela.pt\/s.01k8rhncp4jt1\/2025\/11\/talking-bot-125x125.png","url":"https:\/\/portaltela.pt\/s.01k8rhncp4jt1\/2025\/11\/talking-bot-125x125.png","contentUrl":"https:\/\/portaltela.pt\/s.01k8rhncp4jt1\/2025\/11\/talking-bot-125x125.png","caption":"Telinha"},"sameAs":["https:\/\/portaltela.pt\/"],"url":"https:\/\/portaltela.pt\/por\/367410592786\/"}]}},"_links":{"self":[{"href":"https:\/\/portaltela.pt\/api\/wp\/v2\/posts\/225003","targetHints":{"allow":["GET"]}}],"collection":[{"href":"https:\/\/portaltela.pt\/api\/wp\/v2\/posts"}],"about":[{"href":"https:\/\/portaltela.pt\/api\/wp\/v2\/types\/post"}],"author":[{"embeddable":true,"href":"https:\/\/portaltela.pt\/api\/wp\/v2\/users\/2"}],"replies":[{"embeddable":true,"href":"https:\/\/portaltela.pt\/api\/wp\/v2\/comments?post=225003"}],"version-history":[{"count":0,"href":"https:\/\/portaltela.pt\/api\/wp\/v2\/posts\/225003\/revisions"}],"wp:featuredmedia":[{"embeddable":true,"href":"https:\/\/portaltela.pt\/api\/wp\/v2\/media\/225004"}],"wp:attachment":[{"href":"https:\/\/portaltela.pt\/api\/wp\/v2\/media?parent=225003"}],"wp:term":[{"taxonomy":"category","embeddable":true,"href":"https:\/\/portaltela.pt\/api\/wp\/v2\/categories?post=225003"},{"taxonomy":"post_tag","embeddable":true,"href":"https:\/\/portaltela.pt\/api\/wp\/v2\/tags?post=225003"}],"curies":[{"name":"wp","href":"https:\/\/api.w.org\/{rel}","templated":true}]}}