{"id":224993,"date":"2026-02-24T19:06:00","date_gmt":"2026-02-24T22:06:00","guid":{"rendered":"https:\/\/portaltela.pt\/noticias\/2026\/02\/24\/tres-funcionarios-detidos-por-desvio-de-donativos-para-vitimas-de-cheias\/"},"modified":"2026-02-24T19:06:00","modified_gmt":"2026-02-24T22:06:00","slug":"tres-funcionarios-detidos-por-desvio-de-donativos-para-vitimas-de-cheias","status":"publish","type":"post","link":"https:\/\/portaltela.pt\/noticias\/politica\/2026\/02\/24\/tres-funcionarios-detidos-por-desvio-de-donativos-para-vitimas-de-cheias\/","title":{"rendered":"Tr\u00eas funcion\u00e1rios detidos por desvio de donativos para v\u00edtimas de cheias"},"content":{"rendered":"<p>Tr\u00eas funcion\u00e1rios p\u00fablicos, incluindo uma administradora distrital, foram detidos hoje pela Pol\u00edcia de Investiga\u00e7\u00e3o Criminal (PIC) por suspeitas de desvio de donativos destinados \u00e0s v\u00edtimas das cheias na cidade de Xai-Xai, prov\u00edncia de Gaza, sul de Mo\u00e7ambique. A informa\u00e7\u00e3o foi oficializada pela PIC.<\/p>\n<p>A a\u00e7\u00e3o decorre de uma investiga\u00e7\u00e3o em curso sobre a gest\u00e3o de donativos recebidos para apoiar as popula\u00e7\u00f5es afetadas pelas inunda\u00e7\u00f5es na regi\u00e3o. As autoridades n\u00e3o avan\u00e7aram detalhes sobre o montante envolvido nem sobre a natureza das evid\u00eancias recolhidas.<\/p>\n<p>Os detidos incluem, para al\u00e9m da administradora distrital, dois funcion\u00e1rios de uma institui\u00e7\u00e3o p\u00fablica. O caso permanece sob investiga\u00e7\u00e3o, com a PIC a assegurar que todos os procedimentos legais sejam cumpridos.<\/p>\n<p>N\u00e3o s\u00e3o fornecidos mais dados sobre eventuais medidas cautelares ou sobre o destino dos donativos at\u00e9 ao momento. A comunica\u00e7\u00e3o oficial refor\u00e7a o compromisso com a transpar\u00eancia e o devido processo.<\/p>\n","protected":false},"excerpt":{"rendered":"<ul>\n<li>Tr\u00eas funcion\u00e1rios p\u00fablicos, incluindo uma administradora distrital, est\u00e3o detidos por suspeitas de desvio de donativos destinados \u00e0s v\u00edtimas das cheias em Xai-Xai, capital provincial de Gaza, sul de Mo\u00e7ambique.<\/li>\n<li>A deten\u00e7\u00e3o foi comunicada pela pol\u00edcia de investiga\u00e7\u00e3o criminal.<\/li>\n<li>Os donativos eram destinados \u00e0s v\u00edtimas das cheias na cidade de Xai-Xai.<\/li>\n<li>A autoridade policial n\u00e3o detalhou identidades nem n\u00fameros envolvidos.<\/li>\n<li>A investiga\u00e7\u00e3o ocorre no \u00e2mbito de crimes relacionados com donativos humanit\u00e1rios.<\/li>\n<\/ul>\n","protected":false},"author":2,"featured_media":224994,"comment_status":"closed","ping_status":"closed","sticky":false,"template":"","format":"standard","meta":{"footnotes":""},"categories":[1,5],"tags":[83,3775,5591,2293,215,1911],"class_list":["post-224993","post","type-post","status-publish","format-standard","has-post-thumbnail","hentry","category-noticias","category-politica","tag-corrupcao","tag-fraudes","tag-funcionarios","tag-inundacoes","tag-investigacao","tag-mocambique"],"yoast_head":"<!-- This site is optimized with the Yoast SEO plugin v27.2 - https:\/\/yoast.com\/product\/yoast-seo-wordpress\/ -->\n<title>Tr\u00eas funcion\u00e1rios detidos por desvio de donativos para v\u00edtimas de cheias - Portal Tela Portugal<\/title>\n<meta name=\"robots\" content=\"index, follow, max-snippet:-1, max-image-preview:large, max-video-preview:-1\" \/>\n<meta property=\"og:locale\" content=\"pt_PT\" \/>\n<meta property=\"og:type\" content=\"article\" \/>\n<meta property=\"og:title\" content=\"Tr\u00eas funcion\u00e1rios detidos por desvio de donativos para v\u00edtimas de cheias - Portal Tela Portugal\" \/>\n<meta property=\"og:description\" content=\"Tr\u00eas funcion\u00e1rios p\u00fablicos, incluindo uma administradora distrital, est\u00e3o detidos por suspeitas de desvio de donativos destinados \u00e0s v\u00edtimas das cheias em Xai-Xai, capital provincial de Gaza, sul de Mo\u00e7ambique. A deten\u00e7\u00e3o foi comunicada pela pol\u00edcia de investiga\u00e7\u00e3o criminal. Os donativos eram destinados \u00e0s v\u00edtimas das cheias na cidade de Xai-Xai. A autoridade policial n\u00e3o detalhou identidades nem n\u00fameros envolvidos. A investiga\u00e7\u00e3o ocorre no \u00e2mbito de crimes relacionados com donativos humanit\u00e1rios.\" \/>\n<meta property=\"og:url\" content=\"https:\/\/portaltela.pt\/noticias\/2026\/02\/24\/tres-funcionarios-detidos-por-desvio-de-donativos-para-vitimas-de-cheias\/\" \/>\n<meta property=\"og:site_name\" content=\"Portal Tela Portugal\" \/>\n<meta property=\"article:published_time\" content=\"2026-02-24T22:06:00+00:00\" \/>\n<meta name=\"author\" content=\"Telinha\" \/>\n<meta name=\"twitter:card\" content=\"summary_large_image\" \/>\n<meta name=\"twitter:label1\" content=\"Escrito por\" \/>\n\t<meta name=\"twitter:data1\" content=\"Telinha\" \/>\n\t<meta name=\"twitter:label2\" content=\"Tempo estimado de leitura\" \/>\n\t<meta name=\"twitter:data2\" content=\"1 minuto\" \/>\n<script type=\"application\/ld+json\" class=\"yoast-schema-graph\">{\"@context\":\"https:\/\/schema.org\",\"@graph\":[{\"@type\":\"Article\",\"@id\":\"https:\/\/portaltela.pt\/noticias\/2026\/02\/24\/tres-funcionarios-detidos-por-desvio-de-donativos-para-vitimas-de-cheias\/#article\",\"isPartOf\":{\"@id\":\"https:\/\/portaltela.pt\/noticias\/2026\/02\/24\/tres-funcionarios-detidos-por-desvio-de-donativos-para-vitimas-de-cheias\/\"},\"author\":{\"name\":\"Telinha\",\"@id\":\"https:\/\/portaltela.pt\/#\/schema\/person\/c4278d4a6028830caff9ee44b42d32ed\"},\"headline\":\"Tr\u00eas funcion\u00e1rios detidos por desvio de donativos para v\u00edtimas de cheias\",\"datePublished\":\"2026-02-24T22:06:00+00:00\",\"mainEntityOfPage\":{\"@id\":\"https:\/\/portaltela.pt\/noticias\/2026\/02\/24\/tres-funcionarios-detidos-por-desvio-de-donativos-para-vitimas-de-cheias\/\"},\"wordCount\":186,\"image\":{\"@id\":\"https:\/\/portaltela.pt\/noticias\/2026\/02\/24\/tres-funcionarios-detidos-por-desvio-de-donativos-para-vitimas-de-cheias\/#primaryimage\"},\"thumbnailUrl\":\"https:\/\/portaltela.pt\/s.01k8rhncp4jt1\/2026\/02\/CACHE_780X1200_ANALOG_WATERMARKED_46460078_3824693_30012026074432-2.jpg\",\"keywords\":[\"corrup\u00e7\u00e3o\",\"fraudes\",\"funcion\u00e1rios\",\"inunda\u00e7\u00f5es\",\"investiga\u00e7\u00e3o\",\"Mo\u00e7ambique\"],\"articleSection\":[\"Not\u00edcias\",\"Pol\u00edtica\"],\"inLanguage\":\"pt-PT\"},{\"@type\":\"WebPage\",\"@id\":\"https:\/\/portaltela.pt\/noticias\/2026\/02\/24\/tres-funcionarios-detidos-por-desvio-de-donativos-para-vitimas-de-cheias\/\",\"url\":\"https:\/\/portaltela.pt\/noticias\/2026\/02\/24\/tres-funcionarios-detidos-por-desvio-de-donativos-para-vitimas-de-cheias\/\",\"name\":\"Tr\u00eas funcion\u00e1rios detidos por desvio de donativos para v\u00edtimas de cheias - Portal Tela Portugal\",\"isPartOf\":{\"@id\":\"https:\/\/portaltela.pt\/#website\"},\"primaryImageOfPage\":{\"@id\":\"https:\/\/portaltela.pt\/noticias\/2026\/02\/24\/tres-funcionarios-detidos-por-desvio-de-donativos-para-vitimas-de-cheias\/#primaryimage\"},\"image\":{\"@id\":\"https:\/\/portaltela.pt\/noticias\/2026\/02\/24\/tres-funcionarios-detidos-por-desvio-de-donativos-para-vitimas-de-cheias\/#primaryimage\"},\"thumbnailUrl\":\"https:\/\/portaltela.pt\/s.01k8rhncp4jt1\/2026\/02\/CACHE_780X1200_ANALOG_WATERMARKED_46460078_3824693_30012026074432-2.jpg\",\"datePublished\":\"2026-02-24T22:06:00+00:00\",\"author\":{\"@id\":\"https:\/\/portaltela.pt\/#\/schema\/person\/c4278d4a6028830caff9ee44b42d32ed\"},\"breadcrumb\":{\"@id\":\"https:\/\/portaltela.pt\/noticias\/2026\/02\/24\/tres-funcionarios-detidos-por-desvio-de-donativos-para-vitimas-de-cheias\/#breadcrumb\"},\"inLanguage\":\"pt-PT\",\"potentialAction\":[{\"@type\":\"ReadAction\",\"target\":[\"https:\/\/portaltela.pt\/noticias\/2026\/02\/24\/tres-funcionarios-detidos-por-desvio-de-donativos-para-vitimas-de-cheias\/\"]}]},{\"@type\":\"ImageObject\",\"inLanguage\":\"pt-PT\",\"@id\":\"https:\/\/portaltela.pt\/noticias\/2026\/02\/24\/tres-funcionarios-detidos-por-desvio-de-donativos-para-vitimas-de-cheias\/#primaryimage\",\"url\":\"https:\/\/portaltela.pt\/s.01k8rhncp4jt1\/2026\/02\/CACHE_780X1200_ANALOG_WATERMARKED_46460078_3824693_30012026074432-2.jpg\",\"contentUrl\":\"https:\/\/portaltela.pt\/s.01k8rhncp4jt1\/2026\/02\/CACHE_780X1200_ANALOG_WATERMARKED_46460078_3824693_30012026074432-2.jpg\",\"width\":796,\"height\":448,\"caption\":\"Tr\u00eas funcion\u00e1rios detidos por desvio de donativos para v\u00edtimas de cheias em Mo\u00e7ambique\"},{\"@type\":\"BreadcrumbList\",\"@id\":\"https:\/\/portaltela.pt\/noticias\/2026\/02\/24\/tres-funcionarios-detidos-por-desvio-de-donativos-para-vitimas-de-cheias\/#breadcrumb\",\"itemListElement\":[{\"@type\":\"ListItem\",\"position\":1,\"name\":\"In\u00edcio\",\"item\":\"https:\/\/portaltela.pt\/\"},{\"@type\":\"ListItem\",\"position\":2,\"name\":\"Tr\u00eas funcion\u00e1rios detidos por desvio de donativos para v\u00edtimas de cheias\"}]},{\"@type\":\"WebSite\",\"@id\":\"https:\/\/portaltela.pt\/#website\",\"url\":\"https:\/\/portaltela.pt\/\",\"name\":\"Portal Tela Portugal\",\"description\":\"\",\"potentialAction\":[{\"@type\":\"SearchAction\",\"target\":{\"@type\":\"EntryPoint\",\"urlTemplate\":\"https:\/\/portaltela.pt\/?s={search_term_string}\"},\"query-input\":{\"@type\":\"PropertyValueSpecification\",\"valueRequired\":true,\"valueName\":\"search_term_string\"}}],\"inLanguage\":\"pt-PT\"},{\"@type\":\"Person\",\"@id\":\"https:\/\/portaltela.pt\/#\/schema\/person\/c4278d4a6028830caff9ee44b42d32ed\",\"name\":\"Telinha\",\"image\":{\"@type\":\"ImageObject\",\"inLanguage\":\"pt-PT\",\"@id\":\"https:\/\/portaltela.pt\/s.01k8rhncp4jt1\/2025\/11\/talking-bot-125x125.png\",\"url\":\"https:\/\/portaltela.pt\/s.01k8rhncp4jt1\/2025\/11\/talking-bot-125x125.png\",\"contentUrl\":\"https:\/\/portaltela.pt\/s.01k8rhncp4jt1\/2025\/11\/talking-bot-125x125.png\",\"caption\":\"Telinha\"},\"sameAs\":[\"https:\/\/portaltela.pt\/\"],\"url\":\"https:\/\/portaltela.pt\/por\/367410592786\/\"}]}<\/script>\n<!-- \/ Yoast SEO plugin. -->","yoast_head_json":{"title":"Tr\u00eas funcion\u00e1rios detidos por desvio de donativos para v\u00edtimas de cheias - Portal Tela Portugal","robots":{"index":"index","follow":"follow","max-snippet":"max-snippet:-1","max-image-preview":"max-image-preview:large","max-video-preview":"max-video-preview:-1"},"og_locale":"pt_PT","og_type":"article","og_title":"Tr\u00eas funcion\u00e1rios detidos por desvio de donativos para v\u00edtimas de cheias - Portal Tela Portugal","og_description":"Tr\u00eas funcion\u00e1rios p\u00fablicos, incluindo uma administradora distrital, est\u00e3o detidos por suspeitas de desvio de donativos destinados \u00e0s v\u00edtimas das cheias em Xai-Xai, capital provincial de Gaza, sul de Mo\u00e7ambique. A deten\u00e7\u00e3o foi comunicada pela pol\u00edcia de investiga\u00e7\u00e3o criminal. Os donativos eram destinados \u00e0s v\u00edtimas das cheias na cidade de Xai-Xai. A autoridade policial n\u00e3o detalhou identidades nem n\u00fameros envolvidos. A investiga\u00e7\u00e3o ocorre no \u00e2mbito de crimes relacionados com donativos humanit\u00e1rios.","og_url":"https:\/\/portaltela.pt\/noticias\/2026\/02\/24\/tres-funcionarios-detidos-por-desvio-de-donativos-para-vitimas-de-cheias\/","og_site_name":"Portal Tela Portugal","article_published_time":"2026-02-24T22:06:00+00:00","author":"Telinha","twitter_card":"summary_large_image","twitter_misc":{"Escrito por":"Telinha","Tempo estimado de leitura":"1 minuto"},"schema":{"@context":"https:\/\/schema.org","@graph":[{"@type":"Article","@id":"https:\/\/portaltela.pt\/noticias\/2026\/02\/24\/tres-funcionarios-detidos-por-desvio-de-donativos-para-vitimas-de-cheias\/#article","isPartOf":{"@id":"https:\/\/portaltela.pt\/noticias\/2026\/02\/24\/tres-funcionarios-detidos-por-desvio-de-donativos-para-vitimas-de-cheias\/"},"author":{"name":"Telinha","@id":"https:\/\/portaltela.pt\/#\/schema\/person\/c4278d4a6028830caff9ee44b42d32ed"},"headline":"Tr\u00eas funcion\u00e1rios detidos por desvio de donativos para v\u00edtimas de cheias","datePublished":"2026-02-24T22:06:00+00:00","mainEntityOfPage":{"@id":"https:\/\/portaltela.pt\/noticias\/2026\/02\/24\/tres-funcionarios-detidos-por-desvio-de-donativos-para-vitimas-de-cheias\/"},"wordCount":186,"image":{"@id":"https:\/\/portaltela.pt\/noticias\/2026\/02\/24\/tres-funcionarios-detidos-por-desvio-de-donativos-para-vitimas-de-cheias\/#primaryimage"},"thumbnailUrl":"https:\/\/portaltela.pt\/s.01k8rhncp4jt1\/2026\/02\/CACHE_780X1200_ANALOG_WATERMARKED_46460078_3824693_30012026074432-2.jpg","keywords":["corrup\u00e7\u00e3o","fraudes","funcion\u00e1rios","inunda\u00e7\u00f5es","investiga\u00e7\u00e3o","Mo\u00e7ambique"],"articleSection":["Not\u00edcias","Pol\u00edtica"],"inLanguage":"pt-PT"},{"@type":"WebPage","@id":"https:\/\/portaltela.pt\/noticias\/2026\/02\/24\/tres-funcionarios-detidos-por-desvio-de-donativos-para-vitimas-de-cheias\/","url":"https:\/\/portaltela.pt\/noticias\/2026\/02\/24\/tres-funcionarios-detidos-por-desvio-de-donativos-para-vitimas-de-cheias\/","name":"Tr\u00eas funcion\u00e1rios detidos por desvio de donativos para v\u00edtimas de cheias - Portal Tela Portugal","isPartOf":{"@id":"https:\/\/portaltela.pt\/#website"},"primaryImageOfPage":{"@id":"https:\/\/portaltela.pt\/noticias\/2026\/02\/24\/tres-funcionarios-detidos-por-desvio-de-donativos-para-vitimas-de-cheias\/#primaryimage"},"image":{"@id":"https:\/\/portaltela.pt\/noticias\/2026\/02\/24\/tres-funcionarios-detidos-por-desvio-de-donativos-para-vitimas-de-cheias\/#primaryimage"},"thumbnailUrl":"https:\/\/portaltela.pt\/s.01k8rhncp4jt1\/2026\/02\/CACHE_780X1200_ANALOG_WATERMARKED_46460078_3824693_30012026074432-2.jpg","datePublished":"2026-02-24T22:06:00+00:00","author":{"@id":"https:\/\/portaltela.pt\/#\/schema\/person\/c4278d4a6028830caff9ee44b42d32ed"},"breadcrumb":{"@id":"https:\/\/portaltela.pt\/noticias\/2026\/02\/24\/tres-funcionarios-detidos-por-desvio-de-donativos-para-vitimas-de-cheias\/#breadcrumb"},"inLanguage":"pt-PT","potentialAction":[{"@type":"ReadAction","target":["https:\/\/portaltela.pt\/noticias\/2026\/02\/24\/tres-funcionarios-detidos-por-desvio-de-donativos-para-vitimas-de-cheias\/"]}]},{"@type":"ImageObject","inLanguage":"pt-PT","@id":"https:\/\/portaltela.pt\/noticias\/2026\/02\/24\/tres-funcionarios-detidos-por-desvio-de-donativos-para-vitimas-de-cheias\/#primaryimage","url":"https:\/\/portaltela.pt\/s.01k8rhncp4jt1\/2026\/02\/CACHE_780X1200_ANALOG_WATERMARKED_46460078_3824693_30012026074432-2.jpg","contentUrl":"https:\/\/portaltela.pt\/s.01k8rhncp4jt1\/2026\/02\/CACHE_780X1200_ANALOG_WATERMARKED_46460078_3824693_30012026074432-2.jpg","width":796,"height":448,"caption":"Tr\u00eas funcion\u00e1rios detidos por desvio de donativos para v\u00edtimas de cheias em Mo\u00e7ambique"},{"@type":"BreadcrumbList","@id":"https:\/\/portaltela.pt\/noticias\/2026\/02\/24\/tres-funcionarios-detidos-por-desvio-de-donativos-para-vitimas-de-cheias\/#breadcrumb","itemListElement":[{"@type":"ListItem","position":1,"name":"In\u00edcio","item":"https:\/\/portaltela.pt\/"},{"@type":"ListItem","position":2,"name":"Tr\u00eas funcion\u00e1rios detidos por desvio de donativos para v\u00edtimas de cheias"}]},{"@type":"WebSite","@id":"https:\/\/portaltela.pt\/#website","url":"https:\/\/portaltela.pt\/","name":"Portal Tela Portugal","description":"","potentialAction":[{"@type":"SearchAction","target":{"@type":"EntryPoint","urlTemplate":"https:\/\/portaltela.pt\/?s={search_term_string}"},"query-input":{"@type":"PropertyValueSpecification","valueRequired":true,"valueName":"search_term_string"}}],"inLanguage":"pt-PT"},{"@type":"Person","@id":"https:\/\/portaltela.pt\/#\/schema\/person\/c4278d4a6028830caff9ee44b42d32ed","name":"Telinha","image":{"@type":"ImageObject","inLanguage":"pt-PT","@id":"https:\/\/portaltela.pt\/s.01k8rhncp4jt1\/2025\/11\/talking-bot-125x125.png","url":"https:\/\/portaltela.pt\/s.01k8rhncp4jt1\/2025\/11\/talking-bot-125x125.png","contentUrl":"https:\/\/portaltela.pt\/s.01k8rhncp4jt1\/2025\/11\/talking-bot-125x125.png","caption":"Telinha"},"sameAs":["https:\/\/portaltela.pt\/"],"url":"https:\/\/portaltela.pt\/por\/367410592786\/"}]}},"_links":{"self":[{"href":"https:\/\/portaltela.pt\/api\/wp\/v2\/posts\/224993","targetHints":{"allow":["GET"]}}],"collection":[{"href":"https:\/\/portaltela.pt\/api\/wp\/v2\/posts"}],"about":[{"href":"https:\/\/portaltela.pt\/api\/wp\/v2\/types\/post"}],"author":[{"embeddable":true,"href":"https:\/\/portaltela.pt\/api\/wp\/v2\/users\/2"}],"replies":[{"embeddable":true,"href":"https:\/\/portaltela.pt\/api\/wp\/v2\/comments?post=224993"}],"version-history":[{"count":0,"href":"https:\/\/portaltela.pt\/api\/wp\/v2\/posts\/224993\/revisions"}],"wp:featuredmedia":[{"embeddable":true,"href":"https:\/\/portaltela.pt\/api\/wp\/v2\/media\/224994"}],"wp:attachment":[{"href":"https:\/\/portaltela.pt\/api\/wp\/v2\/media?parent=224993"}],"wp:term":[{"taxonomy":"category","embeddable":true,"href":"https:\/\/portaltela.pt\/api\/wp\/v2\/categories?post=224993"},{"taxonomy":"post_tag","embeddable":true,"href":"https:\/\/portaltela.pt\/api\/wp\/v2\/tags?post=224993"}],"curies":[{"name":"wp","href":"https:\/\/api.w.org\/{rel}","templated":true}]}}