{"id":224992,"date":"2026-02-24T19:12:00","date_gmt":"2026-02-24T22:12:00","guid":{"rendered":"https:\/\/portaltela.pt\/noticias\/2026\/02\/24\/feto-encontrado-numa-estacao-de-tratamento-na-tocha-cantanhede\/"},"modified":"2026-02-24T19:12:00","modified_gmt":"2026-02-24T22:12:00","slug":"feto-encontrado-numa-estacao-de-tratamento-na-tocha-cantanhede","status":"publish","type":"post","link":"https:\/\/portaltela.pt\/noticias\/2026\/02\/24\/feto-encontrado-numa-estacao-de-tratamento-na-tocha-cantanhede\/","title":{"rendered":"Feto encontrado numa esta\u00e7\u00e3o de tratamento na Tocha, Cantanhede"},"content":{"rendered":"<p>Um feto foi encontrado numa esta\u00e7\u00e3o de tratamento de vidro na Tocha, Cantanhede. A ocorr\u00eancia foi reportada aos servi\u00e7os de emerg\u00eancia e \u00e0s autoridades competentes.<\/p>\n<p>As circunst\u00e2ncias do achado est\u00e3o a ser alvo de investiga\u00e7\u00e3o. N\u00e3o foi confirmada a identidade de quem encontrou o objeto nem a natureza do local de ocorr\u00eancia.<\/p>\n<p>At\u00e9 ao momento, n\u00e3o foram divulgadas informa\u00e7\u00f5es sobre a data exata, nem sobre eventuais suspeitos ou respons\u00e1veis pelo incidente. As autoridades mant\u00eam o caso sob an\u00e1lise para esclarecer a origem e o contexto.<\/p>\n","protected":false},"excerpt":{"rendered":"<ul>\n<li>Feto foi encontrado numa esta\u00e7\u00e3o de tratamento de vidro na Tocha, Cantanhede.<\/li>\n<li>O conte\u00fado completo da not\u00edcia est\u00e1 dispon\u00edvel apenas para subscritores.<\/li>\n<li>Para ler o artigo integral, \u00e9 necess\u00e1rio entrar no servi\u00e7o de subscri\u00e7\u00e3o.<\/li>\n<li>O resumo n\u00e3o fornece detalhes adicionais sobre data, circunst\u00e2ncias ou respons\u00e1veis.<\/li>\n<li>Esta informa\u00e7\u00e3o \u00e9 limitada ao que consta no texto de origem fornecido.<\/li>\n<\/ul>\n","protected":false},"author":2,"featured_media":224995,"comment_status":"closed","ping_status":"closed","sticky":false,"template":"","format":"standard","meta":{"footnotes":""},"categories":[1],"tags":[3677,147,215,5338,4090,250],"class_list":["post-224992","post","type-post","status-publish","format-standard","has-post-thumbnail","hentry","category-noticias","tag-cantanhede","tag-crime","tag-investigacao","tag-mortes-fetais","tag-ocorrencias","tag-seguranca-publica"],"yoast_head":"<!-- This site is optimized with the Yoast SEO plugin v27.2 - https:\/\/yoast.com\/product\/yoast-seo-wordpress\/ -->\n<title>Feto encontrado numa esta\u00e7\u00e3o de tratamento na Tocha, Cantanhede - Portal Tela Portugal<\/title>\n<meta name=\"robots\" content=\"index, follow, max-snippet:-1, max-image-preview:large, max-video-preview:-1\" \/>\n<meta property=\"og:locale\" content=\"pt_PT\" \/>\n<meta property=\"og:type\" content=\"article\" \/>\n<meta property=\"og:title\" content=\"Feto encontrado numa esta\u00e7\u00e3o de tratamento na Tocha, Cantanhede - Portal Tela Portugal\" \/>\n<meta property=\"og:description\" content=\"Feto foi encontrado numa esta\u00e7\u00e3o de tratamento de vidro na Tocha, Cantanhede. O conte\u00fado completo da not\u00edcia est\u00e1 dispon\u00edvel apenas para subscritores. Para ler o artigo integral, \u00e9 necess\u00e1rio entrar no servi\u00e7o de subscri\u00e7\u00e3o. O resumo n\u00e3o fornece detalhes adicionais sobre data, circunst\u00e2ncias ou respons\u00e1veis. Esta informa\u00e7\u00e3o \u00e9 limitada ao que consta no texto de origem fornecido.\" \/>\n<meta property=\"og:url\" content=\"https:\/\/portaltela.pt\/noticias\/2026\/02\/24\/feto-encontrado-numa-estacao-de-tratamento-na-tocha-cantanhede\/\" \/>\n<meta property=\"og:site_name\" content=\"Portal Tela Portugal\" \/>\n<meta property=\"article:published_time\" content=\"2026-02-24T22:12:00+00:00\" \/>\n<meta name=\"author\" content=\"Telinha\" \/>\n<meta name=\"twitter:card\" content=\"summary_large_image\" \/>\n<meta name=\"twitter:label1\" content=\"Escrito por\" \/>\n\t<meta name=\"twitter:data1\" content=\"Telinha\" \/>\n<script type=\"application\/ld+json\" class=\"yoast-schema-graph\">{\"@context\":\"https:\/\/schema.org\",\"@graph\":[{\"@type\":\"Article\",\"@id\":\"https:\/\/portaltela.pt\/noticias\/2026\/02\/24\/feto-encontrado-numa-estacao-de-tratamento-na-tocha-cantanhede\/#article\",\"isPartOf\":{\"@id\":\"https:\/\/portaltela.pt\/noticias\/2026\/02\/24\/feto-encontrado-numa-estacao-de-tratamento-na-tocha-cantanhede\/\"},\"author\":{\"name\":\"Telinha\",\"@id\":\"https:\/\/portaltela.pt\/#\/schema\/person\/c4278d4a6028830caff9ee44b42d32ed\"},\"headline\":\"Feto encontrado numa esta\u00e7\u00e3o de tratamento na Tocha, Cantanhede\",\"datePublished\":\"2026-02-24T22:12:00+00:00\",\"mainEntityOfPage\":{\"@id\":\"https:\/\/portaltela.pt\/noticias\/2026\/02\/24\/feto-encontrado-numa-estacao-de-tratamento-na-tocha-cantanhede\/\"},\"wordCount\":109,\"image\":{\"@id\":\"https:\/\/portaltela.pt\/noticias\/2026\/02\/24\/feto-encontrado-numa-estacao-de-tratamento-na-tocha-cantanhede\/#primaryimage\"},\"thumbnailUrl\":\"https:\/\/portaltela.pt\/s.01k8rhncp4jt1\/2026\/02\/CACHE_780X1200_ANALOG_WATERMARKED_23277766_2276374_29062019010346.jpg\",\"keywords\":[\"Cantanhede\",\"crime\",\"investiga\u00e7\u00e3o\",\"Mortes fetais\",\"ocorr\u00eancias\",\"seguran\u00e7a p\u00fablica\"],\"articleSection\":[\"Not\u00edcias\"],\"inLanguage\":\"pt-PT\"},{\"@type\":\"WebPage\",\"@id\":\"https:\/\/portaltela.pt\/noticias\/2026\/02\/24\/feto-encontrado-numa-estacao-de-tratamento-na-tocha-cantanhede\/\",\"url\":\"https:\/\/portaltela.pt\/noticias\/2026\/02\/24\/feto-encontrado-numa-estacao-de-tratamento-na-tocha-cantanhede\/\",\"name\":\"Feto encontrado numa esta\u00e7\u00e3o de tratamento na Tocha, Cantanhede - Portal Tela Portugal\",\"isPartOf\":{\"@id\":\"https:\/\/portaltela.pt\/#website\"},\"primaryImageOfPage\":{\"@id\":\"https:\/\/portaltela.pt\/noticias\/2026\/02\/24\/feto-encontrado-numa-estacao-de-tratamento-na-tocha-cantanhede\/#primaryimage\"},\"image\":{\"@id\":\"https:\/\/portaltela.pt\/noticias\/2026\/02\/24\/feto-encontrado-numa-estacao-de-tratamento-na-tocha-cantanhede\/#primaryimage\"},\"thumbnailUrl\":\"https:\/\/portaltela.pt\/s.01k8rhncp4jt1\/2026\/02\/CACHE_780X1200_ANALOG_WATERMARKED_23277766_2276374_29062019010346.jpg\",\"datePublished\":\"2026-02-24T22:12:00+00:00\",\"author\":{\"@id\":\"https:\/\/portaltela.pt\/#\/schema\/person\/c4278d4a6028830caff9ee44b42d32ed\"},\"breadcrumb\":{\"@id\":\"https:\/\/portaltela.pt\/noticias\/2026\/02\/24\/feto-encontrado-numa-estacao-de-tratamento-na-tocha-cantanhede\/#breadcrumb\"},\"inLanguage\":\"pt-PT\",\"potentialAction\":[{\"@type\":\"ReadAction\",\"target\":[\"https:\/\/portaltela.pt\/noticias\/2026\/02\/24\/feto-encontrado-numa-estacao-de-tratamento-na-tocha-cantanhede\/\"]}]},{\"@type\":\"ImageObject\",\"inLanguage\":\"pt-PT\",\"@id\":\"https:\/\/portaltela.pt\/noticias\/2026\/02\/24\/feto-encontrado-numa-estacao-de-tratamento-na-tocha-cantanhede\/#primaryimage\",\"url\":\"https:\/\/portaltela.pt\/s.01k8rhncp4jt1\/2026\/02\/CACHE_780X1200_ANALOG_WATERMARKED_23277766_2276374_29062019010346.jpg\",\"contentUrl\":\"https:\/\/portaltela.pt\/s.01k8rhncp4jt1\/2026\/02\/CACHE_780X1200_ANALOG_WATERMARKED_23277766_2276374_29062019010346.jpg\",\"width\":796,\"height\":448,\"caption\":\"Feto encontrado em esta\u00e7\u00e3o de tratamento de vidro na Tocha (Cantanhede)\"},{\"@type\":\"BreadcrumbList\",\"@id\":\"https:\/\/portaltela.pt\/noticias\/2026\/02\/24\/feto-encontrado-numa-estacao-de-tratamento-na-tocha-cantanhede\/#breadcrumb\",\"itemListElement\":[{\"@type\":\"ListItem\",\"position\":1,\"name\":\"In\u00edcio\",\"item\":\"https:\/\/portaltela.pt\/\"},{\"@type\":\"ListItem\",\"position\":2,\"name\":\"Feto encontrado numa esta\u00e7\u00e3o de tratamento na Tocha, Cantanhede\"}]},{\"@type\":\"WebSite\",\"@id\":\"https:\/\/portaltela.pt\/#website\",\"url\":\"https:\/\/portaltela.pt\/\",\"name\":\"Portal Tela Portugal\",\"description\":\"\",\"potentialAction\":[{\"@type\":\"SearchAction\",\"target\":{\"@type\":\"EntryPoint\",\"urlTemplate\":\"https:\/\/portaltela.pt\/?s={search_term_string}\"},\"query-input\":{\"@type\":\"PropertyValueSpecification\",\"valueRequired\":true,\"valueName\":\"search_term_string\"}}],\"inLanguage\":\"pt-PT\"},{\"@type\":\"Person\",\"@id\":\"https:\/\/portaltela.pt\/#\/schema\/person\/c4278d4a6028830caff9ee44b42d32ed\",\"name\":\"Telinha\",\"image\":{\"@type\":\"ImageObject\",\"inLanguage\":\"pt-PT\",\"@id\":\"https:\/\/portaltela.pt\/s.01k8rhncp4jt1\/2025\/11\/talking-bot-125x125.png\",\"url\":\"https:\/\/portaltela.pt\/s.01k8rhncp4jt1\/2025\/11\/talking-bot-125x125.png\",\"contentUrl\":\"https:\/\/portaltela.pt\/s.01k8rhncp4jt1\/2025\/11\/talking-bot-125x125.png\",\"caption\":\"Telinha\"},\"sameAs\":[\"https:\/\/portaltela.pt\/\"],\"url\":\"https:\/\/portaltela.pt\/por\/367410592786\/\"}]}<\/script>\n<!-- \/ Yoast SEO plugin. -->","yoast_head_json":{"title":"Feto encontrado numa esta\u00e7\u00e3o de tratamento na Tocha, Cantanhede - Portal Tela Portugal","robots":{"index":"index","follow":"follow","max-snippet":"max-snippet:-1","max-image-preview":"max-image-preview:large","max-video-preview":"max-video-preview:-1"},"og_locale":"pt_PT","og_type":"article","og_title":"Feto encontrado numa esta\u00e7\u00e3o de tratamento na Tocha, Cantanhede - Portal Tela Portugal","og_description":"Feto foi encontrado numa esta\u00e7\u00e3o de tratamento de vidro na Tocha, Cantanhede. O conte\u00fado completo da not\u00edcia est\u00e1 dispon\u00edvel apenas para subscritores. Para ler o artigo integral, \u00e9 necess\u00e1rio entrar no servi\u00e7o de subscri\u00e7\u00e3o. O resumo n\u00e3o fornece detalhes adicionais sobre data, circunst\u00e2ncias ou respons\u00e1veis. Esta informa\u00e7\u00e3o \u00e9 limitada ao que consta no texto de origem fornecido.","og_url":"https:\/\/portaltela.pt\/noticias\/2026\/02\/24\/feto-encontrado-numa-estacao-de-tratamento-na-tocha-cantanhede\/","og_site_name":"Portal Tela Portugal","article_published_time":"2026-02-24T22:12:00+00:00","author":"Telinha","twitter_card":"summary_large_image","twitter_misc":{"Escrito por":"Telinha"},"schema":{"@context":"https:\/\/schema.org","@graph":[{"@type":"Article","@id":"https:\/\/portaltela.pt\/noticias\/2026\/02\/24\/feto-encontrado-numa-estacao-de-tratamento-na-tocha-cantanhede\/#article","isPartOf":{"@id":"https:\/\/portaltela.pt\/noticias\/2026\/02\/24\/feto-encontrado-numa-estacao-de-tratamento-na-tocha-cantanhede\/"},"author":{"name":"Telinha","@id":"https:\/\/portaltela.pt\/#\/schema\/person\/c4278d4a6028830caff9ee44b42d32ed"},"headline":"Feto encontrado numa esta\u00e7\u00e3o de tratamento na Tocha, Cantanhede","datePublished":"2026-02-24T22:12:00+00:00","mainEntityOfPage":{"@id":"https:\/\/portaltela.pt\/noticias\/2026\/02\/24\/feto-encontrado-numa-estacao-de-tratamento-na-tocha-cantanhede\/"},"wordCount":109,"image":{"@id":"https:\/\/portaltela.pt\/noticias\/2026\/02\/24\/feto-encontrado-numa-estacao-de-tratamento-na-tocha-cantanhede\/#primaryimage"},"thumbnailUrl":"https:\/\/portaltela.pt\/s.01k8rhncp4jt1\/2026\/02\/CACHE_780X1200_ANALOG_WATERMARKED_23277766_2276374_29062019010346.jpg","keywords":["Cantanhede","crime","investiga\u00e7\u00e3o","Mortes fetais","ocorr\u00eancias","seguran\u00e7a p\u00fablica"],"articleSection":["Not\u00edcias"],"inLanguage":"pt-PT"},{"@type":"WebPage","@id":"https:\/\/portaltela.pt\/noticias\/2026\/02\/24\/feto-encontrado-numa-estacao-de-tratamento-na-tocha-cantanhede\/","url":"https:\/\/portaltela.pt\/noticias\/2026\/02\/24\/feto-encontrado-numa-estacao-de-tratamento-na-tocha-cantanhede\/","name":"Feto encontrado numa esta\u00e7\u00e3o de tratamento na Tocha, Cantanhede - Portal Tela Portugal","isPartOf":{"@id":"https:\/\/portaltela.pt\/#website"},"primaryImageOfPage":{"@id":"https:\/\/portaltela.pt\/noticias\/2026\/02\/24\/feto-encontrado-numa-estacao-de-tratamento-na-tocha-cantanhede\/#primaryimage"},"image":{"@id":"https:\/\/portaltela.pt\/noticias\/2026\/02\/24\/feto-encontrado-numa-estacao-de-tratamento-na-tocha-cantanhede\/#primaryimage"},"thumbnailUrl":"https:\/\/portaltela.pt\/s.01k8rhncp4jt1\/2026\/02\/CACHE_780X1200_ANALOG_WATERMARKED_23277766_2276374_29062019010346.jpg","datePublished":"2026-02-24T22:12:00+00:00","author":{"@id":"https:\/\/portaltela.pt\/#\/schema\/person\/c4278d4a6028830caff9ee44b42d32ed"},"breadcrumb":{"@id":"https:\/\/portaltela.pt\/noticias\/2026\/02\/24\/feto-encontrado-numa-estacao-de-tratamento-na-tocha-cantanhede\/#breadcrumb"},"inLanguage":"pt-PT","potentialAction":[{"@type":"ReadAction","target":["https:\/\/portaltela.pt\/noticias\/2026\/02\/24\/feto-encontrado-numa-estacao-de-tratamento-na-tocha-cantanhede\/"]}]},{"@type":"ImageObject","inLanguage":"pt-PT","@id":"https:\/\/portaltela.pt\/noticias\/2026\/02\/24\/feto-encontrado-numa-estacao-de-tratamento-na-tocha-cantanhede\/#primaryimage","url":"https:\/\/portaltela.pt\/s.01k8rhncp4jt1\/2026\/02\/CACHE_780X1200_ANALOG_WATERMARKED_23277766_2276374_29062019010346.jpg","contentUrl":"https:\/\/portaltela.pt\/s.01k8rhncp4jt1\/2026\/02\/CACHE_780X1200_ANALOG_WATERMARKED_23277766_2276374_29062019010346.jpg","width":796,"height":448,"caption":"Feto encontrado em esta\u00e7\u00e3o de tratamento de vidro na Tocha (Cantanhede)"},{"@type":"BreadcrumbList","@id":"https:\/\/portaltela.pt\/noticias\/2026\/02\/24\/feto-encontrado-numa-estacao-de-tratamento-na-tocha-cantanhede\/#breadcrumb","itemListElement":[{"@type":"ListItem","position":1,"name":"In\u00edcio","item":"https:\/\/portaltela.pt\/"},{"@type":"ListItem","position":2,"name":"Feto encontrado numa esta\u00e7\u00e3o de tratamento na Tocha, Cantanhede"}]},{"@type":"WebSite","@id":"https:\/\/portaltela.pt\/#website","url":"https:\/\/portaltela.pt\/","name":"Portal Tela Portugal","description":"","potentialAction":[{"@type":"SearchAction","target":{"@type":"EntryPoint","urlTemplate":"https:\/\/portaltela.pt\/?s={search_term_string}"},"query-input":{"@type":"PropertyValueSpecification","valueRequired":true,"valueName":"search_term_string"}}],"inLanguage":"pt-PT"},{"@type":"Person","@id":"https:\/\/portaltela.pt\/#\/schema\/person\/c4278d4a6028830caff9ee44b42d32ed","name":"Telinha","image":{"@type":"ImageObject","inLanguage":"pt-PT","@id":"https:\/\/portaltela.pt\/s.01k8rhncp4jt1\/2025\/11\/talking-bot-125x125.png","url":"https:\/\/portaltela.pt\/s.01k8rhncp4jt1\/2025\/11\/talking-bot-125x125.png","contentUrl":"https:\/\/portaltela.pt\/s.01k8rhncp4jt1\/2025\/11\/talking-bot-125x125.png","caption":"Telinha"},"sameAs":["https:\/\/portaltela.pt\/"],"url":"https:\/\/portaltela.pt\/por\/367410592786\/"}]}},"_links":{"self":[{"href":"https:\/\/portaltela.pt\/api\/wp\/v2\/posts\/224992","targetHints":{"allow":["GET"]}}],"collection":[{"href":"https:\/\/portaltela.pt\/api\/wp\/v2\/posts"}],"about":[{"href":"https:\/\/portaltela.pt\/api\/wp\/v2\/types\/post"}],"author":[{"embeddable":true,"href":"https:\/\/portaltela.pt\/api\/wp\/v2\/users\/2"}],"replies":[{"embeddable":true,"href":"https:\/\/portaltela.pt\/api\/wp\/v2\/comments?post=224992"}],"version-history":[{"count":0,"href":"https:\/\/portaltela.pt\/api\/wp\/v2\/posts\/224992\/revisions"}],"wp:featuredmedia":[{"embeddable":true,"href":"https:\/\/portaltela.pt\/api\/wp\/v2\/media\/224995"}],"wp:attachment":[{"href":"https:\/\/portaltela.pt\/api\/wp\/v2\/media?parent=224992"}],"wp:term":[{"taxonomy":"category","embeddable":true,"href":"https:\/\/portaltela.pt\/api\/wp\/v2\/categories?post=224992"},{"taxonomy":"post_tag","embeddable":true,"href":"https:\/\/portaltela.pt\/api\/wp\/v2\/tags?post=224992"}],"curies":[{"name":"wp","href":"https:\/\/api.w.org\/{rel}","templated":true}]}}