{"id":224985,"date":"2026-02-24T18:47:00","date_gmt":"2026-02-24T21:47:00","guid":{"rendered":"https:\/\/portaltela.pt\/noticias\/2026\/02\/24\/nova-exposicao-do-mac-ccb-destaca-ellipse-como-peca-chave\/"},"modified":"2026-02-24T18:47:00","modified_gmt":"2026-02-24T21:47:00","slug":"nova-exposicao-do-mac-ccb-destaca-ellipse-como-peca-chave","status":"publish","type":"post","link":"https:\/\/portaltela.pt\/noticias\/2026\/02\/24\/nova-exposicao-do-mac-ccb-destaca-ellipse-como-peca-chave\/","title":{"rendered":"Nova exposi\u00e7\u00e3o do MAC\/CCB destaca Ellipse como pe\u00e7a-chave"},"content":{"rendered":"<p>O MAC\/CCB abriu uma nova exposi\u00e7\u00e3o que destaca a obra Ellipse, considerada a pe\u00e7a com maior peso na mostra, intitulada Posso Ajudar?. Parte do acervo da exposi\u00e7\u00e3o est\u00e1 ligada ao acervo do BPP, objeto de fal\u00eancia, segundo os dados j\u00e1 dispon\u00edveis. A curadoria descreve a instala\u00e7\u00e3o como um corpo quase invis\u00edvel, composto por fio dourado.<\/p>\n<p>A dire\u00e7\u00e3o do museu afirma que o novo comodato n\u00e3o restringe op\u00e7\u00f5es expositivas e que o acordo veio facilitar a configura\u00e7\u00e3o da mostra, questionando a rela\u00e7\u00e3o entre acervo p\u00fablico e recursos privados. A narrativa da exposi\u00e7\u00e3o envolve o uso de obras com origem no acervo do BPP, conforme a curadoria.<\/p>\n<p>Entre as pe\u00e7as, destaca-se uma instala\u00e7\u00e3o de Bruno Zhu, descrita pela curadoria como um monumento prec\u00e1rio. O trabalho utiliza o fio dourado que, suspenso acima da sala, forma uma estrela de cinco pontas, vis\u00edvel apenas pela ilumina\u00e7\u00e3o e pelo material utilizado.<\/p>\n","protected":false},"excerpt":{"rendered":"<ul>\n<li>Nova exposi\u00e7\u00e3o no MAC\/CCB foi concebida para ziguezaguear e, segundo os curadores, a obra Ellipse tem maior peso na mostra.<\/li>\n<li>Quase metade das obras da mostra \u201cPosso Ajudar?\u201d pertence ao acervo reunido sobre a esfera do falido Banco Popular Portugu\u00eas (BPP).<\/li>\n<li>A diretora do museu garante que o novo comodato n\u00e3o restringe op\u00e7\u00f5es expositivas e visa facilitar a gest\u00e3o da cole\u00e7\u00e3o.<\/li>\n<li>A instala\u00e7\u00e3o de Bruno Zhu \u00e9 descrita como um corpo sem carne, com um fio dourado suspenso que forma uma estrela de cinco pontas sobre a sala.<\/li>\n<li>Os curadores destacam o car\u00e1ter quase invis\u00edvel da instala\u00e7\u00e3o, resultado de luz e material que a tornam sutil no espa\u00e7o expositivo.<\/li>\n<\/ul>\n","protected":false},"author":2,"featured_media":224988,"comment_status":"closed","ping_status":"closed","sticky":false,"template":"","format":"standard","meta":{"footnotes":""},"categories":[1],"tags":[70,145,1397,5751,2954,814],"class_list":["post-224985","post","type-post","status-publish","format-standard","has-post-thumbnail","hentry","category-noticias","tag-arte","tag-cultura","tag-exposicoes","tag-museus-e-arquivos","tag-museus-e-monumentos-de-portugal","tag-patrimonio"],"yoast_head":"<!-- This site is optimized with the Yoast SEO plugin v27.2 - https:\/\/yoast.com\/product\/yoast-seo-wordpress\/ -->\n<title>Nova exposi\u00e7\u00e3o do MAC\/CCB destaca Ellipse como pe\u00e7a-chave - Portal Tela Portugal<\/title>\n<meta name=\"robots\" content=\"index, follow, max-snippet:-1, max-image-preview:large, max-video-preview:-1\" \/>\n<meta property=\"og:locale\" content=\"pt_PT\" \/>\n<meta property=\"og:type\" content=\"article\" \/>\n<meta property=\"og:title\" content=\"Nova exposi\u00e7\u00e3o do MAC\/CCB destaca Ellipse como pe\u00e7a-chave - Portal Tela Portugal\" \/>\n<meta property=\"og:description\" content=\"Nova exposi\u00e7\u00e3o no MAC\/CCB foi concebida para ziguezaguear e, segundo os curadores, a obra Ellipse tem maior peso na mostra. Quase metade das obras da mostra \u201cPosso Ajudar?\u201d pertence ao acervo reunido sobre a esfera do falido Banco Popular Portugu\u00eas (BPP). A diretora do museu garante que o novo comodato n\u00e3o restringe op\u00e7\u00f5es expositivas e visa facilitar a gest\u00e3o da cole\u00e7\u00e3o. A instala\u00e7\u00e3o de Bruno Zhu \u00e9 descrita como um corpo sem carne, com um fio dourado suspenso que forma uma estrela de cinco pontas sobre a sala. Os curadores destacam o car\u00e1ter quase invis\u00edvel da instala\u00e7\u00e3o, resultado de luz e material que a tornam sutil no espa\u00e7o expositivo.\" \/>\n<meta property=\"og:url\" content=\"https:\/\/portaltela.pt\/noticias\/2026\/02\/24\/nova-exposicao-do-mac-ccb-destaca-ellipse-como-peca-chave\/\" \/>\n<meta property=\"og:site_name\" content=\"Portal Tela Portugal\" \/>\n<meta property=\"article:published_time\" content=\"2026-02-24T21:47:00+00:00\" \/>\n<meta name=\"author\" content=\"Telinha\" \/>\n<meta name=\"twitter:card\" content=\"summary_large_image\" \/>\n<meta name=\"twitter:label1\" content=\"Escrito por\" \/>\n\t<meta name=\"twitter:data1\" content=\"Telinha\" \/>\n\t<meta name=\"twitter:label2\" content=\"Tempo estimado de leitura\" \/>\n\t<meta name=\"twitter:data2\" content=\"1 minuto\" \/>\n<script type=\"application\/ld+json\" class=\"yoast-schema-graph\">{\"@context\":\"https:\/\/schema.org\",\"@graph\":[{\"@type\":\"Article\",\"@id\":\"https:\/\/portaltela.pt\/noticias\/2026\/02\/24\/nova-exposicao-do-mac-ccb-destaca-ellipse-como-peca-chave\/#article\",\"isPartOf\":{\"@id\":\"https:\/\/portaltela.pt\/noticias\/2026\/02\/24\/nova-exposicao-do-mac-ccb-destaca-ellipse-como-peca-chave\/\"},\"author\":{\"name\":\"Telinha\",\"@id\":\"https:\/\/portaltela.pt\/#\/schema\/person\/c4278d4a6028830caff9ee44b42d32ed\"},\"headline\":\"Nova exposi\u00e7\u00e3o do MAC\/CCB destaca Ellipse como pe\u00e7a-chave\",\"datePublished\":\"2026-02-24T21:47:00+00:00\",\"mainEntityOfPage\":{\"@id\":\"https:\/\/portaltela.pt\/noticias\/2026\/02\/24\/nova-exposicao-do-mac-ccb-destaca-ellipse-como-peca-chave\/\"},\"wordCount\":177,\"image\":{\"@id\":\"https:\/\/portaltela.pt\/noticias\/2026\/02\/24\/nova-exposicao-do-mac-ccb-destaca-ellipse-como-peca-chave\/#primaryimage\"},\"thumbnailUrl\":\"https:\/\/portaltela.pt\/s.01k8rhncp4jt1\/2026\/02\/2069509.jpg\",\"keywords\":[\"arte\",\"cultura\",\"exposi\u00e7\u00f5es\",\"museus e arquivos\",\"Museus e Monumentos de Portugal\",\"patrim\u00f3nio\"],\"articleSection\":[\"Not\u00edcias\"],\"inLanguage\":\"pt-PT\"},{\"@type\":\"WebPage\",\"@id\":\"https:\/\/portaltela.pt\/noticias\/2026\/02\/24\/nova-exposicao-do-mac-ccb-destaca-ellipse-como-peca-chave\/\",\"url\":\"https:\/\/portaltela.pt\/noticias\/2026\/02\/24\/nova-exposicao-do-mac-ccb-destaca-ellipse-como-peca-chave\/\",\"name\":\"Nova exposi\u00e7\u00e3o do MAC\/CCB destaca Ellipse como pe\u00e7a-chave - Portal Tela Portugal\",\"isPartOf\":{\"@id\":\"https:\/\/portaltela.pt\/#website\"},\"primaryImageOfPage\":{\"@id\":\"https:\/\/portaltela.pt\/noticias\/2026\/02\/24\/nova-exposicao-do-mac-ccb-destaca-ellipse-como-peca-chave\/#primaryimage\"},\"image\":{\"@id\":\"https:\/\/portaltela.pt\/noticias\/2026\/02\/24\/nova-exposicao-do-mac-ccb-destaca-ellipse-como-peca-chave\/#primaryimage\"},\"thumbnailUrl\":\"https:\/\/portaltela.pt\/s.01k8rhncp4jt1\/2026\/02\/2069509.jpg\",\"datePublished\":\"2026-02-24T21:47:00+00:00\",\"author\":{\"@id\":\"https:\/\/portaltela.pt\/#\/schema\/person\/c4278d4a6028830caff9ee44b42d32ed\"},\"breadcrumb\":{\"@id\":\"https:\/\/portaltela.pt\/noticias\/2026\/02\/24\/nova-exposicao-do-mac-ccb-destaca-ellipse-como-peca-chave\/#breadcrumb\"},\"inLanguage\":\"pt-PT\",\"potentialAction\":[{\"@type\":\"ReadAction\",\"target\":[\"https:\/\/portaltela.pt\/noticias\/2026\/02\/24\/nova-exposicao-do-mac-ccb-destaca-ellipse-como-peca-chave\/\"]}]},{\"@type\":\"ImageObject\",\"inLanguage\":\"pt-PT\",\"@id\":\"https:\/\/portaltela.pt\/noticias\/2026\/02\/24\/nova-exposicao-do-mac-ccb-destaca-ellipse-como-peca-chave\/#primaryimage\",\"url\":\"https:\/\/portaltela.pt\/s.01k8rhncp4jt1\/2026\/02\/2069509.jpg\",\"contentUrl\":\"https:\/\/portaltela.pt\/s.01k8rhncp4jt1\/2026\/02\/2069509.jpg\",\"width\":796,\"height\":448,\"caption\":\"RG Rui Gaud\u00eancio - 24 Fevereiro 2026 - Portugal, Lisboa - May I Help You? | Posso ajudar?, nova exposi\u00e7\u00e3o MAC\/CCB. P\u00fablico\"},{\"@type\":\"BreadcrumbList\",\"@id\":\"https:\/\/portaltela.pt\/noticias\/2026\/02\/24\/nova-exposicao-do-mac-ccb-destaca-ellipse-como-peca-chave\/#breadcrumb\",\"itemListElement\":[{\"@type\":\"ListItem\",\"position\":1,\"name\":\"In\u00edcio\",\"item\":\"https:\/\/portaltela.pt\/\"},{\"@type\":\"ListItem\",\"position\":2,\"name\":\"Nova exposi\u00e7\u00e3o do MAC\/CCB destaca Ellipse como pe\u00e7a-chave\"}]},{\"@type\":\"WebSite\",\"@id\":\"https:\/\/portaltela.pt\/#website\",\"url\":\"https:\/\/portaltela.pt\/\",\"name\":\"Portal Tela Portugal\",\"description\":\"\",\"potentialAction\":[{\"@type\":\"SearchAction\",\"target\":{\"@type\":\"EntryPoint\",\"urlTemplate\":\"https:\/\/portaltela.pt\/?s={search_term_string}\"},\"query-input\":{\"@type\":\"PropertyValueSpecification\",\"valueRequired\":true,\"valueName\":\"search_term_string\"}}],\"inLanguage\":\"pt-PT\"},{\"@type\":\"Person\",\"@id\":\"https:\/\/portaltela.pt\/#\/schema\/person\/c4278d4a6028830caff9ee44b42d32ed\",\"name\":\"Telinha\",\"image\":{\"@type\":\"ImageObject\",\"inLanguage\":\"pt-PT\",\"@id\":\"https:\/\/portaltela.pt\/s.01k8rhncp4jt1\/2025\/11\/talking-bot-125x125.png\",\"url\":\"https:\/\/portaltela.pt\/s.01k8rhncp4jt1\/2025\/11\/talking-bot-125x125.png\",\"contentUrl\":\"https:\/\/portaltela.pt\/s.01k8rhncp4jt1\/2025\/11\/talking-bot-125x125.png\",\"caption\":\"Telinha\"},\"sameAs\":[\"https:\/\/portaltela.pt\/\"],\"url\":\"https:\/\/portaltela.pt\/por\/367410592786\/\"}]}<\/script>\n<!-- \/ Yoast SEO plugin. -->","yoast_head_json":{"title":"Nova exposi\u00e7\u00e3o do MAC\/CCB destaca Ellipse como pe\u00e7a-chave - Portal Tela Portugal","robots":{"index":"index","follow":"follow","max-snippet":"max-snippet:-1","max-image-preview":"max-image-preview:large","max-video-preview":"max-video-preview:-1"},"og_locale":"pt_PT","og_type":"article","og_title":"Nova exposi\u00e7\u00e3o do MAC\/CCB destaca Ellipse como pe\u00e7a-chave - Portal Tela Portugal","og_description":"Nova exposi\u00e7\u00e3o no MAC\/CCB foi concebida para ziguezaguear e, segundo os curadores, a obra Ellipse tem maior peso na mostra. Quase metade das obras da mostra \u201cPosso Ajudar?\u201d pertence ao acervo reunido sobre a esfera do falido Banco Popular Portugu\u00eas (BPP). A diretora do museu garante que o novo comodato n\u00e3o restringe op\u00e7\u00f5es expositivas e visa facilitar a gest\u00e3o da cole\u00e7\u00e3o. A instala\u00e7\u00e3o de Bruno Zhu \u00e9 descrita como um corpo sem carne, com um fio dourado suspenso que forma uma estrela de cinco pontas sobre a sala. Os curadores destacam o car\u00e1ter quase invis\u00edvel da instala\u00e7\u00e3o, resultado de luz e material que a tornam sutil no espa\u00e7o expositivo.","og_url":"https:\/\/portaltela.pt\/noticias\/2026\/02\/24\/nova-exposicao-do-mac-ccb-destaca-ellipse-como-peca-chave\/","og_site_name":"Portal Tela Portugal","article_published_time":"2026-02-24T21:47:00+00:00","author":"Telinha","twitter_card":"summary_large_image","twitter_misc":{"Escrito por":"Telinha","Tempo estimado de leitura":"1 minuto"},"schema":{"@context":"https:\/\/schema.org","@graph":[{"@type":"Article","@id":"https:\/\/portaltela.pt\/noticias\/2026\/02\/24\/nova-exposicao-do-mac-ccb-destaca-ellipse-como-peca-chave\/#article","isPartOf":{"@id":"https:\/\/portaltela.pt\/noticias\/2026\/02\/24\/nova-exposicao-do-mac-ccb-destaca-ellipse-como-peca-chave\/"},"author":{"name":"Telinha","@id":"https:\/\/portaltela.pt\/#\/schema\/person\/c4278d4a6028830caff9ee44b42d32ed"},"headline":"Nova exposi\u00e7\u00e3o do MAC\/CCB destaca Ellipse como pe\u00e7a-chave","datePublished":"2026-02-24T21:47:00+00:00","mainEntityOfPage":{"@id":"https:\/\/portaltela.pt\/noticias\/2026\/02\/24\/nova-exposicao-do-mac-ccb-destaca-ellipse-como-peca-chave\/"},"wordCount":177,"image":{"@id":"https:\/\/portaltela.pt\/noticias\/2026\/02\/24\/nova-exposicao-do-mac-ccb-destaca-ellipse-como-peca-chave\/#primaryimage"},"thumbnailUrl":"https:\/\/portaltela.pt\/s.01k8rhncp4jt1\/2026\/02\/2069509.jpg","keywords":["arte","cultura","exposi\u00e7\u00f5es","museus e arquivos","Museus e Monumentos de Portugal","patrim\u00f3nio"],"articleSection":["Not\u00edcias"],"inLanguage":"pt-PT"},{"@type":"WebPage","@id":"https:\/\/portaltela.pt\/noticias\/2026\/02\/24\/nova-exposicao-do-mac-ccb-destaca-ellipse-como-peca-chave\/","url":"https:\/\/portaltela.pt\/noticias\/2026\/02\/24\/nova-exposicao-do-mac-ccb-destaca-ellipse-como-peca-chave\/","name":"Nova exposi\u00e7\u00e3o do MAC\/CCB destaca Ellipse como pe\u00e7a-chave - Portal Tela Portugal","isPartOf":{"@id":"https:\/\/portaltela.pt\/#website"},"primaryImageOfPage":{"@id":"https:\/\/portaltela.pt\/noticias\/2026\/02\/24\/nova-exposicao-do-mac-ccb-destaca-ellipse-como-peca-chave\/#primaryimage"},"image":{"@id":"https:\/\/portaltela.pt\/noticias\/2026\/02\/24\/nova-exposicao-do-mac-ccb-destaca-ellipse-como-peca-chave\/#primaryimage"},"thumbnailUrl":"https:\/\/portaltela.pt\/s.01k8rhncp4jt1\/2026\/02\/2069509.jpg","datePublished":"2026-02-24T21:47:00+00:00","author":{"@id":"https:\/\/portaltela.pt\/#\/schema\/person\/c4278d4a6028830caff9ee44b42d32ed"},"breadcrumb":{"@id":"https:\/\/portaltela.pt\/noticias\/2026\/02\/24\/nova-exposicao-do-mac-ccb-destaca-ellipse-como-peca-chave\/#breadcrumb"},"inLanguage":"pt-PT","potentialAction":[{"@type":"ReadAction","target":["https:\/\/portaltela.pt\/noticias\/2026\/02\/24\/nova-exposicao-do-mac-ccb-destaca-ellipse-como-peca-chave\/"]}]},{"@type":"ImageObject","inLanguage":"pt-PT","@id":"https:\/\/portaltela.pt\/noticias\/2026\/02\/24\/nova-exposicao-do-mac-ccb-destaca-ellipse-como-peca-chave\/#primaryimage","url":"https:\/\/portaltela.pt\/s.01k8rhncp4jt1\/2026\/02\/2069509.jpg","contentUrl":"https:\/\/portaltela.pt\/s.01k8rhncp4jt1\/2026\/02\/2069509.jpg","width":796,"height":448,"caption":"RG Rui Gaud\u00eancio - 24 Fevereiro 2026 - Portugal, Lisboa - May I Help You? | Posso ajudar?, nova exposi\u00e7\u00e3o MAC\/CCB. P\u00fablico"},{"@type":"BreadcrumbList","@id":"https:\/\/portaltela.pt\/noticias\/2026\/02\/24\/nova-exposicao-do-mac-ccb-destaca-ellipse-como-peca-chave\/#breadcrumb","itemListElement":[{"@type":"ListItem","position":1,"name":"In\u00edcio","item":"https:\/\/portaltela.pt\/"},{"@type":"ListItem","position":2,"name":"Nova exposi\u00e7\u00e3o do MAC\/CCB destaca Ellipse como pe\u00e7a-chave"}]},{"@type":"WebSite","@id":"https:\/\/portaltela.pt\/#website","url":"https:\/\/portaltela.pt\/","name":"Portal Tela Portugal","description":"","potentialAction":[{"@type":"SearchAction","target":{"@type":"EntryPoint","urlTemplate":"https:\/\/portaltela.pt\/?s={search_term_string}"},"query-input":{"@type":"PropertyValueSpecification","valueRequired":true,"valueName":"search_term_string"}}],"inLanguage":"pt-PT"},{"@type":"Person","@id":"https:\/\/portaltela.pt\/#\/schema\/person\/c4278d4a6028830caff9ee44b42d32ed","name":"Telinha","image":{"@type":"ImageObject","inLanguage":"pt-PT","@id":"https:\/\/portaltela.pt\/s.01k8rhncp4jt1\/2025\/11\/talking-bot-125x125.png","url":"https:\/\/portaltela.pt\/s.01k8rhncp4jt1\/2025\/11\/talking-bot-125x125.png","contentUrl":"https:\/\/portaltela.pt\/s.01k8rhncp4jt1\/2025\/11\/talking-bot-125x125.png","caption":"Telinha"},"sameAs":["https:\/\/portaltela.pt\/"],"url":"https:\/\/portaltela.pt\/por\/367410592786\/"}]}},"_links":{"self":[{"href":"https:\/\/portaltela.pt\/api\/wp\/v2\/posts\/224985","targetHints":{"allow":["GET"]}}],"collection":[{"href":"https:\/\/portaltela.pt\/api\/wp\/v2\/posts"}],"about":[{"href":"https:\/\/portaltela.pt\/api\/wp\/v2\/types\/post"}],"author":[{"embeddable":true,"href":"https:\/\/portaltela.pt\/api\/wp\/v2\/users\/2"}],"replies":[{"embeddable":true,"href":"https:\/\/portaltela.pt\/api\/wp\/v2\/comments?post=224985"}],"version-history":[{"count":0,"href":"https:\/\/portaltela.pt\/api\/wp\/v2\/posts\/224985\/revisions"}],"wp:featuredmedia":[{"embeddable":true,"href":"https:\/\/portaltela.pt\/api\/wp\/v2\/media\/224988"}],"wp:attachment":[{"href":"https:\/\/portaltela.pt\/api\/wp\/v2\/media?parent=224985"}],"wp:term":[{"taxonomy":"category","embeddable":true,"href":"https:\/\/portaltela.pt\/api\/wp\/v2\/categories?post=224985"},{"taxonomy":"post_tag","embeddable":true,"href":"https:\/\/portaltela.pt\/api\/wp\/v2\/tags?post=224985"}],"curies":[{"name":"wp","href":"https:\/\/api.w.org\/{rel}","templated":true}]}}