{"id":224984,"date":"2026-02-24T18:51:28","date_gmt":"2026-02-24T21:51:28","guid":{"rendered":"https:\/\/portaltela.pt\/noticias\/2026\/02\/24\/fim-das-portagens-para-pesados-na-crep-a41-e-visto-pela-amp-diz-pedro-duarte\/"},"modified":"2026-02-24T18:51:28","modified_gmt":"2026-02-24T21:51:28","slug":"fim-das-portagens-para-pesados-na-crep-a41-e-visto-pela-amp-diz-pedro-duarte","status":"publish","type":"post","link":"https:\/\/portaltela.pt\/noticias\/2026\/02\/24\/fim-das-portagens-para-pesados-na-crep-a41-e-visto-pela-amp-diz-pedro-duarte\/","title":{"rendered":"Fim das portagens para pesados na CREP\/A41 \u00e9 visto pela AMP, diz Pedro Duarte"},"content":{"rendered":"<p>A isen\u00e7\u00e3o de portagens para ve\u00edculos pesados na CREP\/A41 foi aprovado pelo parlamento nesta ter\u00e7a-feira. A medida, inclu\u00edda no Or\u00e7amento do Estado 2026, clarifica a suspens\u00e3o de portagens nas autoestradas CREP\/A41, A19 e A8, com in\u00edcio a 25 de fevereiro.<\/p>\n<p>A decis\u00e3o foi tomada no \u00e2mbito de um diploma do Partido Socialista, com votos favor\u00e1veis de PS, CH, IL, L, PCP, BE, PAN e JPP, e contr\u00e1rios pelo PSD e CDS-PP. A lei publicada no Di\u00e1rio da Rep\u00fablica detalha a abrang\u00eancia para as classes 3 e 4 de tarifas.<\/p>\n<p>Pedro Duarte, presidente da C\u00e2mara do Porto e do Conselho Metropolitano, descreveu a medida como muito positiva para a mobilidade da \u00c1rea Metropolitana do Porto. A iniciativa \u00e9 vista como capaz de aliviar o tr\u00e1fego na VCI e melhorar a circula\u00e7\u00e3o nos concelhos.<\/p>\n<h3>Contexto legislativo<\/h3>\n<p>A proposta j\u00e1 tinha sido anunciada pelo ministro das Infraestruturas e Habita\u00e7\u00e3o, Miguel Pinto Luz, com previs\u00e3o de implementa\u00e7\u00e3o durante a hora de ponta a partir de mar\u00e7o. A decis\u00e3o envolve a CREP\/A41 e refor\u00e7a a pol\u00edtica de isen\u00e7\u00f5es para pesados.<\/p>\n<p>Anteriormente, Duarte apontou que poderia ser necess\u00e1rio restringir a passagem de pesados na VCI em hora de ponta, como complemento \u00e0 isen\u00e7\u00e3o. A Administra\u00e7\u00e3o mant\u00e9m o foco na melhoria da mobilidade na \u00e1rea metropolitana.<\/p>\n","protected":false},"excerpt":{"rendered":"<ul>\n<li>A isen\u00e7\u00e3o de portagens para pesados na CREP\/A41 foi aprovada e entra em vigor a 25 de fevereiro, conforme a legisla\u00e7\u00e3o publicada em Di\u00e1rio da Rep\u00fablica.<\/li>\n<li>A medida abrange os ve\u00edculos das classes 3 e 4 do sistema de tarifas de portagem.<\/li>\n<li>O presidente da C\u00e2mara do Porto, Pedro Duarte, classificou a medida como \u201cmuito positiva\u201d para a mobilidade na \u00c1rea Metropolitana do Porto.<\/li>\n<li>A aprova\u00e7\u00e3o decorreu no \u00e2mbito do Or\u00e7amento do Estado para 2026, com votos favor\u00e1veis de PS, IL, L, PCP, BE, PAN, JPP e CH, contra a oposi\u00e7\u00e3o de PSD e CDS-PP.<\/li>\n<li>O Governo j\u00e1 tinha anunciado, anteriormente, a isen\u00e7\u00e3o de portagens na CREP\/A41 durante a hora de ponta, como parte de medidas anunciadas para a regi\u00e3o.<\/li>\n<\/ul>\n","protected":false},"author":2,"featured_media":224987,"comment_status":"closed","ping_status":"closed","sticky":false,"template":"","format":"standard","meta":{"footnotes":""},"categories":[1],"tags":[1615,258,3263,1994,982,363],"class_list":["post-224984","post","type-post","status-publish","format-standard","has-post-thumbnail","hentry","category-noticias","tag-infraestrutura","tag-infraestruturas","tag-mobilidade-urbana","tag-portagens","tag-porto","tag-transportes"],"yoast_head":"<!-- This site is optimized with the Yoast SEO plugin v27.2 - https:\/\/yoast.com\/product\/yoast-seo-wordpress\/ -->\n<title>Fim das portagens para pesados na CREP\/A41 \u00e9 visto pela AMP, diz Pedro Duarte - Portal Tela Portugal<\/title>\n<meta name=\"robots\" content=\"index, follow, max-snippet:-1, max-image-preview:large, max-video-preview:-1\" \/>\n<meta property=\"og:locale\" content=\"pt_PT\" \/>\n<meta property=\"og:type\" content=\"article\" \/>\n<meta property=\"og:title\" content=\"Fim das portagens para pesados na CREP\/A41 \u00e9 visto pela AMP, diz Pedro Duarte - Portal Tela Portugal\" \/>\n<meta property=\"og:description\" content=\"A isen\u00e7\u00e3o de portagens para pesados na CREP\/A41 foi aprovada e entra em vigor a 25 de fevereiro, conforme a legisla\u00e7\u00e3o publicada em Di\u00e1rio da Rep\u00fablica. A medida abrange os ve\u00edculos das classes 3 e 4 do sistema de tarifas de portagem. O presidente da C\u00e2mara do Porto, Pedro Duarte, classificou a medida como \u201cmuito positiva\u201d para a mobilidade na \u00c1rea Metropolitana do Porto. A aprova\u00e7\u00e3o decorreu no \u00e2mbito do Or\u00e7amento do Estado para 2026, com votos favor\u00e1veis de PS, IL, L, PCP, BE, PAN, JPP e CH, contra a oposi\u00e7\u00e3o de PSD e CDS-PP. O Governo j\u00e1 tinha anunciado, anteriormente, a isen\u00e7\u00e3o de portagens na CREP\/A41 durante a hora de ponta, como parte de medidas anunciadas para a regi\u00e3o.\" \/>\n<meta property=\"og:url\" content=\"https:\/\/portaltela.pt\/noticias\/2026\/02\/24\/fim-das-portagens-para-pesados-na-crep-a41-e-visto-pela-amp-diz-pedro-duarte\/\" \/>\n<meta property=\"og:site_name\" content=\"Portal Tela Portugal\" \/>\n<meta property=\"article:published_time\" content=\"2026-02-24T21:51:28+00:00\" \/>\n<meta name=\"author\" content=\"Telinha\" \/>\n<meta name=\"twitter:card\" content=\"summary_large_image\" \/>\n<meta name=\"twitter:label1\" content=\"Escrito por\" \/>\n\t<meta name=\"twitter:data1\" content=\"Telinha\" \/>\n\t<meta name=\"twitter:label2\" content=\"Tempo estimado de leitura\" \/>\n\t<meta name=\"twitter:data2\" content=\"1 minuto\" \/>\n<script type=\"application\/ld+json\" class=\"yoast-schema-graph\">{\"@context\":\"https:\/\/schema.org\",\"@graph\":[{\"@type\":\"Article\",\"@id\":\"https:\/\/portaltela.pt\/noticias\/2026\/02\/24\/fim-das-portagens-para-pesados-na-crep-a41-e-visto-pela-amp-diz-pedro-duarte\/#article\",\"isPartOf\":{\"@id\":\"https:\/\/portaltela.pt\/noticias\/2026\/02\/24\/fim-das-portagens-para-pesados-na-crep-a41-e-visto-pela-amp-diz-pedro-duarte\/\"},\"author\":{\"name\":\"Telinha\",\"@id\":\"https:\/\/portaltela.pt\/#\/schema\/person\/c4278d4a6028830caff9ee44b42d32ed\"},\"headline\":\"Fim das portagens para pesados na CREP\/A41 \u00e9 visto pela AMP, diz Pedro Duarte\",\"datePublished\":\"2026-02-24T21:51:28+00:00\",\"mainEntityOfPage\":{\"@id\":\"https:\/\/portaltela.pt\/noticias\/2026\/02\/24\/fim-das-portagens-para-pesados-na-crep-a41-e-visto-pela-amp-diz-pedro-duarte\/\"},\"wordCount\":248,\"image\":{\"@id\":\"https:\/\/portaltela.pt\/noticias\/2026\/02\/24\/fim-das-portagens-para-pesados-na-crep-a41-e-visto-pela-amp-diz-pedro-duarte\/#primaryimage\"},\"thumbnailUrl\":\"https:\/\/portaltela.pt\/s.01k8rhncp4jt1\/2026\/02\/img_1280x721uu2026-02-12-07-37-15-2266426.jpg\",\"keywords\":[\"infraestrutura\",\"infraestruturas\",\"mobilidade urbana\",\"portagens\",\"Porto\",\"transportes\"],\"articleSection\":[\"Not\u00edcias\"],\"inLanguage\":\"pt-PT\"},{\"@type\":\"WebPage\",\"@id\":\"https:\/\/portaltela.pt\/noticias\/2026\/02\/24\/fim-das-portagens-para-pesados-na-crep-a41-e-visto-pela-amp-diz-pedro-duarte\/\",\"url\":\"https:\/\/portaltela.pt\/noticias\/2026\/02\/24\/fim-das-portagens-para-pesados-na-crep-a41-e-visto-pela-amp-diz-pedro-duarte\/\",\"name\":\"Fim das portagens para pesados na CREP\/A41 \u00e9 visto pela AMP, diz Pedro Duarte - Portal Tela Portugal\",\"isPartOf\":{\"@id\":\"https:\/\/portaltela.pt\/#website\"},\"primaryImageOfPage\":{\"@id\":\"https:\/\/portaltela.pt\/noticias\/2026\/02\/24\/fim-das-portagens-para-pesados-na-crep-a41-e-visto-pela-amp-diz-pedro-duarte\/#primaryimage\"},\"image\":{\"@id\":\"https:\/\/portaltela.pt\/noticias\/2026\/02\/24\/fim-das-portagens-para-pesados-na-crep-a41-e-visto-pela-amp-diz-pedro-duarte\/#primaryimage\"},\"thumbnailUrl\":\"https:\/\/portaltela.pt\/s.01k8rhncp4jt1\/2026\/02\/img_1280x721uu2026-02-12-07-37-15-2266426.jpg\",\"datePublished\":\"2026-02-24T21:51:28+00:00\",\"author\":{\"@id\":\"https:\/\/portaltela.pt\/#\/schema\/person\/c4278d4a6028830caff9ee44b42d32ed\"},\"breadcrumb\":{\"@id\":\"https:\/\/portaltela.pt\/noticias\/2026\/02\/24\/fim-das-portagens-para-pesados-na-crep-a41-e-visto-pela-amp-diz-pedro-duarte\/#breadcrumb\"},\"inLanguage\":\"pt-PT\",\"potentialAction\":[{\"@type\":\"ReadAction\",\"target\":[\"https:\/\/portaltela.pt\/noticias\/2026\/02\/24\/fim-das-portagens-para-pesados-na-crep-a41-e-visto-pela-amp-diz-pedro-duarte\/\"]}]},{\"@type\":\"ImageObject\",\"inLanguage\":\"pt-PT\",\"@id\":\"https:\/\/portaltela.pt\/noticias\/2026\/02\/24\/fim-das-portagens-para-pesados-na-crep-a41-e-visto-pela-amp-diz-pedro-duarte\/#primaryimage\",\"url\":\"https:\/\/portaltela.pt\/s.01k8rhncp4jt1\/2026\/02\/img_1280x721uu2026-02-12-07-37-15-2266426.jpg\",\"contentUrl\":\"https:\/\/portaltela.pt\/s.01k8rhncp4jt1\/2026\/02\/img_1280x721uu2026-02-12-07-37-15-2266426.jpg\",\"width\":796,\"height\":448,\"caption\":\"Photo\"},{\"@type\":\"BreadcrumbList\",\"@id\":\"https:\/\/portaltela.pt\/noticias\/2026\/02\/24\/fim-das-portagens-para-pesados-na-crep-a41-e-visto-pela-amp-diz-pedro-duarte\/#breadcrumb\",\"itemListElement\":[{\"@type\":\"ListItem\",\"position\":1,\"name\":\"In\u00edcio\",\"item\":\"https:\/\/portaltela.pt\/\"},{\"@type\":\"ListItem\",\"position\":2,\"name\":\"Fim das portagens para pesados na CREP\/A41 \u00e9 visto pela AMP, diz Pedro Duarte\"}]},{\"@type\":\"WebSite\",\"@id\":\"https:\/\/portaltela.pt\/#website\",\"url\":\"https:\/\/portaltela.pt\/\",\"name\":\"Portal Tela Portugal\",\"description\":\"\",\"potentialAction\":[{\"@type\":\"SearchAction\",\"target\":{\"@type\":\"EntryPoint\",\"urlTemplate\":\"https:\/\/portaltela.pt\/?s={search_term_string}\"},\"query-input\":{\"@type\":\"PropertyValueSpecification\",\"valueRequired\":true,\"valueName\":\"search_term_string\"}}],\"inLanguage\":\"pt-PT\"},{\"@type\":\"Person\",\"@id\":\"https:\/\/portaltela.pt\/#\/schema\/person\/c4278d4a6028830caff9ee44b42d32ed\",\"name\":\"Telinha\",\"image\":{\"@type\":\"ImageObject\",\"inLanguage\":\"pt-PT\",\"@id\":\"https:\/\/portaltela.pt\/s.01k8rhncp4jt1\/2025\/11\/talking-bot-125x125.png\",\"url\":\"https:\/\/portaltela.pt\/s.01k8rhncp4jt1\/2025\/11\/talking-bot-125x125.png\",\"contentUrl\":\"https:\/\/portaltela.pt\/s.01k8rhncp4jt1\/2025\/11\/talking-bot-125x125.png\",\"caption\":\"Telinha\"},\"sameAs\":[\"https:\/\/portaltela.pt\/\"],\"url\":\"https:\/\/portaltela.pt\/por\/367410592786\/\"}]}<\/script>\n<!-- \/ Yoast SEO plugin. -->","yoast_head_json":{"title":"Fim das portagens para pesados na CREP\/A41 \u00e9 visto pela AMP, diz Pedro Duarte - Portal Tela Portugal","robots":{"index":"index","follow":"follow","max-snippet":"max-snippet:-1","max-image-preview":"max-image-preview:large","max-video-preview":"max-video-preview:-1"},"og_locale":"pt_PT","og_type":"article","og_title":"Fim das portagens para pesados na CREP\/A41 \u00e9 visto pela AMP, diz Pedro Duarte - Portal Tela Portugal","og_description":"A isen\u00e7\u00e3o de portagens para pesados na CREP\/A41 foi aprovada e entra em vigor a 25 de fevereiro, conforme a legisla\u00e7\u00e3o publicada em Di\u00e1rio da Rep\u00fablica. A medida abrange os ve\u00edculos das classes 3 e 4 do sistema de tarifas de portagem. O presidente da C\u00e2mara do Porto, Pedro Duarte, classificou a medida como \u201cmuito positiva\u201d para a mobilidade na \u00c1rea Metropolitana do Porto. A aprova\u00e7\u00e3o decorreu no \u00e2mbito do Or\u00e7amento do Estado para 2026, com votos favor\u00e1veis de PS, IL, L, PCP, BE, PAN, JPP e CH, contra a oposi\u00e7\u00e3o de PSD e CDS-PP. O Governo j\u00e1 tinha anunciado, anteriormente, a isen\u00e7\u00e3o de portagens na CREP\/A41 durante a hora de ponta, como parte de medidas anunciadas para a regi\u00e3o.","og_url":"https:\/\/portaltela.pt\/noticias\/2026\/02\/24\/fim-das-portagens-para-pesados-na-crep-a41-e-visto-pela-amp-diz-pedro-duarte\/","og_site_name":"Portal Tela Portugal","article_published_time":"2026-02-24T21:51:28+00:00","author":"Telinha","twitter_card":"summary_large_image","twitter_misc":{"Escrito por":"Telinha","Tempo estimado de leitura":"1 minuto"},"schema":{"@context":"https:\/\/schema.org","@graph":[{"@type":"Article","@id":"https:\/\/portaltela.pt\/noticias\/2026\/02\/24\/fim-das-portagens-para-pesados-na-crep-a41-e-visto-pela-amp-diz-pedro-duarte\/#article","isPartOf":{"@id":"https:\/\/portaltela.pt\/noticias\/2026\/02\/24\/fim-das-portagens-para-pesados-na-crep-a41-e-visto-pela-amp-diz-pedro-duarte\/"},"author":{"name":"Telinha","@id":"https:\/\/portaltela.pt\/#\/schema\/person\/c4278d4a6028830caff9ee44b42d32ed"},"headline":"Fim das portagens para pesados na CREP\/A41 \u00e9 visto pela AMP, diz Pedro Duarte","datePublished":"2026-02-24T21:51:28+00:00","mainEntityOfPage":{"@id":"https:\/\/portaltela.pt\/noticias\/2026\/02\/24\/fim-das-portagens-para-pesados-na-crep-a41-e-visto-pela-amp-diz-pedro-duarte\/"},"wordCount":248,"image":{"@id":"https:\/\/portaltela.pt\/noticias\/2026\/02\/24\/fim-das-portagens-para-pesados-na-crep-a41-e-visto-pela-amp-diz-pedro-duarte\/#primaryimage"},"thumbnailUrl":"https:\/\/portaltela.pt\/s.01k8rhncp4jt1\/2026\/02\/img_1280x721uu2026-02-12-07-37-15-2266426.jpg","keywords":["infraestrutura","infraestruturas","mobilidade urbana","portagens","Porto","transportes"],"articleSection":["Not\u00edcias"],"inLanguage":"pt-PT"},{"@type":"WebPage","@id":"https:\/\/portaltela.pt\/noticias\/2026\/02\/24\/fim-das-portagens-para-pesados-na-crep-a41-e-visto-pela-amp-diz-pedro-duarte\/","url":"https:\/\/portaltela.pt\/noticias\/2026\/02\/24\/fim-das-portagens-para-pesados-na-crep-a41-e-visto-pela-amp-diz-pedro-duarte\/","name":"Fim das portagens para pesados na CREP\/A41 \u00e9 visto pela AMP, diz Pedro Duarte - Portal Tela Portugal","isPartOf":{"@id":"https:\/\/portaltela.pt\/#website"},"primaryImageOfPage":{"@id":"https:\/\/portaltela.pt\/noticias\/2026\/02\/24\/fim-das-portagens-para-pesados-na-crep-a41-e-visto-pela-amp-diz-pedro-duarte\/#primaryimage"},"image":{"@id":"https:\/\/portaltela.pt\/noticias\/2026\/02\/24\/fim-das-portagens-para-pesados-na-crep-a41-e-visto-pela-amp-diz-pedro-duarte\/#primaryimage"},"thumbnailUrl":"https:\/\/portaltela.pt\/s.01k8rhncp4jt1\/2026\/02\/img_1280x721uu2026-02-12-07-37-15-2266426.jpg","datePublished":"2026-02-24T21:51:28+00:00","author":{"@id":"https:\/\/portaltela.pt\/#\/schema\/person\/c4278d4a6028830caff9ee44b42d32ed"},"breadcrumb":{"@id":"https:\/\/portaltela.pt\/noticias\/2026\/02\/24\/fim-das-portagens-para-pesados-na-crep-a41-e-visto-pela-amp-diz-pedro-duarte\/#breadcrumb"},"inLanguage":"pt-PT","potentialAction":[{"@type":"ReadAction","target":["https:\/\/portaltela.pt\/noticias\/2026\/02\/24\/fim-das-portagens-para-pesados-na-crep-a41-e-visto-pela-amp-diz-pedro-duarte\/"]}]},{"@type":"ImageObject","inLanguage":"pt-PT","@id":"https:\/\/portaltela.pt\/noticias\/2026\/02\/24\/fim-das-portagens-para-pesados-na-crep-a41-e-visto-pela-amp-diz-pedro-duarte\/#primaryimage","url":"https:\/\/portaltela.pt\/s.01k8rhncp4jt1\/2026\/02\/img_1280x721uu2026-02-12-07-37-15-2266426.jpg","contentUrl":"https:\/\/portaltela.pt\/s.01k8rhncp4jt1\/2026\/02\/img_1280x721uu2026-02-12-07-37-15-2266426.jpg","width":796,"height":448,"caption":"Photo"},{"@type":"BreadcrumbList","@id":"https:\/\/portaltela.pt\/noticias\/2026\/02\/24\/fim-das-portagens-para-pesados-na-crep-a41-e-visto-pela-amp-diz-pedro-duarte\/#breadcrumb","itemListElement":[{"@type":"ListItem","position":1,"name":"In\u00edcio","item":"https:\/\/portaltela.pt\/"},{"@type":"ListItem","position":2,"name":"Fim das portagens para pesados na CREP\/A41 \u00e9 visto pela AMP, diz Pedro Duarte"}]},{"@type":"WebSite","@id":"https:\/\/portaltela.pt\/#website","url":"https:\/\/portaltela.pt\/","name":"Portal Tela Portugal","description":"","potentialAction":[{"@type":"SearchAction","target":{"@type":"EntryPoint","urlTemplate":"https:\/\/portaltela.pt\/?s={search_term_string}"},"query-input":{"@type":"PropertyValueSpecification","valueRequired":true,"valueName":"search_term_string"}}],"inLanguage":"pt-PT"},{"@type":"Person","@id":"https:\/\/portaltela.pt\/#\/schema\/person\/c4278d4a6028830caff9ee44b42d32ed","name":"Telinha","image":{"@type":"ImageObject","inLanguage":"pt-PT","@id":"https:\/\/portaltela.pt\/s.01k8rhncp4jt1\/2025\/11\/talking-bot-125x125.png","url":"https:\/\/portaltela.pt\/s.01k8rhncp4jt1\/2025\/11\/talking-bot-125x125.png","contentUrl":"https:\/\/portaltela.pt\/s.01k8rhncp4jt1\/2025\/11\/talking-bot-125x125.png","caption":"Telinha"},"sameAs":["https:\/\/portaltela.pt\/"],"url":"https:\/\/portaltela.pt\/por\/367410592786\/"}]}},"_links":{"self":[{"href":"https:\/\/portaltela.pt\/api\/wp\/v2\/posts\/224984","targetHints":{"allow":["GET"]}}],"collection":[{"href":"https:\/\/portaltela.pt\/api\/wp\/v2\/posts"}],"about":[{"href":"https:\/\/portaltela.pt\/api\/wp\/v2\/types\/post"}],"author":[{"embeddable":true,"href":"https:\/\/portaltela.pt\/api\/wp\/v2\/users\/2"}],"replies":[{"embeddable":true,"href":"https:\/\/portaltela.pt\/api\/wp\/v2\/comments?post=224984"}],"version-history":[{"count":0,"href":"https:\/\/portaltela.pt\/api\/wp\/v2\/posts\/224984\/revisions"}],"wp:featuredmedia":[{"embeddable":true,"href":"https:\/\/portaltela.pt\/api\/wp\/v2\/media\/224987"}],"wp:attachment":[{"href":"https:\/\/portaltela.pt\/api\/wp\/v2\/media?parent=224984"}],"wp:term":[{"taxonomy":"category","embeddable":true,"href":"https:\/\/portaltela.pt\/api\/wp\/v2\/categories?post=224984"},{"taxonomy":"post_tag","embeddable":true,"href":"https:\/\/portaltela.pt\/api\/wp\/v2\/tags?post=224984"}],"curies":[{"name":"wp","href":"https:\/\/api.w.org\/{rel}","templated":true}]}}