{"id":224980,"date":"2026-02-24T18:50:00","date_gmt":"2026-02-24T21:50:00","guid":{"rendered":"https:\/\/portaltela.pt\/noticias\/2026\/02\/24\/policia-judiciaria-investiga-feto-encontrado-em-centro-de-reciclagem\/"},"modified":"2026-02-24T18:50:00","modified_gmt":"2026-02-24T21:50:00","slug":"policia-judiciaria-investiga-feto-encontrado-em-centro-de-reciclagem","status":"publish","type":"post","link":"https:\/\/portaltela.pt\/noticias\/2026\/02\/24\/policia-judiciaria-investiga-feto-encontrado-em-centro-de-reciclagem\/","title":{"rendered":"Pol\u00edcia Judici\u00e1ria investiga feto encontrado em centro de reciclagem"},"content":{"rendered":"<p>Um feto foi encontrado ao final da tarde desta ter\u00e7a-feira no centro de reciclagem de vidro da Tocha, em Cantanhede. A GNR deslocou-se ao local, mas \u00e9 a Pol\u00edcia Judici\u00e1ria (PJ) que est\u00e1 a investigar o caso.<\/p>\n<p>O achado ocorreu minutos antes das 18h, por um funcion\u00e1rio do centro que alertou as autoridades de imediato. Pelas primeiras informa\u00e7\u00f5es, o feto foi localizado dentro das instala\u00e7\u00f5es da unidade de reciclagem.<\/p>\n<p>A GNR esteve presente no local para assegurar a ocorr\u00eancia e residentialmente colaborar com as autoridades. Contudo, foi a PJ que chamou a si a investiga\u00e7\u00e3o, com o objetivo de apurar as circunst\u00e2ncias do abandono do feto.<\/p>\n<p>Segundo fontes oficiais, os inspetores da PJ v\u00e3o analisar as evid\u00eancias recolhidas e ouvir testemunhas para esclarecer o que motivou o incidente e qual a sua origem. O caso permanece em fase de investiga\u00e7\u00e3o.<\/p>\n","protected":false},"excerpt":{"rendered":"<ul>\n<li>Um feto foi encontrado ao final da tarde de ter\u00e7a-feira no centro de reciclagem de vidro da Tocha, em Cantanhede.<\/li>\n<li>A den\u00fancia foi feita por um funcion\u00e1rio do centro, que alertou de imediato as autoridades.<\/li>\n<li>A Guarda Nacional Republicana esteve no local, mas a Pol\u00edcia Judici\u00e1ria passa a investigar o caso.<\/li>\n<li>Os inspetores da PJ v\u00e3o apurar as circunst\u00e2ncias em que o feto foi abandonado no centro.<\/li>\n<\/ul>\n","protected":false},"author":2,"featured_media":224982,"comment_status":"closed","ping_status":"closed","sticky":false,"template":"","format":"standard","meta":{"footnotes":""},"categories":[1],"tags":[5337,3677,217,4313,1802],"class_list":["post-224980","post","type-post","status-publish","format-standard","has-post-thumbnail","hentry","category-noticias","tag-abortos-espontaneos","tag-cantanhede","tag-investigacao-criminal","tag-pj","tag-policia-judiciaria"],"yoast_head":"<!-- This site is optimized with the Yoast SEO plugin v27.2 - https:\/\/yoast.com\/product\/yoast-seo-wordpress\/ -->\n<title>Pol\u00edcia Judici\u00e1ria investiga feto encontrado em centro de reciclagem - Portal Tela Portugal<\/title>\n<meta name=\"robots\" content=\"index, follow, max-snippet:-1, max-image-preview:large, max-video-preview:-1\" \/>\n<meta property=\"og:locale\" content=\"pt_PT\" \/>\n<meta property=\"og:type\" content=\"article\" \/>\n<meta property=\"og:title\" content=\"Pol\u00edcia Judici\u00e1ria investiga feto encontrado em centro de reciclagem - Portal Tela Portugal\" \/>\n<meta property=\"og:description\" content=\"Um feto foi encontrado ao final da tarde de ter\u00e7a-feira no centro de reciclagem de vidro da Tocha, em Cantanhede. A den\u00fancia foi feita por um funcion\u00e1rio do centro, que alertou de imediato as autoridades. A Guarda Nacional Republicana esteve no local, mas a Pol\u00edcia Judici\u00e1ria passa a investigar o caso. Os inspetores da PJ v\u00e3o apurar as circunst\u00e2ncias em que o feto foi abandonado no centro.\" \/>\n<meta property=\"og:url\" content=\"https:\/\/portaltela.pt\/noticias\/2026\/02\/24\/policia-judiciaria-investiga-feto-encontrado-em-centro-de-reciclagem\/\" \/>\n<meta property=\"og:site_name\" content=\"Portal Tela Portugal\" \/>\n<meta property=\"article:published_time\" content=\"2026-02-24T21:50:00+00:00\" \/>\n<meta name=\"author\" content=\"Telinha\" \/>\n<meta name=\"twitter:card\" content=\"summary_large_image\" \/>\n<meta name=\"twitter:label1\" content=\"Escrito por\" \/>\n\t<meta name=\"twitter:data1\" content=\"Telinha\" \/>\n\t<meta name=\"twitter:label2\" content=\"Tempo estimado de leitura\" \/>\n\t<meta name=\"twitter:data2\" content=\"1 minuto\" \/>\n<script type=\"application\/ld+json\" class=\"yoast-schema-graph\">{\"@context\":\"https:\/\/schema.org\",\"@graph\":[{\"@type\":\"Article\",\"@id\":\"https:\/\/portaltela.pt\/noticias\/2026\/02\/24\/policia-judiciaria-investiga-feto-encontrado-em-centro-de-reciclagem\/#article\",\"isPartOf\":{\"@id\":\"https:\/\/portaltela.pt\/noticias\/2026\/02\/24\/policia-judiciaria-investiga-feto-encontrado-em-centro-de-reciclagem\/\"},\"author\":{\"name\":\"Telinha\",\"@id\":\"https:\/\/portaltela.pt\/#\/schema\/person\/c4278d4a6028830caff9ee44b42d32ed\"},\"headline\":\"Pol\u00edcia Judici\u00e1ria investiga feto encontrado em centro de reciclagem\",\"datePublished\":\"2026-02-24T21:50:00+00:00\",\"mainEntityOfPage\":{\"@id\":\"https:\/\/portaltela.pt\/noticias\/2026\/02\/24\/policia-judiciaria-investiga-feto-encontrado-em-centro-de-reciclagem\/\"},\"wordCount\":162,\"image\":{\"@id\":\"https:\/\/portaltela.pt\/noticias\/2026\/02\/24\/policia-judiciaria-investiga-feto-encontrado-em-centro-de-reciclagem\/#primaryimage\"},\"thumbnailUrl\":\"https:\/\/portaltela.pt\/s.01k8rhncp4jt1\/2026\/02\/image-1803.jpg\",\"keywords\":[\"Abortos espont\u00e2neos\",\"Cantanhede\",\"investiga\u00e7\u00e3o criminal\",\"PJ\",\"Pol\u00edcia Judici\u00e1ria\"],\"articleSection\":[\"Not\u00edcias\"],\"inLanguage\":\"pt-PT\"},{\"@type\":\"WebPage\",\"@id\":\"https:\/\/portaltela.pt\/noticias\/2026\/02\/24\/policia-judiciaria-investiga-feto-encontrado-em-centro-de-reciclagem\/\",\"url\":\"https:\/\/portaltela.pt\/noticias\/2026\/02\/24\/policia-judiciaria-investiga-feto-encontrado-em-centro-de-reciclagem\/\",\"name\":\"Pol\u00edcia Judici\u00e1ria investiga feto encontrado em centro de reciclagem - Portal Tela Portugal\",\"isPartOf\":{\"@id\":\"https:\/\/portaltela.pt\/#website\"},\"primaryImageOfPage\":{\"@id\":\"https:\/\/portaltela.pt\/noticias\/2026\/02\/24\/policia-judiciaria-investiga-feto-encontrado-em-centro-de-reciclagem\/#primaryimage\"},\"image\":{\"@id\":\"https:\/\/portaltela.pt\/noticias\/2026\/02\/24\/policia-judiciaria-investiga-feto-encontrado-em-centro-de-reciclagem\/#primaryimage\"},\"thumbnailUrl\":\"https:\/\/portaltela.pt\/s.01k8rhncp4jt1\/2026\/02\/image-1803.jpg\",\"datePublished\":\"2026-02-24T21:50:00+00:00\",\"author\":{\"@id\":\"https:\/\/portaltela.pt\/#\/schema\/person\/c4278d4a6028830caff9ee44b42d32ed\"},\"breadcrumb\":{\"@id\":\"https:\/\/portaltela.pt\/noticias\/2026\/02\/24\/policia-judiciaria-investiga-feto-encontrado-em-centro-de-reciclagem\/#breadcrumb\"},\"inLanguage\":\"pt-PT\",\"potentialAction\":[{\"@type\":\"ReadAction\",\"target\":[\"https:\/\/portaltela.pt\/noticias\/2026\/02\/24\/policia-judiciaria-investiga-feto-encontrado-em-centro-de-reciclagem\/\"]}]},{\"@type\":\"ImageObject\",\"inLanguage\":\"pt-PT\",\"@id\":\"https:\/\/portaltela.pt\/noticias\/2026\/02\/24\/policia-judiciaria-investiga-feto-encontrado-em-centro-de-reciclagem\/#primaryimage\",\"url\":\"https:\/\/portaltela.pt\/s.01k8rhncp4jt1\/2026\/02\/image-1803.jpg\",\"contentUrl\":\"https:\/\/portaltela.pt\/s.01k8rhncp4jt1\/2026\/02\/image-1803.jpg\",\"width\":796,\"height\":448,\"caption\":\"Pol\u00edcia Judici\u00e1ria est\u00e1 a investigar o caso\"},{\"@type\":\"BreadcrumbList\",\"@id\":\"https:\/\/portaltela.pt\/noticias\/2026\/02\/24\/policia-judiciaria-investiga-feto-encontrado-em-centro-de-reciclagem\/#breadcrumb\",\"itemListElement\":[{\"@type\":\"ListItem\",\"position\":1,\"name\":\"In\u00edcio\",\"item\":\"https:\/\/portaltela.pt\/\"},{\"@type\":\"ListItem\",\"position\":2,\"name\":\"Pol\u00edcia Judici\u00e1ria investiga feto encontrado em centro de reciclagem\"}]},{\"@type\":\"WebSite\",\"@id\":\"https:\/\/portaltela.pt\/#website\",\"url\":\"https:\/\/portaltela.pt\/\",\"name\":\"Portal Tela Portugal\",\"description\":\"\",\"potentialAction\":[{\"@type\":\"SearchAction\",\"target\":{\"@type\":\"EntryPoint\",\"urlTemplate\":\"https:\/\/portaltela.pt\/?s={search_term_string}\"},\"query-input\":{\"@type\":\"PropertyValueSpecification\",\"valueRequired\":true,\"valueName\":\"search_term_string\"}}],\"inLanguage\":\"pt-PT\"},{\"@type\":\"Person\",\"@id\":\"https:\/\/portaltela.pt\/#\/schema\/person\/c4278d4a6028830caff9ee44b42d32ed\",\"name\":\"Telinha\",\"image\":{\"@type\":\"ImageObject\",\"inLanguage\":\"pt-PT\",\"@id\":\"https:\/\/portaltela.pt\/s.01k8rhncp4jt1\/2025\/11\/talking-bot-125x125.png\",\"url\":\"https:\/\/portaltela.pt\/s.01k8rhncp4jt1\/2025\/11\/talking-bot-125x125.png\",\"contentUrl\":\"https:\/\/portaltela.pt\/s.01k8rhncp4jt1\/2025\/11\/talking-bot-125x125.png\",\"caption\":\"Telinha\"},\"sameAs\":[\"https:\/\/portaltela.pt\/\"],\"url\":\"https:\/\/portaltela.pt\/por\/367410592786\/\"}]}<\/script>\n<!-- \/ Yoast SEO plugin. -->","yoast_head_json":{"title":"Pol\u00edcia Judici\u00e1ria investiga feto encontrado em centro de reciclagem - Portal Tela Portugal","robots":{"index":"index","follow":"follow","max-snippet":"max-snippet:-1","max-image-preview":"max-image-preview:large","max-video-preview":"max-video-preview:-1"},"og_locale":"pt_PT","og_type":"article","og_title":"Pol\u00edcia Judici\u00e1ria investiga feto encontrado em centro de reciclagem - Portal Tela Portugal","og_description":"Um feto foi encontrado ao final da tarde de ter\u00e7a-feira no centro de reciclagem de vidro da Tocha, em Cantanhede. A den\u00fancia foi feita por um funcion\u00e1rio do centro, que alertou de imediato as autoridades. A Guarda Nacional Republicana esteve no local, mas a Pol\u00edcia Judici\u00e1ria passa a investigar o caso. Os inspetores da PJ v\u00e3o apurar as circunst\u00e2ncias em que o feto foi abandonado no centro.","og_url":"https:\/\/portaltela.pt\/noticias\/2026\/02\/24\/policia-judiciaria-investiga-feto-encontrado-em-centro-de-reciclagem\/","og_site_name":"Portal Tela Portugal","article_published_time":"2026-02-24T21:50:00+00:00","author":"Telinha","twitter_card":"summary_large_image","twitter_misc":{"Escrito por":"Telinha","Tempo estimado de leitura":"1 minuto"},"schema":{"@context":"https:\/\/schema.org","@graph":[{"@type":"Article","@id":"https:\/\/portaltela.pt\/noticias\/2026\/02\/24\/policia-judiciaria-investiga-feto-encontrado-em-centro-de-reciclagem\/#article","isPartOf":{"@id":"https:\/\/portaltela.pt\/noticias\/2026\/02\/24\/policia-judiciaria-investiga-feto-encontrado-em-centro-de-reciclagem\/"},"author":{"name":"Telinha","@id":"https:\/\/portaltela.pt\/#\/schema\/person\/c4278d4a6028830caff9ee44b42d32ed"},"headline":"Pol\u00edcia Judici\u00e1ria investiga feto encontrado em centro de reciclagem","datePublished":"2026-02-24T21:50:00+00:00","mainEntityOfPage":{"@id":"https:\/\/portaltela.pt\/noticias\/2026\/02\/24\/policia-judiciaria-investiga-feto-encontrado-em-centro-de-reciclagem\/"},"wordCount":162,"image":{"@id":"https:\/\/portaltela.pt\/noticias\/2026\/02\/24\/policia-judiciaria-investiga-feto-encontrado-em-centro-de-reciclagem\/#primaryimage"},"thumbnailUrl":"https:\/\/portaltela.pt\/s.01k8rhncp4jt1\/2026\/02\/image-1803.jpg","keywords":["Abortos espont\u00e2neos","Cantanhede","investiga\u00e7\u00e3o criminal","PJ","Pol\u00edcia Judici\u00e1ria"],"articleSection":["Not\u00edcias"],"inLanguage":"pt-PT"},{"@type":"WebPage","@id":"https:\/\/portaltela.pt\/noticias\/2026\/02\/24\/policia-judiciaria-investiga-feto-encontrado-em-centro-de-reciclagem\/","url":"https:\/\/portaltela.pt\/noticias\/2026\/02\/24\/policia-judiciaria-investiga-feto-encontrado-em-centro-de-reciclagem\/","name":"Pol\u00edcia Judici\u00e1ria investiga feto encontrado em centro de reciclagem - Portal Tela Portugal","isPartOf":{"@id":"https:\/\/portaltela.pt\/#website"},"primaryImageOfPage":{"@id":"https:\/\/portaltela.pt\/noticias\/2026\/02\/24\/policia-judiciaria-investiga-feto-encontrado-em-centro-de-reciclagem\/#primaryimage"},"image":{"@id":"https:\/\/portaltela.pt\/noticias\/2026\/02\/24\/policia-judiciaria-investiga-feto-encontrado-em-centro-de-reciclagem\/#primaryimage"},"thumbnailUrl":"https:\/\/portaltela.pt\/s.01k8rhncp4jt1\/2026\/02\/image-1803.jpg","datePublished":"2026-02-24T21:50:00+00:00","author":{"@id":"https:\/\/portaltela.pt\/#\/schema\/person\/c4278d4a6028830caff9ee44b42d32ed"},"breadcrumb":{"@id":"https:\/\/portaltela.pt\/noticias\/2026\/02\/24\/policia-judiciaria-investiga-feto-encontrado-em-centro-de-reciclagem\/#breadcrumb"},"inLanguage":"pt-PT","potentialAction":[{"@type":"ReadAction","target":["https:\/\/portaltela.pt\/noticias\/2026\/02\/24\/policia-judiciaria-investiga-feto-encontrado-em-centro-de-reciclagem\/"]}]},{"@type":"ImageObject","inLanguage":"pt-PT","@id":"https:\/\/portaltela.pt\/noticias\/2026\/02\/24\/policia-judiciaria-investiga-feto-encontrado-em-centro-de-reciclagem\/#primaryimage","url":"https:\/\/portaltela.pt\/s.01k8rhncp4jt1\/2026\/02\/image-1803.jpg","contentUrl":"https:\/\/portaltela.pt\/s.01k8rhncp4jt1\/2026\/02\/image-1803.jpg","width":796,"height":448,"caption":"Pol\u00edcia Judici\u00e1ria est\u00e1 a investigar o caso"},{"@type":"BreadcrumbList","@id":"https:\/\/portaltela.pt\/noticias\/2026\/02\/24\/policia-judiciaria-investiga-feto-encontrado-em-centro-de-reciclagem\/#breadcrumb","itemListElement":[{"@type":"ListItem","position":1,"name":"In\u00edcio","item":"https:\/\/portaltela.pt\/"},{"@type":"ListItem","position":2,"name":"Pol\u00edcia Judici\u00e1ria investiga feto encontrado em centro de reciclagem"}]},{"@type":"WebSite","@id":"https:\/\/portaltela.pt\/#website","url":"https:\/\/portaltela.pt\/","name":"Portal Tela Portugal","description":"","potentialAction":[{"@type":"SearchAction","target":{"@type":"EntryPoint","urlTemplate":"https:\/\/portaltela.pt\/?s={search_term_string}"},"query-input":{"@type":"PropertyValueSpecification","valueRequired":true,"valueName":"search_term_string"}}],"inLanguage":"pt-PT"},{"@type":"Person","@id":"https:\/\/portaltela.pt\/#\/schema\/person\/c4278d4a6028830caff9ee44b42d32ed","name":"Telinha","image":{"@type":"ImageObject","inLanguage":"pt-PT","@id":"https:\/\/portaltela.pt\/s.01k8rhncp4jt1\/2025\/11\/talking-bot-125x125.png","url":"https:\/\/portaltela.pt\/s.01k8rhncp4jt1\/2025\/11\/talking-bot-125x125.png","contentUrl":"https:\/\/portaltela.pt\/s.01k8rhncp4jt1\/2025\/11\/talking-bot-125x125.png","caption":"Telinha"},"sameAs":["https:\/\/portaltela.pt\/"],"url":"https:\/\/portaltela.pt\/por\/367410592786\/"}]}},"_links":{"self":[{"href":"https:\/\/portaltela.pt\/api\/wp\/v2\/posts\/224980","targetHints":{"allow":["GET"]}}],"collection":[{"href":"https:\/\/portaltela.pt\/api\/wp\/v2\/posts"}],"about":[{"href":"https:\/\/portaltela.pt\/api\/wp\/v2\/types\/post"}],"author":[{"embeddable":true,"href":"https:\/\/portaltela.pt\/api\/wp\/v2\/users\/2"}],"replies":[{"embeddable":true,"href":"https:\/\/portaltela.pt\/api\/wp\/v2\/comments?post=224980"}],"version-history":[{"count":0,"href":"https:\/\/portaltela.pt\/api\/wp\/v2\/posts\/224980\/revisions"}],"wp:featuredmedia":[{"embeddable":true,"href":"https:\/\/portaltela.pt\/api\/wp\/v2\/media\/224982"}],"wp:attachment":[{"href":"https:\/\/portaltela.pt\/api\/wp\/v2\/media?parent=224980"}],"wp:term":[{"taxonomy":"category","embeddable":true,"href":"https:\/\/portaltela.pt\/api\/wp\/v2\/categories?post=224980"},{"taxonomy":"post_tag","embeddable":true,"href":"https:\/\/portaltela.pt\/api\/wp\/v2\/tags?post=224980"}],"curies":[{"name":"wp","href":"https:\/\/api.w.org\/{rel}","templated":true}]}}