{"id":224968,"date":"2026-02-24T18:37:08","date_gmt":"2026-02-24T21:37:08","guid":{"rendered":"https:\/\/portaltela.pt\/noticias\/2026\/02\/24\/rui-costa-comenta-o-caso-prestianni-a-porta-da-farmacia-do-aeroporto\/"},"modified":"2026-02-24T18:37:08","modified_gmt":"2026-02-24T21:37:08","slug":"rui-costa-comenta-o-caso-prestianni-a-porta-da-farmacia-do-aeroporto","status":"publish","type":"post","link":"https:\/\/portaltela.pt\/desporto\/futebol\/2026\/02\/24\/rui-costa-comenta-o-caso-prestianni-a-porta-da-farmacia-do-aeroporto\/","title":{"rendered":"Rui Costa comenta o caso Prestianni \u00e0 porta da farm\u00e1cia do aeroporto"},"content":{"rendered":"<p>Bernardo Ribeiro, diretor de Record, criticou Rui Costa por ter falado pela primeira vez sobre o caso Prestianni \u00e0 porta da farm\u00e1cia do Aeroporto Humberto Delgado. O coment\u00e1rio aponta para um timing considerado inadequado e um local pouco apropriado para um tema com repercuss\u00e3o mundial.<\/p>\n<p>Ribeiro afirmou que a abordagem n\u00e3o foi adequada, qualificando o momento como claramente impr\u00f3prio para abordar uma not\u00edcia de grande impacto internacional. A cr\u00edtica foi feita durante a emiss\u00e3o Record na Hora, no Now.<\/p>\n<p>O caso Prestianni tem gerado debate de \u00e2mbito global, com diversas leituras e consequ\u00eancias para as partes envolvidas. A rea\u00e7\u00e3o de Rui Costa, do Benfica, \u00e9 vista por alguns como precipitada, segundo a an\u00e1lise do diretor da Record.<\/p>\n<p>A not\u00edcia aponta ainda que a discuss\u00e3o ocorreu em contexto p\u00fablico e medi\u00e1tico, com consequ\u00eancias para a perce\u00e7\u00e3o do p\u00fablico sobre o tema. A avalia\u00e7\u00e3o de Ribeiro centra-se no local escolhido e no tempo da interven\u00e7\u00e3o.<\/p>\n<h3>Rea\u00e7\u00e3o de Bernardo Ribeiro<\/h3>\n<p>A posi\u00e7\u00e3o do jornalista \u00e9 apresentada como uma an\u00e1lise da comunica\u00e7\u00e3o da equipa de Rui Costa, destacando a relev\u00e2ncia de escolher momentos e locais mais adequados para debater assuntos de alcance internacional.<\/p>\n","protected":false},"excerpt":{"rendered":"<ul>\n<li>Bernardo Ribeiro, diretor do Record, critica Rui Costa pelo momento e local em que abordou o caso Prestianni, \u00e0 porta da farm\u00e1cia do aeroporto Humberto Delgado.<\/li>\n<li>O dirigente considera que foi \u201camadorismo\u201d falar do tema num local publicamente vis\u00edvel.<\/li>\n<li>Ribeiro aponta que o timing foi claramente errado por parte do Benfica para discutir um assunto com repercuss\u00e3o mundial.<\/li>\n<li>As declara\u00e7\u00f5es foram partilhadas no Record na Hora e no Now.<\/li>\n<\/ul>\n","protected":false},"author":2,"featured_media":224972,"comment_status":"closed","ping_status":"closed","sticky":false,"template":"","format":"standard","meta":{"footnotes":""},"categories":[21,24],"tags":[3302,1946,6112,2832,5698,2139],"class_list":["post-224968","post","type-post","status-publish","format-standard","has-post-thumbnail","hentry","category-desporto","category-futebol","tag-aeroportos","tag-benfica","tag-casos-internacionais","tag-politica","tag-politica-internacional","tag-rui-costa"],"yoast_head":"<!-- This site is optimized with the Yoast SEO plugin v27.2 - https:\/\/yoast.com\/product\/yoast-seo-wordpress\/ -->\n<title>Rui Costa comenta o caso Prestianni \u00e0 porta da farm\u00e1cia do aeroporto - Portal Tela Portugal<\/title>\n<meta name=\"robots\" content=\"index, follow, max-snippet:-1, max-image-preview:large, max-video-preview:-1\" \/>\n<meta property=\"og:locale\" content=\"pt_PT\" \/>\n<meta property=\"og:type\" content=\"article\" \/>\n<meta property=\"og:title\" content=\"Rui Costa comenta o caso Prestianni \u00e0 porta da farm\u00e1cia do aeroporto - Portal Tela Portugal\" \/>\n<meta property=\"og:description\" content=\"Bernardo Ribeiro, diretor do Record, critica Rui Costa pelo momento e local em que abordou o caso Prestianni, \u00e0 porta da farm\u00e1cia do aeroporto Humberto Delgado. O dirigente considera que foi \u201camadorismo\u201d falar do tema num local publicamente vis\u00edvel. Ribeiro aponta que o timing foi claramente errado por parte do Benfica para discutir um assunto com repercuss\u00e3o mundial. As declara\u00e7\u00f5es foram partilhadas no Record na Hora e no Now.\" \/>\n<meta property=\"og:url\" content=\"https:\/\/portaltela.pt\/noticias\/2026\/02\/24\/rui-costa-comenta-o-caso-prestianni-a-porta-da-farmacia-do-aeroporto\/\" \/>\n<meta property=\"og:site_name\" content=\"Portal Tela Portugal\" \/>\n<meta property=\"article:published_time\" content=\"2026-02-24T21:37:08+00:00\" \/>\n<meta name=\"author\" content=\"Telinha\" \/>\n<meta name=\"twitter:card\" content=\"summary_large_image\" \/>\n<meta name=\"twitter:label1\" content=\"Escrito por\" \/>\n\t<meta name=\"twitter:data1\" content=\"Telinha\" \/>\n\t<meta name=\"twitter:label2\" content=\"Tempo estimado de leitura\" \/>\n\t<meta name=\"twitter:data2\" content=\"1 minuto\" \/>\n<script type=\"application\/ld+json\" class=\"yoast-schema-graph\">{\"@context\":\"https:\/\/schema.org\",\"@graph\":[{\"@type\":\"Article\",\"@id\":\"https:\/\/portaltela.pt\/noticias\/2026\/02\/24\/rui-costa-comenta-o-caso-prestianni-a-porta-da-farmacia-do-aeroporto\/#article\",\"isPartOf\":{\"@id\":\"https:\/\/portaltela.pt\/noticias\/2026\/02\/24\/rui-costa-comenta-o-caso-prestianni-a-porta-da-farmacia-do-aeroporto\/\"},\"author\":{\"name\":\"Telinha\",\"@id\":\"https:\/\/portaltela.pt\/#\/schema\/person\/c4278d4a6028830caff9ee44b42d32ed\"},\"headline\":\"Rui Costa comenta o caso Prestianni \u00e0 porta da farm\u00e1cia do aeroporto\",\"datePublished\":\"2026-02-24T21:37:08+00:00\",\"mainEntityOfPage\":{\"@id\":\"https:\/\/portaltela.pt\/noticias\/2026\/02\/24\/rui-costa-comenta-o-caso-prestianni-a-porta-da-farmacia-do-aeroporto\/\"},\"wordCount\":223,\"image\":{\"@id\":\"https:\/\/portaltela.pt\/noticias\/2026\/02\/24\/rui-costa-comenta-o-caso-prestianni-a-porta-da-farmacia-do-aeroporto\/#primaryimage\"},\"thumbnailUrl\":\"https:\/\/portaltela.pt\/s.01k8rhncp4jt1\/2026\/02\/img_1200x721uu2026-02-24-21-34-57-2423510.jpg\",\"keywords\":[\"aeroportos\",\"Benfica\",\"casos internacionais\",\"pol\u00edtica\",\"pol\u00edtica internacional\",\"Rui Costa\"],\"articleSection\":[\"Desporto\",\"Futebol\"],\"inLanguage\":\"pt-PT\"},{\"@type\":\"WebPage\",\"@id\":\"https:\/\/portaltela.pt\/noticias\/2026\/02\/24\/rui-costa-comenta-o-caso-prestianni-a-porta-da-farmacia-do-aeroporto\/\",\"url\":\"https:\/\/portaltela.pt\/noticias\/2026\/02\/24\/rui-costa-comenta-o-caso-prestianni-a-porta-da-farmacia-do-aeroporto\/\",\"name\":\"Rui Costa comenta o caso Prestianni \u00e0 porta da farm\u00e1cia do aeroporto - Portal Tela Portugal\",\"isPartOf\":{\"@id\":\"https:\/\/portaltela.pt\/#website\"},\"primaryImageOfPage\":{\"@id\":\"https:\/\/portaltela.pt\/noticias\/2026\/02\/24\/rui-costa-comenta-o-caso-prestianni-a-porta-da-farmacia-do-aeroporto\/#primaryimage\"},\"image\":{\"@id\":\"https:\/\/portaltela.pt\/noticias\/2026\/02\/24\/rui-costa-comenta-o-caso-prestianni-a-porta-da-farmacia-do-aeroporto\/#primaryimage\"},\"thumbnailUrl\":\"https:\/\/portaltela.pt\/s.01k8rhncp4jt1\/2026\/02\/img_1200x721uu2026-02-24-21-34-57-2423510.jpg\",\"datePublished\":\"2026-02-24T21:37:08+00:00\",\"author\":{\"@id\":\"https:\/\/portaltela.pt\/#\/schema\/person\/c4278d4a6028830caff9ee44b42d32ed\"},\"breadcrumb\":{\"@id\":\"https:\/\/portaltela.pt\/noticias\/2026\/02\/24\/rui-costa-comenta-o-caso-prestianni-a-porta-da-farmacia-do-aeroporto\/#breadcrumb\"},\"inLanguage\":\"pt-PT\",\"potentialAction\":[{\"@type\":\"ReadAction\",\"target\":[\"https:\/\/portaltela.pt\/noticias\/2026\/02\/24\/rui-costa-comenta-o-caso-prestianni-a-porta-da-farmacia-do-aeroporto\/\"]}]},{\"@type\":\"ImageObject\",\"inLanguage\":\"pt-PT\",\"@id\":\"https:\/\/portaltela.pt\/noticias\/2026\/02\/24\/rui-costa-comenta-o-caso-prestianni-a-porta-da-farmacia-do-aeroporto\/#primaryimage\",\"url\":\"https:\/\/portaltela.pt\/s.01k8rhncp4jt1\/2026\/02\/img_1200x721uu2026-02-24-21-34-57-2423510.jpg\",\"contentUrl\":\"https:\/\/portaltela.pt\/s.01k8rhncp4jt1\/2026\/02\/img_1200x721uu2026-02-24-21-34-57-2423510.jpg\",\"width\":796,\"height\":448,\"caption\":\"Bernardo Ribeiro critica timing e local escolhido para abordar um tema com repercuss\u00e3o mundial\"},{\"@type\":\"BreadcrumbList\",\"@id\":\"https:\/\/portaltela.pt\/noticias\/2026\/02\/24\/rui-costa-comenta-o-caso-prestianni-a-porta-da-farmacia-do-aeroporto\/#breadcrumb\",\"itemListElement\":[{\"@type\":\"ListItem\",\"position\":1,\"name\":\"In\u00edcio\",\"item\":\"https:\/\/portaltela.pt\/\"},{\"@type\":\"ListItem\",\"position\":2,\"name\":\"Rui Costa comenta o caso Prestianni \u00e0 porta da farm\u00e1cia do aeroporto\"}]},{\"@type\":\"WebSite\",\"@id\":\"https:\/\/portaltela.pt\/#website\",\"url\":\"https:\/\/portaltela.pt\/\",\"name\":\"Portal Tela Portugal\",\"description\":\"\",\"potentialAction\":[{\"@type\":\"SearchAction\",\"target\":{\"@type\":\"EntryPoint\",\"urlTemplate\":\"https:\/\/portaltela.pt\/?s={search_term_string}\"},\"query-input\":{\"@type\":\"PropertyValueSpecification\",\"valueRequired\":true,\"valueName\":\"search_term_string\"}}],\"inLanguage\":\"pt-PT\"},{\"@type\":\"Person\",\"@id\":\"https:\/\/portaltela.pt\/#\/schema\/person\/c4278d4a6028830caff9ee44b42d32ed\",\"name\":\"Telinha\",\"image\":{\"@type\":\"ImageObject\",\"inLanguage\":\"pt-PT\",\"@id\":\"https:\/\/portaltela.pt\/s.01k8rhncp4jt1\/2025\/11\/talking-bot-125x125.png\",\"url\":\"https:\/\/portaltela.pt\/s.01k8rhncp4jt1\/2025\/11\/talking-bot-125x125.png\",\"contentUrl\":\"https:\/\/portaltela.pt\/s.01k8rhncp4jt1\/2025\/11\/talking-bot-125x125.png\",\"caption\":\"Telinha\"},\"sameAs\":[\"https:\/\/portaltela.pt\/\"],\"url\":\"https:\/\/portaltela.pt\/por\/367410592786\/\"}]}<\/script>\n<!-- \/ Yoast SEO plugin. -->","yoast_head_json":{"title":"Rui Costa comenta o caso Prestianni \u00e0 porta da farm\u00e1cia do aeroporto - Portal Tela Portugal","robots":{"index":"index","follow":"follow","max-snippet":"max-snippet:-1","max-image-preview":"max-image-preview:large","max-video-preview":"max-video-preview:-1"},"og_locale":"pt_PT","og_type":"article","og_title":"Rui Costa comenta o caso Prestianni \u00e0 porta da farm\u00e1cia do aeroporto - Portal Tela Portugal","og_description":"Bernardo Ribeiro, diretor do Record, critica Rui Costa pelo momento e local em que abordou o caso Prestianni, \u00e0 porta da farm\u00e1cia do aeroporto Humberto Delgado. O dirigente considera que foi \u201camadorismo\u201d falar do tema num local publicamente vis\u00edvel. Ribeiro aponta que o timing foi claramente errado por parte do Benfica para discutir um assunto com repercuss\u00e3o mundial. As declara\u00e7\u00f5es foram partilhadas no Record na Hora e no Now.","og_url":"https:\/\/portaltela.pt\/noticias\/2026\/02\/24\/rui-costa-comenta-o-caso-prestianni-a-porta-da-farmacia-do-aeroporto\/","og_site_name":"Portal Tela Portugal","article_published_time":"2026-02-24T21:37:08+00:00","author":"Telinha","twitter_card":"summary_large_image","twitter_misc":{"Escrito por":"Telinha","Tempo estimado de leitura":"1 minuto"},"schema":{"@context":"https:\/\/schema.org","@graph":[{"@type":"Article","@id":"https:\/\/portaltela.pt\/noticias\/2026\/02\/24\/rui-costa-comenta-o-caso-prestianni-a-porta-da-farmacia-do-aeroporto\/#article","isPartOf":{"@id":"https:\/\/portaltela.pt\/noticias\/2026\/02\/24\/rui-costa-comenta-o-caso-prestianni-a-porta-da-farmacia-do-aeroporto\/"},"author":{"name":"Telinha","@id":"https:\/\/portaltela.pt\/#\/schema\/person\/c4278d4a6028830caff9ee44b42d32ed"},"headline":"Rui Costa comenta o caso Prestianni \u00e0 porta da farm\u00e1cia do aeroporto","datePublished":"2026-02-24T21:37:08+00:00","mainEntityOfPage":{"@id":"https:\/\/portaltela.pt\/noticias\/2026\/02\/24\/rui-costa-comenta-o-caso-prestianni-a-porta-da-farmacia-do-aeroporto\/"},"wordCount":223,"image":{"@id":"https:\/\/portaltela.pt\/noticias\/2026\/02\/24\/rui-costa-comenta-o-caso-prestianni-a-porta-da-farmacia-do-aeroporto\/#primaryimage"},"thumbnailUrl":"https:\/\/portaltela.pt\/s.01k8rhncp4jt1\/2026\/02\/img_1200x721uu2026-02-24-21-34-57-2423510.jpg","keywords":["aeroportos","Benfica","casos internacionais","pol\u00edtica","pol\u00edtica internacional","Rui Costa"],"articleSection":["Desporto","Futebol"],"inLanguage":"pt-PT"},{"@type":"WebPage","@id":"https:\/\/portaltela.pt\/noticias\/2026\/02\/24\/rui-costa-comenta-o-caso-prestianni-a-porta-da-farmacia-do-aeroporto\/","url":"https:\/\/portaltela.pt\/noticias\/2026\/02\/24\/rui-costa-comenta-o-caso-prestianni-a-porta-da-farmacia-do-aeroporto\/","name":"Rui Costa comenta o caso Prestianni \u00e0 porta da farm\u00e1cia do aeroporto - Portal Tela Portugal","isPartOf":{"@id":"https:\/\/portaltela.pt\/#website"},"primaryImageOfPage":{"@id":"https:\/\/portaltela.pt\/noticias\/2026\/02\/24\/rui-costa-comenta-o-caso-prestianni-a-porta-da-farmacia-do-aeroporto\/#primaryimage"},"image":{"@id":"https:\/\/portaltela.pt\/noticias\/2026\/02\/24\/rui-costa-comenta-o-caso-prestianni-a-porta-da-farmacia-do-aeroporto\/#primaryimage"},"thumbnailUrl":"https:\/\/portaltela.pt\/s.01k8rhncp4jt1\/2026\/02\/img_1200x721uu2026-02-24-21-34-57-2423510.jpg","datePublished":"2026-02-24T21:37:08+00:00","author":{"@id":"https:\/\/portaltela.pt\/#\/schema\/person\/c4278d4a6028830caff9ee44b42d32ed"},"breadcrumb":{"@id":"https:\/\/portaltela.pt\/noticias\/2026\/02\/24\/rui-costa-comenta-o-caso-prestianni-a-porta-da-farmacia-do-aeroporto\/#breadcrumb"},"inLanguage":"pt-PT","potentialAction":[{"@type":"ReadAction","target":["https:\/\/portaltela.pt\/noticias\/2026\/02\/24\/rui-costa-comenta-o-caso-prestianni-a-porta-da-farmacia-do-aeroporto\/"]}]},{"@type":"ImageObject","inLanguage":"pt-PT","@id":"https:\/\/portaltela.pt\/noticias\/2026\/02\/24\/rui-costa-comenta-o-caso-prestianni-a-porta-da-farmacia-do-aeroporto\/#primaryimage","url":"https:\/\/portaltela.pt\/s.01k8rhncp4jt1\/2026\/02\/img_1200x721uu2026-02-24-21-34-57-2423510.jpg","contentUrl":"https:\/\/portaltela.pt\/s.01k8rhncp4jt1\/2026\/02\/img_1200x721uu2026-02-24-21-34-57-2423510.jpg","width":796,"height":448,"caption":"Bernardo Ribeiro critica timing e local escolhido para abordar um tema com repercuss\u00e3o mundial"},{"@type":"BreadcrumbList","@id":"https:\/\/portaltela.pt\/noticias\/2026\/02\/24\/rui-costa-comenta-o-caso-prestianni-a-porta-da-farmacia-do-aeroporto\/#breadcrumb","itemListElement":[{"@type":"ListItem","position":1,"name":"In\u00edcio","item":"https:\/\/portaltela.pt\/"},{"@type":"ListItem","position":2,"name":"Rui Costa comenta o caso Prestianni \u00e0 porta da farm\u00e1cia do aeroporto"}]},{"@type":"WebSite","@id":"https:\/\/portaltela.pt\/#website","url":"https:\/\/portaltela.pt\/","name":"Portal Tela Portugal","description":"","potentialAction":[{"@type":"SearchAction","target":{"@type":"EntryPoint","urlTemplate":"https:\/\/portaltela.pt\/?s={search_term_string}"},"query-input":{"@type":"PropertyValueSpecification","valueRequired":true,"valueName":"search_term_string"}}],"inLanguage":"pt-PT"},{"@type":"Person","@id":"https:\/\/portaltela.pt\/#\/schema\/person\/c4278d4a6028830caff9ee44b42d32ed","name":"Telinha","image":{"@type":"ImageObject","inLanguage":"pt-PT","@id":"https:\/\/portaltela.pt\/s.01k8rhncp4jt1\/2025\/11\/talking-bot-125x125.png","url":"https:\/\/portaltela.pt\/s.01k8rhncp4jt1\/2025\/11\/talking-bot-125x125.png","contentUrl":"https:\/\/portaltela.pt\/s.01k8rhncp4jt1\/2025\/11\/talking-bot-125x125.png","caption":"Telinha"},"sameAs":["https:\/\/portaltela.pt\/"],"url":"https:\/\/portaltela.pt\/por\/367410592786\/"}]}},"_links":{"self":[{"href":"https:\/\/portaltela.pt\/api\/wp\/v2\/posts\/224968","targetHints":{"allow":["GET"]}}],"collection":[{"href":"https:\/\/portaltela.pt\/api\/wp\/v2\/posts"}],"about":[{"href":"https:\/\/portaltela.pt\/api\/wp\/v2\/types\/post"}],"author":[{"embeddable":true,"href":"https:\/\/portaltela.pt\/api\/wp\/v2\/users\/2"}],"replies":[{"embeddable":true,"href":"https:\/\/portaltela.pt\/api\/wp\/v2\/comments?post=224968"}],"version-history":[{"count":0,"href":"https:\/\/portaltela.pt\/api\/wp\/v2\/posts\/224968\/revisions"}],"wp:featuredmedia":[{"embeddable":true,"href":"https:\/\/portaltela.pt\/api\/wp\/v2\/media\/224972"}],"wp:attachment":[{"href":"https:\/\/portaltela.pt\/api\/wp\/v2\/media?parent=224968"}],"wp:term":[{"taxonomy":"category","embeddable":true,"href":"https:\/\/portaltela.pt\/api\/wp\/v2\/categories?post=224968"},{"taxonomy":"post_tag","embeddable":true,"href":"https:\/\/portaltela.pt\/api\/wp\/v2\/tags?post=224968"}],"curies":[{"name":"wp","href":"https:\/\/api.w.org\/{rel}","templated":true}]}}