{"id":224962,"date":"2026-02-24T18:29:00","date_gmt":"2026-02-24T21:29:00","guid":{"rendered":"https:\/\/portaltela.pt\/noticias\/2026\/02\/24\/marcelo-agradece-aos-militares-portugueses-e-elogia-os-como-os-melhores\/"},"modified":"2026-02-24T18:29:00","modified_gmt":"2026-02-24T21:29:00","slug":"marcelo-agradece-aos-militares-portugueses-e-elogia-os-como-os-melhores","status":"publish","type":"post","link":"https:\/\/portaltela.pt\/noticias\/internacional\/2026\/02\/24\/marcelo-agradece-aos-militares-portugueses-e-elogia-os-como-os-melhores\/","title":{"rendered":"Marcelo agradece aos militares portugueses e elogia-os como os melhores"},"content":{"rendered":"<p>O presidente da Rep\u00fablica e comandante supremo das For\u00e7as Armadas agradeceu aos militares portugueses em miss\u00e3o na Rep\u00fablica Centro-Africana (RCA), dizendo que s\u00e3o \u201cos melhores\u201d e que ficam enquanto outros partem. A declara\u00e7\u00e3o ocorreu durante a visita \u00e0 RCA, em que estava presente o ministro da Defesa Nacional, Nuno Melo.<\/p>\n<p>Marcelo Rebelo de Sousa lembrou a mem\u00f3ria da sua primeira passagem pela RCA, em 2018, quando ainda se encontravam mais for\u00e7as de outros pa\u00edses. Reiterou que Portugal tem, ao longo dos anos, contribu\u00eddo de forma cont\u00ednua para miss\u00f5es de paz e estabiliza\u00e7\u00e3o no pa\u00eds, mantendo-se presente onde muitos partem.<\/p>\n<p>Na RCA, existem cerca de 200 militares portugueses na miss\u00e3o de estabiliza\u00e7\u00e3o da ONU (MINUSCA) e 18 na miss\u00e3o de treino da Uni\u00e3o Europeia (UE), segundo o Estado-Mor-General das For\u00e7as Armadas. O chefe de Estado agradeceu a participa\u00e7\u00e3o de todas as for\u00e7as portuguesas, destacando o papel na seguran\u00e7a das popula\u00e7\u00f5es locais.<\/p>\n<p>A visita terminou com uma breve reformula\u00e7\u00e3o de la\u00e7os diplom\u00e1ticos entre Portugal e a RCA, ap\u00f3s contactos entre Marcelo Rebelo de Sousa e o presidente faustin Touad\u00e9ra, segundo a nota oficial divulgada pela Presid\u00eancia. O presidente referiu que cumpriu a miss\u00e3o institucional e aproveitou para agradecer os militares destacados.<\/p>\n<h3>For\u00e7as em miss\u00f5es e contexto<\/h3>\n<p>A interlocu\u00e7\u00e3o com Touad\u00e9ra ficou marcada por uma recorda\u00e7\u00e3o de encontros anteriores do presidente com o l\u00edder centro-africano, quando o objetivo era aproximar a presen\u00e7a portuguesa \u00e0s prioridades de estabiliza\u00e7\u00e3o regional. Hoje, a comitiva destacou a continuidade da coopera\u00e7\u00e3o entre os dois pa\u00edses.<\/p>\n<p>Antes de terminar o mandato, o presidente dever\u00e1 ainda visitar institui\u00e7\u00f5es europeias em Bruxelas, e, no passado, j\u00e1 conduziu desloca\u00e7\u00f5es a for\u00e7as nacionais destacadas em miss\u00f5es internacionais.<\/p>\n","protected":false},"excerpt":{"rendered":"<ul>\n<li>O presidente da Rep\u00fablica, Marcelo Rebelo de Sousa, agradeceu aos militares portugueses em miss\u00e3o na Rep\u00fablica Centro-Africana e afirmou que s\u00e3o &#8220;os melhores&#8221;.<\/li>\n<li>Na miss\u00e3o da ONU, MINUSCA, est\u00e3o 200 militares portugueses; na miss\u00e3o de treino da Uni\u00e3o Europeia, 18 profissionais.<\/li>\n<li>Rebelo de Sousa lembrou a visita de mar\u00e7o de 2018 \u00e0 RCA e afirmou que os portugueses foram elogiados por Touad\u00e9ra nessa altura.<\/li>\n<li>O chefe de Estado destacou que Portugal continua na regi\u00e3o quando outros partem, cumprindo a miss\u00e3o com excel\u00eancia, coragem, brio e lealdade.<\/li>\n<li>A desloca\u00e7\u00e3o foi divulgada pela Presid\u00eancia; o presidente reuniu-se com o l\u00edder da RCA, Faustin-Archange Touad\u00e9ra, no aeroporto, antes de retornar.<\/li>\n<\/ul>\n","protected":false},"author":2,"featured_media":224967,"comment_status":"closed","ping_status":"closed","sticky":false,"template":"","format":"standard","meta":{"footnotes":""},"categories":[4,1],"tags":[256,1779,2247,5123,1014,5022],"class_list":["post-224962","post","type-post","status-publish","format-standard","has-post-thumbnail","hentry","category-internacional","category-noticias","tag-cooperacao-internacional","tag-forcas-armadas","tag-missoes-internacionais","tag-onu","tag-portugal","tag-portugal-continental"],"yoast_head":"<!-- This site is optimized with the Yoast SEO plugin v27.2 - https:\/\/yoast.com\/product\/yoast-seo-wordpress\/ -->\n<title>Marcelo agradece aos militares portugueses e elogia-os como os melhores - Portal Tela Portugal<\/title>\n<meta name=\"robots\" content=\"index, follow, max-snippet:-1, max-image-preview:large, max-video-preview:-1\" \/>\n<meta property=\"og:locale\" content=\"pt_PT\" \/>\n<meta property=\"og:type\" content=\"article\" \/>\n<meta property=\"og:title\" content=\"Marcelo agradece aos militares portugueses e elogia-os como os melhores - Portal Tela Portugal\" \/>\n<meta property=\"og:description\" content=\"O presidente da Rep\u00fablica, Marcelo Rebelo de Sousa, agradeceu aos militares portugueses em miss\u00e3o na Rep\u00fablica Centro-Africana e afirmou que s\u00e3o &quot;os melhores&quot;. Na miss\u00e3o da ONU, MINUSCA, est\u00e3o 200 militares portugueses; na miss\u00e3o de treino da Uni\u00e3o Europeia, 18 profissionais. Rebelo de Sousa lembrou a visita de mar\u00e7o de 2018 \u00e0 RCA e afirmou que os portugueses foram elogiados por Touad\u00e9ra nessa altura. O chefe de Estado destacou que Portugal continua na regi\u00e3o quando outros partem, cumprindo a miss\u00e3o com excel\u00eancia, coragem, brio e lealdade. A desloca\u00e7\u00e3o foi divulgada pela Presid\u00eancia; o presidente reuniu-se com o l\u00edder da RCA, Faustin-Archange Touad\u00e9ra, no aeroporto, antes de retornar.\" \/>\n<meta property=\"og:url\" content=\"https:\/\/portaltela.pt\/noticias\/2026\/02\/24\/marcelo-agradece-aos-militares-portugueses-e-elogia-os-como-os-melhores\/\" \/>\n<meta property=\"og:site_name\" content=\"Portal Tela Portugal\" \/>\n<meta property=\"article:published_time\" content=\"2026-02-24T21:29:00+00:00\" \/>\n<meta name=\"author\" content=\"Telinha\" \/>\n<meta name=\"twitter:card\" content=\"summary_large_image\" \/>\n<meta name=\"twitter:label1\" content=\"Escrito por\" \/>\n\t<meta name=\"twitter:data1\" content=\"Telinha\" \/>\n\t<meta name=\"twitter:label2\" content=\"Tempo estimado de leitura\" \/>\n\t<meta name=\"twitter:data2\" content=\"2 minutos\" \/>\n<script type=\"application\/ld+json\" class=\"yoast-schema-graph\">{\"@context\":\"https:\/\/schema.org\",\"@graph\":[{\"@type\":\"Article\",\"@id\":\"https:\/\/portaltela.pt\/noticias\/2026\/02\/24\/marcelo-agradece-aos-militares-portugueses-e-elogia-os-como-os-melhores\/#article\",\"isPartOf\":{\"@id\":\"https:\/\/portaltela.pt\/noticias\/2026\/02\/24\/marcelo-agradece-aos-militares-portugueses-e-elogia-os-como-os-melhores\/\"},\"author\":{\"name\":\"Telinha\",\"@id\":\"https:\/\/portaltela.pt\/#\/schema\/person\/c4278d4a6028830caff9ee44b42d32ed\"},\"headline\":\"Marcelo agradece aos militares portugueses e elogia-os como os melhores\",\"datePublished\":\"2026-02-24T21:29:00+00:00\",\"mainEntityOfPage\":{\"@id\":\"https:\/\/portaltela.pt\/noticias\/2026\/02\/24\/marcelo-agradece-aos-militares-portugueses-e-elogia-os-como-os-melhores\/\"},\"wordCount\":324,\"image\":{\"@id\":\"https:\/\/portaltela.pt\/noticias\/2026\/02\/24\/marcelo-agradece-aos-militares-portugueses-e-elogia-os-como-os-melhores\/#primaryimage\"},\"thumbnailUrl\":\"https:\/\/portaltela.pt\/s.01k8rhncp4jt1\/2026\/02\/image-1801.jpg\",\"keywords\":[\"coopera\u00e7\u00e3o internacional\",\"For\u00e7as Armadas\",\"miss\u00f5es internacionais\",\"ONU\",\"Portugal\",\"Portugal Continental\"],\"articleSection\":[\"Internacional\",\"Not\u00edcias\"],\"inLanguage\":\"pt-PT\"},{\"@type\":\"WebPage\",\"@id\":\"https:\/\/portaltela.pt\/noticias\/2026\/02\/24\/marcelo-agradece-aos-militares-portugueses-e-elogia-os-como-os-melhores\/\",\"url\":\"https:\/\/portaltela.pt\/noticias\/2026\/02\/24\/marcelo-agradece-aos-militares-portugueses-e-elogia-os-como-os-melhores\/\",\"name\":\"Marcelo agradece aos militares portugueses e elogia-os como os melhores - Portal Tela Portugal\",\"isPartOf\":{\"@id\":\"https:\/\/portaltela.pt\/#website\"},\"primaryImageOfPage\":{\"@id\":\"https:\/\/portaltela.pt\/noticias\/2026\/02\/24\/marcelo-agradece-aos-militares-portugueses-e-elogia-os-como-os-melhores\/#primaryimage\"},\"image\":{\"@id\":\"https:\/\/portaltela.pt\/noticias\/2026\/02\/24\/marcelo-agradece-aos-militares-portugueses-e-elogia-os-como-os-melhores\/#primaryimage\"},\"thumbnailUrl\":\"https:\/\/portaltela.pt\/s.01k8rhncp4jt1\/2026\/02\/image-1801.jpg\",\"datePublished\":\"2026-02-24T21:29:00+00:00\",\"author\":{\"@id\":\"https:\/\/portaltela.pt\/#\/schema\/person\/c4278d4a6028830caff9ee44b42d32ed\"},\"breadcrumb\":{\"@id\":\"https:\/\/portaltela.pt\/noticias\/2026\/02\/24\/marcelo-agradece-aos-militares-portugueses-e-elogia-os-como-os-melhores\/#breadcrumb\"},\"inLanguage\":\"pt-PT\",\"potentialAction\":[{\"@type\":\"ReadAction\",\"target\":[\"https:\/\/portaltela.pt\/noticias\/2026\/02\/24\/marcelo-agradece-aos-militares-portugueses-e-elogia-os-como-os-melhores\/\"]}]},{\"@type\":\"ImageObject\",\"inLanguage\":\"pt-PT\",\"@id\":\"https:\/\/portaltela.pt\/noticias\/2026\/02\/24\/marcelo-agradece-aos-militares-portugueses-e-elogia-os-como-os-melhores\/#primaryimage\",\"url\":\"https:\/\/portaltela.pt\/s.01k8rhncp4jt1\/2026\/02\/image-1801.jpg\",\"contentUrl\":\"https:\/\/portaltela.pt\/s.01k8rhncp4jt1\/2026\/02\/image-1801.jpg\",\"width\":796,\"height\":448,\"caption\":\"Marcelo Rebelo de Sousa\"},{\"@type\":\"BreadcrumbList\",\"@id\":\"https:\/\/portaltela.pt\/noticias\/2026\/02\/24\/marcelo-agradece-aos-militares-portugueses-e-elogia-os-como-os-melhores\/#breadcrumb\",\"itemListElement\":[{\"@type\":\"ListItem\",\"position\":1,\"name\":\"In\u00edcio\",\"item\":\"https:\/\/portaltela.pt\/\"},{\"@type\":\"ListItem\",\"position\":2,\"name\":\"Marcelo agradece aos militares portugueses e elogia-os como os melhores\"}]},{\"@type\":\"WebSite\",\"@id\":\"https:\/\/portaltela.pt\/#website\",\"url\":\"https:\/\/portaltela.pt\/\",\"name\":\"Portal Tela Portugal\",\"description\":\"\",\"potentialAction\":[{\"@type\":\"SearchAction\",\"target\":{\"@type\":\"EntryPoint\",\"urlTemplate\":\"https:\/\/portaltela.pt\/?s={search_term_string}\"},\"query-input\":{\"@type\":\"PropertyValueSpecification\",\"valueRequired\":true,\"valueName\":\"search_term_string\"}}],\"inLanguage\":\"pt-PT\"},{\"@type\":\"Person\",\"@id\":\"https:\/\/portaltela.pt\/#\/schema\/person\/c4278d4a6028830caff9ee44b42d32ed\",\"name\":\"Telinha\",\"image\":{\"@type\":\"ImageObject\",\"inLanguage\":\"pt-PT\",\"@id\":\"https:\/\/portaltela.pt\/s.01k8rhncp4jt1\/2025\/11\/talking-bot-125x125.png\",\"url\":\"https:\/\/portaltela.pt\/s.01k8rhncp4jt1\/2025\/11\/talking-bot-125x125.png\",\"contentUrl\":\"https:\/\/portaltela.pt\/s.01k8rhncp4jt1\/2025\/11\/talking-bot-125x125.png\",\"caption\":\"Telinha\"},\"sameAs\":[\"https:\/\/portaltela.pt\/\"],\"url\":\"https:\/\/portaltela.pt\/por\/367410592786\/\"}]}<\/script>\n<!-- \/ Yoast SEO plugin. -->","yoast_head_json":{"title":"Marcelo agradece aos militares portugueses e elogia-os como os melhores - Portal Tela Portugal","robots":{"index":"index","follow":"follow","max-snippet":"max-snippet:-1","max-image-preview":"max-image-preview:large","max-video-preview":"max-video-preview:-1"},"og_locale":"pt_PT","og_type":"article","og_title":"Marcelo agradece aos militares portugueses e elogia-os como os melhores - Portal Tela Portugal","og_description":"O presidente da Rep\u00fablica, Marcelo Rebelo de Sousa, agradeceu aos militares portugueses em miss\u00e3o na Rep\u00fablica Centro-Africana e afirmou que s\u00e3o \"os melhores\". Na miss\u00e3o da ONU, MINUSCA, est\u00e3o 200 militares portugueses; na miss\u00e3o de treino da Uni\u00e3o Europeia, 18 profissionais. Rebelo de Sousa lembrou a visita de mar\u00e7o de 2018 \u00e0 RCA e afirmou que os portugueses foram elogiados por Touad\u00e9ra nessa altura. O chefe de Estado destacou que Portugal continua na regi\u00e3o quando outros partem, cumprindo a miss\u00e3o com excel\u00eancia, coragem, brio e lealdade. A desloca\u00e7\u00e3o foi divulgada pela Presid\u00eancia; o presidente reuniu-se com o l\u00edder da RCA, Faustin-Archange Touad\u00e9ra, no aeroporto, antes de retornar.","og_url":"https:\/\/portaltela.pt\/noticias\/2026\/02\/24\/marcelo-agradece-aos-militares-portugueses-e-elogia-os-como-os-melhores\/","og_site_name":"Portal Tela Portugal","article_published_time":"2026-02-24T21:29:00+00:00","author":"Telinha","twitter_card":"summary_large_image","twitter_misc":{"Escrito por":"Telinha","Tempo estimado de leitura":"2 minutos"},"schema":{"@context":"https:\/\/schema.org","@graph":[{"@type":"Article","@id":"https:\/\/portaltela.pt\/noticias\/2026\/02\/24\/marcelo-agradece-aos-militares-portugueses-e-elogia-os-como-os-melhores\/#article","isPartOf":{"@id":"https:\/\/portaltela.pt\/noticias\/2026\/02\/24\/marcelo-agradece-aos-militares-portugueses-e-elogia-os-como-os-melhores\/"},"author":{"name":"Telinha","@id":"https:\/\/portaltela.pt\/#\/schema\/person\/c4278d4a6028830caff9ee44b42d32ed"},"headline":"Marcelo agradece aos militares portugueses e elogia-os como os melhores","datePublished":"2026-02-24T21:29:00+00:00","mainEntityOfPage":{"@id":"https:\/\/portaltela.pt\/noticias\/2026\/02\/24\/marcelo-agradece-aos-militares-portugueses-e-elogia-os-como-os-melhores\/"},"wordCount":324,"image":{"@id":"https:\/\/portaltela.pt\/noticias\/2026\/02\/24\/marcelo-agradece-aos-militares-portugueses-e-elogia-os-como-os-melhores\/#primaryimage"},"thumbnailUrl":"https:\/\/portaltela.pt\/s.01k8rhncp4jt1\/2026\/02\/image-1801.jpg","keywords":["coopera\u00e7\u00e3o internacional","For\u00e7as Armadas","miss\u00f5es internacionais","ONU","Portugal","Portugal Continental"],"articleSection":["Internacional","Not\u00edcias"],"inLanguage":"pt-PT"},{"@type":"WebPage","@id":"https:\/\/portaltela.pt\/noticias\/2026\/02\/24\/marcelo-agradece-aos-militares-portugueses-e-elogia-os-como-os-melhores\/","url":"https:\/\/portaltela.pt\/noticias\/2026\/02\/24\/marcelo-agradece-aos-militares-portugueses-e-elogia-os-como-os-melhores\/","name":"Marcelo agradece aos militares portugueses e elogia-os como os melhores - Portal Tela Portugal","isPartOf":{"@id":"https:\/\/portaltela.pt\/#website"},"primaryImageOfPage":{"@id":"https:\/\/portaltela.pt\/noticias\/2026\/02\/24\/marcelo-agradece-aos-militares-portugueses-e-elogia-os-como-os-melhores\/#primaryimage"},"image":{"@id":"https:\/\/portaltela.pt\/noticias\/2026\/02\/24\/marcelo-agradece-aos-militares-portugueses-e-elogia-os-como-os-melhores\/#primaryimage"},"thumbnailUrl":"https:\/\/portaltela.pt\/s.01k8rhncp4jt1\/2026\/02\/image-1801.jpg","datePublished":"2026-02-24T21:29:00+00:00","author":{"@id":"https:\/\/portaltela.pt\/#\/schema\/person\/c4278d4a6028830caff9ee44b42d32ed"},"breadcrumb":{"@id":"https:\/\/portaltela.pt\/noticias\/2026\/02\/24\/marcelo-agradece-aos-militares-portugueses-e-elogia-os-como-os-melhores\/#breadcrumb"},"inLanguage":"pt-PT","potentialAction":[{"@type":"ReadAction","target":["https:\/\/portaltela.pt\/noticias\/2026\/02\/24\/marcelo-agradece-aos-militares-portugueses-e-elogia-os-como-os-melhores\/"]}]},{"@type":"ImageObject","inLanguage":"pt-PT","@id":"https:\/\/portaltela.pt\/noticias\/2026\/02\/24\/marcelo-agradece-aos-militares-portugueses-e-elogia-os-como-os-melhores\/#primaryimage","url":"https:\/\/portaltela.pt\/s.01k8rhncp4jt1\/2026\/02\/image-1801.jpg","contentUrl":"https:\/\/portaltela.pt\/s.01k8rhncp4jt1\/2026\/02\/image-1801.jpg","width":796,"height":448,"caption":"Marcelo Rebelo de Sousa"},{"@type":"BreadcrumbList","@id":"https:\/\/portaltela.pt\/noticias\/2026\/02\/24\/marcelo-agradece-aos-militares-portugueses-e-elogia-os-como-os-melhores\/#breadcrumb","itemListElement":[{"@type":"ListItem","position":1,"name":"In\u00edcio","item":"https:\/\/portaltela.pt\/"},{"@type":"ListItem","position":2,"name":"Marcelo agradece aos militares portugueses e elogia-os como os melhores"}]},{"@type":"WebSite","@id":"https:\/\/portaltela.pt\/#website","url":"https:\/\/portaltela.pt\/","name":"Portal Tela Portugal","description":"","potentialAction":[{"@type":"SearchAction","target":{"@type":"EntryPoint","urlTemplate":"https:\/\/portaltela.pt\/?s={search_term_string}"},"query-input":{"@type":"PropertyValueSpecification","valueRequired":true,"valueName":"search_term_string"}}],"inLanguage":"pt-PT"},{"@type":"Person","@id":"https:\/\/portaltela.pt\/#\/schema\/person\/c4278d4a6028830caff9ee44b42d32ed","name":"Telinha","image":{"@type":"ImageObject","inLanguage":"pt-PT","@id":"https:\/\/portaltela.pt\/s.01k8rhncp4jt1\/2025\/11\/talking-bot-125x125.png","url":"https:\/\/portaltela.pt\/s.01k8rhncp4jt1\/2025\/11\/talking-bot-125x125.png","contentUrl":"https:\/\/portaltela.pt\/s.01k8rhncp4jt1\/2025\/11\/talking-bot-125x125.png","caption":"Telinha"},"sameAs":["https:\/\/portaltela.pt\/"],"url":"https:\/\/portaltela.pt\/por\/367410592786\/"}]}},"_links":{"self":[{"href":"https:\/\/portaltela.pt\/api\/wp\/v2\/posts\/224962","targetHints":{"allow":["GET"]}}],"collection":[{"href":"https:\/\/portaltela.pt\/api\/wp\/v2\/posts"}],"about":[{"href":"https:\/\/portaltela.pt\/api\/wp\/v2\/types\/post"}],"author":[{"embeddable":true,"href":"https:\/\/portaltela.pt\/api\/wp\/v2\/users\/2"}],"replies":[{"embeddable":true,"href":"https:\/\/portaltela.pt\/api\/wp\/v2\/comments?post=224962"}],"version-history":[{"count":0,"href":"https:\/\/portaltela.pt\/api\/wp\/v2\/posts\/224962\/revisions"}],"wp:featuredmedia":[{"embeddable":true,"href":"https:\/\/portaltela.pt\/api\/wp\/v2\/media\/224967"}],"wp:attachment":[{"href":"https:\/\/portaltela.pt\/api\/wp\/v2\/media?parent=224962"}],"wp:term":[{"taxonomy":"category","embeddable":true,"href":"https:\/\/portaltela.pt\/api\/wp\/v2\/categories?post=224962"},{"taxonomy":"post_tag","embeddable":true,"href":"https:\/\/portaltela.pt\/api\/wp\/v2\/tags?post=224962"}],"curies":[{"name":"wp","href":"https:\/\/api.w.org\/{rel}","templated":true}]}}