{"id":224929,"date":"2026-02-24T17:39:00","date_gmt":"2026-02-24T20:39:00","guid":{"rendered":"https:\/\/portaltela.pt\/noticias\/2026\/02\/24\/proximo-diretor-da-pj-sera-escolhido-internamente-afirma-ministra\/"},"modified":"2026-02-24T17:39:00","modified_gmt":"2026-02-24T20:39:00","slug":"proximo-diretor-da-pj-sera-escolhido-internamente-afirma-ministra","status":"publish","type":"post","link":"https:\/\/portaltela.pt\/noticias\/2026\/02\/24\/proximo-diretor-da-pj-sera-escolhido-internamente-afirma-ministra\/","title":{"rendered":"Pr\u00f3ximo diretor da PJ ser\u00e1 escolhido internamente, afirma ministra"},"content":{"rendered":"<p>A ministra da Justi\u00e7a afirmou que o sucessor de Lu\u00eds Neves na Pol\u00edcia Judici\u00e1ria ser\u00e1 escolhido dentro da institui\u00e7\u00e3o, garantindo a independ\u00eancia da PJ e dos inqu\u00e9ritos em curso. A declara\u00e7\u00e3o ocorreu no final de uma cerim\u00f3nia de assinatura de protocolo entre Parques de Sintra e a Dire\u00e7\u00e3o-Geral de Reinser\u00e7\u00e3o e Servi\u00e7os Prisionais (DGRSP).<\/p>\n<p>A ideia \u00e9 manter uma solu\u00e7\u00e3o de continuidade, ou seja, escolher algu\u00e9m da casa. A PJ conta com quadros qualificados, o que torna a escolha dif\u00edcil, admitiu a governante. A decis\u00e3o ser\u00e1 tomada com m\u00e9todo e tranquilidade, evitando precipita\u00e7\u00f5es.<\/p>\n<p>Questionada sobre d\u00favidas de independ\u00eancia da PJ, a ministra reiterou que a PJ sempre esteve sob tutela da Justi\u00e7a e n\u00e3o houve interfer\u00eancia. Referiu que o ex-diretor Lu\u00eds Neves j\u00e1 esclareceu a mat\u00e9ria, mantendo a confian\u00e7a na autonomia da Pol\u00edcia.<\/p>\n<p>Ainda n\u00e3o houve decis\u00e3o sobre o nome, adiantou. A escolha final ser\u00e1 debatida em conjunto com o Primeiro-Ministro e anunciada quando houver uma decis\u00e3o s\u00f3lida, sem pressa desnecess\u00e1ria.<\/p>\n<h3>Protocolo com a DGRSP<\/h3>\n<p>O acordo entre Parques de Sintra e a DGRSP prev\u00ea que reclusos em regime aberto, fora dos estabelecimentos, possam trabalhar nos parques em atividades de limpeza, jardinagem e manuten\u00e7\u00e3o. O objetivo \u00e9 facilitar a reinser\u00e7\u00e3o socioprofissional.<\/p>\n<p>O protocolo envolve a gest\u00e3o de tarefas de conserva\u00e7\u00e3o de espa\u00e7os verdes e de edif\u00edcios, com supervis\u00e3o ligada aos servi\u00e7os prisionais. A iniciativa enquadra-se numa l\u00f3gica de inser\u00e7\u00e3o gradual e responsabilidade social.<\/p>\n","protected":false},"excerpt":{"rendered":"<ul>\n<li>A ministra da Justi\u00e7a garantiu que o pr\u00f3ximo diretor da Pol\u00edcia Judici\u00e1ria ser\u00e1 escolhido dentro da institui\u00e7\u00e3o, assegurando a independ\u00eancia da PJ e dos inqu\u00e9ritos em curso.<\/li>\n<li>A decis\u00e3o ainda n\u00e3o est\u00e1 tomada, mas a ideia \u00e9 termos uma solu\u00e7\u00e3o de continuidade, com quadros qualificados da PJ potenciados para ocupar o cargo.<\/li>\n<li>A afirma\u00e7\u00e3o foi feita por Rita Alarc\u00e3o J\u00fadice ap\u00f3s a assinatura de um protocolo entre Parques de Sintra e a Dire\u00e7\u00e3o-Geral de Reinser\u00e7\u00e3o e Servi\u00e7os Prisionais.<\/li>\n<li>A ministra reiterou que a PJ \u00e9 tutelada pela Justi\u00e7a, negando qualquer interfer\u00eancia ou intromiss\u00e3o, em conson\u00e2ncia com as declara\u00e7\u00f5es de Lu\u00eds Neves na tomada de posse.<\/li>\n<li>Ainda n\u00e3o h\u00e1 data nem nome anunciados; a decis\u00e3o ser\u00e1 tomada em conjunto com o primeiro-ministro, com calma e sem precipit\u00e2ncias.<\/li>\n<\/ul>\n","protected":false},"author":2,"featured_media":224931,"comment_status":"closed","ping_status":"closed","sticky":false,"template":"","format":"standard","meta":{"footnotes":""},"categories":[1],"tags":[1293,215,803,1802,2659,1110],"class_list":["post-224929","post","type-post","status-publish","format-standard","has-post-thumbnail","hentry","category-noticias","tag-independencia","tag-investigacao","tag-justica","tag-policia-judiciaria","tag-reinsercao-social","tag-sintra"],"yoast_head":"<!-- This site is optimized with the Yoast SEO plugin v27.2 - https:\/\/yoast.com\/product\/yoast-seo-wordpress\/ -->\n<title>Pr\u00f3ximo diretor da PJ ser\u00e1 escolhido internamente, afirma ministra - Portal Tela Portugal<\/title>\n<meta name=\"robots\" content=\"index, follow, max-snippet:-1, max-image-preview:large, max-video-preview:-1\" \/>\n<meta property=\"og:locale\" content=\"pt_PT\" \/>\n<meta property=\"og:type\" content=\"article\" \/>\n<meta property=\"og:title\" content=\"Pr\u00f3ximo diretor da PJ ser\u00e1 escolhido internamente, afirma ministra - Portal Tela Portugal\" \/>\n<meta property=\"og:description\" content=\"A ministra da Justi\u00e7a garantiu que o pr\u00f3ximo diretor da Pol\u00edcia Judici\u00e1ria ser\u00e1 escolhido dentro da institui\u00e7\u00e3o, assegurando a independ\u00eancia da PJ e dos inqu\u00e9ritos em curso. A decis\u00e3o ainda n\u00e3o est\u00e1 tomada, mas a ideia \u00e9 termos uma solu\u00e7\u00e3o de continuidade, com quadros qualificados da PJ potenciados para ocupar o cargo. A afirma\u00e7\u00e3o foi feita por Rita Alarc\u00e3o J\u00fadice ap\u00f3s a assinatura de um protocolo entre Parques de Sintra e a Dire\u00e7\u00e3o-Geral de Reinser\u00e7\u00e3o e Servi\u00e7os Prisionais. A ministra reiterou que a PJ \u00e9 tutelada pela Justi\u00e7a, negando qualquer interfer\u00eancia ou intromiss\u00e3o, em conson\u00e2ncia com as declara\u00e7\u00f5es de Lu\u00eds Neves na tomada de posse. Ainda n\u00e3o h\u00e1 data nem nome anunciados; a decis\u00e3o ser\u00e1 tomada em conjunto com o primeiro-ministro, com calma e sem precipit\u00e2ncias.\" \/>\n<meta property=\"og:url\" content=\"https:\/\/portaltela.pt\/noticias\/2026\/02\/24\/proximo-diretor-da-pj-sera-escolhido-internamente-afirma-ministra\/\" \/>\n<meta property=\"og:site_name\" content=\"Portal Tela Portugal\" \/>\n<meta property=\"article:published_time\" content=\"2026-02-24T20:39:00+00:00\" \/>\n<meta name=\"author\" content=\"Telinha\" \/>\n<meta name=\"twitter:card\" content=\"summary_large_image\" \/>\n<meta name=\"twitter:label1\" content=\"Escrito por\" \/>\n\t<meta name=\"twitter:data1\" content=\"Telinha\" \/>\n\t<meta name=\"twitter:label2\" content=\"Tempo estimado de leitura\" \/>\n\t<meta name=\"twitter:data2\" content=\"1 minuto\" \/>\n<script type=\"application\/ld+json\" class=\"yoast-schema-graph\">{\"@context\":\"https:\/\/schema.org\",\"@graph\":[{\"@type\":\"Article\",\"@id\":\"https:\/\/portaltela.pt\/noticias\/2026\/02\/24\/proximo-diretor-da-pj-sera-escolhido-internamente-afirma-ministra\/#article\",\"isPartOf\":{\"@id\":\"https:\/\/portaltela.pt\/noticias\/2026\/02\/24\/proximo-diretor-da-pj-sera-escolhido-internamente-afirma-ministra\/\"},\"author\":{\"name\":\"Telinha\",\"@id\":\"https:\/\/portaltela.pt\/#\/schema\/person\/c4278d4a6028830caff9ee44b42d32ed\"},\"headline\":\"Pr\u00f3ximo diretor da PJ ser\u00e1 escolhido internamente, afirma ministra\",\"datePublished\":\"2026-02-24T20:39:00+00:00\",\"mainEntityOfPage\":{\"@id\":\"https:\/\/portaltela.pt\/noticias\/2026\/02\/24\/proximo-diretor-da-pj-sera-escolhido-internamente-afirma-ministra\/\"},\"wordCount\":283,\"image\":{\"@id\":\"https:\/\/portaltela.pt\/noticias\/2026\/02\/24\/proximo-diretor-da-pj-sera-escolhido-internamente-afirma-ministra\/#primaryimage\"},\"thumbnailUrl\":\"https:\/\/portaltela.pt\/s.01k8rhncp4jt1\/2026\/02\/2069501.jpg\",\"keywords\":[\"independ\u00eancia\",\"investiga\u00e7\u00e3o\",\"justi\u00e7a\",\"Pol\u00edcia Judici\u00e1ria\",\"Reinser\u00e7\u00e3o Social\",\"Sintra\"],\"articleSection\":[\"Not\u00edcias\"],\"inLanguage\":\"pt-PT\"},{\"@type\":\"WebPage\",\"@id\":\"https:\/\/portaltela.pt\/noticias\/2026\/02\/24\/proximo-diretor-da-pj-sera-escolhido-internamente-afirma-ministra\/\",\"url\":\"https:\/\/portaltela.pt\/noticias\/2026\/02\/24\/proximo-diretor-da-pj-sera-escolhido-internamente-afirma-ministra\/\",\"name\":\"Pr\u00f3ximo diretor da PJ ser\u00e1 escolhido internamente, afirma ministra - Portal Tela Portugal\",\"isPartOf\":{\"@id\":\"https:\/\/portaltela.pt\/#website\"},\"primaryImageOfPage\":{\"@id\":\"https:\/\/portaltela.pt\/noticias\/2026\/02\/24\/proximo-diretor-da-pj-sera-escolhido-internamente-afirma-ministra\/#primaryimage\"},\"image\":{\"@id\":\"https:\/\/portaltela.pt\/noticias\/2026\/02\/24\/proximo-diretor-da-pj-sera-escolhido-internamente-afirma-ministra\/#primaryimage\"},\"thumbnailUrl\":\"https:\/\/portaltela.pt\/s.01k8rhncp4jt1\/2026\/02\/2069501.jpg\",\"datePublished\":\"2026-02-24T20:39:00+00:00\",\"author\":{\"@id\":\"https:\/\/portaltela.pt\/#\/schema\/person\/c4278d4a6028830caff9ee44b42d32ed\"},\"breadcrumb\":{\"@id\":\"https:\/\/portaltela.pt\/noticias\/2026\/02\/24\/proximo-diretor-da-pj-sera-escolhido-internamente-afirma-ministra\/#breadcrumb\"},\"inLanguage\":\"pt-PT\",\"potentialAction\":[{\"@type\":\"ReadAction\",\"target\":[\"https:\/\/portaltela.pt\/noticias\/2026\/02\/24\/proximo-diretor-da-pj-sera-escolhido-internamente-afirma-ministra\/\"]}]},{\"@type\":\"ImageObject\",\"inLanguage\":\"pt-PT\",\"@id\":\"https:\/\/portaltela.pt\/noticias\/2026\/02\/24\/proximo-diretor-da-pj-sera-escolhido-internamente-afirma-ministra\/#primaryimage\",\"url\":\"https:\/\/portaltela.pt\/s.01k8rhncp4jt1\/2026\/02\/2069501.jpg\",\"contentUrl\":\"https:\/\/portaltela.pt\/s.01k8rhncp4jt1\/2026\/02\/2069501.jpg\",\"width\":796,\"height\":448,\"caption\":\"A ministra da Justi\u00e7a durante a sua audi\u00e7\u00e3o na Comiss\u00e3o de Assuntos Constitucionais, Direitos, Liberdades e Garantias, na Assembleia da Rep\u00fablica, 20 de Janeiro\"},{\"@type\":\"BreadcrumbList\",\"@id\":\"https:\/\/portaltela.pt\/noticias\/2026\/02\/24\/proximo-diretor-da-pj-sera-escolhido-internamente-afirma-ministra\/#breadcrumb\",\"itemListElement\":[{\"@type\":\"ListItem\",\"position\":1,\"name\":\"In\u00edcio\",\"item\":\"https:\/\/portaltela.pt\/\"},{\"@type\":\"ListItem\",\"position\":2,\"name\":\"Pr\u00f3ximo diretor da PJ ser\u00e1 escolhido internamente, afirma ministra\"}]},{\"@type\":\"WebSite\",\"@id\":\"https:\/\/portaltela.pt\/#website\",\"url\":\"https:\/\/portaltela.pt\/\",\"name\":\"Portal Tela Portugal\",\"description\":\"\",\"potentialAction\":[{\"@type\":\"SearchAction\",\"target\":{\"@type\":\"EntryPoint\",\"urlTemplate\":\"https:\/\/portaltela.pt\/?s={search_term_string}\"},\"query-input\":{\"@type\":\"PropertyValueSpecification\",\"valueRequired\":true,\"valueName\":\"search_term_string\"}}],\"inLanguage\":\"pt-PT\"},{\"@type\":\"Person\",\"@id\":\"https:\/\/portaltela.pt\/#\/schema\/person\/c4278d4a6028830caff9ee44b42d32ed\",\"name\":\"Telinha\",\"image\":{\"@type\":\"ImageObject\",\"inLanguage\":\"pt-PT\",\"@id\":\"https:\/\/portaltela.pt\/s.01k8rhncp4jt1\/2025\/11\/talking-bot-125x125.png\",\"url\":\"https:\/\/portaltela.pt\/s.01k8rhncp4jt1\/2025\/11\/talking-bot-125x125.png\",\"contentUrl\":\"https:\/\/portaltela.pt\/s.01k8rhncp4jt1\/2025\/11\/talking-bot-125x125.png\",\"caption\":\"Telinha\"},\"sameAs\":[\"https:\/\/portaltela.pt\/\"],\"url\":\"https:\/\/portaltela.pt\/por\/367410592786\/\"}]}<\/script>\n<!-- \/ Yoast SEO plugin. -->","yoast_head_json":{"title":"Pr\u00f3ximo diretor da PJ ser\u00e1 escolhido internamente, afirma ministra - Portal Tela Portugal","robots":{"index":"index","follow":"follow","max-snippet":"max-snippet:-1","max-image-preview":"max-image-preview:large","max-video-preview":"max-video-preview:-1"},"og_locale":"pt_PT","og_type":"article","og_title":"Pr\u00f3ximo diretor da PJ ser\u00e1 escolhido internamente, afirma ministra - Portal Tela Portugal","og_description":"A ministra da Justi\u00e7a garantiu que o pr\u00f3ximo diretor da Pol\u00edcia Judici\u00e1ria ser\u00e1 escolhido dentro da institui\u00e7\u00e3o, assegurando a independ\u00eancia da PJ e dos inqu\u00e9ritos em curso. A decis\u00e3o ainda n\u00e3o est\u00e1 tomada, mas a ideia \u00e9 termos uma solu\u00e7\u00e3o de continuidade, com quadros qualificados da PJ potenciados para ocupar o cargo. A afirma\u00e7\u00e3o foi feita por Rita Alarc\u00e3o J\u00fadice ap\u00f3s a assinatura de um protocolo entre Parques de Sintra e a Dire\u00e7\u00e3o-Geral de Reinser\u00e7\u00e3o e Servi\u00e7os Prisionais. A ministra reiterou que a PJ \u00e9 tutelada pela Justi\u00e7a, negando qualquer interfer\u00eancia ou intromiss\u00e3o, em conson\u00e2ncia com as declara\u00e7\u00f5es de Lu\u00eds Neves na tomada de posse. Ainda n\u00e3o h\u00e1 data nem nome anunciados; a decis\u00e3o ser\u00e1 tomada em conjunto com o primeiro-ministro, com calma e sem precipit\u00e2ncias.","og_url":"https:\/\/portaltela.pt\/noticias\/2026\/02\/24\/proximo-diretor-da-pj-sera-escolhido-internamente-afirma-ministra\/","og_site_name":"Portal Tela Portugal","article_published_time":"2026-02-24T20:39:00+00:00","author":"Telinha","twitter_card":"summary_large_image","twitter_misc":{"Escrito por":"Telinha","Tempo estimado de leitura":"1 minuto"},"schema":{"@context":"https:\/\/schema.org","@graph":[{"@type":"Article","@id":"https:\/\/portaltela.pt\/noticias\/2026\/02\/24\/proximo-diretor-da-pj-sera-escolhido-internamente-afirma-ministra\/#article","isPartOf":{"@id":"https:\/\/portaltela.pt\/noticias\/2026\/02\/24\/proximo-diretor-da-pj-sera-escolhido-internamente-afirma-ministra\/"},"author":{"name":"Telinha","@id":"https:\/\/portaltela.pt\/#\/schema\/person\/c4278d4a6028830caff9ee44b42d32ed"},"headline":"Pr\u00f3ximo diretor da PJ ser\u00e1 escolhido internamente, afirma ministra","datePublished":"2026-02-24T20:39:00+00:00","mainEntityOfPage":{"@id":"https:\/\/portaltela.pt\/noticias\/2026\/02\/24\/proximo-diretor-da-pj-sera-escolhido-internamente-afirma-ministra\/"},"wordCount":283,"image":{"@id":"https:\/\/portaltela.pt\/noticias\/2026\/02\/24\/proximo-diretor-da-pj-sera-escolhido-internamente-afirma-ministra\/#primaryimage"},"thumbnailUrl":"https:\/\/portaltela.pt\/s.01k8rhncp4jt1\/2026\/02\/2069501.jpg","keywords":["independ\u00eancia","investiga\u00e7\u00e3o","justi\u00e7a","Pol\u00edcia Judici\u00e1ria","Reinser\u00e7\u00e3o Social","Sintra"],"articleSection":["Not\u00edcias"],"inLanguage":"pt-PT"},{"@type":"WebPage","@id":"https:\/\/portaltela.pt\/noticias\/2026\/02\/24\/proximo-diretor-da-pj-sera-escolhido-internamente-afirma-ministra\/","url":"https:\/\/portaltela.pt\/noticias\/2026\/02\/24\/proximo-diretor-da-pj-sera-escolhido-internamente-afirma-ministra\/","name":"Pr\u00f3ximo diretor da PJ ser\u00e1 escolhido internamente, afirma ministra - Portal Tela Portugal","isPartOf":{"@id":"https:\/\/portaltela.pt\/#website"},"primaryImageOfPage":{"@id":"https:\/\/portaltela.pt\/noticias\/2026\/02\/24\/proximo-diretor-da-pj-sera-escolhido-internamente-afirma-ministra\/#primaryimage"},"image":{"@id":"https:\/\/portaltela.pt\/noticias\/2026\/02\/24\/proximo-diretor-da-pj-sera-escolhido-internamente-afirma-ministra\/#primaryimage"},"thumbnailUrl":"https:\/\/portaltela.pt\/s.01k8rhncp4jt1\/2026\/02\/2069501.jpg","datePublished":"2026-02-24T20:39:00+00:00","author":{"@id":"https:\/\/portaltela.pt\/#\/schema\/person\/c4278d4a6028830caff9ee44b42d32ed"},"breadcrumb":{"@id":"https:\/\/portaltela.pt\/noticias\/2026\/02\/24\/proximo-diretor-da-pj-sera-escolhido-internamente-afirma-ministra\/#breadcrumb"},"inLanguage":"pt-PT","potentialAction":[{"@type":"ReadAction","target":["https:\/\/portaltela.pt\/noticias\/2026\/02\/24\/proximo-diretor-da-pj-sera-escolhido-internamente-afirma-ministra\/"]}]},{"@type":"ImageObject","inLanguage":"pt-PT","@id":"https:\/\/portaltela.pt\/noticias\/2026\/02\/24\/proximo-diretor-da-pj-sera-escolhido-internamente-afirma-ministra\/#primaryimage","url":"https:\/\/portaltela.pt\/s.01k8rhncp4jt1\/2026\/02\/2069501.jpg","contentUrl":"https:\/\/portaltela.pt\/s.01k8rhncp4jt1\/2026\/02\/2069501.jpg","width":796,"height":448,"caption":"A ministra da Justi\u00e7a durante a sua audi\u00e7\u00e3o na Comiss\u00e3o de Assuntos Constitucionais, Direitos, Liberdades e Garantias, na Assembleia da Rep\u00fablica, 20 de Janeiro"},{"@type":"BreadcrumbList","@id":"https:\/\/portaltela.pt\/noticias\/2026\/02\/24\/proximo-diretor-da-pj-sera-escolhido-internamente-afirma-ministra\/#breadcrumb","itemListElement":[{"@type":"ListItem","position":1,"name":"In\u00edcio","item":"https:\/\/portaltela.pt\/"},{"@type":"ListItem","position":2,"name":"Pr\u00f3ximo diretor da PJ ser\u00e1 escolhido internamente, afirma ministra"}]},{"@type":"WebSite","@id":"https:\/\/portaltela.pt\/#website","url":"https:\/\/portaltela.pt\/","name":"Portal Tela Portugal","description":"","potentialAction":[{"@type":"SearchAction","target":{"@type":"EntryPoint","urlTemplate":"https:\/\/portaltela.pt\/?s={search_term_string}"},"query-input":{"@type":"PropertyValueSpecification","valueRequired":true,"valueName":"search_term_string"}}],"inLanguage":"pt-PT"},{"@type":"Person","@id":"https:\/\/portaltela.pt\/#\/schema\/person\/c4278d4a6028830caff9ee44b42d32ed","name":"Telinha","image":{"@type":"ImageObject","inLanguage":"pt-PT","@id":"https:\/\/portaltela.pt\/s.01k8rhncp4jt1\/2025\/11\/talking-bot-125x125.png","url":"https:\/\/portaltela.pt\/s.01k8rhncp4jt1\/2025\/11\/talking-bot-125x125.png","contentUrl":"https:\/\/portaltela.pt\/s.01k8rhncp4jt1\/2025\/11\/talking-bot-125x125.png","caption":"Telinha"},"sameAs":["https:\/\/portaltela.pt\/"],"url":"https:\/\/portaltela.pt\/por\/367410592786\/"}]}},"_links":{"self":[{"href":"https:\/\/portaltela.pt\/api\/wp\/v2\/posts\/224929","targetHints":{"allow":["GET"]}}],"collection":[{"href":"https:\/\/portaltela.pt\/api\/wp\/v2\/posts"}],"about":[{"href":"https:\/\/portaltela.pt\/api\/wp\/v2\/types\/post"}],"author":[{"embeddable":true,"href":"https:\/\/portaltela.pt\/api\/wp\/v2\/users\/2"}],"replies":[{"embeddable":true,"href":"https:\/\/portaltela.pt\/api\/wp\/v2\/comments?post=224929"}],"version-history":[{"count":0,"href":"https:\/\/portaltela.pt\/api\/wp\/v2\/posts\/224929\/revisions"}],"wp:featuredmedia":[{"embeddable":true,"href":"https:\/\/portaltela.pt\/api\/wp\/v2\/media\/224931"}],"wp:attachment":[{"href":"https:\/\/portaltela.pt\/api\/wp\/v2\/media?parent=224929"}],"wp:term":[{"taxonomy":"category","embeddable":true,"href":"https:\/\/portaltela.pt\/api\/wp\/v2\/categories?post=224929"},{"taxonomy":"post_tag","embeddable":true,"href":"https:\/\/portaltela.pt\/api\/wp\/v2\/tags?post=224929"}],"curies":[{"name":"wp","href":"https:\/\/api.w.org\/{rel}","templated":true}]}}