{"id":224921,"date":"2026-02-24T17:43:34","date_gmt":"2026-02-24T20:43:34","guid":{"rendered":"https:\/\/portaltela.pt\/noticias\/2026\/02\/24\/mayulu-exigia-salario-superior-ao-de-joao-neves\/"},"modified":"2026-02-24T17:43:34","modified_gmt":"2026-02-24T20:43:34","slug":"mayulu-exigia-salario-superior-ao-de-joao-neves","status":"publish","type":"post","link":"https:\/\/portaltela.pt\/desporto\/futebol\/2026\/02\/24\/mayulu-exigia-salario-superior-ao-de-joao-neves\/","title":{"rendered":"Mayulu exigia sal\u00e1rio superior ao de Jo\u00e3o Neves"},"content":{"rendered":"<p>O Paris Saint-Germain viu as negocia\u00e7\u00f5es de renova\u00e7\u00e3o com Senny Mayulu, m\u00e9dio ofensivo de 19 anos, complicarem-se devido a exig\u00eancias salariais consideradas elevadas. A jovem promessa formou-se no clube e tem contrato at\u00e9 2027, o que motivou um primeiro encontro entre as partes para ajustar o pr\u00f3ximo v\u00ednculo.<\/p>\n<p>Segundo a Ici Paris Ile-de-France, os agentes de Mayulu teriam apresentado pedidos salariais superiores aos de Jo\u00e3o Neves e Warren Zaire-Emery, jogadores da equipa orientada por Lu\u00eds Enrique. O PSG n\u00e3o aceitou essas condi\u00e7\u00f5es iniciais.<\/p>\n<h3>Negocia\u00e7\u00f5es em curso<\/h3>\n<p>O clube dever\u00e1 apresentar aos representantes do jogador uma proposta de renova\u00e7\u00e3o de quatro anos, com condi\u00e7\u00f5es mais comedidas. A abordagem visa manter Mayulu no plantel jovem, mantendo a agenda de desenvolvimento do atleta dentro da academia e da equipa principal.<\/p>\n","protected":false},"excerpt":{"rendered":"<ul>\n<li>O m\u00e9dio ofensivo Senny Mayulu, 19 anos, \u00e9 uma das promessas do Paris Saint\u2011Germain (PSG) e tem contrato at\u00e9 2027.<\/li>\n<li>O clube e o jogador reuniram\u2011se para ajustar o pr\u00f3ximo v\u00ednculo.<\/li>\n<li>As negocia\u00e7\u00f5es ru\u00edram devido a exig\u00eancias salariais consideradas exageradas pelos agentes de Mayulu.<\/li>\n<li>Os representantes teriam pedido um sal\u00e1rio superior ao de Jo\u00e3o Neves e de Warren Zaire\u2011Emery, atletas da equipa principal.<\/li>\n<li>O PSG prepara uma nova proposta de renova\u00e7\u00e3o de quatro anos, com valores mais moderados.<\/li>\n<\/ul>\n","protected":false},"author":2,"featured_media":224923,"comment_status":"closed","ping_status":"closed","sticky":false,"template":"","format":"standard","meta":{"footnotes":""},"categories":[21,24],"tags":[1125,32,2626,2844,3897,1982],"class_list":["post-224921","post","type-post","status-publish","format-standard","has-post-thumbnail","hentry","category-desporto","category-futebol","tag-contratos","tag-futebol","tag-joao-neves","tag-jovens","tag-negociacoes","tag-paris-saint-germain"],"yoast_head":"<!-- This site is optimized with the Yoast SEO plugin v27.2 - https:\/\/yoast.com\/product\/yoast-seo-wordpress\/ -->\n<title>Mayulu exigia sal\u00e1rio superior ao de Jo\u00e3o Neves - Portal Tela Portugal<\/title>\n<meta name=\"robots\" content=\"index, follow, max-snippet:-1, max-image-preview:large, max-video-preview:-1\" \/>\n<meta property=\"og:locale\" content=\"pt_PT\" \/>\n<meta property=\"og:type\" content=\"article\" \/>\n<meta property=\"og:title\" content=\"Mayulu exigia sal\u00e1rio superior ao de Jo\u00e3o Neves - Portal Tela Portugal\" \/>\n<meta property=\"og:description\" content=\"O m\u00e9dio ofensivo Senny Mayulu, 19 anos, \u00e9 uma das promessas do Paris Saint\u2011Germain (PSG) e tem contrato at\u00e9 2027. O clube e o jogador reuniram\u2011se para ajustar o pr\u00f3ximo v\u00ednculo. As negocia\u00e7\u00f5es ru\u00edram devido a exig\u00eancias salariais consideradas exageradas pelos agentes de Mayulu. Os representantes teriam pedido um sal\u00e1rio superior ao de Jo\u00e3o Neves e de Warren Zaire\u2011Emery, atletas da equipa principal. O PSG prepara uma nova proposta de renova\u00e7\u00e3o de quatro anos, com valores mais moderados.\" \/>\n<meta property=\"og:url\" content=\"https:\/\/portaltela.pt\/noticias\/2026\/02\/24\/mayulu-exigia-salario-superior-ao-de-joao-neves\/\" \/>\n<meta property=\"og:site_name\" content=\"Portal Tela Portugal\" \/>\n<meta property=\"article:published_time\" content=\"2026-02-24T20:43:34+00:00\" \/>\n<meta name=\"author\" content=\"Telinha\" \/>\n<meta name=\"twitter:card\" content=\"summary_large_image\" \/>\n<meta name=\"twitter:label1\" content=\"Escrito por\" \/>\n\t<meta name=\"twitter:data1\" content=\"Telinha\" \/>\n\t<meta name=\"twitter:label2\" content=\"Tempo estimado de leitura\" \/>\n\t<meta name=\"twitter:data2\" content=\"1 minuto\" \/>\n<script type=\"application\/ld+json\" class=\"yoast-schema-graph\">{\"@context\":\"https:\/\/schema.org\",\"@graph\":[{\"@type\":\"Article\",\"@id\":\"https:\/\/portaltela.pt\/noticias\/2026\/02\/24\/mayulu-exigia-salario-superior-ao-de-joao-neves\/#article\",\"isPartOf\":{\"@id\":\"https:\/\/portaltela.pt\/noticias\/2026\/02\/24\/mayulu-exigia-salario-superior-ao-de-joao-neves\/\"},\"author\":{\"name\":\"Telinha\",\"@id\":\"https:\/\/portaltela.pt\/#\/schema\/person\/c4278d4a6028830caff9ee44b42d32ed\"},\"headline\":\"Mayulu exigia sal\u00e1rio superior ao de Jo\u00e3o Neves\",\"datePublished\":\"2026-02-24T20:43:34+00:00\",\"mainEntityOfPage\":{\"@id\":\"https:\/\/portaltela.pt\/noticias\/2026\/02\/24\/mayulu-exigia-salario-superior-ao-de-joao-neves\/\"},\"wordCount\":148,\"image\":{\"@id\":\"https:\/\/portaltela.pt\/noticias\/2026\/02\/24\/mayulu-exigia-salario-superior-ao-de-joao-neves\/#primaryimage\"},\"thumbnailUrl\":\"https:\/\/portaltela.pt\/s.01k8rhncp4jt1\/2026\/02\/img_920x518uu2026-02-24-20-43-06-2423505.jpg\",\"keywords\":[\"contratos\",\"futebol\",\"Jo\u00e3o Neves\",\"jovens\",\"negocia\u00e7\u00f5es\",\"Paris Saint-Germain\"],\"articleSection\":[\"Desporto\",\"Futebol\"],\"inLanguage\":\"pt-PT\"},{\"@type\":\"WebPage\",\"@id\":\"https:\/\/portaltela.pt\/noticias\/2026\/02\/24\/mayulu-exigia-salario-superior-ao-de-joao-neves\/\",\"url\":\"https:\/\/portaltela.pt\/noticias\/2026\/02\/24\/mayulu-exigia-salario-superior-ao-de-joao-neves\/\",\"name\":\"Mayulu exigia sal\u00e1rio superior ao de Jo\u00e3o Neves - Portal Tela Portugal\",\"isPartOf\":{\"@id\":\"https:\/\/portaltela.pt\/#website\"},\"primaryImageOfPage\":{\"@id\":\"https:\/\/portaltela.pt\/noticias\/2026\/02\/24\/mayulu-exigia-salario-superior-ao-de-joao-neves\/#primaryimage\"},\"image\":{\"@id\":\"https:\/\/portaltela.pt\/noticias\/2026\/02\/24\/mayulu-exigia-salario-superior-ao-de-joao-neves\/#primaryimage\"},\"thumbnailUrl\":\"https:\/\/portaltela.pt\/s.01k8rhncp4jt1\/2026\/02\/img_920x518uu2026-02-24-20-43-06-2423505.jpg\",\"datePublished\":\"2026-02-24T20:43:34+00:00\",\"author\":{\"@id\":\"https:\/\/portaltela.pt\/#\/schema\/person\/c4278d4a6028830caff9ee44b42d32ed\"},\"breadcrumb\":{\"@id\":\"https:\/\/portaltela.pt\/noticias\/2026\/02\/24\/mayulu-exigia-salario-superior-ao-de-joao-neves\/#breadcrumb\"},\"inLanguage\":\"pt-PT\",\"potentialAction\":[{\"@type\":\"ReadAction\",\"target\":[\"https:\/\/portaltela.pt\/noticias\/2026\/02\/24\/mayulu-exigia-salario-superior-ao-de-joao-neves\/\"]}]},{\"@type\":\"ImageObject\",\"inLanguage\":\"pt-PT\",\"@id\":\"https:\/\/portaltela.pt\/noticias\/2026\/02\/24\/mayulu-exigia-salario-superior-ao-de-joao-neves\/#primaryimage\",\"url\":\"https:\/\/portaltela.pt\/s.01k8rhncp4jt1\/2026\/02\/img_920x518uu2026-02-24-20-43-06-2423505.jpg\",\"contentUrl\":\"https:\/\/portaltela.pt\/s.01k8rhncp4jt1\/2026\/02\/img_920x518uu2026-02-24-20-43-06-2423505.jpg\",\"width\":796,\"height\":448,\"caption\":\"Mayulu em destaque\"},{\"@type\":\"BreadcrumbList\",\"@id\":\"https:\/\/portaltela.pt\/noticias\/2026\/02\/24\/mayulu-exigia-salario-superior-ao-de-joao-neves\/#breadcrumb\",\"itemListElement\":[{\"@type\":\"ListItem\",\"position\":1,\"name\":\"In\u00edcio\",\"item\":\"https:\/\/portaltela.pt\/\"},{\"@type\":\"ListItem\",\"position\":2,\"name\":\"Mayulu exigia sal\u00e1rio superior ao de Jo\u00e3o Neves\"}]},{\"@type\":\"WebSite\",\"@id\":\"https:\/\/portaltela.pt\/#website\",\"url\":\"https:\/\/portaltela.pt\/\",\"name\":\"Portal Tela Portugal\",\"description\":\"\",\"potentialAction\":[{\"@type\":\"SearchAction\",\"target\":{\"@type\":\"EntryPoint\",\"urlTemplate\":\"https:\/\/portaltela.pt\/?s={search_term_string}\"},\"query-input\":{\"@type\":\"PropertyValueSpecification\",\"valueRequired\":true,\"valueName\":\"search_term_string\"}}],\"inLanguage\":\"pt-PT\"},{\"@type\":\"Person\",\"@id\":\"https:\/\/portaltela.pt\/#\/schema\/person\/c4278d4a6028830caff9ee44b42d32ed\",\"name\":\"Telinha\",\"image\":{\"@type\":\"ImageObject\",\"inLanguage\":\"pt-PT\",\"@id\":\"https:\/\/portaltela.pt\/s.01k8rhncp4jt1\/2025\/11\/talking-bot-125x125.png\",\"url\":\"https:\/\/portaltela.pt\/s.01k8rhncp4jt1\/2025\/11\/talking-bot-125x125.png\",\"contentUrl\":\"https:\/\/portaltela.pt\/s.01k8rhncp4jt1\/2025\/11\/talking-bot-125x125.png\",\"caption\":\"Telinha\"},\"sameAs\":[\"https:\/\/portaltela.pt\/\"],\"url\":\"https:\/\/portaltela.pt\/por\/367410592786\/\"}]}<\/script>\n<!-- \/ Yoast SEO plugin. -->","yoast_head_json":{"title":"Mayulu exigia sal\u00e1rio superior ao de Jo\u00e3o Neves - Portal Tela Portugal","robots":{"index":"index","follow":"follow","max-snippet":"max-snippet:-1","max-image-preview":"max-image-preview:large","max-video-preview":"max-video-preview:-1"},"og_locale":"pt_PT","og_type":"article","og_title":"Mayulu exigia sal\u00e1rio superior ao de Jo\u00e3o Neves - Portal Tela Portugal","og_description":"O m\u00e9dio ofensivo Senny Mayulu, 19 anos, \u00e9 uma das promessas do Paris Saint\u2011Germain (PSG) e tem contrato at\u00e9 2027. O clube e o jogador reuniram\u2011se para ajustar o pr\u00f3ximo v\u00ednculo. As negocia\u00e7\u00f5es ru\u00edram devido a exig\u00eancias salariais consideradas exageradas pelos agentes de Mayulu. Os representantes teriam pedido um sal\u00e1rio superior ao de Jo\u00e3o Neves e de Warren Zaire\u2011Emery, atletas da equipa principal. O PSG prepara uma nova proposta de renova\u00e7\u00e3o de quatro anos, com valores mais moderados.","og_url":"https:\/\/portaltela.pt\/noticias\/2026\/02\/24\/mayulu-exigia-salario-superior-ao-de-joao-neves\/","og_site_name":"Portal Tela Portugal","article_published_time":"2026-02-24T20:43:34+00:00","author":"Telinha","twitter_card":"summary_large_image","twitter_misc":{"Escrito por":"Telinha","Tempo estimado de leitura":"1 minuto"},"schema":{"@context":"https:\/\/schema.org","@graph":[{"@type":"Article","@id":"https:\/\/portaltela.pt\/noticias\/2026\/02\/24\/mayulu-exigia-salario-superior-ao-de-joao-neves\/#article","isPartOf":{"@id":"https:\/\/portaltela.pt\/noticias\/2026\/02\/24\/mayulu-exigia-salario-superior-ao-de-joao-neves\/"},"author":{"name":"Telinha","@id":"https:\/\/portaltela.pt\/#\/schema\/person\/c4278d4a6028830caff9ee44b42d32ed"},"headline":"Mayulu exigia sal\u00e1rio superior ao de Jo\u00e3o Neves","datePublished":"2026-02-24T20:43:34+00:00","mainEntityOfPage":{"@id":"https:\/\/portaltela.pt\/noticias\/2026\/02\/24\/mayulu-exigia-salario-superior-ao-de-joao-neves\/"},"wordCount":148,"image":{"@id":"https:\/\/portaltela.pt\/noticias\/2026\/02\/24\/mayulu-exigia-salario-superior-ao-de-joao-neves\/#primaryimage"},"thumbnailUrl":"https:\/\/portaltela.pt\/s.01k8rhncp4jt1\/2026\/02\/img_920x518uu2026-02-24-20-43-06-2423505.jpg","keywords":["contratos","futebol","Jo\u00e3o Neves","jovens","negocia\u00e7\u00f5es","Paris Saint-Germain"],"articleSection":["Desporto","Futebol"],"inLanguage":"pt-PT"},{"@type":"WebPage","@id":"https:\/\/portaltela.pt\/noticias\/2026\/02\/24\/mayulu-exigia-salario-superior-ao-de-joao-neves\/","url":"https:\/\/portaltela.pt\/noticias\/2026\/02\/24\/mayulu-exigia-salario-superior-ao-de-joao-neves\/","name":"Mayulu exigia sal\u00e1rio superior ao de Jo\u00e3o Neves - Portal Tela Portugal","isPartOf":{"@id":"https:\/\/portaltela.pt\/#website"},"primaryImageOfPage":{"@id":"https:\/\/portaltela.pt\/noticias\/2026\/02\/24\/mayulu-exigia-salario-superior-ao-de-joao-neves\/#primaryimage"},"image":{"@id":"https:\/\/portaltela.pt\/noticias\/2026\/02\/24\/mayulu-exigia-salario-superior-ao-de-joao-neves\/#primaryimage"},"thumbnailUrl":"https:\/\/portaltela.pt\/s.01k8rhncp4jt1\/2026\/02\/img_920x518uu2026-02-24-20-43-06-2423505.jpg","datePublished":"2026-02-24T20:43:34+00:00","author":{"@id":"https:\/\/portaltela.pt\/#\/schema\/person\/c4278d4a6028830caff9ee44b42d32ed"},"breadcrumb":{"@id":"https:\/\/portaltela.pt\/noticias\/2026\/02\/24\/mayulu-exigia-salario-superior-ao-de-joao-neves\/#breadcrumb"},"inLanguage":"pt-PT","potentialAction":[{"@type":"ReadAction","target":["https:\/\/portaltela.pt\/noticias\/2026\/02\/24\/mayulu-exigia-salario-superior-ao-de-joao-neves\/"]}]},{"@type":"ImageObject","inLanguage":"pt-PT","@id":"https:\/\/portaltela.pt\/noticias\/2026\/02\/24\/mayulu-exigia-salario-superior-ao-de-joao-neves\/#primaryimage","url":"https:\/\/portaltela.pt\/s.01k8rhncp4jt1\/2026\/02\/img_920x518uu2026-02-24-20-43-06-2423505.jpg","contentUrl":"https:\/\/portaltela.pt\/s.01k8rhncp4jt1\/2026\/02\/img_920x518uu2026-02-24-20-43-06-2423505.jpg","width":796,"height":448,"caption":"Mayulu em destaque"},{"@type":"BreadcrumbList","@id":"https:\/\/portaltela.pt\/noticias\/2026\/02\/24\/mayulu-exigia-salario-superior-ao-de-joao-neves\/#breadcrumb","itemListElement":[{"@type":"ListItem","position":1,"name":"In\u00edcio","item":"https:\/\/portaltela.pt\/"},{"@type":"ListItem","position":2,"name":"Mayulu exigia sal\u00e1rio superior ao de Jo\u00e3o Neves"}]},{"@type":"WebSite","@id":"https:\/\/portaltela.pt\/#website","url":"https:\/\/portaltela.pt\/","name":"Portal Tela Portugal","description":"","potentialAction":[{"@type":"SearchAction","target":{"@type":"EntryPoint","urlTemplate":"https:\/\/portaltela.pt\/?s={search_term_string}"},"query-input":{"@type":"PropertyValueSpecification","valueRequired":true,"valueName":"search_term_string"}}],"inLanguage":"pt-PT"},{"@type":"Person","@id":"https:\/\/portaltela.pt\/#\/schema\/person\/c4278d4a6028830caff9ee44b42d32ed","name":"Telinha","image":{"@type":"ImageObject","inLanguage":"pt-PT","@id":"https:\/\/portaltela.pt\/s.01k8rhncp4jt1\/2025\/11\/talking-bot-125x125.png","url":"https:\/\/portaltela.pt\/s.01k8rhncp4jt1\/2025\/11\/talking-bot-125x125.png","contentUrl":"https:\/\/portaltela.pt\/s.01k8rhncp4jt1\/2025\/11\/talking-bot-125x125.png","caption":"Telinha"},"sameAs":["https:\/\/portaltela.pt\/"],"url":"https:\/\/portaltela.pt\/por\/367410592786\/"}]}},"_links":{"self":[{"href":"https:\/\/portaltela.pt\/api\/wp\/v2\/posts\/224921","targetHints":{"allow":["GET"]}}],"collection":[{"href":"https:\/\/portaltela.pt\/api\/wp\/v2\/posts"}],"about":[{"href":"https:\/\/portaltela.pt\/api\/wp\/v2\/types\/post"}],"author":[{"embeddable":true,"href":"https:\/\/portaltela.pt\/api\/wp\/v2\/users\/2"}],"replies":[{"embeddable":true,"href":"https:\/\/portaltela.pt\/api\/wp\/v2\/comments?post=224921"}],"version-history":[{"count":0,"href":"https:\/\/portaltela.pt\/api\/wp\/v2\/posts\/224921\/revisions"}],"wp:featuredmedia":[{"embeddable":true,"href":"https:\/\/portaltela.pt\/api\/wp\/v2\/media\/224923"}],"wp:attachment":[{"href":"https:\/\/portaltela.pt\/api\/wp\/v2\/media?parent=224921"}],"wp:term":[{"taxonomy":"category","embeddable":true,"href":"https:\/\/portaltela.pt\/api\/wp\/v2\/categories?post=224921"},{"taxonomy":"post_tag","embeddable":true,"href":"https:\/\/portaltela.pt\/api\/wp\/v2\/tags?post=224921"}],"curies":[{"name":"wp","href":"https:\/\/api.w.org\/{rel}","templated":true}]}}