{"id":224900,"date":"2026-02-24T17:16:00","date_gmt":"2026-02-24T20:16:00","guid":{"rendered":"https:\/\/portaltela.pt\/noticias\/2026\/02\/24\/banqueiros-defendem-se-no-parlamento-chamar-isto-de-cartel-e-exagero\/"},"modified":"2026-02-24T17:16:00","modified_gmt":"2026-02-24T20:16:00","slug":"banqueiros-defendem-se-no-parlamento-chamar-isto-de-cartel-e-exagero","status":"publish","type":"post","link":"https:\/\/portaltela.pt\/noticias\/2026\/02\/24\/banqueiros-defendem-se-no-parlamento-chamar-isto-de-cartel-e-exagero\/","title":{"rendered":"Banqueiros defendem-se no Parlamento: chamar isto de cartel \u00e9 exagero"},"content":{"rendered":"<p>A audi\u00eancia no Parlamento contou com representantes do sector banc\u00e1rio a responder a acusa\u00e7\u00f5es de pr\u00e1tica de cartel. Em debate p\u00fablico, os deputados questionaram a atua\u00e7\u00e3o de institui\u00e7\u00f5es financeiras associada a alegadas pr\u00e1ticas anticompetitivas.<\/p>\n<p>Manuel Ferreira Teixeira, atual presidente do conselho de administra\u00e7\u00e3o do Banco Montepio, esteve no audit\u00f3rio parlamentar em 2026. Embora tenha atuado no governo entre 2004-2005 e 2011-2015, apresentou-se como representante da banca para clarificar a situa\u00e7\u00e3o. Questionado sobre o alcance de um cartel, afirmou que a express\u00e3o \u00e9 um exagero.<\/p>\n<p>O banqueiro insistiu que n\u00e3o houve ilegalidade, embora reconhe\u00e7a que o comportamento n\u00e3o tenha sido o mais adequado. Os debates envolveram o papel de dirigentes e a avalia\u00e7\u00e3o de medidas adotadas pela banca ao longo dos anos.<\/p>\n<h3>Defesa da banca<\/h3>\n<p>Os partidos uniram-se para censurar os respons\u00e1veis pelas institui\u00e7\u00f5es sob a acusa\u00e7\u00e3o de cartel. O setor rejeitou a ideia de ter inundado os tribunais com recursos, mas garantiu que as pr\u00e1ticas identificadas foram ou est\u00e3o proibidas. A posi\u00e7\u00e3o visa esclarecer o que ocorreu, sem avan\u00e7os de opini\u00e3o.<\/p>\n","protected":false},"excerpt":{"rendered":"<ul>\n<li>Parlamentares censuram os respons\u00e1veis de bancos devido ao alegado \u201ccartel\u201d, considerando o tema um tema de fic\u00e7\u00e3o para a oposi\u00e7\u00e3o.<\/li>\n<li>Manuel Ferreira Teixeira, ex\u2011secret\u00e1rio de Estado do Or\u00e7amento, afirmou no Parlamento que chamar aquilo de cartel \u00e9 um exagero.<\/li>\n<li>Em 2026, j\u00e1 presidente do conselho de administra\u00e7\u00e3o do Banco Montepio, defendeu a atua\u00e7\u00e3o da banca em anos em que esteve no governo, n\u00e3o estando necessariamente envolvido na gest\u00e3o do banco na altura.<\/li>\n<li>Disse n\u00e3o haver ilegalidade, mas admitiu que o comportamento na altura n\u00e3o era adequado.<\/li>\n<li>O setor negou ter inundado tribunais com recursos e afirmou que as pr\u00e1ticas detectadas s\u00e3o, agora, proibidas.<\/li>\n<\/ul>\n","protected":false},"author":2,"featured_media":224902,"comment_status":"closed","ping_status":"closed","sticky":false,"template":"","format":"standard","meta":{"footnotes":""},"categories":[1],"tags":[2936,2207,28,2584,2832],"class_list":["post-224900","post","type-post","status-publish","format-standard","has-post-thumbnail","hentry","category-noticias","tag-carteis-internacionais","tag-concorrencia","tag-economia","tag-financas","tag-politica"],"yoast_head":"<!-- This site is optimized with the Yoast SEO plugin v27.2 - https:\/\/yoast.com\/product\/yoast-seo-wordpress\/ -->\n<title>Banqueiros defendem-se no Parlamento: chamar isto de cartel \u00e9 exagero - Portal Tela Portugal<\/title>\n<meta name=\"robots\" content=\"index, follow, max-snippet:-1, max-image-preview:large, max-video-preview:-1\" \/>\n<meta property=\"og:locale\" content=\"pt_PT\" \/>\n<meta property=\"og:type\" content=\"article\" \/>\n<meta property=\"og:title\" content=\"Banqueiros defendem-se no Parlamento: chamar isto de cartel \u00e9 exagero - Portal Tela Portugal\" \/>\n<meta property=\"og:description\" content=\"Parlamentares censuram os respons\u00e1veis de bancos devido ao alegado \u201ccartel\u201d, considerando o tema um tema de fic\u00e7\u00e3o para a oposi\u00e7\u00e3o. Manuel Ferreira Teixeira, ex\u2011secret\u00e1rio de Estado do Or\u00e7amento, afirmou no Parlamento que chamar aquilo de cartel \u00e9 um exagero. Em 2026, j\u00e1 presidente do conselho de administra\u00e7\u00e3o do Banco Montepio, defendeu a atua\u00e7\u00e3o da banca em anos em que esteve no governo, n\u00e3o estando necessariamente envolvido na gest\u00e3o do banco na altura. Disse n\u00e3o haver ilegalidade, mas admitiu que o comportamento na altura n\u00e3o era adequado. O setor negou ter inundado tribunais com recursos e afirmou que as pr\u00e1ticas detectadas s\u00e3o, agora, proibidas.\" \/>\n<meta property=\"og:url\" content=\"https:\/\/portaltela.pt\/noticias\/2026\/02\/24\/banqueiros-defendem-se-no-parlamento-chamar-isto-de-cartel-e-exagero\/\" \/>\n<meta property=\"og:site_name\" content=\"Portal Tela Portugal\" \/>\n<meta property=\"article:published_time\" content=\"2026-02-24T20:16:00+00:00\" \/>\n<meta name=\"author\" content=\"Telinha\" \/>\n<meta name=\"twitter:card\" content=\"summary_large_image\" \/>\n<meta name=\"twitter:label1\" content=\"Escrito por\" \/>\n\t<meta name=\"twitter:data1\" content=\"Telinha\" \/>\n\t<meta name=\"twitter:label2\" content=\"Tempo estimado de leitura\" \/>\n\t<meta name=\"twitter:data2\" content=\"1 minuto\" \/>\n<script type=\"application\/ld+json\" class=\"yoast-schema-graph\">{\"@context\":\"https:\/\/schema.org\",\"@graph\":[{\"@type\":\"Article\",\"@id\":\"https:\/\/portaltela.pt\/noticias\/2026\/02\/24\/banqueiros-defendem-se-no-parlamento-chamar-isto-de-cartel-e-exagero\/#article\",\"isPartOf\":{\"@id\":\"https:\/\/portaltela.pt\/noticias\/2026\/02\/24\/banqueiros-defendem-se-no-parlamento-chamar-isto-de-cartel-e-exagero\/\"},\"author\":{\"name\":\"Telinha\",\"@id\":\"https:\/\/portaltela.pt\/#\/schema\/person\/c4278d4a6028830caff9ee44b42d32ed\"},\"headline\":\"Banqueiros defendem-se no Parlamento: chamar isto de cartel \u00e9 exagero\",\"datePublished\":\"2026-02-24T20:16:00+00:00\",\"mainEntityOfPage\":{\"@id\":\"https:\/\/portaltela.pt\/noticias\/2026\/02\/24\/banqueiros-defendem-se-no-parlamento-chamar-isto-de-cartel-e-exagero\/\"},\"wordCount\":202,\"image\":{\"@id\":\"https:\/\/portaltela.pt\/noticias\/2026\/02\/24\/banqueiros-defendem-se-no-parlamento-chamar-isto-de-cartel-e-exagero\/#primaryimage\"},\"thumbnailUrl\":\"https:\/\/portaltela.pt\/s.01k8rhncp4jt1\/2026\/02\/2069483.jpg\",\"keywords\":[\"cart\u00e9is internacionais\",\"concorr\u00eancia\",\"economia\",\"finan\u00e7as\",\"pol\u00edtica\"],\"articleSection\":[\"Not\u00edcias\"],\"inLanguage\":\"pt-PT\"},{\"@type\":\"WebPage\",\"@id\":\"https:\/\/portaltela.pt\/noticias\/2026\/02\/24\/banqueiros-defendem-se-no-parlamento-chamar-isto-de-cartel-e-exagero\/\",\"url\":\"https:\/\/portaltela.pt\/noticias\/2026\/02\/24\/banqueiros-defendem-se-no-parlamento-chamar-isto-de-cartel-e-exagero\/\",\"name\":\"Banqueiros defendem-se no Parlamento: chamar isto de cartel \u00e9 exagero - Portal Tela Portugal\",\"isPartOf\":{\"@id\":\"https:\/\/portaltela.pt\/#website\"},\"primaryImageOfPage\":{\"@id\":\"https:\/\/portaltela.pt\/noticias\/2026\/02\/24\/banqueiros-defendem-se-no-parlamento-chamar-isto-de-cartel-e-exagero\/#primaryimage\"},\"image\":{\"@id\":\"https:\/\/portaltela.pt\/noticias\/2026\/02\/24\/banqueiros-defendem-se-no-parlamento-chamar-isto-de-cartel-e-exagero\/#primaryimage\"},\"thumbnailUrl\":\"https:\/\/portaltela.pt\/s.01k8rhncp4jt1\/2026\/02\/2069483.jpg\",\"datePublished\":\"2026-02-24T20:16:00+00:00\",\"author\":{\"@id\":\"https:\/\/portaltela.pt\/#\/schema\/person\/c4278d4a6028830caff9ee44b42d32ed\"},\"breadcrumb\":{\"@id\":\"https:\/\/portaltela.pt\/noticias\/2026\/02\/24\/banqueiros-defendem-se-no-parlamento-chamar-isto-de-cartel-e-exagero\/#breadcrumb\"},\"inLanguage\":\"pt-PT\",\"potentialAction\":[{\"@type\":\"ReadAction\",\"target\":[\"https:\/\/portaltela.pt\/noticias\/2026\/02\/24\/banqueiros-defendem-se-no-parlamento-chamar-isto-de-cartel-e-exagero\/\"]}]},{\"@type\":\"ImageObject\",\"inLanguage\":\"pt-PT\",\"@id\":\"https:\/\/portaltela.pt\/noticias\/2026\/02\/24\/banqueiros-defendem-se-no-parlamento-chamar-isto-de-cartel-e-exagero\/#primaryimage\",\"url\":\"https:\/\/portaltela.pt\/s.01k8rhncp4jt1\/2026\/02\/2069483.jpg\",\"contentUrl\":\"https:\/\/portaltela.pt\/s.01k8rhncp4jt1\/2026\/02\/2069483.jpg\",\"width\":796,\"height\":448,\"caption\":\"Cr\u00e9dito Agr\u00edcola foi um dos bancos condenados pela Concorr\u00eancia que acabou sem pagar coima devido \u00e0 prescri\u00e7\u00e3o dos factos\"},{\"@type\":\"BreadcrumbList\",\"@id\":\"https:\/\/portaltela.pt\/noticias\/2026\/02\/24\/banqueiros-defendem-se-no-parlamento-chamar-isto-de-cartel-e-exagero\/#breadcrumb\",\"itemListElement\":[{\"@type\":\"ListItem\",\"position\":1,\"name\":\"In\u00edcio\",\"item\":\"https:\/\/portaltela.pt\/\"},{\"@type\":\"ListItem\",\"position\":2,\"name\":\"Banqueiros defendem-se no Parlamento: chamar isto de cartel \u00e9 exagero\"}]},{\"@type\":\"WebSite\",\"@id\":\"https:\/\/portaltela.pt\/#website\",\"url\":\"https:\/\/portaltela.pt\/\",\"name\":\"Portal Tela Portugal\",\"description\":\"\",\"potentialAction\":[{\"@type\":\"SearchAction\",\"target\":{\"@type\":\"EntryPoint\",\"urlTemplate\":\"https:\/\/portaltela.pt\/?s={search_term_string}\"},\"query-input\":{\"@type\":\"PropertyValueSpecification\",\"valueRequired\":true,\"valueName\":\"search_term_string\"}}],\"inLanguage\":\"pt-PT\"},{\"@type\":\"Person\",\"@id\":\"https:\/\/portaltela.pt\/#\/schema\/person\/c4278d4a6028830caff9ee44b42d32ed\",\"name\":\"Telinha\",\"image\":{\"@type\":\"ImageObject\",\"inLanguage\":\"pt-PT\",\"@id\":\"https:\/\/portaltela.pt\/s.01k8rhncp4jt1\/2025\/11\/talking-bot-125x125.png\",\"url\":\"https:\/\/portaltela.pt\/s.01k8rhncp4jt1\/2025\/11\/talking-bot-125x125.png\",\"contentUrl\":\"https:\/\/portaltela.pt\/s.01k8rhncp4jt1\/2025\/11\/talking-bot-125x125.png\",\"caption\":\"Telinha\"},\"sameAs\":[\"https:\/\/portaltela.pt\/\"],\"url\":\"https:\/\/portaltela.pt\/por\/367410592786\/\"}]}<\/script>\n<!-- \/ Yoast SEO plugin. -->","yoast_head_json":{"title":"Banqueiros defendem-se no Parlamento: chamar isto de cartel \u00e9 exagero - Portal Tela Portugal","robots":{"index":"index","follow":"follow","max-snippet":"max-snippet:-1","max-image-preview":"max-image-preview:large","max-video-preview":"max-video-preview:-1"},"og_locale":"pt_PT","og_type":"article","og_title":"Banqueiros defendem-se no Parlamento: chamar isto de cartel \u00e9 exagero - Portal Tela Portugal","og_description":"Parlamentares censuram os respons\u00e1veis de bancos devido ao alegado \u201ccartel\u201d, considerando o tema um tema de fic\u00e7\u00e3o para a oposi\u00e7\u00e3o. Manuel Ferreira Teixeira, ex\u2011secret\u00e1rio de Estado do Or\u00e7amento, afirmou no Parlamento que chamar aquilo de cartel \u00e9 um exagero. Em 2026, j\u00e1 presidente do conselho de administra\u00e7\u00e3o do Banco Montepio, defendeu a atua\u00e7\u00e3o da banca em anos em que esteve no governo, n\u00e3o estando necessariamente envolvido na gest\u00e3o do banco na altura. Disse n\u00e3o haver ilegalidade, mas admitiu que o comportamento na altura n\u00e3o era adequado. O setor negou ter inundado tribunais com recursos e afirmou que as pr\u00e1ticas detectadas s\u00e3o, agora, proibidas.","og_url":"https:\/\/portaltela.pt\/noticias\/2026\/02\/24\/banqueiros-defendem-se-no-parlamento-chamar-isto-de-cartel-e-exagero\/","og_site_name":"Portal Tela Portugal","article_published_time":"2026-02-24T20:16:00+00:00","author":"Telinha","twitter_card":"summary_large_image","twitter_misc":{"Escrito por":"Telinha","Tempo estimado de leitura":"1 minuto"},"schema":{"@context":"https:\/\/schema.org","@graph":[{"@type":"Article","@id":"https:\/\/portaltela.pt\/noticias\/2026\/02\/24\/banqueiros-defendem-se-no-parlamento-chamar-isto-de-cartel-e-exagero\/#article","isPartOf":{"@id":"https:\/\/portaltela.pt\/noticias\/2026\/02\/24\/banqueiros-defendem-se-no-parlamento-chamar-isto-de-cartel-e-exagero\/"},"author":{"name":"Telinha","@id":"https:\/\/portaltela.pt\/#\/schema\/person\/c4278d4a6028830caff9ee44b42d32ed"},"headline":"Banqueiros defendem-se no Parlamento: chamar isto de cartel \u00e9 exagero","datePublished":"2026-02-24T20:16:00+00:00","mainEntityOfPage":{"@id":"https:\/\/portaltela.pt\/noticias\/2026\/02\/24\/banqueiros-defendem-se-no-parlamento-chamar-isto-de-cartel-e-exagero\/"},"wordCount":202,"image":{"@id":"https:\/\/portaltela.pt\/noticias\/2026\/02\/24\/banqueiros-defendem-se-no-parlamento-chamar-isto-de-cartel-e-exagero\/#primaryimage"},"thumbnailUrl":"https:\/\/portaltela.pt\/s.01k8rhncp4jt1\/2026\/02\/2069483.jpg","keywords":["cart\u00e9is internacionais","concorr\u00eancia","economia","finan\u00e7as","pol\u00edtica"],"articleSection":["Not\u00edcias"],"inLanguage":"pt-PT"},{"@type":"WebPage","@id":"https:\/\/portaltela.pt\/noticias\/2026\/02\/24\/banqueiros-defendem-se-no-parlamento-chamar-isto-de-cartel-e-exagero\/","url":"https:\/\/portaltela.pt\/noticias\/2026\/02\/24\/banqueiros-defendem-se-no-parlamento-chamar-isto-de-cartel-e-exagero\/","name":"Banqueiros defendem-se no Parlamento: chamar isto de cartel \u00e9 exagero - Portal Tela Portugal","isPartOf":{"@id":"https:\/\/portaltela.pt\/#website"},"primaryImageOfPage":{"@id":"https:\/\/portaltela.pt\/noticias\/2026\/02\/24\/banqueiros-defendem-se-no-parlamento-chamar-isto-de-cartel-e-exagero\/#primaryimage"},"image":{"@id":"https:\/\/portaltela.pt\/noticias\/2026\/02\/24\/banqueiros-defendem-se-no-parlamento-chamar-isto-de-cartel-e-exagero\/#primaryimage"},"thumbnailUrl":"https:\/\/portaltela.pt\/s.01k8rhncp4jt1\/2026\/02\/2069483.jpg","datePublished":"2026-02-24T20:16:00+00:00","author":{"@id":"https:\/\/portaltela.pt\/#\/schema\/person\/c4278d4a6028830caff9ee44b42d32ed"},"breadcrumb":{"@id":"https:\/\/portaltela.pt\/noticias\/2026\/02\/24\/banqueiros-defendem-se-no-parlamento-chamar-isto-de-cartel-e-exagero\/#breadcrumb"},"inLanguage":"pt-PT","potentialAction":[{"@type":"ReadAction","target":["https:\/\/portaltela.pt\/noticias\/2026\/02\/24\/banqueiros-defendem-se-no-parlamento-chamar-isto-de-cartel-e-exagero\/"]}]},{"@type":"ImageObject","inLanguage":"pt-PT","@id":"https:\/\/portaltela.pt\/noticias\/2026\/02\/24\/banqueiros-defendem-se-no-parlamento-chamar-isto-de-cartel-e-exagero\/#primaryimage","url":"https:\/\/portaltela.pt\/s.01k8rhncp4jt1\/2026\/02\/2069483.jpg","contentUrl":"https:\/\/portaltela.pt\/s.01k8rhncp4jt1\/2026\/02\/2069483.jpg","width":796,"height":448,"caption":"Cr\u00e9dito Agr\u00edcola foi um dos bancos condenados pela Concorr\u00eancia que acabou sem pagar coima devido \u00e0 prescri\u00e7\u00e3o dos factos"},{"@type":"BreadcrumbList","@id":"https:\/\/portaltela.pt\/noticias\/2026\/02\/24\/banqueiros-defendem-se-no-parlamento-chamar-isto-de-cartel-e-exagero\/#breadcrumb","itemListElement":[{"@type":"ListItem","position":1,"name":"In\u00edcio","item":"https:\/\/portaltela.pt\/"},{"@type":"ListItem","position":2,"name":"Banqueiros defendem-se no Parlamento: chamar isto de cartel \u00e9 exagero"}]},{"@type":"WebSite","@id":"https:\/\/portaltela.pt\/#website","url":"https:\/\/portaltela.pt\/","name":"Portal Tela Portugal","description":"","potentialAction":[{"@type":"SearchAction","target":{"@type":"EntryPoint","urlTemplate":"https:\/\/portaltela.pt\/?s={search_term_string}"},"query-input":{"@type":"PropertyValueSpecification","valueRequired":true,"valueName":"search_term_string"}}],"inLanguage":"pt-PT"},{"@type":"Person","@id":"https:\/\/portaltela.pt\/#\/schema\/person\/c4278d4a6028830caff9ee44b42d32ed","name":"Telinha","image":{"@type":"ImageObject","inLanguage":"pt-PT","@id":"https:\/\/portaltela.pt\/s.01k8rhncp4jt1\/2025\/11\/talking-bot-125x125.png","url":"https:\/\/portaltela.pt\/s.01k8rhncp4jt1\/2025\/11\/talking-bot-125x125.png","contentUrl":"https:\/\/portaltela.pt\/s.01k8rhncp4jt1\/2025\/11\/talking-bot-125x125.png","caption":"Telinha"},"sameAs":["https:\/\/portaltela.pt\/"],"url":"https:\/\/portaltela.pt\/por\/367410592786\/"}]}},"_links":{"self":[{"href":"https:\/\/portaltela.pt\/api\/wp\/v2\/posts\/224900","targetHints":{"allow":["GET"]}}],"collection":[{"href":"https:\/\/portaltela.pt\/api\/wp\/v2\/posts"}],"about":[{"href":"https:\/\/portaltela.pt\/api\/wp\/v2\/types\/post"}],"author":[{"embeddable":true,"href":"https:\/\/portaltela.pt\/api\/wp\/v2\/users\/2"}],"replies":[{"embeddable":true,"href":"https:\/\/portaltela.pt\/api\/wp\/v2\/comments?post=224900"}],"version-history":[{"count":0,"href":"https:\/\/portaltela.pt\/api\/wp\/v2\/posts\/224900\/revisions"}],"wp:featuredmedia":[{"embeddable":true,"href":"https:\/\/portaltela.pt\/api\/wp\/v2\/media\/224902"}],"wp:attachment":[{"href":"https:\/\/portaltela.pt\/api\/wp\/v2\/media?parent=224900"}],"wp:term":[{"taxonomy":"category","embeddable":true,"href":"https:\/\/portaltela.pt\/api\/wp\/v2\/categories?post=224900"},{"taxonomy":"post_tag","embeddable":true,"href":"https:\/\/portaltela.pt\/api\/wp\/v2\/tags?post=224900"}],"curies":[{"name":"wp","href":"https:\/\/api.w.org\/{rel}","templated":true}]}}