{"id":224889,"date":"2026-02-24T17:15:00","date_gmt":"2026-02-24T20:15:00","guid":{"rendered":"https:\/\/portaltela.pt\/noticias\/2026\/02\/24\/buffon-ao-lado-de-di-gregorio-fases-da-carreira-acontecem-a-todos\/"},"modified":"2026-02-24T17:15:00","modified_gmt":"2026-02-24T20:15:00","slug":"buffon-ao-lado-de-di-gregorio-fases-da-carreira-acontecem-a-todos","status":"publish","type":"post","link":"https:\/\/portaltela.pt\/desporto\/futebol\/2026\/02\/24\/buffon-ao-lado-de-di-gregorio-fases-da-carreira-acontecem-a-todos\/","title":{"rendered":"Buffon ao lado de Di Gregorio: fases da carreira acontecem a todos"},"content":{"rendered":"<p>Buffon esteve no podcast La Tripletta, da Gazetta dello Sport, onde tratou de temas relacionados com a Juventus. O antigo guarda-redes comentou diretamente as presta\u00e7\u00f5es de Di Gregorio, atual guardi\u00e3o do conjunto bianconero.<\/p>\n<p>O FIFA mundial elogiou a surpresa positiva da temporada passada, destacando que Di Gregorio teve papel decisivo na qualifica\u00e7\u00e3o para a Liga dos Campe\u00f5es. Atualmente, Buffon reconhece que a situa\u00e7\u00e3o n\u00e3o est\u00e1 ideal, mas aponta que fases de menor rendimento acontecem a todos os guarda-redes.<\/p>\n<p>Para o ex-craque, o apoio \u00e9 fundamental: \u00e9 necess\u00e1rio confiar no pr\u00f3prio jogador, no treinador e no ambiente. A solu\u00e7\u00e3o passa pela uni\u00e3o do grupo, di\u00e1logo constante e pela busca da melhor forma de resolver os obst\u00e1culos, sem perder a serenidade.<\/p>\n<p>Buffon refor\u00e7ou que momentos menos bons podem requerer pausa para recarregar energias, mantendo a clareza para enfrentar os desafios seguintes. O guardi\u00e3o recorda ainda situa\u00e7\u00f5es semelhantes vividas na Juventus, destacando a import\u00e2ncia de manter a confian\u00e7a coletiva.<\/p>\n","protected":false},"excerpt":{"rendered":"<ul>\n<li>Gianluigi Buffon participou no podcast \u2018La Tripletta\u2019, da Gazzetta dello Sport, a abordar temas sobre a Juventus.<\/li>\n<li>Questionado sobre Di Gregorio, Buffon afirmou que foi uma excelente surpresa no ano passado e decisivo para a qualifica\u00e7\u00e3o para a Liga dos Campe\u00f5es.<\/li>\n<li>Refor\u00e7ou que, neste momento, as coisas n\u00e3o est\u00e3o a correr da melhor forma, mas salientou que estas fases acontecem a todos os guarda-redes.<\/li>\n<li>Encorajou o guarda-redes a apoiar-se em si, no treinador e no pr\u00f3prio ambiente, mantendo a uni\u00e3o, a comunica\u00e7\u00e3o e a procura da melhor forma de resolver as situa\u00e7\u00f5es.<\/li>\n<li>Concluiu que descansar um dia n\u00e3o significa rejei\u00e7\u00e3o permanente e pode ajudar a recuperar clarivid\u00eancia; Buffon elogiou Di Gregorio e lembrou momentos vividos na Juventus.<\/li>\n<\/ul>\n","protected":false},"author":2,"featured_media":224896,"comment_status":"closed","ping_status":"closed","sticky":false,"template":"","format":"standard","meta":{"footnotes":""},"categories":[21,24],"tags":[6342,3577,152,32,3338,1786],"class_list":["post-224889","post","type-post","status-publish","format-standard","has-post-thumbnail","hentry","category-desporto","category-futebol","tag-campeonatos-internacionais","tag-champions-league","tag-desporto","tag-futebol","tag-futebol-internacional","tag-liga"],"yoast_head":"<!-- This site is optimized with the Yoast SEO plugin v27.2 - https:\/\/yoast.com\/product\/yoast-seo-wordpress\/ -->\n<title>Buffon ao lado de Di Gregorio: fases da carreira acontecem a todos - Portal Tela Portugal<\/title>\n<meta name=\"robots\" content=\"index, follow, max-snippet:-1, max-image-preview:large, max-video-preview:-1\" \/>\n<meta property=\"og:locale\" content=\"pt_PT\" \/>\n<meta property=\"og:type\" content=\"article\" \/>\n<meta property=\"og:title\" content=\"Buffon ao lado de Di Gregorio: fases da carreira acontecem a todos - Portal Tela Portugal\" \/>\n<meta property=\"og:description\" content=\"Gianluigi Buffon participou no podcast \u2018La Tripletta\u2019, da Gazzetta dello Sport, a abordar temas sobre a Juventus. Questionado sobre Di Gregorio, Buffon afirmou que foi uma excelente surpresa no ano passado e decisivo para a qualifica\u00e7\u00e3o para a Liga dos Campe\u00f5es. Refor\u00e7ou que, neste momento, as coisas n\u00e3o est\u00e3o a correr da melhor forma, mas salientou que estas fases acontecem a todos os guarda-redes. Encorajou o guarda-redes a apoiar-se em si, no treinador e no pr\u00f3prio ambiente, mantendo a uni\u00e3o, a comunica\u00e7\u00e3o e a procura da melhor forma de resolver as situa\u00e7\u00f5es. Concluiu que descansar um dia n\u00e3o significa rejei\u00e7\u00e3o permanente e pode ajudar a recuperar clarivid\u00eancia; Buffon elogiou Di Gregorio e lembrou momentos vividos na Juventus.\" \/>\n<meta property=\"og:url\" content=\"https:\/\/portaltela.pt\/noticias\/2026\/02\/24\/buffon-ao-lado-de-di-gregorio-fases-da-carreira-acontecem-a-todos\/\" \/>\n<meta property=\"og:site_name\" content=\"Portal Tela Portugal\" \/>\n<meta property=\"article:published_time\" content=\"2026-02-24T20:15:00+00:00\" \/>\n<meta name=\"author\" content=\"Telinha\" \/>\n<meta name=\"twitter:card\" content=\"summary_large_image\" \/>\n<meta name=\"twitter:label1\" content=\"Escrito por\" \/>\n\t<meta name=\"twitter:data1\" content=\"Telinha\" \/>\n\t<meta name=\"twitter:label2\" content=\"Tempo estimado de leitura\" \/>\n\t<meta name=\"twitter:data2\" content=\"1 minuto\" \/>\n<script type=\"application\/ld+json\" class=\"yoast-schema-graph\">{\"@context\":\"https:\/\/schema.org\",\"@graph\":[{\"@type\":\"Article\",\"@id\":\"https:\/\/portaltela.pt\/noticias\/2026\/02\/24\/buffon-ao-lado-de-di-gregorio-fases-da-carreira-acontecem-a-todos\/#article\",\"isPartOf\":{\"@id\":\"https:\/\/portaltela.pt\/noticias\/2026\/02\/24\/buffon-ao-lado-de-di-gregorio-fases-da-carreira-acontecem-a-todos\/\"},\"author\":{\"name\":\"Telinha\",\"@id\":\"https:\/\/portaltela.pt\/#\/schema\/person\/c4278d4a6028830caff9ee44b42d32ed\"},\"headline\":\"Buffon ao lado de Di Gregorio: fases da carreira acontecem a todos\",\"datePublished\":\"2026-02-24T20:15:00+00:00\",\"mainEntityOfPage\":{\"@id\":\"https:\/\/portaltela.pt\/noticias\/2026\/02\/24\/buffon-ao-lado-de-di-gregorio-fases-da-carreira-acontecem-a-todos\/\"},\"wordCount\":183,\"image\":{\"@id\":\"https:\/\/portaltela.pt\/noticias\/2026\/02\/24\/buffon-ao-lado-de-di-gregorio-fases-da-carreira-acontecem-a-todos\/#primaryimage\"},\"thumbnailUrl\":\"https:\/\/portaltela.pt\/s.01k8rhncp4jt1\/2026\/02\/img_920x518uu2026-02-24-20-13-27-2423499.jpg\",\"keywords\":[\"campeonatos internacionais\",\"Champions League\",\"desporto\",\"futebol\",\"futebol internacional\",\"Liga\"],\"articleSection\":[\"Desporto\",\"Futebol\"],\"inLanguage\":\"pt-PT\"},{\"@type\":\"WebPage\",\"@id\":\"https:\/\/portaltela.pt\/noticias\/2026\/02\/24\/buffon-ao-lado-de-di-gregorio-fases-da-carreira-acontecem-a-todos\/\",\"url\":\"https:\/\/portaltela.pt\/noticias\/2026\/02\/24\/buffon-ao-lado-de-di-gregorio-fases-da-carreira-acontecem-a-todos\/\",\"name\":\"Buffon ao lado de Di Gregorio: fases da carreira acontecem a todos - Portal Tela Portugal\",\"isPartOf\":{\"@id\":\"https:\/\/portaltela.pt\/#website\"},\"primaryImageOfPage\":{\"@id\":\"https:\/\/portaltela.pt\/noticias\/2026\/02\/24\/buffon-ao-lado-de-di-gregorio-fases-da-carreira-acontecem-a-todos\/#primaryimage\"},\"image\":{\"@id\":\"https:\/\/portaltela.pt\/noticias\/2026\/02\/24\/buffon-ao-lado-de-di-gregorio-fases-da-carreira-acontecem-a-todos\/#primaryimage\"},\"thumbnailUrl\":\"https:\/\/portaltela.pt\/s.01k8rhncp4jt1\/2026\/02\/img_920x518uu2026-02-24-20-13-27-2423499.jpg\",\"datePublished\":\"2026-02-24T20:15:00+00:00\",\"author\":{\"@id\":\"https:\/\/portaltela.pt\/#\/schema\/person\/c4278d4a6028830caff9ee44b42d32ed\"},\"breadcrumb\":{\"@id\":\"https:\/\/portaltela.pt\/noticias\/2026\/02\/24\/buffon-ao-lado-de-di-gregorio-fases-da-carreira-acontecem-a-todos\/#breadcrumb\"},\"inLanguage\":\"pt-PT\",\"potentialAction\":[{\"@type\":\"ReadAction\",\"target\":[\"https:\/\/portaltela.pt\/noticias\/2026\/02\/24\/buffon-ao-lado-de-di-gregorio-fases-da-carreira-acontecem-a-todos\/\"]}]},{\"@type\":\"ImageObject\",\"inLanguage\":\"pt-PT\",\"@id\":\"https:\/\/portaltela.pt\/noticias\/2026\/02\/24\/buffon-ao-lado-de-di-gregorio-fases-da-carreira-acontecem-a-todos\/#primaryimage\",\"url\":\"https:\/\/portaltela.pt\/s.01k8rhncp4jt1\/2026\/02\/img_920x518uu2026-02-24-20-13-27-2423499.jpg\",\"contentUrl\":\"https:\/\/portaltela.pt\/s.01k8rhncp4jt1\/2026\/02\/img_920x518uu2026-02-24-20-13-27-2423499.jpg\",\"width\":796,\"height\":448,\"caption\":\"Buffon elogia Di Gregorio e recorda momentos comuns na Juventus.\"},{\"@type\":\"BreadcrumbList\",\"@id\":\"https:\/\/portaltela.pt\/noticias\/2026\/02\/24\/buffon-ao-lado-de-di-gregorio-fases-da-carreira-acontecem-a-todos\/#breadcrumb\",\"itemListElement\":[{\"@type\":\"ListItem\",\"position\":1,\"name\":\"In\u00edcio\",\"item\":\"https:\/\/portaltela.pt\/\"},{\"@type\":\"ListItem\",\"position\":2,\"name\":\"Buffon ao lado de Di Gregorio: fases da carreira acontecem a todos\"}]},{\"@type\":\"WebSite\",\"@id\":\"https:\/\/portaltela.pt\/#website\",\"url\":\"https:\/\/portaltela.pt\/\",\"name\":\"Portal Tela Portugal\",\"description\":\"\",\"potentialAction\":[{\"@type\":\"SearchAction\",\"target\":{\"@type\":\"EntryPoint\",\"urlTemplate\":\"https:\/\/portaltela.pt\/?s={search_term_string}\"},\"query-input\":{\"@type\":\"PropertyValueSpecification\",\"valueRequired\":true,\"valueName\":\"search_term_string\"}}],\"inLanguage\":\"pt-PT\"},{\"@type\":\"Person\",\"@id\":\"https:\/\/portaltela.pt\/#\/schema\/person\/c4278d4a6028830caff9ee44b42d32ed\",\"name\":\"Telinha\",\"image\":{\"@type\":\"ImageObject\",\"inLanguage\":\"pt-PT\",\"@id\":\"https:\/\/portaltela.pt\/s.01k8rhncp4jt1\/2025\/11\/talking-bot-125x125.png\",\"url\":\"https:\/\/portaltela.pt\/s.01k8rhncp4jt1\/2025\/11\/talking-bot-125x125.png\",\"contentUrl\":\"https:\/\/portaltela.pt\/s.01k8rhncp4jt1\/2025\/11\/talking-bot-125x125.png\",\"caption\":\"Telinha\"},\"sameAs\":[\"https:\/\/portaltela.pt\/\"],\"url\":\"https:\/\/portaltela.pt\/por\/367410592786\/\"}]}<\/script>\n<!-- \/ Yoast SEO plugin. -->","yoast_head_json":{"title":"Buffon ao lado de Di Gregorio: fases da carreira acontecem a todos - Portal Tela Portugal","robots":{"index":"index","follow":"follow","max-snippet":"max-snippet:-1","max-image-preview":"max-image-preview:large","max-video-preview":"max-video-preview:-1"},"og_locale":"pt_PT","og_type":"article","og_title":"Buffon ao lado de Di Gregorio: fases da carreira acontecem a todos - Portal Tela Portugal","og_description":"Gianluigi Buffon participou no podcast \u2018La Tripletta\u2019, da Gazzetta dello Sport, a abordar temas sobre a Juventus. Questionado sobre Di Gregorio, Buffon afirmou que foi uma excelente surpresa no ano passado e decisivo para a qualifica\u00e7\u00e3o para a Liga dos Campe\u00f5es. Refor\u00e7ou que, neste momento, as coisas n\u00e3o est\u00e3o a correr da melhor forma, mas salientou que estas fases acontecem a todos os guarda-redes. Encorajou o guarda-redes a apoiar-se em si, no treinador e no pr\u00f3prio ambiente, mantendo a uni\u00e3o, a comunica\u00e7\u00e3o e a procura da melhor forma de resolver as situa\u00e7\u00f5es. Concluiu que descansar um dia n\u00e3o significa rejei\u00e7\u00e3o permanente e pode ajudar a recuperar clarivid\u00eancia; Buffon elogiou Di Gregorio e lembrou momentos vividos na Juventus.","og_url":"https:\/\/portaltela.pt\/noticias\/2026\/02\/24\/buffon-ao-lado-de-di-gregorio-fases-da-carreira-acontecem-a-todos\/","og_site_name":"Portal Tela Portugal","article_published_time":"2026-02-24T20:15:00+00:00","author":"Telinha","twitter_card":"summary_large_image","twitter_misc":{"Escrito por":"Telinha","Tempo estimado de leitura":"1 minuto"},"schema":{"@context":"https:\/\/schema.org","@graph":[{"@type":"Article","@id":"https:\/\/portaltela.pt\/noticias\/2026\/02\/24\/buffon-ao-lado-de-di-gregorio-fases-da-carreira-acontecem-a-todos\/#article","isPartOf":{"@id":"https:\/\/portaltela.pt\/noticias\/2026\/02\/24\/buffon-ao-lado-de-di-gregorio-fases-da-carreira-acontecem-a-todos\/"},"author":{"name":"Telinha","@id":"https:\/\/portaltela.pt\/#\/schema\/person\/c4278d4a6028830caff9ee44b42d32ed"},"headline":"Buffon ao lado de Di Gregorio: fases da carreira acontecem a todos","datePublished":"2026-02-24T20:15:00+00:00","mainEntityOfPage":{"@id":"https:\/\/portaltela.pt\/noticias\/2026\/02\/24\/buffon-ao-lado-de-di-gregorio-fases-da-carreira-acontecem-a-todos\/"},"wordCount":183,"image":{"@id":"https:\/\/portaltela.pt\/noticias\/2026\/02\/24\/buffon-ao-lado-de-di-gregorio-fases-da-carreira-acontecem-a-todos\/#primaryimage"},"thumbnailUrl":"https:\/\/portaltela.pt\/s.01k8rhncp4jt1\/2026\/02\/img_920x518uu2026-02-24-20-13-27-2423499.jpg","keywords":["campeonatos internacionais","Champions League","desporto","futebol","futebol internacional","Liga"],"articleSection":["Desporto","Futebol"],"inLanguage":"pt-PT"},{"@type":"WebPage","@id":"https:\/\/portaltela.pt\/noticias\/2026\/02\/24\/buffon-ao-lado-de-di-gregorio-fases-da-carreira-acontecem-a-todos\/","url":"https:\/\/portaltela.pt\/noticias\/2026\/02\/24\/buffon-ao-lado-de-di-gregorio-fases-da-carreira-acontecem-a-todos\/","name":"Buffon ao lado de Di Gregorio: fases da carreira acontecem a todos - Portal Tela Portugal","isPartOf":{"@id":"https:\/\/portaltela.pt\/#website"},"primaryImageOfPage":{"@id":"https:\/\/portaltela.pt\/noticias\/2026\/02\/24\/buffon-ao-lado-de-di-gregorio-fases-da-carreira-acontecem-a-todos\/#primaryimage"},"image":{"@id":"https:\/\/portaltela.pt\/noticias\/2026\/02\/24\/buffon-ao-lado-de-di-gregorio-fases-da-carreira-acontecem-a-todos\/#primaryimage"},"thumbnailUrl":"https:\/\/portaltela.pt\/s.01k8rhncp4jt1\/2026\/02\/img_920x518uu2026-02-24-20-13-27-2423499.jpg","datePublished":"2026-02-24T20:15:00+00:00","author":{"@id":"https:\/\/portaltela.pt\/#\/schema\/person\/c4278d4a6028830caff9ee44b42d32ed"},"breadcrumb":{"@id":"https:\/\/portaltela.pt\/noticias\/2026\/02\/24\/buffon-ao-lado-de-di-gregorio-fases-da-carreira-acontecem-a-todos\/#breadcrumb"},"inLanguage":"pt-PT","potentialAction":[{"@type":"ReadAction","target":["https:\/\/portaltela.pt\/noticias\/2026\/02\/24\/buffon-ao-lado-de-di-gregorio-fases-da-carreira-acontecem-a-todos\/"]}]},{"@type":"ImageObject","inLanguage":"pt-PT","@id":"https:\/\/portaltela.pt\/noticias\/2026\/02\/24\/buffon-ao-lado-de-di-gregorio-fases-da-carreira-acontecem-a-todos\/#primaryimage","url":"https:\/\/portaltela.pt\/s.01k8rhncp4jt1\/2026\/02\/img_920x518uu2026-02-24-20-13-27-2423499.jpg","contentUrl":"https:\/\/portaltela.pt\/s.01k8rhncp4jt1\/2026\/02\/img_920x518uu2026-02-24-20-13-27-2423499.jpg","width":796,"height":448,"caption":"Buffon elogia Di Gregorio e recorda momentos comuns na Juventus."},{"@type":"BreadcrumbList","@id":"https:\/\/portaltela.pt\/noticias\/2026\/02\/24\/buffon-ao-lado-de-di-gregorio-fases-da-carreira-acontecem-a-todos\/#breadcrumb","itemListElement":[{"@type":"ListItem","position":1,"name":"In\u00edcio","item":"https:\/\/portaltela.pt\/"},{"@type":"ListItem","position":2,"name":"Buffon ao lado de Di Gregorio: fases da carreira acontecem a todos"}]},{"@type":"WebSite","@id":"https:\/\/portaltela.pt\/#website","url":"https:\/\/portaltela.pt\/","name":"Portal Tela Portugal","description":"","potentialAction":[{"@type":"SearchAction","target":{"@type":"EntryPoint","urlTemplate":"https:\/\/portaltela.pt\/?s={search_term_string}"},"query-input":{"@type":"PropertyValueSpecification","valueRequired":true,"valueName":"search_term_string"}}],"inLanguage":"pt-PT"},{"@type":"Person","@id":"https:\/\/portaltela.pt\/#\/schema\/person\/c4278d4a6028830caff9ee44b42d32ed","name":"Telinha","image":{"@type":"ImageObject","inLanguage":"pt-PT","@id":"https:\/\/portaltela.pt\/s.01k8rhncp4jt1\/2025\/11\/talking-bot-125x125.png","url":"https:\/\/portaltela.pt\/s.01k8rhncp4jt1\/2025\/11\/talking-bot-125x125.png","contentUrl":"https:\/\/portaltela.pt\/s.01k8rhncp4jt1\/2025\/11\/talking-bot-125x125.png","caption":"Telinha"},"sameAs":["https:\/\/portaltela.pt\/"],"url":"https:\/\/portaltela.pt\/por\/367410592786\/"}]}},"_links":{"self":[{"href":"https:\/\/portaltela.pt\/api\/wp\/v2\/posts\/224889","targetHints":{"allow":["GET"]}}],"collection":[{"href":"https:\/\/portaltela.pt\/api\/wp\/v2\/posts"}],"about":[{"href":"https:\/\/portaltela.pt\/api\/wp\/v2\/types\/post"}],"author":[{"embeddable":true,"href":"https:\/\/portaltela.pt\/api\/wp\/v2\/users\/2"}],"replies":[{"embeddable":true,"href":"https:\/\/portaltela.pt\/api\/wp\/v2\/comments?post=224889"}],"version-history":[{"count":0,"href":"https:\/\/portaltela.pt\/api\/wp\/v2\/posts\/224889\/revisions"}],"wp:featuredmedia":[{"embeddable":true,"href":"https:\/\/portaltela.pt\/api\/wp\/v2\/media\/224896"}],"wp:attachment":[{"href":"https:\/\/portaltela.pt\/api\/wp\/v2\/media?parent=224889"}],"wp:term":[{"taxonomy":"category","embeddable":true,"href":"https:\/\/portaltela.pt\/api\/wp\/v2\/categories?post=224889"},{"taxonomy":"post_tag","embeddable":true,"href":"https:\/\/portaltela.pt\/api\/wp\/v2\/tags?post=224889"}],"curies":[{"name":"wp","href":"https:\/\/api.w.org\/{rel}","templated":true}]}}