{"id":224857,"date":"2026-02-24T16:44:00","date_gmt":"2026-02-24T19:44:00","guid":{"rendered":"https:\/\/portaltela.pt\/noticias\/2026\/02\/24\/ventura-confirma-recandidatura-a-lideranca-do-chega-e-recusa-moderacao-do-partido\/"},"modified":"2026-02-24T16:44:00","modified_gmt":"2026-02-24T19:44:00","slug":"ventura-confirma-recandidatura-a-lideranca-do-chega-e-recusa-moderacao-do-partido","status":"publish","type":"post","link":"https:\/\/portaltela.pt\/noticias\/politica\/2026\/02\/24\/ventura-confirma-recandidatura-a-lideranca-do-chega-e-recusa-moderacao-do-partido\/","title":{"rendered":"Ventura confirma recandidatura \u00e0 lideran\u00e7a do Chega e recusa modera\u00e7\u00e3o do partido"},"content":{"rendered":"<p>Andr\u00e9 Ventura confirmou, nesta ter\u00e7a-feira, a sua recandidatura \u00e0 lideran\u00e7a do Chega na pr\u00f3xima conven\u00e7\u00e3o, prevista para maio. A decis\u00e3o foi anunciada numa confer\u00eancia de imprensa na sede do partido, com Ventura a defender a manuten\u00e7\u00e3o da linha de atua\u00e7\u00e3o actual.<\/p>\n<p>O l\u00edder e fundador do Chega reiterou que n\u00e3o acompanha qualquer caminho de modera\u00e7\u00e3o do partido. Definiu o objetivo de manter o esp\u00edrito de combate, firmeza e determina\u00e7\u00e3o, rejeitando aproxima\u00e7\u00f5es a posi\u00e7\u00f5es consideradas de maior modera\u00e7\u00e3o. Sublinhou ainda que Portugal necessita de um partido popular pr\u00f3ximo dos cidad\u00e3os.<\/p>\n<h3>Datas e local da conven\u00e7\u00e3o<\/h3>\n<p>A dire\u00e7\u00e3o prop\u00f5e ao Conselho Nacional que a reuni\u00e3o magna ocorra nos dias 8, 9 e 10 de maio, para marcar a conven\u00e7\u00e3o e definir o local, ainda por anunciar. Este ser\u00e1 o primeiro encontro parlamentar do Chega desde que o partido consolidou a posi\u00e7\u00e3o de segunda for\u00e7a no parlamento.<\/p>\n<p>A \u00faltima Conven\u00e7\u00e3o Nacional, em janeiro de 2024, em Viana do Castelo, teve a elei\u00e7\u00e3o dos \u00f3rg\u00e3os nacionais anulada pelo Tribunal Constitucional (TC). O TC tamb\u00e9m chumbou altera\u00e7\u00f5es aos estatutos, mantendo v\u00e1lidos os de origem. O Chega pretende submeter nova proposta de altera\u00e7\u00e3o estatut\u00e1ria, para modernizar a estrutura do partido.<\/p>\n<h3>Contexto pol\u00edtico e controv\u00e9rsias internas<\/h3>\n<p>Ventura mencionou que o congresso visa ajustar os estatutos face aos novos desafios do Chega. Sobre um processo envolvendo o deputado Rui Afonso, o l\u00edder disse que os mecanismos internos, nomeadamente o Conselho de Jurisdi\u00e7\u00e3o, foram acionados para avaliar a situa\u00e7\u00e3o, ap\u00f3s declara\u00e7\u00f5es de um arguido no caso 1143.<\/p>\n<p>Questionado sobre a confian\u00e7a pol\u00edtica no presidente da Comiss\u00e3o de Or\u00e7amento, Finan\u00e7as e Administra\u00e7\u00e3o P\u00fablica, Ventura n\u00e3o respondeu diretamente, preferindo criticar a divulga\u00e7\u00e3o da not\u00edcia pelo jornal P\u00fablico. Tamb\u00e9m criticou a atua\u00e7\u00e3o de Eurico Brilhante Dias e comentou o papel do PSD no acordo em Cascais, que inclui pelouros ao Chega.<\/p>\n","protected":false},"excerpt":{"rendered":"<ul>\n<li>Andr\u00e9 Ventura confirmou a recandidatura \u00e0 lideran\u00e7a do Chega, cuja conven\u00e7\u00e3o est\u00e1 prevista para maio, e rejeita a modera\u00e7\u00e3o do partido.<\/li>\n<li>O l\u00edder afirmou que o objetivo \u00e9 continuar o trabalho para vencer elei\u00e7\u00f5es, mantendo o esp\u00edrito de combate e determin\u00e7\u00e3o do Chega.<\/li>\n<li>A Dire\u00e7\u00e3o vai propor ao Conselho Nacional a realiza\u00e7\u00e3o da reuni\u00e3o magna nos dias 8, 9 e 10 de maio, para marcar a conven\u00e7\u00e3o e o local.<\/li>\n<li>Esta ser\u00e1 a primeira conven\u00e7\u00e3o desde o crescimento do Chega para a segunda for\u00e7a no parlamento e ap\u00f3s a elei\u00e7\u00e3o de Ventura \u00e0 presid\u00eancia; altera\u00e7\u00f5es aos estatutos est\u00e3o a ser consideradas.<\/li>\n<li>Ventura abordou o caso de Rui Afonso e a confian\u00e7a pol\u00edtica no l\u00edder parlamentar, criticando um jornal espec\u00edfico e referindo-se ao acordo com o PSD em Cascais, que prev\u00ea pelouros ao Chega.<\/li>\n<\/ul>\n","protected":false},"author":2,"featured_media":224863,"comment_status":"closed","ping_status":"closed","sticky":false,"template":"","format":"standard","meta":{"footnotes":""},"categories":[1,5],"tags":[2142,42,6340,68,1732,2832],"class_list":["post-224857","post","type-post","status-publish","format-standard","has-post-thumbnail","hentry","category-noticias","category-politica","tag-chega","tag-congresso","tag-conselho-nacional","tag-eleicoes","tag-partidos","tag-politica"],"yoast_head":"<!-- This site is optimized with the Yoast SEO plugin v27.2 - https:\/\/yoast.com\/product\/yoast-seo-wordpress\/ -->\n<title>Ventura confirma recandidatura \u00e0 lideran\u00e7a do Chega e recusa modera\u00e7\u00e3o do partido - Portal Tela Portugal<\/title>\n<meta name=\"robots\" content=\"index, follow, max-snippet:-1, max-image-preview:large, max-video-preview:-1\" \/>\n<meta property=\"og:locale\" content=\"pt_PT\" \/>\n<meta property=\"og:type\" content=\"article\" \/>\n<meta property=\"og:title\" content=\"Ventura confirma recandidatura \u00e0 lideran\u00e7a do Chega e recusa modera\u00e7\u00e3o do partido - Portal Tela Portugal\" \/>\n<meta property=\"og:description\" content=\"Andr\u00e9 Ventura confirmou a recandidatura \u00e0 lideran\u00e7a do Chega, cuja conven\u00e7\u00e3o est\u00e1 prevista para maio, e rejeita a modera\u00e7\u00e3o do partido. O l\u00edder afirmou que o objetivo \u00e9 continuar o trabalho para vencer elei\u00e7\u00f5es, mantendo o esp\u00edrito de combate e determin\u00e7\u00e3o do Chega. A Dire\u00e7\u00e3o vai propor ao Conselho Nacional a realiza\u00e7\u00e3o da reuni\u00e3o magna nos dias 8, 9 e 10 de maio, para marcar a conven\u00e7\u00e3o e o local. Esta ser\u00e1 a primeira conven\u00e7\u00e3o desde o crescimento do Chega para a segunda for\u00e7a no parlamento e ap\u00f3s a elei\u00e7\u00e3o de Ventura \u00e0 presid\u00eancia; altera\u00e7\u00f5es aos estatutos est\u00e3o a ser consideradas. Ventura abordou o caso de Rui Afonso e a confian\u00e7a pol\u00edtica no l\u00edder parlamentar, criticando um jornal espec\u00edfico e referindo-se ao acordo com o PSD em Cascais, que prev\u00ea pelouros ao Chega.\" \/>\n<meta property=\"og:url\" content=\"https:\/\/portaltela.pt\/noticias\/2026\/02\/24\/ventura-confirma-recandidatura-a-lideranca-do-chega-e-recusa-moderacao-do-partido\/\" \/>\n<meta property=\"og:site_name\" content=\"Portal Tela Portugal\" \/>\n<meta property=\"article:published_time\" content=\"2026-02-24T19:44:00+00:00\" \/>\n<meta name=\"author\" content=\"Telinha\" \/>\n<meta name=\"twitter:card\" content=\"summary_large_image\" \/>\n<meta name=\"twitter:label1\" content=\"Escrito por\" \/>\n\t<meta name=\"twitter:data1\" content=\"Telinha\" \/>\n\t<meta name=\"twitter:label2\" content=\"Tempo estimado de leitura\" \/>\n\t<meta name=\"twitter:data2\" content=\"2 minutos\" \/>\n<script type=\"application\/ld+json\" class=\"yoast-schema-graph\">{\"@context\":\"https:\/\/schema.org\",\"@graph\":[{\"@type\":\"Article\",\"@id\":\"https:\/\/portaltela.pt\/noticias\/2026\/02\/24\/ventura-confirma-recandidatura-a-lideranca-do-chega-e-recusa-moderacao-do-partido\/#article\",\"isPartOf\":{\"@id\":\"https:\/\/portaltela.pt\/noticias\/2026\/02\/24\/ventura-confirma-recandidatura-a-lideranca-do-chega-e-recusa-moderacao-do-partido\/\"},\"author\":{\"name\":\"Telinha\",\"@id\":\"https:\/\/portaltela.pt\/#\/schema\/person\/c4278d4a6028830caff9ee44b42d32ed\"},\"headline\":\"Ventura confirma recandidatura \u00e0 lideran\u00e7a do Chega e recusa modera\u00e7\u00e3o do partido\",\"datePublished\":\"2026-02-24T19:44:00+00:00\",\"mainEntityOfPage\":{\"@id\":\"https:\/\/portaltela.pt\/noticias\/2026\/02\/24\/ventura-confirma-recandidatura-a-lideranca-do-chega-e-recusa-moderacao-do-partido\/\"},\"wordCount\":359,\"image\":{\"@id\":\"https:\/\/portaltela.pt\/noticias\/2026\/02\/24\/ventura-confirma-recandidatura-a-lideranca-do-chega-e-recusa-moderacao-do-partido\/#primaryimage\"},\"thumbnailUrl\":\"https:\/\/portaltela.pt\/s.01k8rhncp4jt1\/2026\/02\/image-1797.jpg\",\"keywords\":[\"CHEGA\",\"congresso\",\"Conselho Nacional\",\"elei\u00e7\u00f5es\",\"partidos\",\"pol\u00edtica\"],\"articleSection\":[\"Not\u00edcias\",\"Pol\u00edtica\"],\"inLanguage\":\"pt-PT\"},{\"@type\":\"WebPage\",\"@id\":\"https:\/\/portaltela.pt\/noticias\/2026\/02\/24\/ventura-confirma-recandidatura-a-lideranca-do-chega-e-recusa-moderacao-do-partido\/\",\"url\":\"https:\/\/portaltela.pt\/noticias\/2026\/02\/24\/ventura-confirma-recandidatura-a-lideranca-do-chega-e-recusa-moderacao-do-partido\/\",\"name\":\"Ventura confirma recandidatura \u00e0 lideran\u00e7a do Chega e recusa modera\u00e7\u00e3o do partido - Portal Tela Portugal\",\"isPartOf\":{\"@id\":\"https:\/\/portaltela.pt\/#website\"},\"primaryImageOfPage\":{\"@id\":\"https:\/\/portaltela.pt\/noticias\/2026\/02\/24\/ventura-confirma-recandidatura-a-lideranca-do-chega-e-recusa-moderacao-do-partido\/#primaryimage\"},\"image\":{\"@id\":\"https:\/\/portaltela.pt\/noticias\/2026\/02\/24\/ventura-confirma-recandidatura-a-lideranca-do-chega-e-recusa-moderacao-do-partido\/#primaryimage\"},\"thumbnailUrl\":\"https:\/\/portaltela.pt\/s.01k8rhncp4jt1\/2026\/02\/image-1797.jpg\",\"datePublished\":\"2026-02-24T19:44:00+00:00\",\"author\":{\"@id\":\"https:\/\/portaltela.pt\/#\/schema\/person\/c4278d4a6028830caff9ee44b42d32ed\"},\"breadcrumb\":{\"@id\":\"https:\/\/portaltela.pt\/noticias\/2026\/02\/24\/ventura-confirma-recandidatura-a-lideranca-do-chega-e-recusa-moderacao-do-partido\/#breadcrumb\"},\"inLanguage\":\"pt-PT\",\"potentialAction\":[{\"@type\":\"ReadAction\",\"target\":[\"https:\/\/portaltela.pt\/noticias\/2026\/02\/24\/ventura-confirma-recandidatura-a-lideranca-do-chega-e-recusa-moderacao-do-partido\/\"]}]},{\"@type\":\"ImageObject\",\"inLanguage\":\"pt-PT\",\"@id\":\"https:\/\/portaltela.pt\/noticias\/2026\/02\/24\/ventura-confirma-recandidatura-a-lideranca-do-chega-e-recusa-moderacao-do-partido\/#primaryimage\",\"url\":\"https:\/\/portaltela.pt\/s.01k8rhncp4jt1\/2026\/02\/image-1797.jpg\",\"contentUrl\":\"https:\/\/portaltela.pt\/s.01k8rhncp4jt1\/2026\/02\/image-1797.jpg\",\"width\":796,\"height\":448,\"caption\":\"Andr\u00e9 Ventura confirmou recandidatura \u00e0 lideran\u00e7a do partido que fundou\"},{\"@type\":\"BreadcrumbList\",\"@id\":\"https:\/\/portaltela.pt\/noticias\/2026\/02\/24\/ventura-confirma-recandidatura-a-lideranca-do-chega-e-recusa-moderacao-do-partido\/#breadcrumb\",\"itemListElement\":[{\"@type\":\"ListItem\",\"position\":1,\"name\":\"In\u00edcio\",\"item\":\"https:\/\/portaltela.pt\/\"},{\"@type\":\"ListItem\",\"position\":2,\"name\":\"Ventura confirma recandidatura \u00e0 lideran\u00e7a do Chega e recusa modera\u00e7\u00e3o do partido\"}]},{\"@type\":\"WebSite\",\"@id\":\"https:\/\/portaltela.pt\/#website\",\"url\":\"https:\/\/portaltela.pt\/\",\"name\":\"Portal Tela Portugal\",\"description\":\"\",\"potentialAction\":[{\"@type\":\"SearchAction\",\"target\":{\"@type\":\"EntryPoint\",\"urlTemplate\":\"https:\/\/portaltela.pt\/?s={search_term_string}\"},\"query-input\":{\"@type\":\"PropertyValueSpecification\",\"valueRequired\":true,\"valueName\":\"search_term_string\"}}],\"inLanguage\":\"pt-PT\"},{\"@type\":\"Person\",\"@id\":\"https:\/\/portaltela.pt\/#\/schema\/person\/c4278d4a6028830caff9ee44b42d32ed\",\"name\":\"Telinha\",\"image\":{\"@type\":\"ImageObject\",\"inLanguage\":\"pt-PT\",\"@id\":\"https:\/\/portaltela.pt\/s.01k8rhncp4jt1\/2025\/11\/talking-bot-125x125.png\",\"url\":\"https:\/\/portaltela.pt\/s.01k8rhncp4jt1\/2025\/11\/talking-bot-125x125.png\",\"contentUrl\":\"https:\/\/portaltela.pt\/s.01k8rhncp4jt1\/2025\/11\/talking-bot-125x125.png\",\"caption\":\"Telinha\"},\"sameAs\":[\"https:\/\/portaltela.pt\/\"],\"url\":\"https:\/\/portaltela.pt\/por\/367410592786\/\"}]}<\/script>\n<!-- \/ Yoast SEO plugin. -->","yoast_head_json":{"title":"Ventura confirma recandidatura \u00e0 lideran\u00e7a do Chega e recusa modera\u00e7\u00e3o do partido - Portal Tela Portugal","robots":{"index":"index","follow":"follow","max-snippet":"max-snippet:-1","max-image-preview":"max-image-preview:large","max-video-preview":"max-video-preview:-1"},"og_locale":"pt_PT","og_type":"article","og_title":"Ventura confirma recandidatura \u00e0 lideran\u00e7a do Chega e recusa modera\u00e7\u00e3o do partido - Portal Tela Portugal","og_description":"Andr\u00e9 Ventura confirmou a recandidatura \u00e0 lideran\u00e7a do Chega, cuja conven\u00e7\u00e3o est\u00e1 prevista para maio, e rejeita a modera\u00e7\u00e3o do partido. O l\u00edder afirmou que o objetivo \u00e9 continuar o trabalho para vencer elei\u00e7\u00f5es, mantendo o esp\u00edrito de combate e determin\u00e7\u00e3o do Chega. A Dire\u00e7\u00e3o vai propor ao Conselho Nacional a realiza\u00e7\u00e3o da reuni\u00e3o magna nos dias 8, 9 e 10 de maio, para marcar a conven\u00e7\u00e3o e o local. Esta ser\u00e1 a primeira conven\u00e7\u00e3o desde o crescimento do Chega para a segunda for\u00e7a no parlamento e ap\u00f3s a elei\u00e7\u00e3o de Ventura \u00e0 presid\u00eancia; altera\u00e7\u00f5es aos estatutos est\u00e3o a ser consideradas. Ventura abordou o caso de Rui Afonso e a confian\u00e7a pol\u00edtica no l\u00edder parlamentar, criticando um jornal espec\u00edfico e referindo-se ao acordo com o PSD em Cascais, que prev\u00ea pelouros ao Chega.","og_url":"https:\/\/portaltela.pt\/noticias\/2026\/02\/24\/ventura-confirma-recandidatura-a-lideranca-do-chega-e-recusa-moderacao-do-partido\/","og_site_name":"Portal Tela Portugal","article_published_time":"2026-02-24T19:44:00+00:00","author":"Telinha","twitter_card":"summary_large_image","twitter_misc":{"Escrito por":"Telinha","Tempo estimado de leitura":"2 minutos"},"schema":{"@context":"https:\/\/schema.org","@graph":[{"@type":"Article","@id":"https:\/\/portaltela.pt\/noticias\/2026\/02\/24\/ventura-confirma-recandidatura-a-lideranca-do-chega-e-recusa-moderacao-do-partido\/#article","isPartOf":{"@id":"https:\/\/portaltela.pt\/noticias\/2026\/02\/24\/ventura-confirma-recandidatura-a-lideranca-do-chega-e-recusa-moderacao-do-partido\/"},"author":{"name":"Telinha","@id":"https:\/\/portaltela.pt\/#\/schema\/person\/c4278d4a6028830caff9ee44b42d32ed"},"headline":"Ventura confirma recandidatura \u00e0 lideran\u00e7a do Chega e recusa modera\u00e7\u00e3o do partido","datePublished":"2026-02-24T19:44:00+00:00","mainEntityOfPage":{"@id":"https:\/\/portaltela.pt\/noticias\/2026\/02\/24\/ventura-confirma-recandidatura-a-lideranca-do-chega-e-recusa-moderacao-do-partido\/"},"wordCount":359,"image":{"@id":"https:\/\/portaltela.pt\/noticias\/2026\/02\/24\/ventura-confirma-recandidatura-a-lideranca-do-chega-e-recusa-moderacao-do-partido\/#primaryimage"},"thumbnailUrl":"https:\/\/portaltela.pt\/s.01k8rhncp4jt1\/2026\/02\/image-1797.jpg","keywords":["CHEGA","congresso","Conselho Nacional","elei\u00e7\u00f5es","partidos","pol\u00edtica"],"articleSection":["Not\u00edcias","Pol\u00edtica"],"inLanguage":"pt-PT"},{"@type":"WebPage","@id":"https:\/\/portaltela.pt\/noticias\/2026\/02\/24\/ventura-confirma-recandidatura-a-lideranca-do-chega-e-recusa-moderacao-do-partido\/","url":"https:\/\/portaltela.pt\/noticias\/2026\/02\/24\/ventura-confirma-recandidatura-a-lideranca-do-chega-e-recusa-moderacao-do-partido\/","name":"Ventura confirma recandidatura \u00e0 lideran\u00e7a do Chega e recusa modera\u00e7\u00e3o do partido - Portal Tela Portugal","isPartOf":{"@id":"https:\/\/portaltela.pt\/#website"},"primaryImageOfPage":{"@id":"https:\/\/portaltela.pt\/noticias\/2026\/02\/24\/ventura-confirma-recandidatura-a-lideranca-do-chega-e-recusa-moderacao-do-partido\/#primaryimage"},"image":{"@id":"https:\/\/portaltela.pt\/noticias\/2026\/02\/24\/ventura-confirma-recandidatura-a-lideranca-do-chega-e-recusa-moderacao-do-partido\/#primaryimage"},"thumbnailUrl":"https:\/\/portaltela.pt\/s.01k8rhncp4jt1\/2026\/02\/image-1797.jpg","datePublished":"2026-02-24T19:44:00+00:00","author":{"@id":"https:\/\/portaltela.pt\/#\/schema\/person\/c4278d4a6028830caff9ee44b42d32ed"},"breadcrumb":{"@id":"https:\/\/portaltela.pt\/noticias\/2026\/02\/24\/ventura-confirma-recandidatura-a-lideranca-do-chega-e-recusa-moderacao-do-partido\/#breadcrumb"},"inLanguage":"pt-PT","potentialAction":[{"@type":"ReadAction","target":["https:\/\/portaltela.pt\/noticias\/2026\/02\/24\/ventura-confirma-recandidatura-a-lideranca-do-chega-e-recusa-moderacao-do-partido\/"]}]},{"@type":"ImageObject","inLanguage":"pt-PT","@id":"https:\/\/portaltela.pt\/noticias\/2026\/02\/24\/ventura-confirma-recandidatura-a-lideranca-do-chega-e-recusa-moderacao-do-partido\/#primaryimage","url":"https:\/\/portaltela.pt\/s.01k8rhncp4jt1\/2026\/02\/image-1797.jpg","contentUrl":"https:\/\/portaltela.pt\/s.01k8rhncp4jt1\/2026\/02\/image-1797.jpg","width":796,"height":448,"caption":"Andr\u00e9 Ventura confirmou recandidatura \u00e0 lideran\u00e7a do partido que fundou"},{"@type":"BreadcrumbList","@id":"https:\/\/portaltela.pt\/noticias\/2026\/02\/24\/ventura-confirma-recandidatura-a-lideranca-do-chega-e-recusa-moderacao-do-partido\/#breadcrumb","itemListElement":[{"@type":"ListItem","position":1,"name":"In\u00edcio","item":"https:\/\/portaltela.pt\/"},{"@type":"ListItem","position":2,"name":"Ventura confirma recandidatura \u00e0 lideran\u00e7a do Chega e recusa modera\u00e7\u00e3o do partido"}]},{"@type":"WebSite","@id":"https:\/\/portaltela.pt\/#website","url":"https:\/\/portaltela.pt\/","name":"Portal Tela Portugal","description":"","potentialAction":[{"@type":"SearchAction","target":{"@type":"EntryPoint","urlTemplate":"https:\/\/portaltela.pt\/?s={search_term_string}"},"query-input":{"@type":"PropertyValueSpecification","valueRequired":true,"valueName":"search_term_string"}}],"inLanguage":"pt-PT"},{"@type":"Person","@id":"https:\/\/portaltela.pt\/#\/schema\/person\/c4278d4a6028830caff9ee44b42d32ed","name":"Telinha","image":{"@type":"ImageObject","inLanguage":"pt-PT","@id":"https:\/\/portaltela.pt\/s.01k8rhncp4jt1\/2025\/11\/talking-bot-125x125.png","url":"https:\/\/portaltela.pt\/s.01k8rhncp4jt1\/2025\/11\/talking-bot-125x125.png","contentUrl":"https:\/\/portaltela.pt\/s.01k8rhncp4jt1\/2025\/11\/talking-bot-125x125.png","caption":"Telinha"},"sameAs":["https:\/\/portaltela.pt\/"],"url":"https:\/\/portaltela.pt\/por\/367410592786\/"}]}},"_links":{"self":[{"href":"https:\/\/portaltela.pt\/api\/wp\/v2\/posts\/224857","targetHints":{"allow":["GET"]}}],"collection":[{"href":"https:\/\/portaltela.pt\/api\/wp\/v2\/posts"}],"about":[{"href":"https:\/\/portaltela.pt\/api\/wp\/v2\/types\/post"}],"author":[{"embeddable":true,"href":"https:\/\/portaltela.pt\/api\/wp\/v2\/users\/2"}],"replies":[{"embeddable":true,"href":"https:\/\/portaltela.pt\/api\/wp\/v2\/comments?post=224857"}],"version-history":[{"count":0,"href":"https:\/\/portaltela.pt\/api\/wp\/v2\/posts\/224857\/revisions"}],"wp:featuredmedia":[{"embeddable":true,"href":"https:\/\/portaltela.pt\/api\/wp\/v2\/media\/224863"}],"wp:attachment":[{"href":"https:\/\/portaltela.pt\/api\/wp\/v2\/media?parent=224857"}],"wp:term":[{"taxonomy":"category","embeddable":true,"href":"https:\/\/portaltela.pt\/api\/wp\/v2\/categories?post=224857"},{"taxonomy":"post_tag","embeddable":true,"href":"https:\/\/portaltela.pt\/api\/wp\/v2\/tags?post=224857"}],"curies":[{"name":"wp","href":"https:\/\/api.w.org\/{rel}","templated":true}]}}