{"id":224818,"date":"2026-02-24T16:23:00","date_gmt":"2026-02-24T19:23:00","guid":{"rendered":"https:\/\/portaltela.pt\/noticias\/2026\/02\/24\/seguro-e-montenegro-reunidos-por-mais-de-duas-horas-e-meia\/"},"modified":"2026-02-24T16:23:00","modified_gmt":"2026-02-24T19:23:00","slug":"seguro-e-montenegro-reunidos-por-mais-de-duas-horas-e-meia","status":"publish","type":"post","link":"https:\/\/portaltela.pt\/noticias\/politica\/2026\/02\/24\/seguro-e-montenegro-reunidos-por-mais-de-duas-horas-e-meia\/","title":{"rendered":"Seguro e Montenegro reunidos por mais de duas horas e meia"},"content":{"rendered":"<p>O presidente eleito Ant\u00f3nio Jos\u00e9 Seguro e o primeiro-ministro Lu\u00eds Montenegro reuniram-se hoje pela primeira vez ap\u00f3s as elei\u00e7\u00f5es, no Pal\u00e1cio Nacional de Queluz, em Sintra, durante mais de duas horas e meia.<\/p>\n<p>Montenegro chegou ao Pal\u00e1cio pouco antes das 16h e saiu pelas 18h40, sem prestar declara\u00e7\u00f5es aos jornalistas \u00e0 chegada nem \u00e0 sa\u00edda.<\/p>\n<p>No final do encontro, Seguro acompanhou o chefe do Governo at\u00e9 \u00e0 porta, mas o l\u00edder do PSD\/CDS-PP permanece no pal\u00e1cio, onde tem gabinete de trabalho at\u00e9 \u00e0 tomada de posse em 9 de mar\u00e7o.<\/p>\n<p>Segundo a assessoria de imprensa do Presidente eleito, a reuni\u00e3o destinou-se \u00e0 apresenta\u00e7\u00e3o formal de cumprimentos por parte do primeiro-ministro e \u00e0 apresenta\u00e7\u00e3o do programa PTRR, o programa Portugal Transforma\u00e7\u00e3o, Recupera\u00e7\u00e3o e Resili\u00eancia.<\/p>\n","protected":false},"excerpt":{"rendered":"<ul>\n<li>O presidente da Rep\u00fablica eleito, Ant\u00f3nio Jos\u00e9 Seguro, e o primeiro-ministro, Lu\u00eds Montenegro, reuniram-se hoje no Pal\u00e1cio Nacional de Queluz durante mais de duas horas e meia.<\/li>\n<li>Montenegro chegou pouco antes das 16h00 e saiu \u00e0s 18h40, sem prestar declara\u00e7\u00f5es aos jornalistas.<\/li>\n<li>No final do encontro, Seguro acompanhou Montenegro at\u00e9 \u00e0 porta, sem abandonar o pal\u00e1cio onde tem um gabinete de trabalho at\u00e9 \u00e0 posse, em 9 de mar\u00e7o.<\/li>\n<li>A reuni\u00e3o destinou-se \u00e0 apresenta\u00e7\u00e3o formal de cumprimentos por parte do primeiro-ministro e \u00e0 passagem pelo programa Portugal Transforma\u00e7\u00e3o, Recupera\u00e7\u00e3o e Resili\u00eancia (PTRR).<\/li>\n<li>N\u00e3o houve declara\u00e7\u00f5es aos jornalistas por parte de ambos.<\/li>\n<\/ul>\n","protected":false},"author":2,"featured_media":224833,"comment_status":"closed","ping_status":"closed","sticky":false,"template":"","format":"standard","meta":{"footnotes":""},"categories":[1,5],"tags":[68,34,2832,30,3739,1110],"class_list":["post-224818","post","type-post","status-publish","format-standard","has-post-thumbnail","hentry","category-noticias","category-politica","tag-eleicoes","tag-governo","tag-politica","tag-presidente","tag-queluz","tag-sintra"],"yoast_head":"<!-- This site is optimized with the Yoast SEO plugin v27.2 - https:\/\/yoast.com\/product\/yoast-seo-wordpress\/ -->\n<title>Seguro e Montenegro reunidos por mais de duas horas e meia - Portal Tela Portugal<\/title>\n<meta name=\"robots\" content=\"index, follow, max-snippet:-1, max-image-preview:large, max-video-preview:-1\" \/>\n<meta property=\"og:locale\" content=\"pt_PT\" \/>\n<meta property=\"og:type\" content=\"article\" \/>\n<meta property=\"og:title\" content=\"Seguro e Montenegro reunidos por mais de duas horas e meia - Portal Tela Portugal\" \/>\n<meta property=\"og:description\" content=\"O presidente da Rep\u00fablica eleito, Ant\u00f3nio Jos\u00e9 Seguro, e o primeiro-ministro, Lu\u00eds Montenegro, reuniram-se hoje no Pal\u00e1cio Nacional de Queluz durante mais de duas horas e meia. Montenegro chegou pouco antes das 16h00 e saiu \u00e0s 18h40, sem prestar declara\u00e7\u00f5es aos jornalistas. No final do encontro, Seguro acompanhou Montenegro at\u00e9 \u00e0 porta, sem abandonar o pal\u00e1cio onde tem um gabinete de trabalho at\u00e9 \u00e0 posse, em 9 de mar\u00e7o. A reuni\u00e3o destinou-se \u00e0 apresenta\u00e7\u00e3o formal de cumprimentos por parte do primeiro-ministro e \u00e0 passagem pelo programa Portugal Transforma\u00e7\u00e3o, Recupera\u00e7\u00e3o e Resili\u00eancia (PTRR). N\u00e3o houve declara\u00e7\u00f5es aos jornalistas por parte de ambos.\" \/>\n<meta property=\"og:url\" content=\"https:\/\/portaltela.pt\/noticias\/2026\/02\/24\/seguro-e-montenegro-reunidos-por-mais-de-duas-horas-e-meia\/\" \/>\n<meta property=\"og:site_name\" content=\"Portal Tela Portugal\" \/>\n<meta property=\"article:published_time\" content=\"2026-02-24T19:23:00+00:00\" \/>\n<meta name=\"author\" content=\"Telinha\" \/>\n<meta name=\"twitter:card\" content=\"summary_large_image\" \/>\n<meta name=\"twitter:label1\" content=\"Escrito por\" \/>\n\t<meta name=\"twitter:data1\" content=\"Telinha\" \/>\n\t<meta name=\"twitter:label2\" content=\"Tempo estimado de leitura\" \/>\n\t<meta name=\"twitter:data2\" content=\"1 minuto\" \/>\n<script type=\"application\/ld+json\" class=\"yoast-schema-graph\">{\"@context\":\"https:\/\/schema.org\",\"@graph\":[{\"@type\":\"Article\",\"@id\":\"https:\/\/portaltela.pt\/noticias\/2026\/02\/24\/seguro-e-montenegro-reunidos-por-mais-de-duas-horas-e-meia\/#article\",\"isPartOf\":{\"@id\":\"https:\/\/portaltela.pt\/noticias\/2026\/02\/24\/seguro-e-montenegro-reunidos-por-mais-de-duas-horas-e-meia\/\"},\"author\":{\"name\":\"Telinha\",\"@id\":\"https:\/\/portaltela.pt\/#\/schema\/person\/c4278d4a6028830caff9ee44b42d32ed\"},\"headline\":\"Seguro e Montenegro reunidos por mais de duas horas e meia\",\"datePublished\":\"2026-02-24T19:23:00+00:00\",\"mainEntityOfPage\":{\"@id\":\"https:\/\/portaltela.pt\/noticias\/2026\/02\/24\/seguro-e-montenegro-reunidos-por-mais-de-duas-horas-e-meia\/\"},\"wordCount\":145,\"image\":{\"@id\":\"https:\/\/portaltela.pt\/noticias\/2026\/02\/24\/seguro-e-montenegro-reunidos-por-mais-de-duas-horas-e-meia\/#primaryimage\"},\"thumbnailUrl\":\"https:\/\/portaltela.pt\/s.01k8rhncp4jt1\/2026\/02\/image-1795.jpg\",\"keywords\":[\"elei\u00e7\u00f5es\",\"governo\",\"pol\u00edtica\",\"presidente\",\"Queluz\",\"Sintra\"],\"articleSection\":[\"Not\u00edcias\",\"Pol\u00edtica\"],\"inLanguage\":\"pt-PT\"},{\"@type\":\"WebPage\",\"@id\":\"https:\/\/portaltela.pt\/noticias\/2026\/02\/24\/seguro-e-montenegro-reunidos-por-mais-de-duas-horas-e-meia\/\",\"url\":\"https:\/\/portaltela.pt\/noticias\/2026\/02\/24\/seguro-e-montenegro-reunidos-por-mais-de-duas-horas-e-meia\/\",\"name\":\"Seguro e Montenegro reunidos por mais de duas horas e meia - Portal Tela Portugal\",\"isPartOf\":{\"@id\":\"https:\/\/portaltela.pt\/#website\"},\"primaryImageOfPage\":{\"@id\":\"https:\/\/portaltela.pt\/noticias\/2026\/02\/24\/seguro-e-montenegro-reunidos-por-mais-de-duas-horas-e-meia\/#primaryimage\"},\"image\":{\"@id\":\"https:\/\/portaltela.pt\/noticias\/2026\/02\/24\/seguro-e-montenegro-reunidos-por-mais-de-duas-horas-e-meia\/#primaryimage\"},\"thumbnailUrl\":\"https:\/\/portaltela.pt\/s.01k8rhncp4jt1\/2026\/02\/image-1795.jpg\",\"datePublished\":\"2026-02-24T19:23:00+00:00\",\"author\":{\"@id\":\"https:\/\/portaltela.pt\/#\/schema\/person\/c4278d4a6028830caff9ee44b42d32ed\"},\"breadcrumb\":{\"@id\":\"https:\/\/portaltela.pt\/noticias\/2026\/02\/24\/seguro-e-montenegro-reunidos-por-mais-de-duas-horas-e-meia\/#breadcrumb\"},\"inLanguage\":\"pt-PT\",\"potentialAction\":[{\"@type\":\"ReadAction\",\"target\":[\"https:\/\/portaltela.pt\/noticias\/2026\/02\/24\/seguro-e-montenegro-reunidos-por-mais-de-duas-horas-e-meia\/\"]}]},{\"@type\":\"ImageObject\",\"inLanguage\":\"pt-PT\",\"@id\":\"https:\/\/portaltela.pt\/noticias\/2026\/02\/24\/seguro-e-montenegro-reunidos-por-mais-de-duas-horas-e-meia\/#primaryimage\",\"url\":\"https:\/\/portaltela.pt\/s.01k8rhncp4jt1\/2026\/02\/image-1795.jpg\",\"contentUrl\":\"https:\/\/portaltela.pt\/s.01k8rhncp4jt1\/2026\/02\/image-1795.jpg\",\"width\":796,\"height\":448,\"caption\":\"Montenegro e Seguro n\u00e3o prestaram declara\u00e7\u00f5es aos jornalistas\"},{\"@type\":\"BreadcrumbList\",\"@id\":\"https:\/\/portaltela.pt\/noticias\/2026\/02\/24\/seguro-e-montenegro-reunidos-por-mais-de-duas-horas-e-meia\/#breadcrumb\",\"itemListElement\":[{\"@type\":\"ListItem\",\"position\":1,\"name\":\"In\u00edcio\",\"item\":\"https:\/\/portaltela.pt\/\"},{\"@type\":\"ListItem\",\"position\":2,\"name\":\"Seguro e Montenegro reunidos por mais de duas horas e meia\"}]},{\"@type\":\"WebSite\",\"@id\":\"https:\/\/portaltela.pt\/#website\",\"url\":\"https:\/\/portaltela.pt\/\",\"name\":\"Portal Tela Portugal\",\"description\":\"\",\"potentialAction\":[{\"@type\":\"SearchAction\",\"target\":{\"@type\":\"EntryPoint\",\"urlTemplate\":\"https:\/\/portaltela.pt\/?s={search_term_string}\"},\"query-input\":{\"@type\":\"PropertyValueSpecification\",\"valueRequired\":true,\"valueName\":\"search_term_string\"}}],\"inLanguage\":\"pt-PT\"},{\"@type\":\"Person\",\"@id\":\"https:\/\/portaltela.pt\/#\/schema\/person\/c4278d4a6028830caff9ee44b42d32ed\",\"name\":\"Telinha\",\"image\":{\"@type\":\"ImageObject\",\"inLanguage\":\"pt-PT\",\"@id\":\"https:\/\/portaltela.pt\/s.01k8rhncp4jt1\/2025\/11\/talking-bot-125x125.png\",\"url\":\"https:\/\/portaltela.pt\/s.01k8rhncp4jt1\/2025\/11\/talking-bot-125x125.png\",\"contentUrl\":\"https:\/\/portaltela.pt\/s.01k8rhncp4jt1\/2025\/11\/talking-bot-125x125.png\",\"caption\":\"Telinha\"},\"sameAs\":[\"https:\/\/portaltela.pt\/\"],\"url\":\"https:\/\/portaltela.pt\/por\/367410592786\/\"}]}<\/script>\n<!-- \/ Yoast SEO plugin. -->","yoast_head_json":{"title":"Seguro e Montenegro reunidos por mais de duas horas e meia - Portal Tela Portugal","robots":{"index":"index","follow":"follow","max-snippet":"max-snippet:-1","max-image-preview":"max-image-preview:large","max-video-preview":"max-video-preview:-1"},"og_locale":"pt_PT","og_type":"article","og_title":"Seguro e Montenegro reunidos por mais de duas horas e meia - Portal Tela Portugal","og_description":"O presidente da Rep\u00fablica eleito, Ant\u00f3nio Jos\u00e9 Seguro, e o primeiro-ministro, Lu\u00eds Montenegro, reuniram-se hoje no Pal\u00e1cio Nacional de Queluz durante mais de duas horas e meia. Montenegro chegou pouco antes das 16h00 e saiu \u00e0s 18h40, sem prestar declara\u00e7\u00f5es aos jornalistas. No final do encontro, Seguro acompanhou Montenegro at\u00e9 \u00e0 porta, sem abandonar o pal\u00e1cio onde tem um gabinete de trabalho at\u00e9 \u00e0 posse, em 9 de mar\u00e7o. A reuni\u00e3o destinou-se \u00e0 apresenta\u00e7\u00e3o formal de cumprimentos por parte do primeiro-ministro e \u00e0 passagem pelo programa Portugal Transforma\u00e7\u00e3o, Recupera\u00e7\u00e3o e Resili\u00eancia (PTRR). N\u00e3o houve declara\u00e7\u00f5es aos jornalistas por parte de ambos.","og_url":"https:\/\/portaltela.pt\/noticias\/2026\/02\/24\/seguro-e-montenegro-reunidos-por-mais-de-duas-horas-e-meia\/","og_site_name":"Portal Tela Portugal","article_published_time":"2026-02-24T19:23:00+00:00","author":"Telinha","twitter_card":"summary_large_image","twitter_misc":{"Escrito por":"Telinha","Tempo estimado de leitura":"1 minuto"},"schema":{"@context":"https:\/\/schema.org","@graph":[{"@type":"Article","@id":"https:\/\/portaltela.pt\/noticias\/2026\/02\/24\/seguro-e-montenegro-reunidos-por-mais-de-duas-horas-e-meia\/#article","isPartOf":{"@id":"https:\/\/portaltela.pt\/noticias\/2026\/02\/24\/seguro-e-montenegro-reunidos-por-mais-de-duas-horas-e-meia\/"},"author":{"name":"Telinha","@id":"https:\/\/portaltela.pt\/#\/schema\/person\/c4278d4a6028830caff9ee44b42d32ed"},"headline":"Seguro e Montenegro reunidos por mais de duas horas e meia","datePublished":"2026-02-24T19:23:00+00:00","mainEntityOfPage":{"@id":"https:\/\/portaltela.pt\/noticias\/2026\/02\/24\/seguro-e-montenegro-reunidos-por-mais-de-duas-horas-e-meia\/"},"wordCount":145,"image":{"@id":"https:\/\/portaltela.pt\/noticias\/2026\/02\/24\/seguro-e-montenegro-reunidos-por-mais-de-duas-horas-e-meia\/#primaryimage"},"thumbnailUrl":"https:\/\/portaltela.pt\/s.01k8rhncp4jt1\/2026\/02\/image-1795.jpg","keywords":["elei\u00e7\u00f5es","governo","pol\u00edtica","presidente","Queluz","Sintra"],"articleSection":["Not\u00edcias","Pol\u00edtica"],"inLanguage":"pt-PT"},{"@type":"WebPage","@id":"https:\/\/portaltela.pt\/noticias\/2026\/02\/24\/seguro-e-montenegro-reunidos-por-mais-de-duas-horas-e-meia\/","url":"https:\/\/portaltela.pt\/noticias\/2026\/02\/24\/seguro-e-montenegro-reunidos-por-mais-de-duas-horas-e-meia\/","name":"Seguro e Montenegro reunidos por mais de duas horas e meia - Portal Tela Portugal","isPartOf":{"@id":"https:\/\/portaltela.pt\/#website"},"primaryImageOfPage":{"@id":"https:\/\/portaltela.pt\/noticias\/2026\/02\/24\/seguro-e-montenegro-reunidos-por-mais-de-duas-horas-e-meia\/#primaryimage"},"image":{"@id":"https:\/\/portaltela.pt\/noticias\/2026\/02\/24\/seguro-e-montenegro-reunidos-por-mais-de-duas-horas-e-meia\/#primaryimage"},"thumbnailUrl":"https:\/\/portaltela.pt\/s.01k8rhncp4jt1\/2026\/02\/image-1795.jpg","datePublished":"2026-02-24T19:23:00+00:00","author":{"@id":"https:\/\/portaltela.pt\/#\/schema\/person\/c4278d4a6028830caff9ee44b42d32ed"},"breadcrumb":{"@id":"https:\/\/portaltela.pt\/noticias\/2026\/02\/24\/seguro-e-montenegro-reunidos-por-mais-de-duas-horas-e-meia\/#breadcrumb"},"inLanguage":"pt-PT","potentialAction":[{"@type":"ReadAction","target":["https:\/\/portaltela.pt\/noticias\/2026\/02\/24\/seguro-e-montenegro-reunidos-por-mais-de-duas-horas-e-meia\/"]}]},{"@type":"ImageObject","inLanguage":"pt-PT","@id":"https:\/\/portaltela.pt\/noticias\/2026\/02\/24\/seguro-e-montenegro-reunidos-por-mais-de-duas-horas-e-meia\/#primaryimage","url":"https:\/\/portaltela.pt\/s.01k8rhncp4jt1\/2026\/02\/image-1795.jpg","contentUrl":"https:\/\/portaltela.pt\/s.01k8rhncp4jt1\/2026\/02\/image-1795.jpg","width":796,"height":448,"caption":"Montenegro e Seguro n\u00e3o prestaram declara\u00e7\u00f5es aos jornalistas"},{"@type":"BreadcrumbList","@id":"https:\/\/portaltela.pt\/noticias\/2026\/02\/24\/seguro-e-montenegro-reunidos-por-mais-de-duas-horas-e-meia\/#breadcrumb","itemListElement":[{"@type":"ListItem","position":1,"name":"In\u00edcio","item":"https:\/\/portaltela.pt\/"},{"@type":"ListItem","position":2,"name":"Seguro e Montenegro reunidos por mais de duas horas e meia"}]},{"@type":"WebSite","@id":"https:\/\/portaltela.pt\/#website","url":"https:\/\/portaltela.pt\/","name":"Portal Tela Portugal","description":"","potentialAction":[{"@type":"SearchAction","target":{"@type":"EntryPoint","urlTemplate":"https:\/\/portaltela.pt\/?s={search_term_string}"},"query-input":{"@type":"PropertyValueSpecification","valueRequired":true,"valueName":"search_term_string"}}],"inLanguage":"pt-PT"},{"@type":"Person","@id":"https:\/\/portaltela.pt\/#\/schema\/person\/c4278d4a6028830caff9ee44b42d32ed","name":"Telinha","image":{"@type":"ImageObject","inLanguage":"pt-PT","@id":"https:\/\/portaltela.pt\/s.01k8rhncp4jt1\/2025\/11\/talking-bot-125x125.png","url":"https:\/\/portaltela.pt\/s.01k8rhncp4jt1\/2025\/11\/talking-bot-125x125.png","contentUrl":"https:\/\/portaltela.pt\/s.01k8rhncp4jt1\/2025\/11\/talking-bot-125x125.png","caption":"Telinha"},"sameAs":["https:\/\/portaltela.pt\/"],"url":"https:\/\/portaltela.pt\/por\/367410592786\/"}]}},"_links":{"self":[{"href":"https:\/\/portaltela.pt\/api\/wp\/v2\/posts\/224818","targetHints":{"allow":["GET"]}}],"collection":[{"href":"https:\/\/portaltela.pt\/api\/wp\/v2\/posts"}],"about":[{"href":"https:\/\/portaltela.pt\/api\/wp\/v2\/types\/post"}],"author":[{"embeddable":true,"href":"https:\/\/portaltela.pt\/api\/wp\/v2\/users\/2"}],"replies":[{"embeddable":true,"href":"https:\/\/portaltela.pt\/api\/wp\/v2\/comments?post=224818"}],"version-history":[{"count":0,"href":"https:\/\/portaltela.pt\/api\/wp\/v2\/posts\/224818\/revisions"}],"wp:featuredmedia":[{"embeddable":true,"href":"https:\/\/portaltela.pt\/api\/wp\/v2\/media\/224833"}],"wp:attachment":[{"href":"https:\/\/portaltela.pt\/api\/wp\/v2\/media?parent=224818"}],"wp:term":[{"taxonomy":"category","embeddable":true,"href":"https:\/\/portaltela.pt\/api\/wp\/v2\/categories?post=224818"},{"taxonomy":"post_tag","embeddable":true,"href":"https:\/\/portaltela.pt\/api\/wp\/v2\/tags?post=224818"}],"curies":[{"name":"wp","href":"https:\/\/api.w.org\/{rel}","templated":true}]}}