{"id":224806,"date":"2026-02-24T16:31:59","date_gmt":"2026-02-24T19:31:59","guid":{"rendered":"https:\/\/portaltela.pt\/noticias\/2026\/02\/24\/franca-encerra-serie-de-40-dias-de-chuva-mas-risco-de-inundacoes-persiste\/"},"modified":"2026-02-24T16:31:59","modified_gmt":"2026-02-24T19:31:59","slug":"franca-encerra-serie-de-40-dias-de-chuva-mas-risco-de-inundacoes-persiste","status":"publish","type":"post","link":"https:\/\/portaltela.pt\/noticias\/2026\/02\/24\/franca-encerra-serie-de-40-dias-de-chuva-mas-risco-de-inundacoes-persiste\/","title":{"rendered":"Fran\u00e7a encerra s\u00e9rie de 40 dias de chuva, mas risco de inunda\u00e7\u00f5es persiste"},"content":{"rendered":"<p>O per\u00edodo de chuva cont\u00ednua em Fran\u00e7a terminou na segunda-feira, mas as inunda\u00e7\u00f5es mant\u00eam-se. A s\u00e9rie de 40 dias come\u00e7ou em 14 de janeiro e concluiu a 22 de fevereiro, segundo a M\u00e9t\u00e9o-France. O pa\u00eds enfrentou precipita\u00e7\u00e3o cont\u00ednua no oeste e no sul.<\/p>\n<p>A queda de precipita\u00e7\u00e3o na segunda-feira ficou em 0,7 mm em m\u00e9dia a n\u00edvel nacional, ainda abaixo do limiar de dia de chuva definido pela institui\u00e7\u00e3o. A s\u00e9rie mais longa registada desde 1959 foi marcada por v\u00e1rias perturba\u00e7\u00f5es atl\u00e2nticas.<\/p>\n<p>A chuva excepcional coincidiu com um conjunto de tempestades\u2014Goretti, Ingrid, Nils e Pedro\u2014e com dois anticiclones centrados em \u00c1frica e no norte da Europa. A meteorologia explica que o aquecimento da atmosfera aumenta o vapor de \u00e1gua dispon\u00edvel.<\/p>\n<p>Desde 1 de janeiro, parte da Bretanha, sudoeste de Fran\u00e7a e costa mediterr\u00e2nica receberam o equivalente a um inverno inteiro de chuvas, afirma a M\u00e9t\u00e9o-France. Fevereiro j\u00e1 \u00e9 o mais chuvoso desde 1959, e o inverno 2025-2026 est\u00e1 entre os mais h\u00famidos desde ent\u00e3o.<\/p>\n<p>Vigicrues manteve avisos de alto risco para inunda\u00e7\u00f5es. \u00c0s 10h de ter\u00e7a-feira, o Minist\u00e9rio da Transi\u00e7\u00e3o Ecol\u00f3gica indicou 58 cursos de \u00e1gua em alerta, em 45 departamentos, com dois rios em estado vermelho.<\/p>\n<p>Os rios Maine-et-Loire e Charente registaram alerta vermelho com inunda\u00e7\u00f5es significativas, segundo o comunicado ministerial. Mesmo sob alerta amarelo, as autoridades recomendam cautela, pois houve potenciais transbordos locais.<\/p>\n<p>No ocidente, o n\u00edvel das \u00e1guas come\u00e7ou a recuar lentamente no fim de semana, mas as autoridades alertam que a descida n\u00e3o \u00e9 uniforme. O governo mant\u00e9m o monitoramento ativo em v\u00e1rias regi\u00f5es.<\/p>\n<p>A meteorologia prev\u00ea tempo geralmente seco at\u00e9 quinta-feira \u00e0 noite, com temperaturas amenas, entre 15 e 20\u00b0C em muitas \u00e1reas. Contudo, existe a perspetiva de nova chuva que pode atravessar grande parte do oeste entre quinta-feira e sexta-feira.<\/p>\n<h3>Perspetivas e medidas<\/h3>\n<p>As autoridades lembram que o solo continua saturado e que a evolu\u00e7\u00e3o das cheias depende do comportamento meteorol\u00f3gico nas pr\u00f3ximas horas. O aviso permanece em vigor para regi\u00f5es mais afetadas.<\/p>\n<p>As equipes de resposta a emerg\u00eancias mant\u00eam-se em prontid\u00e3o para novas evolu\u00e7\u00f5es, com planos de interven\u00e7\u00e3o adaptados \u00e0 evolu\u00e7\u00e3o das precipita\u00e7\u00f5es. O objetivo \u00e9 prevenir novos danos e apoiar popula\u00e7\u00f5es afetadas.<\/p>\n","protected":false},"excerpt":{"rendered":"<ul>\n<li>Termina, na segunda-feira, a s\u00e9rie recorde de quarenta dias de chuva consecutivos em Fran\u00e7a, que tem mantido ainda v\u00e1rias inunda\u00e7\u00f5es.<\/li>\n<li>A humidade do solo atingiu o n\u00edvel mais elevado desde o in\u00edcio dos registos em 1959, com fevereiro j\u00e1 a ser o m\u00eas mais chuvoso desde ent\u00e3o.<\/li>\n<li>A Ag\u00eancia M\u00e9t\u00e9o-France prev\u00ea tempo geralmente seco at\u00e9 quinta-feira \u00e0 noite, com temperaturas entre 15 e 20 \u00b0C, mas alerta para nova vaga de chuva entre quinta-feira \u00e0 noite e sexta-feira.<\/li>\n<li>Vigicrues mant\u00e9m cautela: duros alertas vermelhos em dois departamentos, com 58 cursos de \u00e1gua em alerta em quarenta e cinco departamentos; dois rios, Maine-et-Loire e Charente, em situa\u00e7\u00e3o de cheias significativas.<\/li>\n<li>Apesar da descida gradual das \u00e1guas em algumas zonas, o minist\u00e9rio avisa que o n\u00edvel das \u00e1guas poder\u00e1 baixar muito lentamente e que o risco persiste em v\u00e1rias regi\u00f5es.<\/li>\n<\/ul>\n","protected":false},"author":2,"featured_media":224808,"comment_status":"closed","ping_status":"closed","sticky":false,"template":"","format":"standard","meta":{"footnotes":""},"categories":[1],"tags":[5289,5210,5329,1856,2293,4364],"class_list":["post-224806","post","type-post","status-publish","format-standard","has-post-thumbnail","hentry","category-noticias","tag-alerta-amarelo","tag-alerta-vermelho","tag-chuva","tag-franca","tag-inundacoes","tag-meteorologia"],"yoast_head":"<!-- This site is optimized with the Yoast SEO plugin v27.2 - https:\/\/yoast.com\/product\/yoast-seo-wordpress\/ -->\n<title>Fran\u00e7a encerra s\u00e9rie de 40 dias de chuva, mas risco de inunda\u00e7\u00f5es persiste - Portal Tela Portugal<\/title>\n<meta name=\"robots\" content=\"index, follow, max-snippet:-1, max-image-preview:large, max-video-preview:-1\" \/>\n<meta property=\"og:locale\" content=\"pt_PT\" \/>\n<meta property=\"og:type\" content=\"article\" \/>\n<meta property=\"og:title\" content=\"Fran\u00e7a encerra s\u00e9rie de 40 dias de chuva, mas risco de inunda\u00e7\u00f5es persiste - Portal Tela Portugal\" \/>\n<meta property=\"og:description\" content=\"Termina, na segunda-feira, a s\u00e9rie recorde de quarenta dias de chuva consecutivos em Fran\u00e7a, que tem mantido ainda v\u00e1rias inunda\u00e7\u00f5es. A humidade do solo atingiu o n\u00edvel mais elevado desde o in\u00edcio dos registos em 1959, com fevereiro j\u00e1 a ser o m\u00eas mais chuvoso desde ent\u00e3o. A Ag\u00eancia M\u00e9t\u00e9o-France prev\u00ea tempo geralmente seco at\u00e9 quinta-feira \u00e0 noite, com temperaturas entre 15 e 20 \u00b0C, mas alerta para nova vaga de chuva entre quinta-feira \u00e0 noite e sexta-feira. Vigicrues mant\u00e9m cautela: duros alertas vermelhos em dois departamentos, com 58 cursos de \u00e1gua em alerta em quarenta e cinco departamentos; dois rios, Maine-et-Loire e Charente, em situa\u00e7\u00e3o de cheias significativas. Apesar da descida gradual das \u00e1guas em algumas zonas, o minist\u00e9rio avisa que o n\u00edvel das \u00e1guas poder\u00e1 baixar muito lentamente e que o risco persiste em v\u00e1rias regi\u00f5es.\" \/>\n<meta property=\"og:url\" content=\"https:\/\/portaltela.pt\/noticias\/2026\/02\/24\/franca-encerra-serie-de-40-dias-de-chuva-mas-risco-de-inundacoes-persiste\/\" \/>\n<meta property=\"og:site_name\" content=\"Portal Tela Portugal\" \/>\n<meta property=\"article:published_time\" content=\"2026-02-24T19:31:59+00:00\" \/>\n<meta name=\"author\" content=\"Telinha\" \/>\n<meta name=\"twitter:card\" content=\"summary_large_image\" \/>\n<meta name=\"twitter:label1\" content=\"Escrito por\" \/>\n\t<meta name=\"twitter:data1\" content=\"Telinha\" \/>\n\t<meta name=\"twitter:label2\" content=\"Tempo estimado de leitura\" \/>\n\t<meta name=\"twitter:data2\" content=\"2 minutos\" \/>\n<script type=\"application\/ld+json\" class=\"yoast-schema-graph\">{\"@context\":\"https:\/\/schema.org\",\"@graph\":[{\"@type\":\"Article\",\"@id\":\"https:\/\/portaltela.pt\/noticias\/2026\/02\/24\/franca-encerra-serie-de-40-dias-de-chuva-mas-risco-de-inundacoes-persiste\/#article\",\"isPartOf\":{\"@id\":\"https:\/\/portaltela.pt\/noticias\/2026\/02\/24\/franca-encerra-serie-de-40-dias-de-chuva-mas-risco-de-inundacoes-persiste\/\"},\"author\":{\"name\":\"Telinha\",\"@id\":\"https:\/\/portaltela.pt\/#\/schema\/person\/c4278d4a6028830caff9ee44b42d32ed\"},\"headline\":\"Fran\u00e7a encerra s\u00e9rie de 40 dias de chuva, mas risco de inunda\u00e7\u00f5es persiste\",\"datePublished\":\"2026-02-24T19:31:59+00:00\",\"mainEntityOfPage\":{\"@id\":\"https:\/\/portaltela.pt\/noticias\/2026\/02\/24\/franca-encerra-serie-de-40-dias-de-chuva-mas-risco-de-inundacoes-persiste\/\"},\"wordCount\":413,\"image\":{\"@id\":\"https:\/\/portaltela.pt\/noticias\/2026\/02\/24\/franca-encerra-serie-de-40-dias-de-chuva-mas-risco-de-inundacoes-persiste\/#primaryimage\"},\"thumbnailUrl\":\"https:\/\/portaltela.pt\/s.01k8rhncp4jt1\/2026\/02\/1536x864_cmsv2_fb1ec345-b185-5b8e-ba6f-5180fc97f79c-9664128.jpg\",\"keywords\":[\"alerta amarelo\",\"alerta vermelho\",\"chuva\",\"Fran\u00e7a\",\"inunda\u00e7\u00f5es\",\"meteorologia\"],\"articleSection\":[\"Not\u00edcias\"],\"inLanguage\":\"pt-PT\"},{\"@type\":\"WebPage\",\"@id\":\"https:\/\/portaltela.pt\/noticias\/2026\/02\/24\/franca-encerra-serie-de-40-dias-de-chuva-mas-risco-de-inundacoes-persiste\/\",\"url\":\"https:\/\/portaltela.pt\/noticias\/2026\/02\/24\/franca-encerra-serie-de-40-dias-de-chuva-mas-risco-de-inundacoes-persiste\/\",\"name\":\"Fran\u00e7a encerra s\u00e9rie de 40 dias de chuva, mas risco de inunda\u00e7\u00f5es persiste - Portal Tela Portugal\",\"isPartOf\":{\"@id\":\"https:\/\/portaltela.pt\/#website\"},\"primaryImageOfPage\":{\"@id\":\"https:\/\/portaltela.pt\/noticias\/2026\/02\/24\/franca-encerra-serie-de-40-dias-de-chuva-mas-risco-de-inundacoes-persiste\/#primaryimage\"},\"image\":{\"@id\":\"https:\/\/portaltela.pt\/noticias\/2026\/02\/24\/franca-encerra-serie-de-40-dias-de-chuva-mas-risco-de-inundacoes-persiste\/#primaryimage\"},\"thumbnailUrl\":\"https:\/\/portaltela.pt\/s.01k8rhncp4jt1\/2026\/02\/1536x864_cmsv2_fb1ec345-b185-5b8e-ba6f-5180fc97f79c-9664128.jpg\",\"datePublished\":\"2026-02-24T19:31:59+00:00\",\"author\":{\"@id\":\"https:\/\/portaltela.pt\/#\/schema\/person\/c4278d4a6028830caff9ee44b42d32ed\"},\"breadcrumb\":{\"@id\":\"https:\/\/portaltela.pt\/noticias\/2026\/02\/24\/franca-encerra-serie-de-40-dias-de-chuva-mas-risco-de-inundacoes-persiste\/#breadcrumb\"},\"inLanguage\":\"pt-PT\",\"potentialAction\":[{\"@type\":\"ReadAction\",\"target\":[\"https:\/\/portaltela.pt\/noticias\/2026\/02\/24\/franca-encerra-serie-de-40-dias-de-chuva-mas-risco-de-inundacoes-persiste\/\"]}]},{\"@type\":\"ImageObject\",\"inLanguage\":\"pt-PT\",\"@id\":\"https:\/\/portaltela.pt\/noticias\/2026\/02\/24\/franca-encerra-serie-de-40-dias-de-chuva-mas-risco-de-inundacoes-persiste\/#primaryimage\",\"url\":\"https:\/\/portaltela.pt\/s.01k8rhncp4jt1\/2026\/02\/1536x864_cmsv2_fb1ec345-b185-5b8e-ba6f-5180fc97f79c-9664128.jpg\",\"contentUrl\":\"https:\/\/portaltela.pt\/s.01k8rhncp4jt1\/2026\/02\/1536x864_cmsv2_fb1ec345-b185-5b8e-ba6f-5180fc97f79c-9664128.jpg\",\"width\":1536,\"height\":864,\"caption\":\"Uma equipa de salvamento numa rua inundada de Saintes, quando graves inunda\u00e7\u00f5es atingem o oeste de Fran\u00e7a no meio da tempestade Pedro, quarta-feira, 18 de fevereiro de 2026.\"},{\"@type\":\"BreadcrumbList\",\"@id\":\"https:\/\/portaltela.pt\/noticias\/2026\/02\/24\/franca-encerra-serie-de-40-dias-de-chuva-mas-risco-de-inundacoes-persiste\/#breadcrumb\",\"itemListElement\":[{\"@type\":\"ListItem\",\"position\":1,\"name\":\"In\u00edcio\",\"item\":\"https:\/\/portaltela.pt\/\"},{\"@type\":\"ListItem\",\"position\":2,\"name\":\"Fran\u00e7a encerra s\u00e9rie de 40 dias de chuva, mas risco de inunda\u00e7\u00f5es persiste\"}]},{\"@type\":\"WebSite\",\"@id\":\"https:\/\/portaltela.pt\/#website\",\"url\":\"https:\/\/portaltela.pt\/\",\"name\":\"Portal Tela Portugal\",\"description\":\"\",\"potentialAction\":[{\"@type\":\"SearchAction\",\"target\":{\"@type\":\"EntryPoint\",\"urlTemplate\":\"https:\/\/portaltela.pt\/?s={search_term_string}\"},\"query-input\":{\"@type\":\"PropertyValueSpecification\",\"valueRequired\":true,\"valueName\":\"search_term_string\"}}],\"inLanguage\":\"pt-PT\"},{\"@type\":\"Person\",\"@id\":\"https:\/\/portaltela.pt\/#\/schema\/person\/c4278d4a6028830caff9ee44b42d32ed\",\"name\":\"Telinha\",\"image\":{\"@type\":\"ImageObject\",\"inLanguage\":\"pt-PT\",\"@id\":\"https:\/\/portaltela.pt\/s.01k8rhncp4jt1\/2025\/11\/talking-bot-125x125.png\",\"url\":\"https:\/\/portaltela.pt\/s.01k8rhncp4jt1\/2025\/11\/talking-bot-125x125.png\",\"contentUrl\":\"https:\/\/portaltela.pt\/s.01k8rhncp4jt1\/2025\/11\/talking-bot-125x125.png\",\"caption\":\"Telinha\"},\"sameAs\":[\"https:\/\/portaltela.pt\/\"],\"url\":\"https:\/\/portaltela.pt\/por\/367410592786\/\"}]}<\/script>\n<!-- \/ Yoast SEO plugin. -->","yoast_head_json":{"title":"Fran\u00e7a encerra s\u00e9rie de 40 dias de chuva, mas risco de inunda\u00e7\u00f5es persiste - Portal Tela Portugal","robots":{"index":"index","follow":"follow","max-snippet":"max-snippet:-1","max-image-preview":"max-image-preview:large","max-video-preview":"max-video-preview:-1"},"og_locale":"pt_PT","og_type":"article","og_title":"Fran\u00e7a encerra s\u00e9rie de 40 dias de chuva, mas risco de inunda\u00e7\u00f5es persiste - Portal Tela Portugal","og_description":"Termina, na segunda-feira, a s\u00e9rie recorde de quarenta dias de chuva consecutivos em Fran\u00e7a, que tem mantido ainda v\u00e1rias inunda\u00e7\u00f5es. A humidade do solo atingiu o n\u00edvel mais elevado desde o in\u00edcio dos registos em 1959, com fevereiro j\u00e1 a ser o m\u00eas mais chuvoso desde ent\u00e3o. A Ag\u00eancia M\u00e9t\u00e9o-France prev\u00ea tempo geralmente seco at\u00e9 quinta-feira \u00e0 noite, com temperaturas entre 15 e 20 \u00b0C, mas alerta para nova vaga de chuva entre quinta-feira \u00e0 noite e sexta-feira. Vigicrues mant\u00e9m cautela: duros alertas vermelhos em dois departamentos, com 58 cursos de \u00e1gua em alerta em quarenta e cinco departamentos; dois rios, Maine-et-Loire e Charente, em situa\u00e7\u00e3o de cheias significativas. Apesar da descida gradual das \u00e1guas em algumas zonas, o minist\u00e9rio avisa que o n\u00edvel das \u00e1guas poder\u00e1 baixar muito lentamente e que o risco persiste em v\u00e1rias regi\u00f5es.","og_url":"https:\/\/portaltela.pt\/noticias\/2026\/02\/24\/franca-encerra-serie-de-40-dias-de-chuva-mas-risco-de-inundacoes-persiste\/","og_site_name":"Portal Tela Portugal","article_published_time":"2026-02-24T19:31:59+00:00","author":"Telinha","twitter_card":"summary_large_image","twitter_misc":{"Escrito por":"Telinha","Tempo estimado de leitura":"2 minutos"},"schema":{"@context":"https:\/\/schema.org","@graph":[{"@type":"Article","@id":"https:\/\/portaltela.pt\/noticias\/2026\/02\/24\/franca-encerra-serie-de-40-dias-de-chuva-mas-risco-de-inundacoes-persiste\/#article","isPartOf":{"@id":"https:\/\/portaltela.pt\/noticias\/2026\/02\/24\/franca-encerra-serie-de-40-dias-de-chuva-mas-risco-de-inundacoes-persiste\/"},"author":{"name":"Telinha","@id":"https:\/\/portaltela.pt\/#\/schema\/person\/c4278d4a6028830caff9ee44b42d32ed"},"headline":"Fran\u00e7a encerra s\u00e9rie de 40 dias de chuva, mas risco de inunda\u00e7\u00f5es persiste","datePublished":"2026-02-24T19:31:59+00:00","mainEntityOfPage":{"@id":"https:\/\/portaltela.pt\/noticias\/2026\/02\/24\/franca-encerra-serie-de-40-dias-de-chuva-mas-risco-de-inundacoes-persiste\/"},"wordCount":413,"image":{"@id":"https:\/\/portaltela.pt\/noticias\/2026\/02\/24\/franca-encerra-serie-de-40-dias-de-chuva-mas-risco-de-inundacoes-persiste\/#primaryimage"},"thumbnailUrl":"https:\/\/portaltela.pt\/s.01k8rhncp4jt1\/2026\/02\/1536x864_cmsv2_fb1ec345-b185-5b8e-ba6f-5180fc97f79c-9664128.jpg","keywords":["alerta amarelo","alerta vermelho","chuva","Fran\u00e7a","inunda\u00e7\u00f5es","meteorologia"],"articleSection":["Not\u00edcias"],"inLanguage":"pt-PT"},{"@type":"WebPage","@id":"https:\/\/portaltela.pt\/noticias\/2026\/02\/24\/franca-encerra-serie-de-40-dias-de-chuva-mas-risco-de-inundacoes-persiste\/","url":"https:\/\/portaltela.pt\/noticias\/2026\/02\/24\/franca-encerra-serie-de-40-dias-de-chuva-mas-risco-de-inundacoes-persiste\/","name":"Fran\u00e7a encerra s\u00e9rie de 40 dias de chuva, mas risco de inunda\u00e7\u00f5es persiste - Portal Tela Portugal","isPartOf":{"@id":"https:\/\/portaltela.pt\/#website"},"primaryImageOfPage":{"@id":"https:\/\/portaltela.pt\/noticias\/2026\/02\/24\/franca-encerra-serie-de-40-dias-de-chuva-mas-risco-de-inundacoes-persiste\/#primaryimage"},"image":{"@id":"https:\/\/portaltela.pt\/noticias\/2026\/02\/24\/franca-encerra-serie-de-40-dias-de-chuva-mas-risco-de-inundacoes-persiste\/#primaryimage"},"thumbnailUrl":"https:\/\/portaltela.pt\/s.01k8rhncp4jt1\/2026\/02\/1536x864_cmsv2_fb1ec345-b185-5b8e-ba6f-5180fc97f79c-9664128.jpg","datePublished":"2026-02-24T19:31:59+00:00","author":{"@id":"https:\/\/portaltela.pt\/#\/schema\/person\/c4278d4a6028830caff9ee44b42d32ed"},"breadcrumb":{"@id":"https:\/\/portaltela.pt\/noticias\/2026\/02\/24\/franca-encerra-serie-de-40-dias-de-chuva-mas-risco-de-inundacoes-persiste\/#breadcrumb"},"inLanguage":"pt-PT","potentialAction":[{"@type":"ReadAction","target":["https:\/\/portaltela.pt\/noticias\/2026\/02\/24\/franca-encerra-serie-de-40-dias-de-chuva-mas-risco-de-inundacoes-persiste\/"]}]},{"@type":"ImageObject","inLanguage":"pt-PT","@id":"https:\/\/portaltela.pt\/noticias\/2026\/02\/24\/franca-encerra-serie-de-40-dias-de-chuva-mas-risco-de-inundacoes-persiste\/#primaryimage","url":"https:\/\/portaltela.pt\/s.01k8rhncp4jt1\/2026\/02\/1536x864_cmsv2_fb1ec345-b185-5b8e-ba6f-5180fc97f79c-9664128.jpg","contentUrl":"https:\/\/portaltela.pt\/s.01k8rhncp4jt1\/2026\/02\/1536x864_cmsv2_fb1ec345-b185-5b8e-ba6f-5180fc97f79c-9664128.jpg","width":1536,"height":864,"caption":"Uma equipa de salvamento numa rua inundada de Saintes, quando graves inunda\u00e7\u00f5es atingem o oeste de Fran\u00e7a no meio da tempestade Pedro, quarta-feira, 18 de fevereiro de 2026."},{"@type":"BreadcrumbList","@id":"https:\/\/portaltela.pt\/noticias\/2026\/02\/24\/franca-encerra-serie-de-40-dias-de-chuva-mas-risco-de-inundacoes-persiste\/#breadcrumb","itemListElement":[{"@type":"ListItem","position":1,"name":"In\u00edcio","item":"https:\/\/portaltela.pt\/"},{"@type":"ListItem","position":2,"name":"Fran\u00e7a encerra s\u00e9rie de 40 dias de chuva, mas risco de inunda\u00e7\u00f5es persiste"}]},{"@type":"WebSite","@id":"https:\/\/portaltela.pt\/#website","url":"https:\/\/portaltela.pt\/","name":"Portal Tela Portugal","description":"","potentialAction":[{"@type":"SearchAction","target":{"@type":"EntryPoint","urlTemplate":"https:\/\/portaltela.pt\/?s={search_term_string}"},"query-input":{"@type":"PropertyValueSpecification","valueRequired":true,"valueName":"search_term_string"}}],"inLanguage":"pt-PT"},{"@type":"Person","@id":"https:\/\/portaltela.pt\/#\/schema\/person\/c4278d4a6028830caff9ee44b42d32ed","name":"Telinha","image":{"@type":"ImageObject","inLanguage":"pt-PT","@id":"https:\/\/portaltela.pt\/s.01k8rhncp4jt1\/2025\/11\/talking-bot-125x125.png","url":"https:\/\/portaltela.pt\/s.01k8rhncp4jt1\/2025\/11\/talking-bot-125x125.png","contentUrl":"https:\/\/portaltela.pt\/s.01k8rhncp4jt1\/2025\/11\/talking-bot-125x125.png","caption":"Telinha"},"sameAs":["https:\/\/portaltela.pt\/"],"url":"https:\/\/portaltela.pt\/por\/367410592786\/"}]}},"_links":{"self":[{"href":"https:\/\/portaltela.pt\/api\/wp\/v2\/posts\/224806","targetHints":{"allow":["GET"]}}],"collection":[{"href":"https:\/\/portaltela.pt\/api\/wp\/v2\/posts"}],"about":[{"href":"https:\/\/portaltela.pt\/api\/wp\/v2\/types\/post"}],"author":[{"embeddable":true,"href":"https:\/\/portaltela.pt\/api\/wp\/v2\/users\/2"}],"replies":[{"embeddable":true,"href":"https:\/\/portaltela.pt\/api\/wp\/v2\/comments?post=224806"}],"version-history":[{"count":0,"href":"https:\/\/portaltela.pt\/api\/wp\/v2\/posts\/224806\/revisions"}],"wp:featuredmedia":[{"embeddable":true,"href":"https:\/\/portaltela.pt\/api\/wp\/v2\/media\/224808"}],"wp:attachment":[{"href":"https:\/\/portaltela.pt\/api\/wp\/v2\/media?parent=224806"}],"wp:term":[{"taxonomy":"category","embeddable":true,"href":"https:\/\/portaltela.pt\/api\/wp\/v2\/categories?post=224806"},{"taxonomy":"post_tag","embeddable":true,"href":"https:\/\/portaltela.pt\/api\/wp\/v2\/tags?post=224806"}],"curies":[{"name":"wp","href":"https:\/\/api.w.org\/{rel}","templated":true}]}}