{"id":224795,"date":"2026-02-24T16:06:52","date_gmt":"2026-02-24T19:06:52","guid":{"rendered":"https:\/\/portaltela.pt\/noticias\/2026\/02\/24\/ricardo-pessoa-deixa-o-amora\/"},"modified":"2026-02-24T16:06:52","modified_gmt":"2026-02-24T19:06:52","slug":"ricardo-pessoa-deixa-o-amora","status":"publish","type":"post","link":"https:\/\/portaltela.pt\/desporto\/futebol\/2026\/02\/24\/ricardo-pessoa-deixa-o-amora\/","title":{"rendered":"Ricardo Pessoa deixa o Amora"},"content":{"rendered":"<p>Ricardo Pessoa deixou o comando t\u00e9cnico do Amora. O t\u00e9cnico de 44 anos comunicou a decis\u00e3o por motivos pessoais, segundo a sociedade que gere o clube.<\/p>\n<p>A Amora FC SAD agradeceu ao treinador e \u00e0 equipa t\u00e9cnica pela entrega e profissionalismo demonstrados durante o per\u00edodo em fun\u00e7\u00f5es, conforme o comunicado.<\/p>\n<p>O emblema da Liga 3 ocupa atualmente a quinta posi\u00e7\u00e3o da S\u00e9rie 2 de manuten\u00e7\u00e3o\/descida. A acompanhar o recado oficial, o clube indicou que ser\u00e1 anunciado em breve o substituto \u00e0 frente da equipa.<\/p>\n<h3>Novo treinador em breve<\/h3>\n<p>A administra\u00e7\u00e3o do Amora aponta para a divisa entre a tomada de decis\u00e3o do t\u00e9cnico e a planifica\u00e7\u00e3o desportiva, com foco na transi\u00e7\u00e3o para o pr\u00f3ximo ciclo competitivo.<\/p>\n","protected":false},"excerpt":{"rendered":"<ul>\n<li>Ricardo Pessoa apresentou a sua demiss\u00e3o do comando t\u00e9cnico do Amora, aos 44 anos, alegando quest\u00f5es pessoais.<\/li>\n<li>A decis\u00e3o foi comunicada pela SAD do clube, que agradeceu ao treinador e \u00e0 equipa t\u00e9cnica pelo profissionalismo e disponibilidade.<\/li>\n<li>O Amora, que disputa a Liga 3, segue em 5.\u00ba lugar da S\u00e9rie 2 de manuten\u00e7\u00e3o\/descida.<\/li>\n<li>Em breve ser\u00e1 anunciado o novo treinador do emblema.<\/li>\n<\/ul>\n","protected":false},"author":2,"featured_media":224798,"comment_status":"closed","ping_status":"closed","sticky":false,"template":"","format":"standard","meta":{"footnotes":""},"categories":[21,24],"tags":[3354,1367,152,32,1786,2477],"class_list":["post-224795","post","type-post","status-publish","format-standard","has-post-thumbnail","hentry","category-desporto","category-futebol","tag-amora","tag-clubes","tag-desporto","tag-futebol","tag-liga","tag-treinadores"],"yoast_head":"<!-- This site is optimized with the Yoast SEO plugin v27.2 - https:\/\/yoast.com\/product\/yoast-seo-wordpress\/ -->\n<title>Ricardo Pessoa deixa o Amora - Portal Tela Portugal<\/title>\n<meta name=\"robots\" content=\"index, follow, max-snippet:-1, max-image-preview:large, max-video-preview:-1\" \/>\n<meta property=\"og:locale\" content=\"pt_PT\" \/>\n<meta property=\"og:type\" content=\"article\" \/>\n<meta property=\"og:title\" content=\"Ricardo Pessoa deixa o Amora - Portal Tela Portugal\" \/>\n<meta property=\"og:description\" content=\"Ricardo Pessoa apresentou a sua demiss\u00e3o do comando t\u00e9cnico do Amora, aos 44 anos, alegando quest\u00f5es pessoais. A decis\u00e3o foi comunicada pela SAD do clube, que agradeceu ao treinador e \u00e0 equipa t\u00e9cnica pelo profissionalismo e disponibilidade. O Amora, que disputa a Liga 3, segue em 5.\u00ba lugar da S\u00e9rie 2 de manuten\u00e7\u00e3o\/descida. Em breve ser\u00e1 anunciado o novo treinador do emblema.\" \/>\n<meta property=\"og:url\" content=\"https:\/\/portaltela.pt\/noticias\/2026\/02\/24\/ricardo-pessoa-deixa-o-amora\/\" \/>\n<meta property=\"og:site_name\" content=\"Portal Tela Portugal\" \/>\n<meta property=\"article:published_time\" content=\"2026-02-24T19:06:52+00:00\" \/>\n<meta name=\"author\" content=\"Telinha\" \/>\n<meta name=\"twitter:card\" content=\"summary_large_image\" \/>\n<meta name=\"twitter:label1\" content=\"Escrito por\" \/>\n\t<meta name=\"twitter:data1\" content=\"Telinha\" \/>\n\t<meta name=\"twitter:label2\" content=\"Tempo estimado de leitura\" \/>\n\t<meta name=\"twitter:data2\" content=\"1 minuto\" \/>\n<script type=\"application\/ld+json\" class=\"yoast-schema-graph\">{\"@context\":\"https:\/\/schema.org\",\"@graph\":[{\"@type\":\"Article\",\"@id\":\"https:\/\/portaltela.pt\/noticias\/2026\/02\/24\/ricardo-pessoa-deixa-o-amora\/#article\",\"isPartOf\":{\"@id\":\"https:\/\/portaltela.pt\/noticias\/2026\/02\/24\/ricardo-pessoa-deixa-o-amora\/\"},\"author\":{\"name\":\"Telinha\",\"@id\":\"https:\/\/portaltela.pt\/#\/schema\/person\/c4278d4a6028830caff9ee44b42d32ed\"},\"headline\":\"Ricardo Pessoa deixa o Amora\",\"datePublished\":\"2026-02-24T19:06:52+00:00\",\"mainEntityOfPage\":{\"@id\":\"https:\/\/portaltela.pt\/noticias\/2026\/02\/24\/ricardo-pessoa-deixa-o-amora\/\"},\"wordCount\":132,\"image\":{\"@id\":\"https:\/\/portaltela.pt\/noticias\/2026\/02\/24\/ricardo-pessoa-deixa-o-amora\/#primaryimage\"},\"thumbnailUrl\":\"https:\/\/portaltela.pt\/s.01k8rhncp4jt1\/2026\/02\/img_920x518uu2026-02-13-20-02-51-2421415-1.jpg\",\"keywords\":[\"Amora\",\"clubes\",\"desporto\",\"futebol\",\"Liga\",\"treinadores\"],\"articleSection\":[\"Desporto\",\"Futebol\"],\"inLanguage\":\"pt-PT\"},{\"@type\":\"WebPage\",\"@id\":\"https:\/\/portaltela.pt\/noticias\/2026\/02\/24\/ricardo-pessoa-deixa-o-amora\/\",\"url\":\"https:\/\/portaltela.pt\/noticias\/2026\/02\/24\/ricardo-pessoa-deixa-o-amora\/\",\"name\":\"Ricardo Pessoa deixa o Amora - Portal Tela Portugal\",\"isPartOf\":{\"@id\":\"https:\/\/portaltela.pt\/#website\"},\"primaryImageOfPage\":{\"@id\":\"https:\/\/portaltela.pt\/noticias\/2026\/02\/24\/ricardo-pessoa-deixa-o-amora\/#primaryimage\"},\"image\":{\"@id\":\"https:\/\/portaltela.pt\/noticias\/2026\/02\/24\/ricardo-pessoa-deixa-o-amora\/#primaryimage\"},\"thumbnailUrl\":\"https:\/\/portaltela.pt\/s.01k8rhncp4jt1\/2026\/02\/img_920x518uu2026-02-13-20-02-51-2421415-1.jpg\",\"datePublished\":\"2026-02-24T19:06:52+00:00\",\"author\":{\"@id\":\"https:\/\/portaltela.pt\/#\/schema\/person\/c4278d4a6028830caff9ee44b42d32ed\"},\"breadcrumb\":{\"@id\":\"https:\/\/portaltela.pt\/noticias\/2026\/02\/24\/ricardo-pessoa-deixa-o-amora\/#breadcrumb\"},\"inLanguage\":\"pt-PT\",\"potentialAction\":[{\"@type\":\"ReadAction\",\"target\":[\"https:\/\/portaltela.pt\/noticias\/2026\/02\/24\/ricardo-pessoa-deixa-o-amora\/\"]}]},{\"@type\":\"ImageObject\",\"inLanguage\":\"pt-PT\",\"@id\":\"https:\/\/portaltela.pt\/noticias\/2026\/02\/24\/ricardo-pessoa-deixa-o-amora\/#primaryimage\",\"url\":\"https:\/\/portaltela.pt\/s.01k8rhncp4jt1\/2026\/02\/img_920x518uu2026-02-13-20-02-51-2421415-1.jpg\",\"contentUrl\":\"https:\/\/portaltela.pt\/s.01k8rhncp4jt1\/2026\/02\/img_920x518uu2026-02-13-20-02-51-2421415-1.jpg\",\"width\":796,\"height\":448,\"caption\":\"Ricardo Pessoa\"},{\"@type\":\"BreadcrumbList\",\"@id\":\"https:\/\/portaltela.pt\/noticias\/2026\/02\/24\/ricardo-pessoa-deixa-o-amora\/#breadcrumb\",\"itemListElement\":[{\"@type\":\"ListItem\",\"position\":1,\"name\":\"In\u00edcio\",\"item\":\"https:\/\/portaltela.pt\/\"},{\"@type\":\"ListItem\",\"position\":2,\"name\":\"Ricardo Pessoa deixa o Amora\"}]},{\"@type\":\"WebSite\",\"@id\":\"https:\/\/portaltela.pt\/#website\",\"url\":\"https:\/\/portaltela.pt\/\",\"name\":\"Portal Tela Portugal\",\"description\":\"\",\"potentialAction\":[{\"@type\":\"SearchAction\",\"target\":{\"@type\":\"EntryPoint\",\"urlTemplate\":\"https:\/\/portaltela.pt\/?s={search_term_string}\"},\"query-input\":{\"@type\":\"PropertyValueSpecification\",\"valueRequired\":true,\"valueName\":\"search_term_string\"}}],\"inLanguage\":\"pt-PT\"},{\"@type\":\"Person\",\"@id\":\"https:\/\/portaltela.pt\/#\/schema\/person\/c4278d4a6028830caff9ee44b42d32ed\",\"name\":\"Telinha\",\"image\":{\"@type\":\"ImageObject\",\"inLanguage\":\"pt-PT\",\"@id\":\"https:\/\/portaltela.pt\/s.01k8rhncp4jt1\/2025\/11\/talking-bot-125x125.png\",\"url\":\"https:\/\/portaltela.pt\/s.01k8rhncp4jt1\/2025\/11\/talking-bot-125x125.png\",\"contentUrl\":\"https:\/\/portaltela.pt\/s.01k8rhncp4jt1\/2025\/11\/talking-bot-125x125.png\",\"caption\":\"Telinha\"},\"sameAs\":[\"https:\/\/portaltela.pt\/\"],\"url\":\"https:\/\/portaltela.pt\/por\/367410592786\/\"}]}<\/script>\n<!-- \/ Yoast SEO plugin. -->","yoast_head_json":{"title":"Ricardo Pessoa deixa o Amora - Portal Tela Portugal","robots":{"index":"index","follow":"follow","max-snippet":"max-snippet:-1","max-image-preview":"max-image-preview:large","max-video-preview":"max-video-preview:-1"},"og_locale":"pt_PT","og_type":"article","og_title":"Ricardo Pessoa deixa o Amora - Portal Tela Portugal","og_description":"Ricardo Pessoa apresentou a sua demiss\u00e3o do comando t\u00e9cnico do Amora, aos 44 anos, alegando quest\u00f5es pessoais. A decis\u00e3o foi comunicada pela SAD do clube, que agradeceu ao treinador e \u00e0 equipa t\u00e9cnica pelo profissionalismo e disponibilidade. O Amora, que disputa a Liga 3, segue em 5.\u00ba lugar da S\u00e9rie 2 de manuten\u00e7\u00e3o\/descida. Em breve ser\u00e1 anunciado o novo treinador do emblema.","og_url":"https:\/\/portaltela.pt\/noticias\/2026\/02\/24\/ricardo-pessoa-deixa-o-amora\/","og_site_name":"Portal Tela Portugal","article_published_time":"2026-02-24T19:06:52+00:00","author":"Telinha","twitter_card":"summary_large_image","twitter_misc":{"Escrito por":"Telinha","Tempo estimado de leitura":"1 minuto"},"schema":{"@context":"https:\/\/schema.org","@graph":[{"@type":"Article","@id":"https:\/\/portaltela.pt\/noticias\/2026\/02\/24\/ricardo-pessoa-deixa-o-amora\/#article","isPartOf":{"@id":"https:\/\/portaltela.pt\/noticias\/2026\/02\/24\/ricardo-pessoa-deixa-o-amora\/"},"author":{"name":"Telinha","@id":"https:\/\/portaltela.pt\/#\/schema\/person\/c4278d4a6028830caff9ee44b42d32ed"},"headline":"Ricardo Pessoa deixa o Amora","datePublished":"2026-02-24T19:06:52+00:00","mainEntityOfPage":{"@id":"https:\/\/portaltela.pt\/noticias\/2026\/02\/24\/ricardo-pessoa-deixa-o-amora\/"},"wordCount":132,"image":{"@id":"https:\/\/portaltela.pt\/noticias\/2026\/02\/24\/ricardo-pessoa-deixa-o-amora\/#primaryimage"},"thumbnailUrl":"https:\/\/portaltela.pt\/s.01k8rhncp4jt1\/2026\/02\/img_920x518uu2026-02-13-20-02-51-2421415-1.jpg","keywords":["Amora","clubes","desporto","futebol","Liga","treinadores"],"articleSection":["Desporto","Futebol"],"inLanguage":"pt-PT"},{"@type":"WebPage","@id":"https:\/\/portaltela.pt\/noticias\/2026\/02\/24\/ricardo-pessoa-deixa-o-amora\/","url":"https:\/\/portaltela.pt\/noticias\/2026\/02\/24\/ricardo-pessoa-deixa-o-amora\/","name":"Ricardo Pessoa deixa o Amora - Portal Tela Portugal","isPartOf":{"@id":"https:\/\/portaltela.pt\/#website"},"primaryImageOfPage":{"@id":"https:\/\/portaltela.pt\/noticias\/2026\/02\/24\/ricardo-pessoa-deixa-o-amora\/#primaryimage"},"image":{"@id":"https:\/\/portaltela.pt\/noticias\/2026\/02\/24\/ricardo-pessoa-deixa-o-amora\/#primaryimage"},"thumbnailUrl":"https:\/\/portaltela.pt\/s.01k8rhncp4jt1\/2026\/02\/img_920x518uu2026-02-13-20-02-51-2421415-1.jpg","datePublished":"2026-02-24T19:06:52+00:00","author":{"@id":"https:\/\/portaltela.pt\/#\/schema\/person\/c4278d4a6028830caff9ee44b42d32ed"},"breadcrumb":{"@id":"https:\/\/portaltela.pt\/noticias\/2026\/02\/24\/ricardo-pessoa-deixa-o-amora\/#breadcrumb"},"inLanguage":"pt-PT","potentialAction":[{"@type":"ReadAction","target":["https:\/\/portaltela.pt\/noticias\/2026\/02\/24\/ricardo-pessoa-deixa-o-amora\/"]}]},{"@type":"ImageObject","inLanguage":"pt-PT","@id":"https:\/\/portaltela.pt\/noticias\/2026\/02\/24\/ricardo-pessoa-deixa-o-amora\/#primaryimage","url":"https:\/\/portaltela.pt\/s.01k8rhncp4jt1\/2026\/02\/img_920x518uu2026-02-13-20-02-51-2421415-1.jpg","contentUrl":"https:\/\/portaltela.pt\/s.01k8rhncp4jt1\/2026\/02\/img_920x518uu2026-02-13-20-02-51-2421415-1.jpg","width":796,"height":448,"caption":"Ricardo Pessoa"},{"@type":"BreadcrumbList","@id":"https:\/\/portaltela.pt\/noticias\/2026\/02\/24\/ricardo-pessoa-deixa-o-amora\/#breadcrumb","itemListElement":[{"@type":"ListItem","position":1,"name":"In\u00edcio","item":"https:\/\/portaltela.pt\/"},{"@type":"ListItem","position":2,"name":"Ricardo Pessoa deixa o Amora"}]},{"@type":"WebSite","@id":"https:\/\/portaltela.pt\/#website","url":"https:\/\/portaltela.pt\/","name":"Portal Tela Portugal","description":"","potentialAction":[{"@type":"SearchAction","target":{"@type":"EntryPoint","urlTemplate":"https:\/\/portaltela.pt\/?s={search_term_string}"},"query-input":{"@type":"PropertyValueSpecification","valueRequired":true,"valueName":"search_term_string"}}],"inLanguage":"pt-PT"},{"@type":"Person","@id":"https:\/\/portaltela.pt\/#\/schema\/person\/c4278d4a6028830caff9ee44b42d32ed","name":"Telinha","image":{"@type":"ImageObject","inLanguage":"pt-PT","@id":"https:\/\/portaltela.pt\/s.01k8rhncp4jt1\/2025\/11\/talking-bot-125x125.png","url":"https:\/\/portaltela.pt\/s.01k8rhncp4jt1\/2025\/11\/talking-bot-125x125.png","contentUrl":"https:\/\/portaltela.pt\/s.01k8rhncp4jt1\/2025\/11\/talking-bot-125x125.png","caption":"Telinha"},"sameAs":["https:\/\/portaltela.pt\/"],"url":"https:\/\/portaltela.pt\/por\/367410592786\/"}]}},"_links":{"self":[{"href":"https:\/\/portaltela.pt\/api\/wp\/v2\/posts\/224795","targetHints":{"allow":["GET"]}}],"collection":[{"href":"https:\/\/portaltela.pt\/api\/wp\/v2\/posts"}],"about":[{"href":"https:\/\/portaltela.pt\/api\/wp\/v2\/types\/post"}],"author":[{"embeddable":true,"href":"https:\/\/portaltela.pt\/api\/wp\/v2\/users\/2"}],"replies":[{"embeddable":true,"href":"https:\/\/portaltela.pt\/api\/wp\/v2\/comments?post=224795"}],"version-history":[{"count":0,"href":"https:\/\/portaltela.pt\/api\/wp\/v2\/posts\/224795\/revisions"}],"wp:featuredmedia":[{"embeddable":true,"href":"https:\/\/portaltela.pt\/api\/wp\/v2\/media\/224798"}],"wp:attachment":[{"href":"https:\/\/portaltela.pt\/api\/wp\/v2\/media?parent=224795"}],"wp:term":[{"taxonomy":"category","embeddable":true,"href":"https:\/\/portaltela.pt\/api\/wp\/v2\/categories?post=224795"},{"taxonomy":"post_tag","embeddable":true,"href":"https:\/\/portaltela.pt\/api\/wp\/v2\/tags?post=224795"}],"curies":[{"name":"wp","href":"https:\/\/api.w.org\/{rel}","templated":true}]}}