{"id":224786,"date":"2026-02-24T16:02:23","date_gmt":"2026-02-24T19:02:23","guid":{"rendered":"https:\/\/portaltela.pt\/noticias\/2026\/02\/24\/influenciador-digital-fabio-silva-lancou-canal-no-youtube\/"},"modified":"2026-02-24T16:02:23","modified_gmt":"2026-02-24T19:02:23","slug":"influenciador-digital-fabio-silva-lancou-canal-no-youtube","status":"publish","type":"post","link":"https:\/\/portaltela.pt\/desporto\/futebol\/2026\/02\/24\/influenciador-digital-fabio-silva-lancou-canal-no-youtube\/","title":{"rendered":"Influenciador digital F\u00e1bio Silva lan\u00e7ou canal no YouTube"},"content":{"rendered":"<p>O avan\u00e7ado portugu\u00eas F\u00e1bio Silva, de 23 anos, lan\u00e7ou o seu canal de YouTube, marcando o passo seguinte da sua presen\u00e7a digital. A primeira publica\u00e7\u00e3o foi feita h\u00e1 cerca de 10 dias.<\/p>\n<p>O jogador do Borussia Dortmund partilhou um v\u00eddeo dedicado aos primeiros dias no novo clube, ao qual chegou em agosto de 2025. O conte\u00fado j\u00e1 soma cerca de 75 mil visualiza\u00e7\u00f5es.<\/p>\n<p>A iniciativa surge na sequ\u00eancia de Silva se ter tornado embaixador oficial da New Balance no in\u00edcio do m\u00eas, fortalecendo a aposta em conte\u00fados digitais com o YouTube a ocupar o centro do projeto.<\/p>\n","protected":false},"excerpt":{"rendered":"<ul>\n<li>O avan\u00e7ado portugu\u00eas F\u00e1bio Silva, de 23 anos, lan\u00e7ou um canal no YouTube.<\/li>\n<li>O jogador do Borussia Dortmund publicou o primeiro v\u00eddeo h\u00e1 10 dias, sobre os primeiros dias no novo clube, em agosto de 2025.<\/li>\n<li>O v\u00eddeo j\u00e1 teve cerca de 75 mil visualiza\u00e7\u00f5es.<\/li>\n<li>A estreia do canal coincide com a sua posi\u00e7\u00e3o de embaixador oficial da New Balance, anunciada no in\u00edcio do m\u00eas.<\/li>\n<li>O projeto usa o YouTube como plataforma principal para partilhar conte\u00fados digitais do atleta.<\/li>\n<\/ul>\n","protected":false},"author":2,"featured_media":224791,"comment_status":"closed","ping_status":"closed","sticky":false,"template":"","format":"standard","meta":{"footnotes":""},"categories":[21,24],"tags":[1603,4811,5743,5782,32,88],"class_list":["post-224786","post","type-post","status-publish","format-standard","has-post-thumbnail","hentry","category-desporto","category-futebol","tag-alemanha","tag-borussia-dortmund","tag-conteudos-digitais","tag-embaixador","tag-futebol","tag-redes-sociais"],"yoast_head":"<!-- This site is optimized with the Yoast SEO plugin v27.2 - https:\/\/yoast.com\/product\/yoast-seo-wordpress\/ -->\n<title>Influenciador digital F\u00e1bio Silva lan\u00e7ou canal no YouTube - Portal Tela Portugal<\/title>\n<meta name=\"robots\" content=\"index, follow, max-snippet:-1, max-image-preview:large, max-video-preview:-1\" \/>\n<meta property=\"og:locale\" content=\"pt_PT\" \/>\n<meta property=\"og:type\" content=\"article\" \/>\n<meta property=\"og:title\" content=\"Influenciador digital F\u00e1bio Silva lan\u00e7ou canal no YouTube - Portal Tela Portugal\" \/>\n<meta property=\"og:description\" content=\"O avan\u00e7ado portugu\u00eas F\u00e1bio Silva, de 23 anos, lan\u00e7ou um canal no YouTube. O jogador do Borussia Dortmund publicou o primeiro v\u00eddeo h\u00e1 10 dias, sobre os primeiros dias no novo clube, em agosto de 2025. O v\u00eddeo j\u00e1 teve cerca de 75 mil visualiza\u00e7\u00f5es. A estreia do canal coincide com a sua posi\u00e7\u00e3o de embaixador oficial da New Balance, anunciada no in\u00edcio do m\u00eas. O projeto usa o YouTube como plataforma principal para partilhar conte\u00fados digitais do atleta.\" \/>\n<meta property=\"og:url\" content=\"https:\/\/portaltela.pt\/noticias\/2026\/02\/24\/influenciador-digital-fabio-silva-lancou-canal-no-youtube\/\" \/>\n<meta property=\"og:site_name\" content=\"Portal Tela Portugal\" \/>\n<meta property=\"article:published_time\" content=\"2026-02-24T19:02:23+00:00\" \/>\n<meta name=\"author\" content=\"Telinha\" \/>\n<meta name=\"twitter:card\" content=\"summary_large_image\" \/>\n<meta name=\"twitter:label1\" content=\"Escrito por\" \/>\n\t<meta name=\"twitter:data1\" content=\"Telinha\" \/>\n\t<meta name=\"twitter:label2\" content=\"Tempo estimado de leitura\" \/>\n\t<meta name=\"twitter:data2\" content=\"1 minuto\" \/>\n<script type=\"application\/ld+json\" class=\"yoast-schema-graph\">{\"@context\":\"https:\/\/schema.org\",\"@graph\":[{\"@type\":\"Article\",\"@id\":\"https:\/\/portaltela.pt\/noticias\/2026\/02\/24\/influenciador-digital-fabio-silva-lancou-canal-no-youtube\/#article\",\"isPartOf\":{\"@id\":\"https:\/\/portaltela.pt\/noticias\/2026\/02\/24\/influenciador-digital-fabio-silva-lancou-canal-no-youtube\/\"},\"author\":{\"name\":\"Telinha\",\"@id\":\"https:\/\/portaltela.pt\/#\/schema\/person\/c4278d4a6028830caff9ee44b42d32ed\"},\"headline\":\"Influenciador digital F\u00e1bio Silva lan\u00e7ou canal no YouTube\",\"datePublished\":\"2026-02-24T19:02:23+00:00\",\"mainEntityOfPage\":{\"@id\":\"https:\/\/portaltela.pt\/noticias\/2026\/02\/24\/influenciador-digital-fabio-silva-lancou-canal-no-youtube\/\"},\"wordCount\":116,\"image\":{\"@id\":\"https:\/\/portaltela.pt\/noticias\/2026\/02\/24\/influenciador-digital-fabio-silva-lancou-canal-no-youtube\/#primaryimage\"},\"thumbnailUrl\":\"https:\/\/portaltela.pt\/s.01k8rhncp4jt1\/2026\/02\/img_920x518uu2026-02-24-19-01-36-2423482.jpg\",\"keywords\":[\"Alemanha\",\"Borussia Dortmund\",\"Conte\u00fados digitais\",\"embaixador\",\"futebol\",\"redes sociais\"],\"articleSection\":[\"Desporto\",\"Futebol\"],\"inLanguage\":\"pt-PT\"},{\"@type\":\"WebPage\",\"@id\":\"https:\/\/portaltela.pt\/noticias\/2026\/02\/24\/influenciador-digital-fabio-silva-lancou-canal-no-youtube\/\",\"url\":\"https:\/\/portaltela.pt\/noticias\/2026\/02\/24\/influenciador-digital-fabio-silva-lancou-canal-no-youtube\/\",\"name\":\"Influenciador digital F\u00e1bio Silva lan\u00e7ou canal no YouTube - Portal Tela Portugal\",\"isPartOf\":{\"@id\":\"https:\/\/portaltela.pt\/#website\"},\"primaryImageOfPage\":{\"@id\":\"https:\/\/portaltela.pt\/noticias\/2026\/02\/24\/influenciador-digital-fabio-silva-lancou-canal-no-youtube\/#primaryimage\"},\"image\":{\"@id\":\"https:\/\/portaltela.pt\/noticias\/2026\/02\/24\/influenciador-digital-fabio-silva-lancou-canal-no-youtube\/#primaryimage\"},\"thumbnailUrl\":\"https:\/\/portaltela.pt\/s.01k8rhncp4jt1\/2026\/02\/img_920x518uu2026-02-24-19-01-36-2423482.jpg\",\"datePublished\":\"2026-02-24T19:02:23+00:00\",\"author\":{\"@id\":\"https:\/\/portaltela.pt\/#\/schema\/person\/c4278d4a6028830caff9ee44b42d32ed\"},\"breadcrumb\":{\"@id\":\"https:\/\/portaltela.pt\/noticias\/2026\/02\/24\/influenciador-digital-fabio-silva-lancou-canal-no-youtube\/#breadcrumb\"},\"inLanguage\":\"pt-PT\",\"potentialAction\":[{\"@type\":\"ReadAction\",\"target\":[\"https:\/\/portaltela.pt\/noticias\/2026\/02\/24\/influenciador-digital-fabio-silva-lancou-canal-no-youtube\/\"]}]},{\"@type\":\"ImageObject\",\"inLanguage\":\"pt-PT\",\"@id\":\"https:\/\/portaltela.pt\/noticias\/2026\/02\/24\/influenciador-digital-fabio-silva-lancou-canal-no-youtube\/#primaryimage\",\"url\":\"https:\/\/portaltela.pt\/s.01k8rhncp4jt1\/2026\/02\/img_920x518uu2026-02-24-19-01-36-2423482.jpg\",\"contentUrl\":\"https:\/\/portaltela.pt\/s.01k8rhncp4jt1\/2026\/02\/img_920x518uu2026-02-24-19-01-36-2423482.jpg\",\"width\":796,\"height\":448,\"caption\":\"F\u00e1bio Silva lan\u00e7a canal no YouTube para partilhar conte\u00fado digital\"},{\"@type\":\"BreadcrumbList\",\"@id\":\"https:\/\/portaltela.pt\/noticias\/2026\/02\/24\/influenciador-digital-fabio-silva-lancou-canal-no-youtube\/#breadcrumb\",\"itemListElement\":[{\"@type\":\"ListItem\",\"position\":1,\"name\":\"In\u00edcio\",\"item\":\"https:\/\/portaltela.pt\/\"},{\"@type\":\"ListItem\",\"position\":2,\"name\":\"Influenciador digital F\u00e1bio Silva lan\u00e7ou canal no YouTube\"}]},{\"@type\":\"WebSite\",\"@id\":\"https:\/\/portaltela.pt\/#website\",\"url\":\"https:\/\/portaltela.pt\/\",\"name\":\"Portal Tela Portugal\",\"description\":\"\",\"potentialAction\":[{\"@type\":\"SearchAction\",\"target\":{\"@type\":\"EntryPoint\",\"urlTemplate\":\"https:\/\/portaltela.pt\/?s={search_term_string}\"},\"query-input\":{\"@type\":\"PropertyValueSpecification\",\"valueRequired\":true,\"valueName\":\"search_term_string\"}}],\"inLanguage\":\"pt-PT\"},{\"@type\":\"Person\",\"@id\":\"https:\/\/portaltela.pt\/#\/schema\/person\/c4278d4a6028830caff9ee44b42d32ed\",\"name\":\"Telinha\",\"image\":{\"@type\":\"ImageObject\",\"inLanguage\":\"pt-PT\",\"@id\":\"https:\/\/portaltela.pt\/s.01k8rhncp4jt1\/2025\/11\/talking-bot-125x125.png\",\"url\":\"https:\/\/portaltela.pt\/s.01k8rhncp4jt1\/2025\/11\/talking-bot-125x125.png\",\"contentUrl\":\"https:\/\/portaltela.pt\/s.01k8rhncp4jt1\/2025\/11\/talking-bot-125x125.png\",\"caption\":\"Telinha\"},\"sameAs\":[\"https:\/\/portaltela.pt\/\"],\"url\":\"https:\/\/portaltela.pt\/por\/367410592786\/\"}]}<\/script>\n<!-- \/ Yoast SEO plugin. -->","yoast_head_json":{"title":"Influenciador digital F\u00e1bio Silva lan\u00e7ou canal no YouTube - Portal Tela Portugal","robots":{"index":"index","follow":"follow","max-snippet":"max-snippet:-1","max-image-preview":"max-image-preview:large","max-video-preview":"max-video-preview:-1"},"og_locale":"pt_PT","og_type":"article","og_title":"Influenciador digital F\u00e1bio Silva lan\u00e7ou canal no YouTube - Portal Tela Portugal","og_description":"O avan\u00e7ado portugu\u00eas F\u00e1bio Silva, de 23 anos, lan\u00e7ou um canal no YouTube. O jogador do Borussia Dortmund publicou o primeiro v\u00eddeo h\u00e1 10 dias, sobre os primeiros dias no novo clube, em agosto de 2025. O v\u00eddeo j\u00e1 teve cerca de 75 mil visualiza\u00e7\u00f5es. A estreia do canal coincide com a sua posi\u00e7\u00e3o de embaixador oficial da New Balance, anunciada no in\u00edcio do m\u00eas. O projeto usa o YouTube como plataforma principal para partilhar conte\u00fados digitais do atleta.","og_url":"https:\/\/portaltela.pt\/noticias\/2026\/02\/24\/influenciador-digital-fabio-silva-lancou-canal-no-youtube\/","og_site_name":"Portal Tela Portugal","article_published_time":"2026-02-24T19:02:23+00:00","author":"Telinha","twitter_card":"summary_large_image","twitter_misc":{"Escrito por":"Telinha","Tempo estimado de leitura":"1 minuto"},"schema":{"@context":"https:\/\/schema.org","@graph":[{"@type":"Article","@id":"https:\/\/portaltela.pt\/noticias\/2026\/02\/24\/influenciador-digital-fabio-silva-lancou-canal-no-youtube\/#article","isPartOf":{"@id":"https:\/\/portaltela.pt\/noticias\/2026\/02\/24\/influenciador-digital-fabio-silva-lancou-canal-no-youtube\/"},"author":{"name":"Telinha","@id":"https:\/\/portaltela.pt\/#\/schema\/person\/c4278d4a6028830caff9ee44b42d32ed"},"headline":"Influenciador digital F\u00e1bio Silva lan\u00e7ou canal no YouTube","datePublished":"2026-02-24T19:02:23+00:00","mainEntityOfPage":{"@id":"https:\/\/portaltela.pt\/noticias\/2026\/02\/24\/influenciador-digital-fabio-silva-lancou-canal-no-youtube\/"},"wordCount":116,"image":{"@id":"https:\/\/portaltela.pt\/noticias\/2026\/02\/24\/influenciador-digital-fabio-silva-lancou-canal-no-youtube\/#primaryimage"},"thumbnailUrl":"https:\/\/portaltela.pt\/s.01k8rhncp4jt1\/2026\/02\/img_920x518uu2026-02-24-19-01-36-2423482.jpg","keywords":["Alemanha","Borussia Dortmund","Conte\u00fados digitais","embaixador","futebol","redes sociais"],"articleSection":["Desporto","Futebol"],"inLanguage":"pt-PT"},{"@type":"WebPage","@id":"https:\/\/portaltela.pt\/noticias\/2026\/02\/24\/influenciador-digital-fabio-silva-lancou-canal-no-youtube\/","url":"https:\/\/portaltela.pt\/noticias\/2026\/02\/24\/influenciador-digital-fabio-silva-lancou-canal-no-youtube\/","name":"Influenciador digital F\u00e1bio Silva lan\u00e7ou canal no YouTube - Portal Tela Portugal","isPartOf":{"@id":"https:\/\/portaltela.pt\/#website"},"primaryImageOfPage":{"@id":"https:\/\/portaltela.pt\/noticias\/2026\/02\/24\/influenciador-digital-fabio-silva-lancou-canal-no-youtube\/#primaryimage"},"image":{"@id":"https:\/\/portaltela.pt\/noticias\/2026\/02\/24\/influenciador-digital-fabio-silva-lancou-canal-no-youtube\/#primaryimage"},"thumbnailUrl":"https:\/\/portaltela.pt\/s.01k8rhncp4jt1\/2026\/02\/img_920x518uu2026-02-24-19-01-36-2423482.jpg","datePublished":"2026-02-24T19:02:23+00:00","author":{"@id":"https:\/\/portaltela.pt\/#\/schema\/person\/c4278d4a6028830caff9ee44b42d32ed"},"breadcrumb":{"@id":"https:\/\/portaltela.pt\/noticias\/2026\/02\/24\/influenciador-digital-fabio-silva-lancou-canal-no-youtube\/#breadcrumb"},"inLanguage":"pt-PT","potentialAction":[{"@type":"ReadAction","target":["https:\/\/portaltela.pt\/noticias\/2026\/02\/24\/influenciador-digital-fabio-silva-lancou-canal-no-youtube\/"]}]},{"@type":"ImageObject","inLanguage":"pt-PT","@id":"https:\/\/portaltela.pt\/noticias\/2026\/02\/24\/influenciador-digital-fabio-silva-lancou-canal-no-youtube\/#primaryimage","url":"https:\/\/portaltela.pt\/s.01k8rhncp4jt1\/2026\/02\/img_920x518uu2026-02-24-19-01-36-2423482.jpg","contentUrl":"https:\/\/portaltela.pt\/s.01k8rhncp4jt1\/2026\/02\/img_920x518uu2026-02-24-19-01-36-2423482.jpg","width":796,"height":448,"caption":"F\u00e1bio Silva lan\u00e7a canal no YouTube para partilhar conte\u00fado digital"},{"@type":"BreadcrumbList","@id":"https:\/\/portaltela.pt\/noticias\/2026\/02\/24\/influenciador-digital-fabio-silva-lancou-canal-no-youtube\/#breadcrumb","itemListElement":[{"@type":"ListItem","position":1,"name":"In\u00edcio","item":"https:\/\/portaltela.pt\/"},{"@type":"ListItem","position":2,"name":"Influenciador digital F\u00e1bio Silva lan\u00e7ou canal no YouTube"}]},{"@type":"WebSite","@id":"https:\/\/portaltela.pt\/#website","url":"https:\/\/portaltela.pt\/","name":"Portal Tela Portugal","description":"","potentialAction":[{"@type":"SearchAction","target":{"@type":"EntryPoint","urlTemplate":"https:\/\/portaltela.pt\/?s={search_term_string}"},"query-input":{"@type":"PropertyValueSpecification","valueRequired":true,"valueName":"search_term_string"}}],"inLanguage":"pt-PT"},{"@type":"Person","@id":"https:\/\/portaltela.pt\/#\/schema\/person\/c4278d4a6028830caff9ee44b42d32ed","name":"Telinha","image":{"@type":"ImageObject","inLanguage":"pt-PT","@id":"https:\/\/portaltela.pt\/s.01k8rhncp4jt1\/2025\/11\/talking-bot-125x125.png","url":"https:\/\/portaltela.pt\/s.01k8rhncp4jt1\/2025\/11\/talking-bot-125x125.png","contentUrl":"https:\/\/portaltela.pt\/s.01k8rhncp4jt1\/2025\/11\/talking-bot-125x125.png","caption":"Telinha"},"sameAs":["https:\/\/portaltela.pt\/"],"url":"https:\/\/portaltela.pt\/por\/367410592786\/"}]}},"_links":{"self":[{"href":"https:\/\/portaltela.pt\/api\/wp\/v2\/posts\/224786","targetHints":{"allow":["GET"]}}],"collection":[{"href":"https:\/\/portaltela.pt\/api\/wp\/v2\/posts"}],"about":[{"href":"https:\/\/portaltela.pt\/api\/wp\/v2\/types\/post"}],"author":[{"embeddable":true,"href":"https:\/\/portaltela.pt\/api\/wp\/v2\/users\/2"}],"replies":[{"embeddable":true,"href":"https:\/\/portaltela.pt\/api\/wp\/v2\/comments?post=224786"}],"version-history":[{"count":0,"href":"https:\/\/portaltela.pt\/api\/wp\/v2\/posts\/224786\/revisions"}],"wp:featuredmedia":[{"embeddable":true,"href":"https:\/\/portaltela.pt\/api\/wp\/v2\/media\/224791"}],"wp:attachment":[{"href":"https:\/\/portaltela.pt\/api\/wp\/v2\/media?parent=224786"}],"wp:term":[{"taxonomy":"category","embeddable":true,"href":"https:\/\/portaltela.pt\/api\/wp\/v2\/categories?post=224786"},{"taxonomy":"post_tag","embeddable":true,"href":"https:\/\/portaltela.pt\/api\/wp\/v2\/tags?post=224786"}],"curies":[{"name":"wp","href":"https:\/\/api.w.org\/{rel}","templated":true}]}}