{"id":224785,"date":"2026-02-24T16:00:00","date_gmt":"2026-02-24T19:00:00","guid":{"rendered":"https:\/\/portaltela.pt\/noticias\/2026\/02\/24\/repreensao-publica-de-ana-abrunhosa-ao-ministro-da-agricultura-em-60-segundos\/"},"modified":"2026-02-24T16:00:00","modified_gmt":"2026-02-24T19:00:00","slug":"repreensao-publica-de-ana-abrunhosa-ao-ministro-da-agricultura-em-60-segundos","status":"publish","type":"post","link":"https:\/\/portaltela.pt\/noticias\/politica\/2026\/02\/24\/repreensao-publica-de-ana-abrunhosa-ao-ministro-da-agricultura-em-60-segundos\/","title":{"rendered":"Repreens\u00e3o p\u00fablica de Ana Abrunhosa ao ministro da Agricultura em 60 segundos"},"content":{"rendered":"<p>Ana Abrunhosa dirigiu uma repreens\u00e3o p\u00fablica ao ministro da Agricultura, num epis\u00f3dio de 60 segundos que ganhou aten\u00e7\u00e3o. O incidente ocorreu durante uma interven\u00e7\u00e3o r\u00e1pida numa sess\u00e3o p\u00fablica.<\/p>\n<p>Quem participa: Ana Abrunhosa e o ministro da Agricultura, com outras pessoas n\u00e3o detalhadas pela informa\u00e7\u00e3o dispon\u00edvel. O conte\u00fado exato da interven\u00e7\u00e3o n\u00e3o foi divulgado.<\/p>\n<p>Quando e onde: 24 de fevereiro de 2026, \u00e0s 19:00. O local do ocorrido n\u00e3o foi indicado. Motivo: a a\u00e7\u00e3o centrou-se numa cr\u00edtica ao tema agr\u00edcola, sem mais pormenores oficiais.<\/p>\n","protected":false},"excerpt":{"rendered":"<ul>\n<li>Ana Abrunhosa fez uma repreens\u00e3o p\u00fablica ao ministro da Agricultura.<\/li>\n<li>O momento foi partilhado num segmento de 60 segundos.<\/li>\n<li>Data e hora: 24 de fevereiro de 2026 \u00e0s 19:00.<\/li>\n<li>A situa\u00e7\u00e3o envolve ainda outros temas que foram abordados no mesmo espa\u00e7o.<\/li>\n<li>A not\u00edcia descreve um evento p\u00fablico sem detalhes adicionais.<\/li>\n<\/ul>\n","protected":false},"author":2,"featured_media":224788,"comment_status":"closed","ping_status":"closed","sticky":false,"template":"","format":"standard","meta":{"footnotes":""},"categories":[1,5],"tags":[4914,5901,34,2832,133,6126],"class_list":["post-224785","post","type-post","status-publish","format-standard","has-post-thumbnail","hentry","category-noticias","category-politica","tag-a-agricultura","tag-ana-abrunhosa","tag-governo","tag-politica","tag-politicas-publicas","tag-publico"],"yoast_head":"<!-- This site is optimized with the Yoast SEO plugin v27.2 - https:\/\/yoast.com\/product\/yoast-seo-wordpress\/ -->\n<title>Repreens\u00e3o p\u00fablica de Ana Abrunhosa ao ministro da Agricultura em 60 segundos - Portal Tela Portugal<\/title>\n<meta name=\"robots\" content=\"index, follow, max-snippet:-1, max-image-preview:large, max-video-preview:-1\" \/>\n<meta property=\"og:locale\" content=\"pt_PT\" \/>\n<meta property=\"og:type\" content=\"article\" \/>\n<meta property=\"og:title\" content=\"Repreens\u00e3o p\u00fablica de Ana Abrunhosa ao ministro da Agricultura em 60 segundos - Portal Tela Portugal\" \/>\n<meta property=\"og:description\" content=\"Ana Abrunhosa fez uma repreens\u00e3o p\u00fablica ao ministro da Agricultura. O momento foi partilhado num segmento de 60 segundos. Data e hora: 24 de fevereiro de 2026 \u00e0s 19:00. A situa\u00e7\u00e3o envolve ainda outros temas que foram abordados no mesmo espa\u00e7o. A not\u00edcia descreve um evento p\u00fablico sem detalhes adicionais.\" \/>\n<meta property=\"og:url\" content=\"https:\/\/portaltela.pt\/noticias\/2026\/02\/24\/repreensao-publica-de-ana-abrunhosa-ao-ministro-da-agricultura-em-60-segundos\/\" \/>\n<meta property=\"og:site_name\" content=\"Portal Tela Portugal\" \/>\n<meta property=\"article:published_time\" content=\"2026-02-24T19:00:00+00:00\" \/>\n<meta name=\"author\" content=\"Telinha\" \/>\n<meta name=\"twitter:card\" content=\"summary_large_image\" \/>\n<meta name=\"twitter:label1\" content=\"Escrito por\" \/>\n\t<meta name=\"twitter:data1\" content=\"Telinha\" \/>\n<script type=\"application\/ld+json\" class=\"yoast-schema-graph\">{\"@context\":\"https:\/\/schema.org\",\"@graph\":[{\"@type\":\"Article\",\"@id\":\"https:\/\/portaltela.pt\/noticias\/2026\/02\/24\/repreensao-publica-de-ana-abrunhosa-ao-ministro-da-agricultura-em-60-segundos\/#article\",\"isPartOf\":{\"@id\":\"https:\/\/portaltela.pt\/noticias\/2026\/02\/24\/repreensao-publica-de-ana-abrunhosa-ao-ministro-da-agricultura-em-60-segundos\/\"},\"author\":{\"name\":\"Telinha\",\"@id\":\"https:\/\/portaltela.pt\/#\/schema\/person\/c4278d4a6028830caff9ee44b42d32ed\"},\"headline\":\"Repreens\u00e3o p\u00fablica de Ana Abrunhosa ao ministro da Agricultura em 60 segundos\",\"datePublished\":\"2026-02-24T19:00:00+00:00\",\"mainEntityOfPage\":{\"@id\":\"https:\/\/portaltela.pt\/noticias\/2026\/02\/24\/repreensao-publica-de-ana-abrunhosa-ao-ministro-da-agricultura-em-60-segundos\/\"},\"wordCount\":110,\"image\":{\"@id\":\"https:\/\/portaltela.pt\/noticias\/2026\/02\/24\/repreensao-publica-de-ana-abrunhosa-ao-ministro-da-agricultura-em-60-segundos\/#primaryimage\"},\"thumbnailUrl\":\"https:\/\/portaltela.pt\/s.01k8rhncp4jt1\/2026\/02\/d7713250-cd26-40fe-8e3c-051e431b0edb_1200x675.jpg\",\"keywords\":[\"A agricultura\",\"Ana Abrunhosa\",\"governo\",\"pol\u00edtica\",\"pol\u00edticas p\u00fablicas\",\"p\u00fablico\"],\"articleSection\":[\"Not\u00edcias\",\"Pol\u00edtica\"],\"inLanguage\":\"pt-PT\"},{\"@type\":\"WebPage\",\"@id\":\"https:\/\/portaltela.pt\/noticias\/2026\/02\/24\/repreensao-publica-de-ana-abrunhosa-ao-ministro-da-agricultura-em-60-segundos\/\",\"url\":\"https:\/\/portaltela.pt\/noticias\/2026\/02\/24\/repreensao-publica-de-ana-abrunhosa-ao-ministro-da-agricultura-em-60-segundos\/\",\"name\":\"Repreens\u00e3o p\u00fablica de Ana Abrunhosa ao ministro da Agricultura em 60 segundos - Portal Tela Portugal\",\"isPartOf\":{\"@id\":\"https:\/\/portaltela.pt\/#website\"},\"primaryImageOfPage\":{\"@id\":\"https:\/\/portaltela.pt\/noticias\/2026\/02\/24\/repreensao-publica-de-ana-abrunhosa-ao-ministro-da-agricultura-em-60-segundos\/#primaryimage\"},\"image\":{\"@id\":\"https:\/\/portaltela.pt\/noticias\/2026\/02\/24\/repreensao-publica-de-ana-abrunhosa-ao-ministro-da-agricultura-em-60-segundos\/#primaryimage\"},\"thumbnailUrl\":\"https:\/\/portaltela.pt\/s.01k8rhncp4jt1\/2026\/02\/d7713250-cd26-40fe-8e3c-051e431b0edb_1200x675.jpg\",\"datePublished\":\"2026-02-24T19:00:00+00:00\",\"author\":{\"@id\":\"https:\/\/portaltela.pt\/#\/schema\/person\/c4278d4a6028830caff9ee44b42d32ed\"},\"breadcrumb\":{\"@id\":\"https:\/\/portaltela.pt\/noticias\/2026\/02\/24\/repreensao-publica-de-ana-abrunhosa-ao-ministro-da-agricultura-em-60-segundos\/#breadcrumb\"},\"inLanguage\":\"pt-PT\",\"potentialAction\":[{\"@type\":\"ReadAction\",\"target\":[\"https:\/\/portaltela.pt\/noticias\/2026\/02\/24\/repreensao-publica-de-ana-abrunhosa-ao-ministro-da-agricultura-em-60-segundos\/\"]}]},{\"@type\":\"ImageObject\",\"inLanguage\":\"pt-PT\",\"@id\":\"https:\/\/portaltela.pt\/noticias\/2026\/02\/24\/repreensao-publica-de-ana-abrunhosa-ao-ministro-da-agricultura-em-60-segundos\/#primaryimage\",\"url\":\"https:\/\/portaltela.pt\/s.01k8rhncp4jt1\/2026\/02\/d7713250-cd26-40fe-8e3c-051e431b0edb_1200x675.jpg\",\"contentUrl\":\"https:\/\/portaltela.pt\/s.01k8rhncp4jt1\/2026\/02\/d7713250-cd26-40fe-8e3c-051e431b0edb_1200x675.jpg\",\"width\":796,\"height\":448,\"caption\":\"Photo\"},{\"@type\":\"BreadcrumbList\",\"@id\":\"https:\/\/portaltela.pt\/noticias\/2026\/02\/24\/repreensao-publica-de-ana-abrunhosa-ao-ministro-da-agricultura-em-60-segundos\/#breadcrumb\",\"itemListElement\":[{\"@type\":\"ListItem\",\"position\":1,\"name\":\"In\u00edcio\",\"item\":\"https:\/\/portaltela.pt\/\"},{\"@type\":\"ListItem\",\"position\":2,\"name\":\"Repreens\u00e3o p\u00fablica de Ana Abrunhosa ao ministro da Agricultura em 60 segundos\"}]},{\"@type\":\"WebSite\",\"@id\":\"https:\/\/portaltela.pt\/#website\",\"url\":\"https:\/\/portaltela.pt\/\",\"name\":\"Portal Tela Portugal\",\"description\":\"\",\"potentialAction\":[{\"@type\":\"SearchAction\",\"target\":{\"@type\":\"EntryPoint\",\"urlTemplate\":\"https:\/\/portaltela.pt\/?s={search_term_string}\"},\"query-input\":{\"@type\":\"PropertyValueSpecification\",\"valueRequired\":true,\"valueName\":\"search_term_string\"}}],\"inLanguage\":\"pt-PT\"},{\"@type\":\"Person\",\"@id\":\"https:\/\/portaltela.pt\/#\/schema\/person\/c4278d4a6028830caff9ee44b42d32ed\",\"name\":\"Telinha\",\"image\":{\"@type\":\"ImageObject\",\"inLanguage\":\"pt-PT\",\"@id\":\"https:\/\/portaltela.pt\/s.01k8rhncp4jt1\/2025\/11\/talking-bot-125x125.png\",\"url\":\"https:\/\/portaltela.pt\/s.01k8rhncp4jt1\/2025\/11\/talking-bot-125x125.png\",\"contentUrl\":\"https:\/\/portaltela.pt\/s.01k8rhncp4jt1\/2025\/11\/talking-bot-125x125.png\",\"caption\":\"Telinha\"},\"sameAs\":[\"https:\/\/portaltela.pt\/\"],\"url\":\"https:\/\/portaltela.pt\/por\/367410592786\/\"}]}<\/script>\n<!-- \/ Yoast SEO plugin. -->","yoast_head_json":{"title":"Repreens\u00e3o p\u00fablica de Ana Abrunhosa ao ministro da Agricultura em 60 segundos - Portal Tela Portugal","robots":{"index":"index","follow":"follow","max-snippet":"max-snippet:-1","max-image-preview":"max-image-preview:large","max-video-preview":"max-video-preview:-1"},"og_locale":"pt_PT","og_type":"article","og_title":"Repreens\u00e3o p\u00fablica de Ana Abrunhosa ao ministro da Agricultura em 60 segundos - Portal Tela Portugal","og_description":"Ana Abrunhosa fez uma repreens\u00e3o p\u00fablica ao ministro da Agricultura. O momento foi partilhado num segmento de 60 segundos. Data e hora: 24 de fevereiro de 2026 \u00e0s 19:00. A situa\u00e7\u00e3o envolve ainda outros temas que foram abordados no mesmo espa\u00e7o. A not\u00edcia descreve um evento p\u00fablico sem detalhes adicionais.","og_url":"https:\/\/portaltela.pt\/noticias\/2026\/02\/24\/repreensao-publica-de-ana-abrunhosa-ao-ministro-da-agricultura-em-60-segundos\/","og_site_name":"Portal Tela Portugal","article_published_time":"2026-02-24T19:00:00+00:00","author":"Telinha","twitter_card":"summary_large_image","twitter_misc":{"Escrito por":"Telinha"},"schema":{"@context":"https:\/\/schema.org","@graph":[{"@type":"Article","@id":"https:\/\/portaltela.pt\/noticias\/2026\/02\/24\/repreensao-publica-de-ana-abrunhosa-ao-ministro-da-agricultura-em-60-segundos\/#article","isPartOf":{"@id":"https:\/\/portaltela.pt\/noticias\/2026\/02\/24\/repreensao-publica-de-ana-abrunhosa-ao-ministro-da-agricultura-em-60-segundos\/"},"author":{"name":"Telinha","@id":"https:\/\/portaltela.pt\/#\/schema\/person\/c4278d4a6028830caff9ee44b42d32ed"},"headline":"Repreens\u00e3o p\u00fablica de Ana Abrunhosa ao ministro da Agricultura em 60 segundos","datePublished":"2026-02-24T19:00:00+00:00","mainEntityOfPage":{"@id":"https:\/\/portaltela.pt\/noticias\/2026\/02\/24\/repreensao-publica-de-ana-abrunhosa-ao-ministro-da-agricultura-em-60-segundos\/"},"wordCount":110,"image":{"@id":"https:\/\/portaltela.pt\/noticias\/2026\/02\/24\/repreensao-publica-de-ana-abrunhosa-ao-ministro-da-agricultura-em-60-segundos\/#primaryimage"},"thumbnailUrl":"https:\/\/portaltela.pt\/s.01k8rhncp4jt1\/2026\/02\/d7713250-cd26-40fe-8e3c-051e431b0edb_1200x675.jpg","keywords":["A agricultura","Ana Abrunhosa","governo","pol\u00edtica","pol\u00edticas p\u00fablicas","p\u00fablico"],"articleSection":["Not\u00edcias","Pol\u00edtica"],"inLanguage":"pt-PT"},{"@type":"WebPage","@id":"https:\/\/portaltela.pt\/noticias\/2026\/02\/24\/repreensao-publica-de-ana-abrunhosa-ao-ministro-da-agricultura-em-60-segundos\/","url":"https:\/\/portaltela.pt\/noticias\/2026\/02\/24\/repreensao-publica-de-ana-abrunhosa-ao-ministro-da-agricultura-em-60-segundos\/","name":"Repreens\u00e3o p\u00fablica de Ana Abrunhosa ao ministro da Agricultura em 60 segundos - Portal Tela Portugal","isPartOf":{"@id":"https:\/\/portaltela.pt\/#website"},"primaryImageOfPage":{"@id":"https:\/\/portaltela.pt\/noticias\/2026\/02\/24\/repreensao-publica-de-ana-abrunhosa-ao-ministro-da-agricultura-em-60-segundos\/#primaryimage"},"image":{"@id":"https:\/\/portaltela.pt\/noticias\/2026\/02\/24\/repreensao-publica-de-ana-abrunhosa-ao-ministro-da-agricultura-em-60-segundos\/#primaryimage"},"thumbnailUrl":"https:\/\/portaltela.pt\/s.01k8rhncp4jt1\/2026\/02\/d7713250-cd26-40fe-8e3c-051e431b0edb_1200x675.jpg","datePublished":"2026-02-24T19:00:00+00:00","author":{"@id":"https:\/\/portaltela.pt\/#\/schema\/person\/c4278d4a6028830caff9ee44b42d32ed"},"breadcrumb":{"@id":"https:\/\/portaltela.pt\/noticias\/2026\/02\/24\/repreensao-publica-de-ana-abrunhosa-ao-ministro-da-agricultura-em-60-segundos\/#breadcrumb"},"inLanguage":"pt-PT","potentialAction":[{"@type":"ReadAction","target":["https:\/\/portaltela.pt\/noticias\/2026\/02\/24\/repreensao-publica-de-ana-abrunhosa-ao-ministro-da-agricultura-em-60-segundos\/"]}]},{"@type":"ImageObject","inLanguage":"pt-PT","@id":"https:\/\/portaltela.pt\/noticias\/2026\/02\/24\/repreensao-publica-de-ana-abrunhosa-ao-ministro-da-agricultura-em-60-segundos\/#primaryimage","url":"https:\/\/portaltela.pt\/s.01k8rhncp4jt1\/2026\/02\/d7713250-cd26-40fe-8e3c-051e431b0edb_1200x675.jpg","contentUrl":"https:\/\/portaltela.pt\/s.01k8rhncp4jt1\/2026\/02\/d7713250-cd26-40fe-8e3c-051e431b0edb_1200x675.jpg","width":796,"height":448,"caption":"Photo"},{"@type":"BreadcrumbList","@id":"https:\/\/portaltela.pt\/noticias\/2026\/02\/24\/repreensao-publica-de-ana-abrunhosa-ao-ministro-da-agricultura-em-60-segundos\/#breadcrumb","itemListElement":[{"@type":"ListItem","position":1,"name":"In\u00edcio","item":"https:\/\/portaltela.pt\/"},{"@type":"ListItem","position":2,"name":"Repreens\u00e3o p\u00fablica de Ana Abrunhosa ao ministro da Agricultura em 60 segundos"}]},{"@type":"WebSite","@id":"https:\/\/portaltela.pt\/#website","url":"https:\/\/portaltela.pt\/","name":"Portal Tela Portugal","description":"","potentialAction":[{"@type":"SearchAction","target":{"@type":"EntryPoint","urlTemplate":"https:\/\/portaltela.pt\/?s={search_term_string}"},"query-input":{"@type":"PropertyValueSpecification","valueRequired":true,"valueName":"search_term_string"}}],"inLanguage":"pt-PT"},{"@type":"Person","@id":"https:\/\/portaltela.pt\/#\/schema\/person\/c4278d4a6028830caff9ee44b42d32ed","name":"Telinha","image":{"@type":"ImageObject","inLanguage":"pt-PT","@id":"https:\/\/portaltela.pt\/s.01k8rhncp4jt1\/2025\/11\/talking-bot-125x125.png","url":"https:\/\/portaltela.pt\/s.01k8rhncp4jt1\/2025\/11\/talking-bot-125x125.png","contentUrl":"https:\/\/portaltela.pt\/s.01k8rhncp4jt1\/2025\/11\/talking-bot-125x125.png","caption":"Telinha"},"sameAs":["https:\/\/portaltela.pt\/"],"url":"https:\/\/portaltela.pt\/por\/367410592786\/"}]}},"_links":{"self":[{"href":"https:\/\/portaltela.pt\/api\/wp\/v2\/posts\/224785","targetHints":{"allow":["GET"]}}],"collection":[{"href":"https:\/\/portaltela.pt\/api\/wp\/v2\/posts"}],"about":[{"href":"https:\/\/portaltela.pt\/api\/wp\/v2\/types\/post"}],"author":[{"embeddable":true,"href":"https:\/\/portaltela.pt\/api\/wp\/v2\/users\/2"}],"replies":[{"embeddable":true,"href":"https:\/\/portaltela.pt\/api\/wp\/v2\/comments?post=224785"}],"version-history":[{"count":0,"href":"https:\/\/portaltela.pt\/api\/wp\/v2\/posts\/224785\/revisions"}],"wp:featuredmedia":[{"embeddable":true,"href":"https:\/\/portaltela.pt\/api\/wp\/v2\/media\/224788"}],"wp:attachment":[{"href":"https:\/\/portaltela.pt\/api\/wp\/v2\/media?parent=224785"}],"wp:term":[{"taxonomy":"category","embeddable":true,"href":"https:\/\/portaltela.pt\/api\/wp\/v2\/categories?post=224785"},{"taxonomy":"post_tag","embeddable":true,"href":"https:\/\/portaltela.pt\/api\/wp\/v2\/tags?post=224785"}],"curies":[{"name":"wp","href":"https:\/\/api.w.org\/{rel}","templated":true}]}}