{"id":224783,"date":"2026-02-24T16:03:00","date_gmt":"2026-02-24T19:03:00","guid":{"rendered":"https:\/\/portaltela.pt\/noticias\/2026\/02\/24\/governo-reforca-campanhas-no-baixo-mondego-diz-ministro-da-agricultura\/"},"modified":"2026-02-24T16:03:00","modified_gmt":"2026-02-24T19:03:00","slug":"governo-reforca-campanhas-no-baixo-mondego-diz-ministro-da-agricultura","status":"publish","type":"post","link":"https:\/\/portaltela.pt\/noticias\/politica\/2026\/02\/24\/governo-reforca-campanhas-no-baixo-mondego-diz-ministro-da-agricultura\/","title":{"rendered":"Governo refor\u00e7a campanhas no Baixo Mondego, diz ministro da Agricultura"},"content":{"rendered":"<p>O Governo est\u00e1 a trabalhar para garantir campanhas no Baixo Mondego, segundo o ministro da Agricultura. A informa\u00e7\u00e3o \u00e9 apresentada como prioridade para a regi\u00e3o, sem detalhar o tipo de campanhas ou o mecanismo de financiamento.<\/p>\n<p>O respons\u00e1vel mencionou o objetivo de apoiar iniciativas agr\u00edcolas na \u00e1rea, mas n\u00e3o foi anunciada data ou calend\u00e1rio espec\u00edficos. As mensagens oficiais limitam-se a indicar um esfor\u00e7o estrat\u00e9gico do Executivo para a regi\u00e3o.<\/p>\n<p>Informa\u00e7\u00e3o adicional: o conte\u00fado completo da declara\u00e7\u00e3o est\u00e1 dispon\u00edvel apenas para subscritores. N\u00e3o foram divulgados dados sobre prazos, recursos ou entidades envolvidas.<\/p>\n","protected":false},"excerpt":{"rendered":"<ul>\n<li>O Governo est\u00e1 a trabalhar para garantir campanhas no Baixo Mondego, afirmou o ministro da Agricultura.<\/li>\n<li>O conte\u00fado completo da not\u00edcia est\u00e1 dispon\u00edvel apenas para subscritores.<\/li>\n<li>A not\u00edcia centra-se na regi\u00e3o do Baixo Mondego.<\/li>\n<li>N\u00e3o h\u00e1, nesta vers\u00e3o, detalhes adicionais sobre o assunto.<\/li>\n<\/ul>\n","protected":false},"author":2,"featured_media":224784,"comment_status":"closed","ping_status":"closed","sticky":false,"template":"","format":"standard","meta":{"footnotes":""},"categories":[1,5],"tags":[4914,4847,168,1309,190,34],"class_list":["post-224783","post","type-post","status-publish","format-standard","has-post-thumbnail","hentry","category-noticias","category-politica","tag-a-agricultura","tag-administracao-central","tag-administracao-publica","tag-centro","tag-desenvolvimento-economico","tag-governo"],"yoast_head":"<!-- This site is optimized with the Yoast SEO plugin v27.2 - https:\/\/yoast.com\/product\/yoast-seo-wordpress\/ -->\n<title>Governo refor\u00e7a campanhas no Baixo Mondego, diz ministro da Agricultura - Portal Tela Portugal<\/title>\n<meta name=\"robots\" content=\"index, follow, max-snippet:-1, max-image-preview:large, max-video-preview:-1\" \/>\n<meta property=\"og:locale\" content=\"pt_PT\" \/>\n<meta property=\"og:type\" content=\"article\" \/>\n<meta property=\"og:title\" content=\"Governo refor\u00e7a campanhas no Baixo Mondego, diz ministro da Agricultura - Portal Tela Portugal\" \/>\n<meta property=\"og:description\" content=\"O Governo est\u00e1 a trabalhar para garantir campanhas no Baixo Mondego, afirmou o ministro da Agricultura. O conte\u00fado completo da not\u00edcia est\u00e1 dispon\u00edvel apenas para subscritores. A not\u00edcia centra-se na regi\u00e3o do Baixo Mondego. N\u00e3o h\u00e1, nesta vers\u00e3o, detalhes adicionais sobre o assunto.\" \/>\n<meta property=\"og:url\" content=\"https:\/\/portaltela.pt\/noticias\/2026\/02\/24\/governo-reforca-campanhas-no-baixo-mondego-diz-ministro-da-agricultura\/\" \/>\n<meta property=\"og:site_name\" content=\"Portal Tela Portugal\" \/>\n<meta property=\"article:published_time\" content=\"2026-02-24T19:03:00+00:00\" \/>\n<meta name=\"author\" content=\"Telinha\" \/>\n<meta name=\"twitter:card\" content=\"summary_large_image\" \/>\n<meta name=\"twitter:label1\" content=\"Escrito por\" \/>\n\t<meta name=\"twitter:data1\" content=\"Telinha\" \/>\n\t<meta name=\"twitter:label2\" content=\"Tempo estimado de leitura\" \/>\n\t<meta name=\"twitter:data2\" content=\"1 minuto\" \/>\n<script type=\"application\/ld+json\" class=\"yoast-schema-graph\">{\"@context\":\"https:\/\/schema.org\",\"@graph\":[{\"@type\":\"Article\",\"@id\":\"https:\/\/portaltela.pt\/noticias\/2026\/02\/24\/governo-reforca-campanhas-no-baixo-mondego-diz-ministro-da-agricultura\/#article\",\"isPartOf\":{\"@id\":\"https:\/\/portaltela.pt\/noticias\/2026\/02\/24\/governo-reforca-campanhas-no-baixo-mondego-diz-ministro-da-agricultura\/\"},\"author\":{\"name\":\"Telinha\",\"@id\":\"https:\/\/portaltela.pt\/#\/schema\/person\/c4278d4a6028830caff9ee44b42d32ed\"},\"headline\":\"Governo refor\u00e7a campanhas no Baixo Mondego, diz ministro da Agricultura\",\"datePublished\":\"2026-02-24T19:03:00+00:00\",\"mainEntityOfPage\":{\"@id\":\"https:\/\/portaltela.pt\/noticias\/2026\/02\/24\/governo-reforca-campanhas-no-baixo-mondego-diz-ministro-da-agricultura\/\"},\"wordCount\":116,\"image\":{\"@id\":\"https:\/\/portaltela.pt\/noticias\/2026\/02\/24\/governo-reforca-campanhas-no-baixo-mondego-diz-ministro-da-agricultura\/#primaryimage\"},\"thumbnailUrl\":\"https:\/\/portaltela.pt\/s.01k8rhncp4jt1\/2026\/02\/CACHE_780X1200_ANALOG_WATERMARKED_46632685_1110738_24022026043808.jpg\",\"keywords\":[\"A agricultura\",\"Administra\u00e7\u00e3o Central\",\"administra\u00e7\u00e3o p\u00fablica\",\"Centro\",\"Desenvolvimento econ\u00f3mico\",\"governo\"],\"articleSection\":[\"Not\u00edcias\",\"Pol\u00edtica\"],\"inLanguage\":\"pt-PT\"},{\"@type\":\"WebPage\",\"@id\":\"https:\/\/portaltela.pt\/noticias\/2026\/02\/24\/governo-reforca-campanhas-no-baixo-mondego-diz-ministro-da-agricultura\/\",\"url\":\"https:\/\/portaltela.pt\/noticias\/2026\/02\/24\/governo-reforca-campanhas-no-baixo-mondego-diz-ministro-da-agricultura\/\",\"name\":\"Governo refor\u00e7a campanhas no Baixo Mondego, diz ministro da Agricultura - Portal Tela Portugal\",\"isPartOf\":{\"@id\":\"https:\/\/portaltela.pt\/#website\"},\"primaryImageOfPage\":{\"@id\":\"https:\/\/portaltela.pt\/noticias\/2026\/02\/24\/governo-reforca-campanhas-no-baixo-mondego-diz-ministro-da-agricultura\/#primaryimage\"},\"image\":{\"@id\":\"https:\/\/portaltela.pt\/noticias\/2026\/02\/24\/governo-reforca-campanhas-no-baixo-mondego-diz-ministro-da-agricultura\/#primaryimage\"},\"thumbnailUrl\":\"https:\/\/portaltela.pt\/s.01k8rhncp4jt1\/2026\/02\/CACHE_780X1200_ANALOG_WATERMARKED_46632685_1110738_24022026043808.jpg\",\"datePublished\":\"2026-02-24T19:03:00+00:00\",\"author\":{\"@id\":\"https:\/\/portaltela.pt\/#\/schema\/person\/c4278d4a6028830caff9ee44b42d32ed\"},\"breadcrumb\":{\"@id\":\"https:\/\/portaltela.pt\/noticias\/2026\/02\/24\/governo-reforca-campanhas-no-baixo-mondego-diz-ministro-da-agricultura\/#breadcrumb\"},\"inLanguage\":\"pt-PT\",\"potentialAction\":[{\"@type\":\"ReadAction\",\"target\":[\"https:\/\/portaltela.pt\/noticias\/2026\/02\/24\/governo-reforca-campanhas-no-baixo-mondego-diz-ministro-da-agricultura\/\"]}]},{\"@type\":\"ImageObject\",\"inLanguage\":\"pt-PT\",\"@id\":\"https:\/\/portaltela.pt\/noticias\/2026\/02\/24\/governo-reforca-campanhas-no-baixo-mondego-diz-ministro-da-agricultura\/#primaryimage\",\"url\":\"https:\/\/portaltela.pt\/s.01k8rhncp4jt1\/2026\/02\/CACHE_780X1200_ANALOG_WATERMARKED_46632685_1110738_24022026043808.jpg\",\"contentUrl\":\"https:\/\/portaltela.pt\/s.01k8rhncp4jt1\/2026\/02\/CACHE_780X1200_ANALOG_WATERMARKED_46632685_1110738_24022026043808.jpg\",\"width\":768,\"height\":512,\"caption\":\"Governo est\u00e1 a trabalhar para garantir campanhas no Baixo Mondego - ministro da Agricultura\"},{\"@type\":\"BreadcrumbList\",\"@id\":\"https:\/\/portaltela.pt\/noticias\/2026\/02\/24\/governo-reforca-campanhas-no-baixo-mondego-diz-ministro-da-agricultura\/#breadcrumb\",\"itemListElement\":[{\"@type\":\"ListItem\",\"position\":1,\"name\":\"In\u00edcio\",\"item\":\"https:\/\/portaltela.pt\/\"},{\"@type\":\"ListItem\",\"position\":2,\"name\":\"Governo refor\u00e7a campanhas no Baixo Mondego, diz ministro da Agricultura\"}]},{\"@type\":\"WebSite\",\"@id\":\"https:\/\/portaltela.pt\/#website\",\"url\":\"https:\/\/portaltela.pt\/\",\"name\":\"Portal Tela Portugal\",\"description\":\"\",\"potentialAction\":[{\"@type\":\"SearchAction\",\"target\":{\"@type\":\"EntryPoint\",\"urlTemplate\":\"https:\/\/portaltela.pt\/?s={search_term_string}\"},\"query-input\":{\"@type\":\"PropertyValueSpecification\",\"valueRequired\":true,\"valueName\":\"search_term_string\"}}],\"inLanguage\":\"pt-PT\"},{\"@type\":\"Person\",\"@id\":\"https:\/\/portaltela.pt\/#\/schema\/person\/c4278d4a6028830caff9ee44b42d32ed\",\"name\":\"Telinha\",\"image\":{\"@type\":\"ImageObject\",\"inLanguage\":\"pt-PT\",\"@id\":\"https:\/\/portaltela.pt\/s.01k8rhncp4jt1\/2025\/11\/talking-bot-125x125.png\",\"url\":\"https:\/\/portaltela.pt\/s.01k8rhncp4jt1\/2025\/11\/talking-bot-125x125.png\",\"contentUrl\":\"https:\/\/portaltela.pt\/s.01k8rhncp4jt1\/2025\/11\/talking-bot-125x125.png\",\"caption\":\"Telinha\"},\"sameAs\":[\"https:\/\/portaltela.pt\/\"],\"url\":\"https:\/\/portaltela.pt\/por\/367410592786\/\"}]}<\/script>\n<!-- \/ Yoast SEO plugin. -->","yoast_head_json":{"title":"Governo refor\u00e7a campanhas no Baixo Mondego, diz ministro da Agricultura - Portal Tela Portugal","robots":{"index":"index","follow":"follow","max-snippet":"max-snippet:-1","max-image-preview":"max-image-preview:large","max-video-preview":"max-video-preview:-1"},"og_locale":"pt_PT","og_type":"article","og_title":"Governo refor\u00e7a campanhas no Baixo Mondego, diz ministro da Agricultura - Portal Tela Portugal","og_description":"O Governo est\u00e1 a trabalhar para garantir campanhas no Baixo Mondego, afirmou o ministro da Agricultura. O conte\u00fado completo da not\u00edcia est\u00e1 dispon\u00edvel apenas para subscritores. A not\u00edcia centra-se na regi\u00e3o do Baixo Mondego. N\u00e3o h\u00e1, nesta vers\u00e3o, detalhes adicionais sobre o assunto.","og_url":"https:\/\/portaltela.pt\/noticias\/2026\/02\/24\/governo-reforca-campanhas-no-baixo-mondego-diz-ministro-da-agricultura\/","og_site_name":"Portal Tela Portugal","article_published_time":"2026-02-24T19:03:00+00:00","author":"Telinha","twitter_card":"summary_large_image","twitter_misc":{"Escrito por":"Telinha","Tempo estimado de leitura":"1 minuto"},"schema":{"@context":"https:\/\/schema.org","@graph":[{"@type":"Article","@id":"https:\/\/portaltela.pt\/noticias\/2026\/02\/24\/governo-reforca-campanhas-no-baixo-mondego-diz-ministro-da-agricultura\/#article","isPartOf":{"@id":"https:\/\/portaltela.pt\/noticias\/2026\/02\/24\/governo-reforca-campanhas-no-baixo-mondego-diz-ministro-da-agricultura\/"},"author":{"name":"Telinha","@id":"https:\/\/portaltela.pt\/#\/schema\/person\/c4278d4a6028830caff9ee44b42d32ed"},"headline":"Governo refor\u00e7a campanhas no Baixo Mondego, diz ministro da Agricultura","datePublished":"2026-02-24T19:03:00+00:00","mainEntityOfPage":{"@id":"https:\/\/portaltela.pt\/noticias\/2026\/02\/24\/governo-reforca-campanhas-no-baixo-mondego-diz-ministro-da-agricultura\/"},"wordCount":116,"image":{"@id":"https:\/\/portaltela.pt\/noticias\/2026\/02\/24\/governo-reforca-campanhas-no-baixo-mondego-diz-ministro-da-agricultura\/#primaryimage"},"thumbnailUrl":"https:\/\/portaltela.pt\/s.01k8rhncp4jt1\/2026\/02\/CACHE_780X1200_ANALOG_WATERMARKED_46632685_1110738_24022026043808.jpg","keywords":["A agricultura","Administra\u00e7\u00e3o Central","administra\u00e7\u00e3o p\u00fablica","Centro","Desenvolvimento econ\u00f3mico","governo"],"articleSection":["Not\u00edcias","Pol\u00edtica"],"inLanguage":"pt-PT"},{"@type":"WebPage","@id":"https:\/\/portaltela.pt\/noticias\/2026\/02\/24\/governo-reforca-campanhas-no-baixo-mondego-diz-ministro-da-agricultura\/","url":"https:\/\/portaltela.pt\/noticias\/2026\/02\/24\/governo-reforca-campanhas-no-baixo-mondego-diz-ministro-da-agricultura\/","name":"Governo refor\u00e7a campanhas no Baixo Mondego, diz ministro da Agricultura - Portal Tela Portugal","isPartOf":{"@id":"https:\/\/portaltela.pt\/#website"},"primaryImageOfPage":{"@id":"https:\/\/portaltela.pt\/noticias\/2026\/02\/24\/governo-reforca-campanhas-no-baixo-mondego-diz-ministro-da-agricultura\/#primaryimage"},"image":{"@id":"https:\/\/portaltela.pt\/noticias\/2026\/02\/24\/governo-reforca-campanhas-no-baixo-mondego-diz-ministro-da-agricultura\/#primaryimage"},"thumbnailUrl":"https:\/\/portaltela.pt\/s.01k8rhncp4jt1\/2026\/02\/CACHE_780X1200_ANALOG_WATERMARKED_46632685_1110738_24022026043808.jpg","datePublished":"2026-02-24T19:03:00+00:00","author":{"@id":"https:\/\/portaltela.pt\/#\/schema\/person\/c4278d4a6028830caff9ee44b42d32ed"},"breadcrumb":{"@id":"https:\/\/portaltela.pt\/noticias\/2026\/02\/24\/governo-reforca-campanhas-no-baixo-mondego-diz-ministro-da-agricultura\/#breadcrumb"},"inLanguage":"pt-PT","potentialAction":[{"@type":"ReadAction","target":["https:\/\/portaltela.pt\/noticias\/2026\/02\/24\/governo-reforca-campanhas-no-baixo-mondego-diz-ministro-da-agricultura\/"]}]},{"@type":"ImageObject","inLanguage":"pt-PT","@id":"https:\/\/portaltela.pt\/noticias\/2026\/02\/24\/governo-reforca-campanhas-no-baixo-mondego-diz-ministro-da-agricultura\/#primaryimage","url":"https:\/\/portaltela.pt\/s.01k8rhncp4jt1\/2026\/02\/CACHE_780X1200_ANALOG_WATERMARKED_46632685_1110738_24022026043808.jpg","contentUrl":"https:\/\/portaltela.pt\/s.01k8rhncp4jt1\/2026\/02\/CACHE_780X1200_ANALOG_WATERMARKED_46632685_1110738_24022026043808.jpg","width":768,"height":512,"caption":"Governo est\u00e1 a trabalhar para garantir campanhas no Baixo Mondego - ministro da Agricultura"},{"@type":"BreadcrumbList","@id":"https:\/\/portaltela.pt\/noticias\/2026\/02\/24\/governo-reforca-campanhas-no-baixo-mondego-diz-ministro-da-agricultura\/#breadcrumb","itemListElement":[{"@type":"ListItem","position":1,"name":"In\u00edcio","item":"https:\/\/portaltela.pt\/"},{"@type":"ListItem","position":2,"name":"Governo refor\u00e7a campanhas no Baixo Mondego, diz ministro da Agricultura"}]},{"@type":"WebSite","@id":"https:\/\/portaltela.pt\/#website","url":"https:\/\/portaltela.pt\/","name":"Portal Tela Portugal","description":"","potentialAction":[{"@type":"SearchAction","target":{"@type":"EntryPoint","urlTemplate":"https:\/\/portaltela.pt\/?s={search_term_string}"},"query-input":{"@type":"PropertyValueSpecification","valueRequired":true,"valueName":"search_term_string"}}],"inLanguage":"pt-PT"},{"@type":"Person","@id":"https:\/\/portaltela.pt\/#\/schema\/person\/c4278d4a6028830caff9ee44b42d32ed","name":"Telinha","image":{"@type":"ImageObject","inLanguage":"pt-PT","@id":"https:\/\/portaltela.pt\/s.01k8rhncp4jt1\/2025\/11\/talking-bot-125x125.png","url":"https:\/\/portaltela.pt\/s.01k8rhncp4jt1\/2025\/11\/talking-bot-125x125.png","contentUrl":"https:\/\/portaltela.pt\/s.01k8rhncp4jt1\/2025\/11\/talking-bot-125x125.png","caption":"Telinha"},"sameAs":["https:\/\/portaltela.pt\/"],"url":"https:\/\/portaltela.pt\/por\/367410592786\/"}]}},"_links":{"self":[{"href":"https:\/\/portaltela.pt\/api\/wp\/v2\/posts\/224783","targetHints":{"allow":["GET"]}}],"collection":[{"href":"https:\/\/portaltela.pt\/api\/wp\/v2\/posts"}],"about":[{"href":"https:\/\/portaltela.pt\/api\/wp\/v2\/types\/post"}],"author":[{"embeddable":true,"href":"https:\/\/portaltela.pt\/api\/wp\/v2\/users\/2"}],"replies":[{"embeddable":true,"href":"https:\/\/portaltela.pt\/api\/wp\/v2\/comments?post=224783"}],"version-history":[{"count":0,"href":"https:\/\/portaltela.pt\/api\/wp\/v2\/posts\/224783\/revisions"}],"wp:featuredmedia":[{"embeddable":true,"href":"https:\/\/portaltela.pt\/api\/wp\/v2\/media\/224784"}],"wp:attachment":[{"href":"https:\/\/portaltela.pt\/api\/wp\/v2\/media?parent=224783"}],"wp:term":[{"taxonomy":"category","embeddable":true,"href":"https:\/\/portaltela.pt\/api\/wp\/v2\/categories?post=224783"},{"taxonomy":"post_tag","embeddable":true,"href":"https:\/\/portaltela.pt\/api\/wp\/v2\/tags?post=224783"}],"curies":[{"name":"wp","href":"https:\/\/api.w.org\/{rel}","templated":true}]}}