{"id":224779,"date":"2026-02-24T15:57:38","date_gmt":"2026-02-24T18:57:38","guid":{"rendered":"https:\/\/portaltela.pt\/noticias\/2026\/02\/24\/governo-trabalha-para-garantir-campanhas-de-rega-no-baixo-mondego-diz-ministro\/"},"modified":"2026-02-24T15:57:38","modified_gmt":"2026-02-24T18:57:38","slug":"governo-trabalha-para-garantir-campanhas-de-rega-no-baixo-mondego-diz-ministro","status":"publish","type":"post","link":"https:\/\/portaltela.pt\/noticias\/2026\/02\/24\/governo-trabalha-para-garantir-campanhas-de-rega-no-baixo-mondego-diz-ministro\/","title":{"rendered":"Governo trabalha para garantir campanhas de rega no Baixo Mondego, diz ministro"},"content":{"rendered":"<p>O Governo est\u00e1 a trabalhar para assegurar a campanha de rega no Baixo Mondego. O ministro da Agricultura, Jos\u00e9 Manuel Fernandes, afirmou que o objetivo \u00e9 garantir \u00e1gua para milho e arroz, a menos que ocorram intemp\u00e9ries extraordin\u00e1rias. A declara\u00e7\u00e3o ocorreu durante uma visita \u00e0s obras do dique dos Casais, em Coimbra.<\/p>\n<p>O governante sublinhou que, desde o in\u00edcio, o Governo tem procurado atuar com rapidez, ilustrando com a interven\u00e7\u00e3o no dique. A Ag\u00eancia Portuguesa do Ambiente (APA) \u00e9 respons\u00e1vel pelos trabalhos e est\u00e1 a contratar equipas para avaliar solu\u00e7\u00f5es provis\u00f3rias que assegurem a campanha de rega.<\/p>\n<p>Segundo o presidente da APA, dever\u00e1 apresentar-se um plano de interven\u00e7\u00e3o no m\u00e1ximo em 15 dias. O ministro destacou ainda a necessidade de acelerar o levantamento de preju\u00edzos para confirmar elegibilidade no Fundo de Solidariedade da Uni\u00e3o Europeia e na reserva agr\u00edcola.<\/p>\n<p>Foi ainda anunciada a possibilidade de medidas para preju\u00edzos superiores a 400 mil euros. Entre as op\u00e7\u00f5es discutidas est\u00e3o uma nova portaria para o PEPAC e a cria\u00e7\u00e3o de um instrumento financeiro com o Banco Portugu\u00eas de Fomento, combinando apoio a fundo perdido e empr\u00e9stimos.<\/p>\n<h3>Conflito na C\u00e2mara de Coimbra<\/h3>\n<p>A visita ficou marcada por um desentendimento com a presidente da C\u00e2mara Municipal de Coimbra, Ana Abrunhosa, que chegou atrasada e criticou o ministro por falar com jornalistas antes de ouvir os autarcas. O ministro defendeu-se, dizendo que respondia a perguntas da imprensa.<\/p>\n<p>Pouco depois, Abrunhosa reconheceu que, neste momento, \u00e9 preciso ouvir as autoridades locais e reconheceu que o ministro \u00e9 um parceiro com quem se trabalha. A respons\u00e1vel acrescentou que as respostas do ministro acalmaram os interesses da cidade.<\/p>\n<h3>Desloca\u00e7\u00e3o seguinte a Leiria<\/h3>\n<p>Posteriormente, Fernandes seguiu para Leiria, para acompanhar a repara\u00e7\u00e3o de rutura no dique da margem esquerda do rio Lis, bem como a rutura do coletor de Monte Redondo e a Esta\u00e7\u00e3o Elevat\u00f3ria do Boco. As interven\u00e7\u00f5es est\u00e3o a decorrer sob supervis\u00e3o t\u00e9cnica.<\/p>\n","protected":false},"excerpt":{"rendered":"<ul>\n<li>O ministro da Agricultura, Jos\u00e9 Manuel Fernandes, afirmou que o Governo est\u00e1 a fazer o m\u00e1ximo para garantir a campanha de rega no Baixo Mondego e que a \u00e1gua dever\u00e1 chegar aos campos para milho e arroz, salvo intemp\u00e9ries extraordin\u00e1rias.<\/li>\n<li>As obras do dique dos Casais, a cargo da Ag\u00eancia Portuguesa do Ambiente, est\u00e3o a avan\u00e7ar com avalia\u00e7\u00e3o de trabalhos provis\u00f3rios e plano a apresentar no m\u00e1ximo em quinze dias.<\/li>\n<li>O Governo pode tomar medidas para preju\u00edzos superiores a quarenta mil euros, incluindo abrir uma nova portaria para o PEPAC e explorar um instrumento financeiro com o Banco Portugu\u00eas de Fomento para cofinanciamento a fundo perdido e empr\u00e9stimos.<\/li>\n<li>Os preju\u00edzos devem ser levantados rapidamente para analisar elegibilidade no Fundo de Solidariedade da Uni\u00e3o Europeia e na reserva agr\u00edcola.<\/li>\n<li>A visita ficou marcada por um desentendimento com a presidente da C\u00e2mara de Coimbra, Ana Abrunhosa, que depois elogiou a atua\u00e7\u00e3o do ministro; o governante seguiu para Leiria para inspe\u00e7\u00f5es noutras infraestruturas.<\/li>\n<\/ul>\n","protected":false},"author":2,"featured_media":224781,"comment_status":"closed","ping_status":"closed","sticky":false,"template":"","format":"standard","meta":{"footnotes":""},"categories":[1],"tags":[4914,6336,4802,1070,4907,1385],"class_list":["post-224779","post","type-post","status-publish","format-standard","has-post-thumbnail","hentry","category-noticias","tag-a-agricultura","tag-a-agua","tag-agencia-portuguesa-do-ambiente","tag-coimbra","tag-fundo-de-solidariedade","tag-leiria"],"yoast_head":"<!-- This site is optimized with the Yoast SEO plugin v27.2 - https:\/\/yoast.com\/product\/yoast-seo-wordpress\/ -->\n<title>Governo trabalha para garantir campanhas de rega no Baixo Mondego, diz ministro - Portal Tela Portugal<\/title>\n<meta name=\"robots\" content=\"index, follow, max-snippet:-1, max-image-preview:large, max-video-preview:-1\" \/>\n<meta property=\"og:locale\" content=\"pt_PT\" \/>\n<meta property=\"og:type\" content=\"article\" \/>\n<meta property=\"og:title\" content=\"Governo trabalha para garantir campanhas de rega no Baixo Mondego, diz ministro - Portal Tela Portugal\" \/>\n<meta property=\"og:description\" content=\"O ministro da Agricultura, Jos\u00e9 Manuel Fernandes, afirmou que o Governo est\u00e1 a fazer o m\u00e1ximo para garantir a campanha de rega no Baixo Mondego e que a \u00e1gua dever\u00e1 chegar aos campos para milho e arroz, salvo intemp\u00e9ries extraordin\u00e1rias. As obras do dique dos Casais, a cargo da Ag\u00eancia Portuguesa do Ambiente, est\u00e3o a avan\u00e7ar com avalia\u00e7\u00e3o de trabalhos provis\u00f3rios e plano a apresentar no m\u00e1ximo em quinze dias. O Governo pode tomar medidas para preju\u00edzos superiores a quarenta mil euros, incluindo abrir uma nova portaria para o PEPAC e explorar um instrumento financeiro com o Banco Portugu\u00eas de Fomento para cofinanciamento a fundo perdido e empr\u00e9stimos. Os preju\u00edzos devem ser levantados rapidamente para analisar elegibilidade no Fundo de Solidariedade da Uni\u00e3o Europeia e na reserva agr\u00edcola. A visita ficou marcada por um desentendimento com a presidente da C\u00e2mara de Coimbra, Ana Abrunhosa, que depois elogiou a atua\u00e7\u00e3o do ministro; o governante seguiu para Leiria para inspe\u00e7\u00f5es noutras infraestruturas.\" \/>\n<meta property=\"og:url\" content=\"https:\/\/portaltela.pt\/noticias\/2026\/02\/24\/governo-trabalha-para-garantir-campanhas-de-rega-no-baixo-mondego-diz-ministro\/\" \/>\n<meta property=\"og:site_name\" content=\"Portal Tela Portugal\" \/>\n<meta property=\"article:published_time\" content=\"2026-02-24T18:57:38+00:00\" \/>\n<meta name=\"author\" content=\"Telinha\" \/>\n<meta name=\"twitter:card\" content=\"summary_large_image\" \/>\n<meta name=\"twitter:label1\" content=\"Escrito por\" \/>\n\t<meta name=\"twitter:data1\" content=\"Telinha\" \/>\n\t<meta name=\"twitter:label2\" content=\"Tempo estimado de leitura\" \/>\n\t<meta name=\"twitter:data2\" content=\"2 minutos\" \/>\n<script type=\"application\/ld+json\" class=\"yoast-schema-graph\">{\"@context\":\"https:\/\/schema.org\",\"@graph\":[{\"@type\":\"Article\",\"@id\":\"https:\/\/portaltela.pt\/noticias\/2026\/02\/24\/governo-trabalha-para-garantir-campanhas-de-rega-no-baixo-mondego-diz-ministro\/#article\",\"isPartOf\":{\"@id\":\"https:\/\/portaltela.pt\/noticias\/2026\/02\/24\/governo-trabalha-para-garantir-campanhas-de-rega-no-baixo-mondego-diz-ministro\/\"},\"author\":{\"name\":\"Telinha\",\"@id\":\"https:\/\/portaltela.pt\/#\/schema\/person\/c4278d4a6028830caff9ee44b42d32ed\"},\"headline\":\"Governo trabalha para garantir campanhas de rega no Baixo Mondego, diz ministro\",\"datePublished\":\"2026-02-24T18:57:38+00:00\",\"mainEntityOfPage\":{\"@id\":\"https:\/\/portaltela.pt\/noticias\/2026\/02\/24\/governo-trabalha-para-garantir-campanhas-de-rega-no-baixo-mondego-diz-ministro\/\"},\"wordCount\":353,\"image\":{\"@id\":\"https:\/\/portaltela.pt\/noticias\/2026\/02\/24\/governo-trabalha-para-garantir-campanhas-de-rega-no-baixo-mondego-diz-ministro\/#primaryimage\"},\"thumbnailUrl\":\"https:\/\/portaltela.pt\/s.01k8rhncp4jt1\/2026\/02\/img_1280x721uu2024-09-23-14-05-51-1753864.jpg\",\"keywords\":[\"A agricultura\",\"a \u00e1gua\",\"Ag\u00eancia Portuguesa do Ambiente\",\"Coimbra\",\"Fundo de Solidariedade\",\"Leiria\"],\"articleSection\":[\"Not\u00edcias\"],\"inLanguage\":\"pt-PT\"},{\"@type\":\"WebPage\",\"@id\":\"https:\/\/portaltela.pt\/noticias\/2026\/02\/24\/governo-trabalha-para-garantir-campanhas-de-rega-no-baixo-mondego-diz-ministro\/\",\"url\":\"https:\/\/portaltela.pt\/noticias\/2026\/02\/24\/governo-trabalha-para-garantir-campanhas-de-rega-no-baixo-mondego-diz-ministro\/\",\"name\":\"Governo trabalha para garantir campanhas de rega no Baixo Mondego, diz ministro - Portal Tela Portugal\",\"isPartOf\":{\"@id\":\"https:\/\/portaltela.pt\/#website\"},\"primaryImageOfPage\":{\"@id\":\"https:\/\/portaltela.pt\/noticias\/2026\/02\/24\/governo-trabalha-para-garantir-campanhas-de-rega-no-baixo-mondego-diz-ministro\/#primaryimage\"},\"image\":{\"@id\":\"https:\/\/portaltela.pt\/noticias\/2026\/02\/24\/governo-trabalha-para-garantir-campanhas-de-rega-no-baixo-mondego-diz-ministro\/#primaryimage\"},\"thumbnailUrl\":\"https:\/\/portaltela.pt\/s.01k8rhncp4jt1\/2026\/02\/img_1280x721uu2024-09-23-14-05-51-1753864.jpg\",\"datePublished\":\"2026-02-24T18:57:38+00:00\",\"author\":{\"@id\":\"https:\/\/portaltela.pt\/#\/schema\/person\/c4278d4a6028830caff9ee44b42d32ed\"},\"breadcrumb\":{\"@id\":\"https:\/\/portaltela.pt\/noticias\/2026\/02\/24\/governo-trabalha-para-garantir-campanhas-de-rega-no-baixo-mondego-diz-ministro\/#breadcrumb\"},\"inLanguage\":\"pt-PT\",\"potentialAction\":[{\"@type\":\"ReadAction\",\"target\":[\"https:\/\/portaltela.pt\/noticias\/2026\/02\/24\/governo-trabalha-para-garantir-campanhas-de-rega-no-baixo-mondego-diz-ministro\/\"]}]},{\"@type\":\"ImageObject\",\"inLanguage\":\"pt-PT\",\"@id\":\"https:\/\/portaltela.pt\/noticias\/2026\/02\/24\/governo-trabalha-para-garantir-campanhas-de-rega-no-baixo-mondego-diz-ministro\/#primaryimage\",\"url\":\"https:\/\/portaltela.pt\/s.01k8rhncp4jt1\/2026\/02\/img_1280x721uu2024-09-23-14-05-51-1753864.jpg\",\"contentUrl\":\"https:\/\/portaltela.pt\/s.01k8rhncp4jt1\/2026\/02\/img_1280x721uu2024-09-23-14-05-51-1753864.jpg\",\"width\":796,\"height\":448,\"caption\":\"Ministro da Agricultura, Jos\u00e9 Manuel Fernandes\"},{\"@type\":\"BreadcrumbList\",\"@id\":\"https:\/\/portaltela.pt\/noticias\/2026\/02\/24\/governo-trabalha-para-garantir-campanhas-de-rega-no-baixo-mondego-diz-ministro\/#breadcrumb\",\"itemListElement\":[{\"@type\":\"ListItem\",\"position\":1,\"name\":\"In\u00edcio\",\"item\":\"https:\/\/portaltela.pt\/\"},{\"@type\":\"ListItem\",\"position\":2,\"name\":\"Governo trabalha para garantir campanhas de rega no Baixo Mondego, diz ministro\"}]},{\"@type\":\"WebSite\",\"@id\":\"https:\/\/portaltela.pt\/#website\",\"url\":\"https:\/\/portaltela.pt\/\",\"name\":\"Portal Tela Portugal\",\"description\":\"\",\"potentialAction\":[{\"@type\":\"SearchAction\",\"target\":{\"@type\":\"EntryPoint\",\"urlTemplate\":\"https:\/\/portaltela.pt\/?s={search_term_string}\"},\"query-input\":{\"@type\":\"PropertyValueSpecification\",\"valueRequired\":true,\"valueName\":\"search_term_string\"}}],\"inLanguage\":\"pt-PT\"},{\"@type\":\"Person\",\"@id\":\"https:\/\/portaltela.pt\/#\/schema\/person\/c4278d4a6028830caff9ee44b42d32ed\",\"name\":\"Telinha\",\"image\":{\"@type\":\"ImageObject\",\"inLanguage\":\"pt-PT\",\"@id\":\"https:\/\/portaltela.pt\/s.01k8rhncp4jt1\/2025\/11\/talking-bot-125x125.png\",\"url\":\"https:\/\/portaltela.pt\/s.01k8rhncp4jt1\/2025\/11\/talking-bot-125x125.png\",\"contentUrl\":\"https:\/\/portaltela.pt\/s.01k8rhncp4jt1\/2025\/11\/talking-bot-125x125.png\",\"caption\":\"Telinha\"},\"sameAs\":[\"https:\/\/portaltela.pt\/\"],\"url\":\"https:\/\/portaltela.pt\/por\/367410592786\/\"}]}<\/script>\n<!-- \/ Yoast SEO plugin. -->","yoast_head_json":{"title":"Governo trabalha para garantir campanhas de rega no Baixo Mondego, diz ministro - Portal Tela Portugal","robots":{"index":"index","follow":"follow","max-snippet":"max-snippet:-1","max-image-preview":"max-image-preview:large","max-video-preview":"max-video-preview:-1"},"og_locale":"pt_PT","og_type":"article","og_title":"Governo trabalha para garantir campanhas de rega no Baixo Mondego, diz ministro - Portal Tela Portugal","og_description":"O ministro da Agricultura, Jos\u00e9 Manuel Fernandes, afirmou que o Governo est\u00e1 a fazer o m\u00e1ximo para garantir a campanha de rega no Baixo Mondego e que a \u00e1gua dever\u00e1 chegar aos campos para milho e arroz, salvo intemp\u00e9ries extraordin\u00e1rias. As obras do dique dos Casais, a cargo da Ag\u00eancia Portuguesa do Ambiente, est\u00e3o a avan\u00e7ar com avalia\u00e7\u00e3o de trabalhos provis\u00f3rios e plano a apresentar no m\u00e1ximo em quinze dias. O Governo pode tomar medidas para preju\u00edzos superiores a quarenta mil euros, incluindo abrir uma nova portaria para o PEPAC e explorar um instrumento financeiro com o Banco Portugu\u00eas de Fomento para cofinanciamento a fundo perdido e empr\u00e9stimos. Os preju\u00edzos devem ser levantados rapidamente para analisar elegibilidade no Fundo de Solidariedade da Uni\u00e3o Europeia e na reserva agr\u00edcola. A visita ficou marcada por um desentendimento com a presidente da C\u00e2mara de Coimbra, Ana Abrunhosa, que depois elogiou a atua\u00e7\u00e3o do ministro; o governante seguiu para Leiria para inspe\u00e7\u00f5es noutras infraestruturas.","og_url":"https:\/\/portaltela.pt\/noticias\/2026\/02\/24\/governo-trabalha-para-garantir-campanhas-de-rega-no-baixo-mondego-diz-ministro\/","og_site_name":"Portal Tela Portugal","article_published_time":"2026-02-24T18:57:38+00:00","author":"Telinha","twitter_card":"summary_large_image","twitter_misc":{"Escrito por":"Telinha","Tempo estimado de leitura":"2 minutos"},"schema":{"@context":"https:\/\/schema.org","@graph":[{"@type":"Article","@id":"https:\/\/portaltela.pt\/noticias\/2026\/02\/24\/governo-trabalha-para-garantir-campanhas-de-rega-no-baixo-mondego-diz-ministro\/#article","isPartOf":{"@id":"https:\/\/portaltela.pt\/noticias\/2026\/02\/24\/governo-trabalha-para-garantir-campanhas-de-rega-no-baixo-mondego-diz-ministro\/"},"author":{"name":"Telinha","@id":"https:\/\/portaltela.pt\/#\/schema\/person\/c4278d4a6028830caff9ee44b42d32ed"},"headline":"Governo trabalha para garantir campanhas de rega no Baixo Mondego, diz ministro","datePublished":"2026-02-24T18:57:38+00:00","mainEntityOfPage":{"@id":"https:\/\/portaltela.pt\/noticias\/2026\/02\/24\/governo-trabalha-para-garantir-campanhas-de-rega-no-baixo-mondego-diz-ministro\/"},"wordCount":353,"image":{"@id":"https:\/\/portaltela.pt\/noticias\/2026\/02\/24\/governo-trabalha-para-garantir-campanhas-de-rega-no-baixo-mondego-diz-ministro\/#primaryimage"},"thumbnailUrl":"https:\/\/portaltela.pt\/s.01k8rhncp4jt1\/2026\/02\/img_1280x721uu2024-09-23-14-05-51-1753864.jpg","keywords":["A agricultura","a \u00e1gua","Ag\u00eancia Portuguesa do Ambiente","Coimbra","Fundo de Solidariedade","Leiria"],"articleSection":["Not\u00edcias"],"inLanguage":"pt-PT"},{"@type":"WebPage","@id":"https:\/\/portaltela.pt\/noticias\/2026\/02\/24\/governo-trabalha-para-garantir-campanhas-de-rega-no-baixo-mondego-diz-ministro\/","url":"https:\/\/portaltela.pt\/noticias\/2026\/02\/24\/governo-trabalha-para-garantir-campanhas-de-rega-no-baixo-mondego-diz-ministro\/","name":"Governo trabalha para garantir campanhas de rega no Baixo Mondego, diz ministro - Portal Tela Portugal","isPartOf":{"@id":"https:\/\/portaltela.pt\/#website"},"primaryImageOfPage":{"@id":"https:\/\/portaltela.pt\/noticias\/2026\/02\/24\/governo-trabalha-para-garantir-campanhas-de-rega-no-baixo-mondego-diz-ministro\/#primaryimage"},"image":{"@id":"https:\/\/portaltela.pt\/noticias\/2026\/02\/24\/governo-trabalha-para-garantir-campanhas-de-rega-no-baixo-mondego-diz-ministro\/#primaryimage"},"thumbnailUrl":"https:\/\/portaltela.pt\/s.01k8rhncp4jt1\/2026\/02\/img_1280x721uu2024-09-23-14-05-51-1753864.jpg","datePublished":"2026-02-24T18:57:38+00:00","author":{"@id":"https:\/\/portaltela.pt\/#\/schema\/person\/c4278d4a6028830caff9ee44b42d32ed"},"breadcrumb":{"@id":"https:\/\/portaltela.pt\/noticias\/2026\/02\/24\/governo-trabalha-para-garantir-campanhas-de-rega-no-baixo-mondego-diz-ministro\/#breadcrumb"},"inLanguage":"pt-PT","potentialAction":[{"@type":"ReadAction","target":["https:\/\/portaltela.pt\/noticias\/2026\/02\/24\/governo-trabalha-para-garantir-campanhas-de-rega-no-baixo-mondego-diz-ministro\/"]}]},{"@type":"ImageObject","inLanguage":"pt-PT","@id":"https:\/\/portaltela.pt\/noticias\/2026\/02\/24\/governo-trabalha-para-garantir-campanhas-de-rega-no-baixo-mondego-diz-ministro\/#primaryimage","url":"https:\/\/portaltela.pt\/s.01k8rhncp4jt1\/2026\/02\/img_1280x721uu2024-09-23-14-05-51-1753864.jpg","contentUrl":"https:\/\/portaltela.pt\/s.01k8rhncp4jt1\/2026\/02\/img_1280x721uu2024-09-23-14-05-51-1753864.jpg","width":796,"height":448,"caption":"Ministro da Agricultura, Jos\u00e9 Manuel Fernandes"},{"@type":"BreadcrumbList","@id":"https:\/\/portaltela.pt\/noticias\/2026\/02\/24\/governo-trabalha-para-garantir-campanhas-de-rega-no-baixo-mondego-diz-ministro\/#breadcrumb","itemListElement":[{"@type":"ListItem","position":1,"name":"In\u00edcio","item":"https:\/\/portaltela.pt\/"},{"@type":"ListItem","position":2,"name":"Governo trabalha para garantir campanhas de rega no Baixo Mondego, diz ministro"}]},{"@type":"WebSite","@id":"https:\/\/portaltela.pt\/#website","url":"https:\/\/portaltela.pt\/","name":"Portal Tela Portugal","description":"","potentialAction":[{"@type":"SearchAction","target":{"@type":"EntryPoint","urlTemplate":"https:\/\/portaltela.pt\/?s={search_term_string}"},"query-input":{"@type":"PropertyValueSpecification","valueRequired":true,"valueName":"search_term_string"}}],"inLanguage":"pt-PT"},{"@type":"Person","@id":"https:\/\/portaltela.pt\/#\/schema\/person\/c4278d4a6028830caff9ee44b42d32ed","name":"Telinha","image":{"@type":"ImageObject","inLanguage":"pt-PT","@id":"https:\/\/portaltela.pt\/s.01k8rhncp4jt1\/2025\/11\/talking-bot-125x125.png","url":"https:\/\/portaltela.pt\/s.01k8rhncp4jt1\/2025\/11\/talking-bot-125x125.png","contentUrl":"https:\/\/portaltela.pt\/s.01k8rhncp4jt1\/2025\/11\/talking-bot-125x125.png","caption":"Telinha"},"sameAs":["https:\/\/portaltela.pt\/"],"url":"https:\/\/portaltela.pt\/por\/367410592786\/"}]}},"_links":{"self":[{"href":"https:\/\/portaltela.pt\/api\/wp\/v2\/posts\/224779","targetHints":{"allow":["GET"]}}],"collection":[{"href":"https:\/\/portaltela.pt\/api\/wp\/v2\/posts"}],"about":[{"href":"https:\/\/portaltela.pt\/api\/wp\/v2\/types\/post"}],"author":[{"embeddable":true,"href":"https:\/\/portaltela.pt\/api\/wp\/v2\/users\/2"}],"replies":[{"embeddable":true,"href":"https:\/\/portaltela.pt\/api\/wp\/v2\/comments?post=224779"}],"version-history":[{"count":0,"href":"https:\/\/portaltela.pt\/api\/wp\/v2\/posts\/224779\/revisions"}],"wp:featuredmedia":[{"embeddable":true,"href":"https:\/\/portaltela.pt\/api\/wp\/v2\/media\/224781"}],"wp:attachment":[{"href":"https:\/\/portaltela.pt\/api\/wp\/v2\/media?parent=224779"}],"wp:term":[{"taxonomy":"category","embeddable":true,"href":"https:\/\/portaltela.pt\/api\/wp\/v2\/categories?post=224779"},{"taxonomy":"post_tag","embeddable":true,"href":"https:\/\/portaltela.pt\/api\/wp\/v2\/tags?post=224779"}],"curies":[{"name":"wp","href":"https:\/\/api.w.org\/{rel}","templated":true}]}}