{"id":224732,"date":"2026-02-24T15:32:49","date_gmt":"2026-02-24T18:32:49","guid":{"rendered":"https:\/\/portaltela.pt\/noticias\/2026\/02\/24\/homem-detido-na-amadora-por-perseguicao-a-ex-companheira-e-falsidade-informatica\/"},"modified":"2026-02-24T15:32:49","modified_gmt":"2026-02-24T18:32:49","slug":"homem-detido-na-amadora-por-perseguicao-a-ex-companheira-e-falsidade-informatica","status":"publish","type":"post","link":"https:\/\/portaltela.pt\/noticias\/2026\/02\/24\/homem-detido-na-amadora-por-perseguicao-a-ex-companheira-e-falsidade-informatica\/","title":{"rendered":"Homem detido na Amadora por persegui\u00e7\u00e3o \u00e0 ex-companheira e falsidade inform\u00e1tica"},"content":{"rendered":"<p>A Pol\u00edcia Judici\u00e1ria deteve na Amadora um homem suspeito de viol\u00eancia dom\u00e9stica agravada, persegui\u00e7\u00e3o, grava\u00e7\u00e3o e fotografias il\u00edcitas e de falsidade inform\u00e1tica, segundo comunicado divulgado pela PJ.<\/p>\n<p>A deten\u00e7\u00e3o ocorreu na segunda-feira, ap\u00f3s busca domicili\u00e1ria para recolha de prova. Foram apreendidos equipamentos utilizados para fazer chamadas, enviar mensagens e criar perfis falsos na internet com o objetivo de denegrir a imagem da v\u00edtima.<\/p>\n<p>Segundo a investiga\u00e7\u00e3o, o suspeito n\u00e3o aceitava o fim da rela\u00e7\u00e3o com a ex-companheira, perseguindo-a de forma presencial e digital. A v\u00edtima ter\u00e1 sofrido ansiedade, perturba\u00e7\u00f5es do sono e depress\u00e3o, com um isolamento social progressivo.<\/p>\n<p>A PJ descreve que a v\u00edtima viu as rotinas di\u00e1rias alteradas devido ao temor constante pela sua seguran\u00e7a pessoal, fruto da atua\u00e7\u00e3o do suspeito. A investiga\u00e7\u00e3o continua a decorrer para esclarecer todos os factos.<\/p>\n","protected":false},"excerpt":{"rendered":"<ul>\n<li>A Pol\u00edcia Judici\u00e1ria deteve, na Amadora, um homem suspeito de viol\u00eancia dom\u00e9stica agravada, persegui\u00e7\u00e3o, grava\u00e7\u00e3o e fotografias il\u00edcitas e falsidade inform\u00e1tica, alegadamente contra a sua ex-companheira.<\/li>\n<li>A deten\u00e7\u00e3o ocorreu na segunda-feira, ap\u00f3s busca domicili\u00e1ria para recolha de provas e apreens\u00e3o de equipamentos usados para fazer chamadas, enviar mensagens e criar perfis falsos.<\/li>\n<li>Os materiais visavam denegrir a imagem da v\u00edtima, humilh\u00e1-la e limitar a sua liberdade e autodetermina\u00e7\u00e3o.<\/li>\n<li>A investiga\u00e7\u00e3o aponta que o homem, inconformado com o fim da rela\u00e7\u00e3o, perseguiu a ex-companheira presencial e digitalmente, causando-lhe ansiedade, perturba\u00e7\u00f5es do sono e depress\u00e3o.<\/li>\n<li>A v\u00edtima viu-se obrigada a alterar as suas rotinas di\u00e1rias num contexto de temor pela sua seguran\u00e7a pessoal.<\/li>\n<\/ul>\n","protected":false},"author":2,"featured_media":224738,"comment_status":"closed","ping_status":"closed","sticky":false,"template":"","format":"standard","meta":{"footnotes":""},"categories":[1],"tags":[5837,220,6333,3378,214,899],"class_list":["post-224732","post","type-post","status-publish","format-standard","has-post-thumbnail","hentry","category-noticias","tag-a-amadora","tag-falsidade-informatica","tag-perseguicao","tag-perseguicao-agravada","tag-violencia-domestica","tag-violencia-domestica-agravada"],"yoast_head":"<!-- This site is optimized with the Yoast SEO plugin v27.2 - https:\/\/yoast.com\/product\/yoast-seo-wordpress\/ -->\n<title>Homem detido na Amadora por persegui\u00e7\u00e3o \u00e0 ex-companheira e falsidade inform\u00e1tica - Portal Tela Portugal<\/title>\n<meta name=\"robots\" content=\"index, follow, max-snippet:-1, max-image-preview:large, max-video-preview:-1\" \/>\n<meta property=\"og:locale\" content=\"pt_PT\" \/>\n<meta property=\"og:type\" content=\"article\" \/>\n<meta property=\"og:title\" content=\"Homem detido na Amadora por persegui\u00e7\u00e3o \u00e0 ex-companheira e falsidade inform\u00e1tica - Portal Tela Portugal\" \/>\n<meta property=\"og:description\" content=\"A Pol\u00edcia Judici\u00e1ria deteve, na Amadora, um homem suspeito de viol\u00eancia dom\u00e9stica agravada, persegui\u00e7\u00e3o, grava\u00e7\u00e3o e fotografias il\u00edcitas e falsidade inform\u00e1tica, alegadamente contra a sua ex-companheira. A deten\u00e7\u00e3o ocorreu na segunda-feira, ap\u00f3s busca domicili\u00e1ria para recolha de provas e apreens\u00e3o de equipamentos usados para fazer chamadas, enviar mensagens e criar perfis falsos. Os materiais visavam denegrir a imagem da v\u00edtima, humilh\u00e1-la e limitar a sua liberdade e autodetermina\u00e7\u00e3o. A investiga\u00e7\u00e3o aponta que o homem, inconformado com o fim da rela\u00e7\u00e3o, perseguiu a ex-companheira presencial e digitalmente, causando-lhe ansiedade, perturba\u00e7\u00f5es do sono e depress\u00e3o. A v\u00edtima viu-se obrigada a alterar as suas rotinas di\u00e1rias num contexto de temor pela sua seguran\u00e7a pessoal.\" \/>\n<meta property=\"og:url\" content=\"https:\/\/portaltela.pt\/noticias\/2026\/02\/24\/homem-detido-na-amadora-por-perseguicao-a-ex-companheira-e-falsidade-informatica\/\" \/>\n<meta property=\"og:site_name\" content=\"Portal Tela Portugal\" \/>\n<meta property=\"article:published_time\" content=\"2026-02-24T18:32:49+00:00\" \/>\n<meta name=\"author\" content=\"Telinha\" \/>\n<meta name=\"twitter:card\" content=\"summary_large_image\" \/>\n<meta name=\"twitter:label1\" content=\"Escrito por\" \/>\n\t<meta name=\"twitter:data1\" content=\"Telinha\" \/>\n\t<meta name=\"twitter:label2\" content=\"Tempo estimado de leitura\" \/>\n\t<meta name=\"twitter:data2\" content=\"1 minuto\" \/>\n<script type=\"application\/ld+json\" class=\"yoast-schema-graph\">{\"@context\":\"https:\/\/schema.org\",\"@graph\":[{\"@type\":\"Article\",\"@id\":\"https:\/\/portaltela.pt\/noticias\/2026\/02\/24\/homem-detido-na-amadora-por-perseguicao-a-ex-companheira-e-falsidade-informatica\/#article\",\"isPartOf\":{\"@id\":\"https:\/\/portaltela.pt\/noticias\/2026\/02\/24\/homem-detido-na-amadora-por-perseguicao-a-ex-companheira-e-falsidade-informatica\/\"},\"author\":{\"name\":\"Telinha\",\"@id\":\"https:\/\/portaltela.pt\/#\/schema\/person\/c4278d4a6028830caff9ee44b42d32ed\"},\"headline\":\"Homem detido na Amadora por persegui\u00e7\u00e3o \u00e0 ex-companheira e falsidade inform\u00e1tica\",\"datePublished\":\"2026-02-24T18:32:49+00:00\",\"mainEntityOfPage\":{\"@id\":\"https:\/\/portaltela.pt\/noticias\/2026\/02\/24\/homem-detido-na-amadora-por-perseguicao-a-ex-companheira-e-falsidade-informatica\/\"},\"wordCount\":167,\"image\":{\"@id\":\"https:\/\/portaltela.pt\/noticias\/2026\/02\/24\/homem-detido-na-amadora-por-perseguicao-a-ex-companheira-e-falsidade-informatica\/#primaryimage\"},\"thumbnailUrl\":\"https:\/\/portaltela.pt\/s.01k8rhncp4jt1\/2026\/02\/img_1280x721uu2016-10-28-16-01-00-572587.jpg\",\"keywords\":[\"A Amadora\",\"falsidade inform\u00e1tica\",\"persegui\u00e7\u00e3o\",\"persegui\u00e7\u00e3o agravada\",\"viol\u00eancia dom\u00e9stica\",\"viol\u00eancia dom\u00e9stica agravada\"],\"articleSection\":[\"Not\u00edcias\"],\"inLanguage\":\"pt-PT\"},{\"@type\":\"WebPage\",\"@id\":\"https:\/\/portaltela.pt\/noticias\/2026\/02\/24\/homem-detido-na-amadora-por-perseguicao-a-ex-companheira-e-falsidade-informatica\/\",\"url\":\"https:\/\/portaltela.pt\/noticias\/2026\/02\/24\/homem-detido-na-amadora-por-perseguicao-a-ex-companheira-e-falsidade-informatica\/\",\"name\":\"Homem detido na Amadora por persegui\u00e7\u00e3o \u00e0 ex-companheira e falsidade inform\u00e1tica - Portal Tela Portugal\",\"isPartOf\":{\"@id\":\"https:\/\/portaltela.pt\/#website\"},\"primaryImageOfPage\":{\"@id\":\"https:\/\/portaltela.pt\/noticias\/2026\/02\/24\/homem-detido-na-amadora-por-perseguicao-a-ex-companheira-e-falsidade-informatica\/#primaryimage\"},\"image\":{\"@id\":\"https:\/\/portaltela.pt\/noticias\/2026\/02\/24\/homem-detido-na-amadora-por-perseguicao-a-ex-companheira-e-falsidade-informatica\/#primaryimage\"},\"thumbnailUrl\":\"https:\/\/portaltela.pt\/s.01k8rhncp4jt1\/2026\/02\/img_1280x721uu2016-10-28-16-01-00-572587.jpg\",\"datePublished\":\"2026-02-24T18:32:49+00:00\",\"author\":{\"@id\":\"https:\/\/portaltela.pt\/#\/schema\/person\/c4278d4a6028830caff9ee44b42d32ed\"},\"breadcrumb\":{\"@id\":\"https:\/\/portaltela.pt\/noticias\/2026\/02\/24\/homem-detido-na-amadora-por-perseguicao-a-ex-companheira-e-falsidade-informatica\/#breadcrumb\"},\"inLanguage\":\"pt-PT\",\"potentialAction\":[{\"@type\":\"ReadAction\",\"target\":[\"https:\/\/portaltela.pt\/noticias\/2026\/02\/24\/homem-detido-na-amadora-por-perseguicao-a-ex-companheira-e-falsidade-informatica\/\"]}]},{\"@type\":\"ImageObject\",\"inLanguage\":\"pt-PT\",\"@id\":\"https:\/\/portaltela.pt\/noticias\/2026\/02\/24\/homem-detido-na-amadora-por-perseguicao-a-ex-companheira-e-falsidade-informatica\/#primaryimage\",\"url\":\"https:\/\/portaltela.pt\/s.01k8rhncp4jt1\/2026\/02\/img_1280x721uu2016-10-28-16-01-00-572587.jpg\",\"contentUrl\":\"https:\/\/portaltela.pt\/s.01k8rhncp4jt1\/2026\/02\/img_1280x721uu2016-10-28-16-01-00-572587.jpg\",\"width\":796,\"height\":448,\"caption\":\"Homem detido na Amadora por perseguir ex-companheira e por falsidade inform\u00e1tica\"},{\"@type\":\"BreadcrumbList\",\"@id\":\"https:\/\/portaltela.pt\/noticias\/2026\/02\/24\/homem-detido-na-amadora-por-perseguicao-a-ex-companheira-e-falsidade-informatica\/#breadcrumb\",\"itemListElement\":[{\"@type\":\"ListItem\",\"position\":1,\"name\":\"In\u00edcio\",\"item\":\"https:\/\/portaltela.pt\/\"},{\"@type\":\"ListItem\",\"position\":2,\"name\":\"Homem detido na Amadora por persegui\u00e7\u00e3o \u00e0 ex-companheira e falsidade inform\u00e1tica\"}]},{\"@type\":\"WebSite\",\"@id\":\"https:\/\/portaltela.pt\/#website\",\"url\":\"https:\/\/portaltela.pt\/\",\"name\":\"Portal Tela Portugal\",\"description\":\"\",\"potentialAction\":[{\"@type\":\"SearchAction\",\"target\":{\"@type\":\"EntryPoint\",\"urlTemplate\":\"https:\/\/portaltela.pt\/?s={search_term_string}\"},\"query-input\":{\"@type\":\"PropertyValueSpecification\",\"valueRequired\":true,\"valueName\":\"search_term_string\"}}],\"inLanguage\":\"pt-PT\"},{\"@type\":\"Person\",\"@id\":\"https:\/\/portaltela.pt\/#\/schema\/person\/c4278d4a6028830caff9ee44b42d32ed\",\"name\":\"Telinha\",\"image\":{\"@type\":\"ImageObject\",\"inLanguage\":\"pt-PT\",\"@id\":\"https:\/\/portaltela.pt\/s.01k8rhncp4jt1\/2025\/11\/talking-bot-125x125.png\",\"url\":\"https:\/\/portaltela.pt\/s.01k8rhncp4jt1\/2025\/11\/talking-bot-125x125.png\",\"contentUrl\":\"https:\/\/portaltela.pt\/s.01k8rhncp4jt1\/2025\/11\/talking-bot-125x125.png\",\"caption\":\"Telinha\"},\"sameAs\":[\"https:\/\/portaltela.pt\/\"],\"url\":\"https:\/\/portaltela.pt\/por\/367410592786\/\"}]}<\/script>\n<!-- \/ Yoast SEO plugin. -->","yoast_head_json":{"title":"Homem detido na Amadora por persegui\u00e7\u00e3o \u00e0 ex-companheira e falsidade inform\u00e1tica - Portal Tela Portugal","robots":{"index":"index","follow":"follow","max-snippet":"max-snippet:-1","max-image-preview":"max-image-preview:large","max-video-preview":"max-video-preview:-1"},"og_locale":"pt_PT","og_type":"article","og_title":"Homem detido na Amadora por persegui\u00e7\u00e3o \u00e0 ex-companheira e falsidade inform\u00e1tica - Portal Tela Portugal","og_description":"A Pol\u00edcia Judici\u00e1ria deteve, na Amadora, um homem suspeito de viol\u00eancia dom\u00e9stica agravada, persegui\u00e7\u00e3o, grava\u00e7\u00e3o e fotografias il\u00edcitas e falsidade inform\u00e1tica, alegadamente contra a sua ex-companheira. A deten\u00e7\u00e3o ocorreu na segunda-feira, ap\u00f3s busca domicili\u00e1ria para recolha de provas e apreens\u00e3o de equipamentos usados para fazer chamadas, enviar mensagens e criar perfis falsos. Os materiais visavam denegrir a imagem da v\u00edtima, humilh\u00e1-la e limitar a sua liberdade e autodetermina\u00e7\u00e3o. A investiga\u00e7\u00e3o aponta que o homem, inconformado com o fim da rela\u00e7\u00e3o, perseguiu a ex-companheira presencial e digitalmente, causando-lhe ansiedade, perturba\u00e7\u00f5es do sono e depress\u00e3o. A v\u00edtima viu-se obrigada a alterar as suas rotinas di\u00e1rias num contexto de temor pela sua seguran\u00e7a pessoal.","og_url":"https:\/\/portaltela.pt\/noticias\/2026\/02\/24\/homem-detido-na-amadora-por-perseguicao-a-ex-companheira-e-falsidade-informatica\/","og_site_name":"Portal Tela Portugal","article_published_time":"2026-02-24T18:32:49+00:00","author":"Telinha","twitter_card":"summary_large_image","twitter_misc":{"Escrito por":"Telinha","Tempo estimado de leitura":"1 minuto"},"schema":{"@context":"https:\/\/schema.org","@graph":[{"@type":"Article","@id":"https:\/\/portaltela.pt\/noticias\/2026\/02\/24\/homem-detido-na-amadora-por-perseguicao-a-ex-companheira-e-falsidade-informatica\/#article","isPartOf":{"@id":"https:\/\/portaltela.pt\/noticias\/2026\/02\/24\/homem-detido-na-amadora-por-perseguicao-a-ex-companheira-e-falsidade-informatica\/"},"author":{"name":"Telinha","@id":"https:\/\/portaltela.pt\/#\/schema\/person\/c4278d4a6028830caff9ee44b42d32ed"},"headline":"Homem detido na Amadora por persegui\u00e7\u00e3o \u00e0 ex-companheira e falsidade inform\u00e1tica","datePublished":"2026-02-24T18:32:49+00:00","mainEntityOfPage":{"@id":"https:\/\/portaltela.pt\/noticias\/2026\/02\/24\/homem-detido-na-amadora-por-perseguicao-a-ex-companheira-e-falsidade-informatica\/"},"wordCount":167,"image":{"@id":"https:\/\/portaltela.pt\/noticias\/2026\/02\/24\/homem-detido-na-amadora-por-perseguicao-a-ex-companheira-e-falsidade-informatica\/#primaryimage"},"thumbnailUrl":"https:\/\/portaltela.pt\/s.01k8rhncp4jt1\/2026\/02\/img_1280x721uu2016-10-28-16-01-00-572587.jpg","keywords":["A Amadora","falsidade inform\u00e1tica","persegui\u00e7\u00e3o","persegui\u00e7\u00e3o agravada","viol\u00eancia dom\u00e9stica","viol\u00eancia dom\u00e9stica agravada"],"articleSection":["Not\u00edcias"],"inLanguage":"pt-PT"},{"@type":"WebPage","@id":"https:\/\/portaltela.pt\/noticias\/2026\/02\/24\/homem-detido-na-amadora-por-perseguicao-a-ex-companheira-e-falsidade-informatica\/","url":"https:\/\/portaltela.pt\/noticias\/2026\/02\/24\/homem-detido-na-amadora-por-perseguicao-a-ex-companheira-e-falsidade-informatica\/","name":"Homem detido na Amadora por persegui\u00e7\u00e3o \u00e0 ex-companheira e falsidade inform\u00e1tica - Portal Tela Portugal","isPartOf":{"@id":"https:\/\/portaltela.pt\/#website"},"primaryImageOfPage":{"@id":"https:\/\/portaltela.pt\/noticias\/2026\/02\/24\/homem-detido-na-amadora-por-perseguicao-a-ex-companheira-e-falsidade-informatica\/#primaryimage"},"image":{"@id":"https:\/\/portaltela.pt\/noticias\/2026\/02\/24\/homem-detido-na-amadora-por-perseguicao-a-ex-companheira-e-falsidade-informatica\/#primaryimage"},"thumbnailUrl":"https:\/\/portaltela.pt\/s.01k8rhncp4jt1\/2026\/02\/img_1280x721uu2016-10-28-16-01-00-572587.jpg","datePublished":"2026-02-24T18:32:49+00:00","author":{"@id":"https:\/\/portaltela.pt\/#\/schema\/person\/c4278d4a6028830caff9ee44b42d32ed"},"breadcrumb":{"@id":"https:\/\/portaltela.pt\/noticias\/2026\/02\/24\/homem-detido-na-amadora-por-perseguicao-a-ex-companheira-e-falsidade-informatica\/#breadcrumb"},"inLanguage":"pt-PT","potentialAction":[{"@type":"ReadAction","target":["https:\/\/portaltela.pt\/noticias\/2026\/02\/24\/homem-detido-na-amadora-por-perseguicao-a-ex-companheira-e-falsidade-informatica\/"]}]},{"@type":"ImageObject","inLanguage":"pt-PT","@id":"https:\/\/portaltela.pt\/noticias\/2026\/02\/24\/homem-detido-na-amadora-por-perseguicao-a-ex-companheira-e-falsidade-informatica\/#primaryimage","url":"https:\/\/portaltela.pt\/s.01k8rhncp4jt1\/2026\/02\/img_1280x721uu2016-10-28-16-01-00-572587.jpg","contentUrl":"https:\/\/portaltela.pt\/s.01k8rhncp4jt1\/2026\/02\/img_1280x721uu2016-10-28-16-01-00-572587.jpg","width":796,"height":448,"caption":"Homem detido na Amadora por perseguir ex-companheira e por falsidade inform\u00e1tica"},{"@type":"BreadcrumbList","@id":"https:\/\/portaltela.pt\/noticias\/2026\/02\/24\/homem-detido-na-amadora-por-perseguicao-a-ex-companheira-e-falsidade-informatica\/#breadcrumb","itemListElement":[{"@type":"ListItem","position":1,"name":"In\u00edcio","item":"https:\/\/portaltela.pt\/"},{"@type":"ListItem","position":2,"name":"Homem detido na Amadora por persegui\u00e7\u00e3o \u00e0 ex-companheira e falsidade inform\u00e1tica"}]},{"@type":"WebSite","@id":"https:\/\/portaltela.pt\/#website","url":"https:\/\/portaltela.pt\/","name":"Portal Tela Portugal","description":"","potentialAction":[{"@type":"SearchAction","target":{"@type":"EntryPoint","urlTemplate":"https:\/\/portaltela.pt\/?s={search_term_string}"},"query-input":{"@type":"PropertyValueSpecification","valueRequired":true,"valueName":"search_term_string"}}],"inLanguage":"pt-PT"},{"@type":"Person","@id":"https:\/\/portaltela.pt\/#\/schema\/person\/c4278d4a6028830caff9ee44b42d32ed","name":"Telinha","image":{"@type":"ImageObject","inLanguage":"pt-PT","@id":"https:\/\/portaltela.pt\/s.01k8rhncp4jt1\/2025\/11\/talking-bot-125x125.png","url":"https:\/\/portaltela.pt\/s.01k8rhncp4jt1\/2025\/11\/talking-bot-125x125.png","contentUrl":"https:\/\/portaltela.pt\/s.01k8rhncp4jt1\/2025\/11\/talking-bot-125x125.png","caption":"Telinha"},"sameAs":["https:\/\/portaltela.pt\/"],"url":"https:\/\/portaltela.pt\/por\/367410592786\/"}]}},"_links":{"self":[{"href":"https:\/\/portaltela.pt\/api\/wp\/v2\/posts\/224732","targetHints":{"allow":["GET"]}}],"collection":[{"href":"https:\/\/portaltela.pt\/api\/wp\/v2\/posts"}],"about":[{"href":"https:\/\/portaltela.pt\/api\/wp\/v2\/types\/post"}],"author":[{"embeddable":true,"href":"https:\/\/portaltela.pt\/api\/wp\/v2\/users\/2"}],"replies":[{"embeddable":true,"href":"https:\/\/portaltela.pt\/api\/wp\/v2\/comments?post=224732"}],"version-history":[{"count":0,"href":"https:\/\/portaltela.pt\/api\/wp\/v2\/posts\/224732\/revisions"}],"wp:featuredmedia":[{"embeddable":true,"href":"https:\/\/portaltela.pt\/api\/wp\/v2\/media\/224738"}],"wp:attachment":[{"href":"https:\/\/portaltela.pt\/api\/wp\/v2\/media?parent=224732"}],"wp:term":[{"taxonomy":"category","embeddable":true,"href":"https:\/\/portaltela.pt\/api\/wp\/v2\/categories?post=224732"},{"taxonomy":"post_tag","embeddable":true,"href":"https:\/\/portaltela.pt\/api\/wp\/v2\/tags?post=224732"}],"curies":[{"name":"wp","href":"https:\/\/api.w.org\/{rel}","templated":true}]}}