{"id":224684,"date":"2026-02-24T14:53:00","date_gmt":"2026-02-24T17:53:00","guid":{"rendered":"https:\/\/portaltela.pt\/noticias\/2026\/02\/24\/governo-afirma-consenso-em-mais-de-30-artigos-do-pacote-laboral\/"},"modified":"2026-02-24T14:53:00","modified_gmt":"2026-02-24T17:53:00","slug":"governo-afirma-consenso-em-mais-de-30-artigos-do-pacote-laboral","status":"publish","type":"post","link":"https:\/\/portaltela.pt\/noticias\/2026\/02\/24\/governo-afirma-consenso-em-mais-de-30-artigos-do-pacote-laboral\/","title":{"rendered":"Governo afirma consenso em mais de 30 artigos do pacote laboral"},"content":{"rendered":"<p>O Governo afirma ter atingido consenso t\u00e9cnico em mais de tr\u00eas dezenas de artigos do pacote laboral, nas \u00e1reas da parentalidade, da intelig\u00eancia artificial e de novas tecnologias. A revela\u00e7\u00e3o foi feita pela ministra do Trabalho, Ros\u00e1rio Palma Ramalho, durante uma confer\u00eancia na Universidade Lus\u00edada do Porto.<\/p>\n<p>Segundo a governante, o avan\u00e7o ocorreu em reuni\u00f5es t\u00e9cnicas com parceiros sociais, mas ainda falta valida\u00e7\u00e3o pol\u00edtica por parte de todas as partes envolvidas, incluindo confedera\u00e7\u00f5es patronais, UGT e Governo. A ideia \u00e9 progredir no di\u00e1logo antes de avan\u00e7ar.<\/p>\n<p>O anteprojeto Trabalho XXI, apresentado em julho, prev\u00ea altera\u00e7\u00f5es em mais de uma centena de artigos do C\u00f3digo do Trabalho e de diplomas conexos. Entre os temas em debate est\u00e3o a parentalidade, o alargamento de contratos a prazo e o outsourcing ap\u00f3s despedimento coletivo.<\/p>\n<p>Na sequ\u00eancia, a ministra destacou o esfor\u00e7o de concerta\u00e7\u00e3o social, lembrando que j\u00e1 se passaram sete meses desde a apresenta\u00e7\u00e3o da proposta. Ao contr\u00e1rio da Agenda do Trabalho Digno, esta iniciativa privilegiou a negocia\u00e7\u00e3o com os parceiros.<\/p>\n<h3>Progresso e pr\u00f3ximos passos<\/h3>\n<p>As confedera\u00e7\u00f5es da ind\u00fastria, com\u00e9rcio e turismo manifestaram vontade de evoluir, mas admitiram estar longe de um acordo. A UGT reconheceu pontos de consenso, mas anunciou que na CPCS de 3 de mar\u00e7o n\u00e3o dever\u00e1 haver acordo.<\/p>\n<p>Os sindicalistas indicaram abertura para ajustar a proposta, desde que haja reciprocidade negocial. Um ponto-chave \u00e9 o outsourcing, que pode ter uma modula\u00e7\u00e3o da posi\u00e7\u00e3o do Governo, com poss\u00edvel redu\u00e7\u00e3o do per\u00edodo de impedimento atual de 12 meses.<\/p>\n<p>At\u00e9 ao momento, continua a ser discutida a possibilidade de definir crit\u00e9rios para o outsourcing e para a reclassifica\u00e7\u00e3o de determinadas modalidades de trabalho, com foco na prote\u00e7\u00e3o de trabalhadores e na estabilidade de modelos contratuais.<\/p>\n","protected":false},"excerpt":{"rendered":"<ul>\n<li>A ministra do Trabalho, Ros\u00e1rio Palma Ramalho, disse que h\u00e1 consenso t\u00e9cnico em mais de tr\u00eas dezenas de artigos do pacote laboral, especialmente sobre parentalidade, IA e novas tecnologias, mas que ainda falta valida\u00e7\u00e3o pol\u00edtica de partes envolvidas.<\/li>\n<li>O anteprojecto Trabalho XXI prev\u00ea mudan\u00e7as em mais de uma centena de artigos do C\u00f3digo do Trabalho e outros diplomas, com foco na parentalidade, contratos a prazo, outsourcing ap\u00f3s despedimento colectivo, banco de horas e reintegra\u00e7\u00e3o de trabalhadores.<\/li>\n<li>O Governo j\u00e1 reuniu-se com confedera\u00e7\u00f5es patronais e UGT e afirma manter o foco na concerta\u00e7\u00e3o social, embora reconhe\u00e7a que ainda n\u00e3o h\u00e1 acordo.<\/li>\n<li>A Comiss\u00e3o Permanente de Concerta\u00e7\u00e3o Social deve reunir-se a 3 de mar\u00e7o, e, na pr\u00e1tica, n\u00e3o se antev\u00ea um acordo naquele momento, segundo a UGT, que ainda n\u00e3o discutiu a sua proposta.<\/li>\n<li>Sobre outsourcing, a UGT admite modular a proposta do Governo, aceitando reduzir o per\u00edodo de impedimento ap\u00f3s despedimentos colectivos, com defini\u00e7\u00e3o de crit\u00e9rios para isso.<\/li>\n<\/ul>\n","protected":false},"author":2,"featured_media":224691,"comment_status":"closed","ping_status":"closed","sticky":false,"template":"","format":"standard","meta":{"footnotes":""},"categories":[1],"tags":[2431,6331,51,5463,1140,2201],"class_list":["post-224684","post","type-post","status-publish","format-standard","has-post-thumbnail","hentry","category-noticias","tag-concertacao-social","tag-condicoes-de-trabalho","tag-inteligencia-artificial","tag-outsourcing","tag-parentalidade","tag-trabalho"],"yoast_head":"<!-- This site is optimized with the Yoast SEO plugin v27.2 - https:\/\/yoast.com\/product\/yoast-seo-wordpress\/ -->\n<title>Governo afirma consenso em mais de 30 artigos do pacote laboral - Portal Tela Portugal<\/title>\n<meta name=\"robots\" content=\"index, follow, max-snippet:-1, max-image-preview:large, max-video-preview:-1\" \/>\n<meta property=\"og:locale\" content=\"pt_PT\" \/>\n<meta property=\"og:type\" content=\"article\" \/>\n<meta property=\"og:title\" content=\"Governo afirma consenso em mais de 30 artigos do pacote laboral - Portal Tela Portugal\" \/>\n<meta property=\"og:description\" content=\"A ministra do Trabalho, Ros\u00e1rio Palma Ramalho, disse que h\u00e1 consenso t\u00e9cnico em mais de tr\u00eas dezenas de artigos do pacote laboral, especialmente sobre parentalidade, IA e novas tecnologias, mas que ainda falta valida\u00e7\u00e3o pol\u00edtica de partes envolvidas. O anteprojecto Trabalho XXI prev\u00ea mudan\u00e7as em mais de uma centena de artigos do C\u00f3digo do Trabalho e outros diplomas, com foco na parentalidade, contratos a prazo, outsourcing ap\u00f3s despedimento colectivo, banco de horas e reintegra\u00e7\u00e3o de trabalhadores. O Governo j\u00e1 reuniu-se com confedera\u00e7\u00f5es patronais e UGT e afirma manter o foco na concerta\u00e7\u00e3o social, embora reconhe\u00e7a que ainda n\u00e3o h\u00e1 acordo. A Comiss\u00e3o Permanente de Concerta\u00e7\u00e3o Social deve reunir-se a 3 de mar\u00e7o, e, na pr\u00e1tica, n\u00e3o se antev\u00ea um acordo naquele momento, segundo a UGT, que ainda n\u00e3o discutiu a sua proposta. Sobre outsourcing, a UGT admite modular a proposta do Governo, aceitando reduzir o per\u00edodo de impedimento ap\u00f3s despedimentos colectivos, com defini\u00e7\u00e3o de crit\u00e9rios para isso.\" \/>\n<meta property=\"og:url\" content=\"https:\/\/portaltela.pt\/noticias\/2026\/02\/24\/governo-afirma-consenso-em-mais-de-30-artigos-do-pacote-laboral\/\" \/>\n<meta property=\"og:site_name\" content=\"Portal Tela Portugal\" \/>\n<meta property=\"article:published_time\" content=\"2026-02-24T17:53:00+00:00\" \/>\n<meta name=\"author\" content=\"Telinha\" \/>\n<meta name=\"twitter:card\" content=\"summary_large_image\" \/>\n<meta name=\"twitter:label1\" content=\"Escrito por\" \/>\n\t<meta name=\"twitter:data1\" content=\"Telinha\" \/>\n\t<meta name=\"twitter:label2\" content=\"Tempo estimado de leitura\" \/>\n\t<meta name=\"twitter:data2\" content=\"2 minutos\" \/>\n<script type=\"application\/ld+json\" class=\"yoast-schema-graph\">{\"@context\":\"https:\/\/schema.org\",\"@graph\":[{\"@type\":\"Article\",\"@id\":\"https:\/\/portaltela.pt\/noticias\/2026\/02\/24\/governo-afirma-consenso-em-mais-de-30-artigos-do-pacote-laboral\/#article\",\"isPartOf\":{\"@id\":\"https:\/\/portaltela.pt\/noticias\/2026\/02\/24\/governo-afirma-consenso-em-mais-de-30-artigos-do-pacote-laboral\/\"},\"author\":{\"name\":\"Telinha\",\"@id\":\"https:\/\/portaltela.pt\/#\/schema\/person\/c4278d4a6028830caff9ee44b42d32ed\"},\"headline\":\"Governo afirma consenso em mais de 30 artigos do pacote laboral\",\"datePublished\":\"2026-02-24T17:53:00+00:00\",\"mainEntityOfPage\":{\"@id\":\"https:\/\/portaltela.pt\/noticias\/2026\/02\/24\/governo-afirma-consenso-em-mais-de-30-artigos-do-pacote-laboral\/\"},\"wordCount\":327,\"image\":{\"@id\":\"https:\/\/portaltela.pt\/noticias\/2026\/02\/24\/governo-afirma-consenso-em-mais-de-30-artigos-do-pacote-laboral\/#primaryimage\"},\"thumbnailUrl\":\"https:\/\/portaltela.pt\/s.01k8rhncp4jt1\/2026\/02\/2069476.jpg\",\"keywords\":[\"Concerta\u00e7\u00e3o Social\",\"condi\u00e7\u00f5es de trabalho\",\"intelig\u00eancia artificial\",\"outsourcing\",\"parentalidade\",\"trabalho\"],\"articleSection\":[\"Not\u00edcias\"],\"inLanguage\":\"pt-PT\"},{\"@type\":\"WebPage\",\"@id\":\"https:\/\/portaltela.pt\/noticias\/2026\/02\/24\/governo-afirma-consenso-em-mais-de-30-artigos-do-pacote-laboral\/\",\"url\":\"https:\/\/portaltela.pt\/noticias\/2026\/02\/24\/governo-afirma-consenso-em-mais-de-30-artigos-do-pacote-laboral\/\",\"name\":\"Governo afirma consenso em mais de 30 artigos do pacote laboral - Portal Tela Portugal\",\"isPartOf\":{\"@id\":\"https:\/\/portaltela.pt\/#website\"},\"primaryImageOfPage\":{\"@id\":\"https:\/\/portaltela.pt\/noticias\/2026\/02\/24\/governo-afirma-consenso-em-mais-de-30-artigos-do-pacote-laboral\/#primaryimage\"},\"image\":{\"@id\":\"https:\/\/portaltela.pt\/noticias\/2026\/02\/24\/governo-afirma-consenso-em-mais-de-30-artigos-do-pacote-laboral\/#primaryimage\"},\"thumbnailUrl\":\"https:\/\/portaltela.pt\/s.01k8rhncp4jt1\/2026\/02\/2069476.jpg\",\"datePublished\":\"2026-02-24T17:53:00+00:00\",\"author\":{\"@id\":\"https:\/\/portaltela.pt\/#\/schema\/person\/c4278d4a6028830caff9ee44b42d32ed\"},\"breadcrumb\":{\"@id\":\"https:\/\/portaltela.pt\/noticias\/2026\/02\/24\/governo-afirma-consenso-em-mais-de-30-artigos-do-pacote-laboral\/#breadcrumb\"},\"inLanguage\":\"pt-PT\",\"potentialAction\":[{\"@type\":\"ReadAction\",\"target\":[\"https:\/\/portaltela.pt\/noticias\/2026\/02\/24\/governo-afirma-consenso-em-mais-de-30-artigos-do-pacote-laboral\/\"]}]},{\"@type\":\"ImageObject\",\"inLanguage\":\"pt-PT\",\"@id\":\"https:\/\/portaltela.pt\/noticias\/2026\/02\/24\/governo-afirma-consenso-em-mais-de-30-artigos-do-pacote-laboral\/#primaryimage\",\"url\":\"https:\/\/portaltela.pt\/s.01k8rhncp4jt1\/2026\/02\/2069476.jpg\",\"contentUrl\":\"https:\/\/portaltela.pt\/s.01k8rhncp4jt1\/2026\/02\/2069476.jpg\",\"width\":796,\"height\":448,\"caption\":\"Ministra do Trabalho, Solidariedade e Seguran\u00e7a Social, Ros\u00e1rio Palma Ramalho, participou numa confer\u00eancia sobre as mudan\u00e7as na lei laboral\"},{\"@type\":\"BreadcrumbList\",\"@id\":\"https:\/\/portaltela.pt\/noticias\/2026\/02\/24\/governo-afirma-consenso-em-mais-de-30-artigos-do-pacote-laboral\/#breadcrumb\",\"itemListElement\":[{\"@type\":\"ListItem\",\"position\":1,\"name\":\"In\u00edcio\",\"item\":\"https:\/\/portaltela.pt\/\"},{\"@type\":\"ListItem\",\"position\":2,\"name\":\"Governo afirma consenso em mais de 30 artigos do pacote laboral\"}]},{\"@type\":\"WebSite\",\"@id\":\"https:\/\/portaltela.pt\/#website\",\"url\":\"https:\/\/portaltela.pt\/\",\"name\":\"Portal Tela Portugal\",\"description\":\"\",\"potentialAction\":[{\"@type\":\"SearchAction\",\"target\":{\"@type\":\"EntryPoint\",\"urlTemplate\":\"https:\/\/portaltela.pt\/?s={search_term_string}\"},\"query-input\":{\"@type\":\"PropertyValueSpecification\",\"valueRequired\":true,\"valueName\":\"search_term_string\"}}],\"inLanguage\":\"pt-PT\"},{\"@type\":\"Person\",\"@id\":\"https:\/\/portaltela.pt\/#\/schema\/person\/c4278d4a6028830caff9ee44b42d32ed\",\"name\":\"Telinha\",\"image\":{\"@type\":\"ImageObject\",\"inLanguage\":\"pt-PT\",\"@id\":\"https:\/\/portaltela.pt\/s.01k8rhncp4jt1\/2025\/11\/talking-bot-125x125.png\",\"url\":\"https:\/\/portaltela.pt\/s.01k8rhncp4jt1\/2025\/11\/talking-bot-125x125.png\",\"contentUrl\":\"https:\/\/portaltela.pt\/s.01k8rhncp4jt1\/2025\/11\/talking-bot-125x125.png\",\"caption\":\"Telinha\"},\"sameAs\":[\"https:\/\/portaltela.pt\/\"],\"url\":\"https:\/\/portaltela.pt\/por\/367410592786\/\"}]}<\/script>\n<!-- \/ Yoast SEO plugin. -->","yoast_head_json":{"title":"Governo afirma consenso em mais de 30 artigos do pacote laboral - Portal Tela Portugal","robots":{"index":"index","follow":"follow","max-snippet":"max-snippet:-1","max-image-preview":"max-image-preview:large","max-video-preview":"max-video-preview:-1"},"og_locale":"pt_PT","og_type":"article","og_title":"Governo afirma consenso em mais de 30 artigos do pacote laboral - Portal Tela Portugal","og_description":"A ministra do Trabalho, Ros\u00e1rio Palma Ramalho, disse que h\u00e1 consenso t\u00e9cnico em mais de tr\u00eas dezenas de artigos do pacote laboral, especialmente sobre parentalidade, IA e novas tecnologias, mas que ainda falta valida\u00e7\u00e3o pol\u00edtica de partes envolvidas. O anteprojecto Trabalho XXI prev\u00ea mudan\u00e7as em mais de uma centena de artigos do C\u00f3digo do Trabalho e outros diplomas, com foco na parentalidade, contratos a prazo, outsourcing ap\u00f3s despedimento colectivo, banco de horas e reintegra\u00e7\u00e3o de trabalhadores. O Governo j\u00e1 reuniu-se com confedera\u00e7\u00f5es patronais e UGT e afirma manter o foco na concerta\u00e7\u00e3o social, embora reconhe\u00e7a que ainda n\u00e3o h\u00e1 acordo. A Comiss\u00e3o Permanente de Concerta\u00e7\u00e3o Social deve reunir-se a 3 de mar\u00e7o, e, na pr\u00e1tica, n\u00e3o se antev\u00ea um acordo naquele momento, segundo a UGT, que ainda n\u00e3o discutiu a sua proposta. Sobre outsourcing, a UGT admite modular a proposta do Governo, aceitando reduzir o per\u00edodo de impedimento ap\u00f3s despedimentos colectivos, com defini\u00e7\u00e3o de crit\u00e9rios para isso.","og_url":"https:\/\/portaltela.pt\/noticias\/2026\/02\/24\/governo-afirma-consenso-em-mais-de-30-artigos-do-pacote-laboral\/","og_site_name":"Portal Tela Portugal","article_published_time":"2026-02-24T17:53:00+00:00","author":"Telinha","twitter_card":"summary_large_image","twitter_misc":{"Escrito por":"Telinha","Tempo estimado de leitura":"2 minutos"},"schema":{"@context":"https:\/\/schema.org","@graph":[{"@type":"Article","@id":"https:\/\/portaltela.pt\/noticias\/2026\/02\/24\/governo-afirma-consenso-em-mais-de-30-artigos-do-pacote-laboral\/#article","isPartOf":{"@id":"https:\/\/portaltela.pt\/noticias\/2026\/02\/24\/governo-afirma-consenso-em-mais-de-30-artigos-do-pacote-laboral\/"},"author":{"name":"Telinha","@id":"https:\/\/portaltela.pt\/#\/schema\/person\/c4278d4a6028830caff9ee44b42d32ed"},"headline":"Governo afirma consenso em mais de 30 artigos do pacote laboral","datePublished":"2026-02-24T17:53:00+00:00","mainEntityOfPage":{"@id":"https:\/\/portaltela.pt\/noticias\/2026\/02\/24\/governo-afirma-consenso-em-mais-de-30-artigos-do-pacote-laboral\/"},"wordCount":327,"image":{"@id":"https:\/\/portaltela.pt\/noticias\/2026\/02\/24\/governo-afirma-consenso-em-mais-de-30-artigos-do-pacote-laboral\/#primaryimage"},"thumbnailUrl":"https:\/\/portaltela.pt\/s.01k8rhncp4jt1\/2026\/02\/2069476.jpg","keywords":["Concerta\u00e7\u00e3o Social","condi\u00e7\u00f5es de trabalho","intelig\u00eancia artificial","outsourcing","parentalidade","trabalho"],"articleSection":["Not\u00edcias"],"inLanguage":"pt-PT"},{"@type":"WebPage","@id":"https:\/\/portaltela.pt\/noticias\/2026\/02\/24\/governo-afirma-consenso-em-mais-de-30-artigos-do-pacote-laboral\/","url":"https:\/\/portaltela.pt\/noticias\/2026\/02\/24\/governo-afirma-consenso-em-mais-de-30-artigos-do-pacote-laboral\/","name":"Governo afirma consenso em mais de 30 artigos do pacote laboral - Portal Tela Portugal","isPartOf":{"@id":"https:\/\/portaltela.pt\/#website"},"primaryImageOfPage":{"@id":"https:\/\/portaltela.pt\/noticias\/2026\/02\/24\/governo-afirma-consenso-em-mais-de-30-artigos-do-pacote-laboral\/#primaryimage"},"image":{"@id":"https:\/\/portaltela.pt\/noticias\/2026\/02\/24\/governo-afirma-consenso-em-mais-de-30-artigos-do-pacote-laboral\/#primaryimage"},"thumbnailUrl":"https:\/\/portaltela.pt\/s.01k8rhncp4jt1\/2026\/02\/2069476.jpg","datePublished":"2026-02-24T17:53:00+00:00","author":{"@id":"https:\/\/portaltela.pt\/#\/schema\/person\/c4278d4a6028830caff9ee44b42d32ed"},"breadcrumb":{"@id":"https:\/\/portaltela.pt\/noticias\/2026\/02\/24\/governo-afirma-consenso-em-mais-de-30-artigos-do-pacote-laboral\/#breadcrumb"},"inLanguage":"pt-PT","potentialAction":[{"@type":"ReadAction","target":["https:\/\/portaltela.pt\/noticias\/2026\/02\/24\/governo-afirma-consenso-em-mais-de-30-artigos-do-pacote-laboral\/"]}]},{"@type":"ImageObject","inLanguage":"pt-PT","@id":"https:\/\/portaltela.pt\/noticias\/2026\/02\/24\/governo-afirma-consenso-em-mais-de-30-artigos-do-pacote-laboral\/#primaryimage","url":"https:\/\/portaltela.pt\/s.01k8rhncp4jt1\/2026\/02\/2069476.jpg","contentUrl":"https:\/\/portaltela.pt\/s.01k8rhncp4jt1\/2026\/02\/2069476.jpg","width":796,"height":448,"caption":"Ministra do Trabalho, Solidariedade e Seguran\u00e7a Social, Ros\u00e1rio Palma Ramalho, participou numa confer\u00eancia sobre as mudan\u00e7as na lei laboral"},{"@type":"BreadcrumbList","@id":"https:\/\/portaltela.pt\/noticias\/2026\/02\/24\/governo-afirma-consenso-em-mais-de-30-artigos-do-pacote-laboral\/#breadcrumb","itemListElement":[{"@type":"ListItem","position":1,"name":"In\u00edcio","item":"https:\/\/portaltela.pt\/"},{"@type":"ListItem","position":2,"name":"Governo afirma consenso em mais de 30 artigos do pacote laboral"}]},{"@type":"WebSite","@id":"https:\/\/portaltela.pt\/#website","url":"https:\/\/portaltela.pt\/","name":"Portal Tela Portugal","description":"","potentialAction":[{"@type":"SearchAction","target":{"@type":"EntryPoint","urlTemplate":"https:\/\/portaltela.pt\/?s={search_term_string}"},"query-input":{"@type":"PropertyValueSpecification","valueRequired":true,"valueName":"search_term_string"}}],"inLanguage":"pt-PT"},{"@type":"Person","@id":"https:\/\/portaltela.pt\/#\/schema\/person\/c4278d4a6028830caff9ee44b42d32ed","name":"Telinha","image":{"@type":"ImageObject","inLanguage":"pt-PT","@id":"https:\/\/portaltela.pt\/s.01k8rhncp4jt1\/2025\/11\/talking-bot-125x125.png","url":"https:\/\/portaltela.pt\/s.01k8rhncp4jt1\/2025\/11\/talking-bot-125x125.png","contentUrl":"https:\/\/portaltela.pt\/s.01k8rhncp4jt1\/2025\/11\/talking-bot-125x125.png","caption":"Telinha"},"sameAs":["https:\/\/portaltela.pt\/"],"url":"https:\/\/portaltela.pt\/por\/367410592786\/"}]}},"_links":{"self":[{"href":"https:\/\/portaltela.pt\/api\/wp\/v2\/posts\/224684","targetHints":{"allow":["GET"]}}],"collection":[{"href":"https:\/\/portaltela.pt\/api\/wp\/v2\/posts"}],"about":[{"href":"https:\/\/portaltela.pt\/api\/wp\/v2\/types\/post"}],"author":[{"embeddable":true,"href":"https:\/\/portaltela.pt\/api\/wp\/v2\/users\/2"}],"replies":[{"embeddable":true,"href":"https:\/\/portaltela.pt\/api\/wp\/v2\/comments?post=224684"}],"version-history":[{"count":0,"href":"https:\/\/portaltela.pt\/api\/wp\/v2\/posts\/224684\/revisions"}],"wp:featuredmedia":[{"embeddable":true,"href":"https:\/\/portaltela.pt\/api\/wp\/v2\/media\/224691"}],"wp:attachment":[{"href":"https:\/\/portaltela.pt\/api\/wp\/v2\/media?parent=224684"}],"wp:term":[{"taxonomy":"category","embeddable":true,"href":"https:\/\/portaltela.pt\/api\/wp\/v2\/categories?post=224684"},{"taxonomy":"post_tag","embeddable":true,"href":"https:\/\/portaltela.pt\/api\/wp\/v2\/tags?post=224684"}],"curies":[{"name":"wp","href":"https:\/\/api.w.org\/{rel}","templated":true}]}}