{"id":224676,"date":"2026-02-24T15:12:22","date_gmt":"2026-02-24T18:12:22","guid":{"rendered":"https:\/\/portaltela.pt\/noticias\/2026\/02\/24\/rui-bento-vasques-relata-ataque-com-tiros-e-carros-em-chamas-no-mexico\/"},"modified":"2026-02-24T15:12:22","modified_gmt":"2026-02-24T18:12:22","slug":"rui-bento-vasques-relata-ataque-com-tiros-e-carros-em-chamas-no-mexico","status":"publish","type":"post","link":"https:\/\/portaltela.pt\/noticias\/2026\/02\/24\/rui-bento-vasques-relata-ataque-com-tiros-e-carros-em-chamas-no-mexico\/","title":{"rendered":"Rui Bento Vasques relata ataque com tiros e carros em chamas no M\u00e9xico"},"content":{"rendered":"<p>O empres\u00e1rio taurom\u00e1quico portugu\u00eas Rui Bento Vasques viveu horas de terror no M\u00e9xico, ap\u00f3s a captura de Nemesio Oseguera Cervantes, conhecido como El Mencho, l\u00edder do cartel Jalisco Nueva Generaci\u00f3n (CJNG). A comitiva acompanhava o toureiro espanhol Daniel Luque, em Le\u00f3n, Guanajuato, quando come\u00e7ou a viol\u00eancia generalizada.<\/p>\n<p>O grupo tinha passado o s\u00e1bado, 21 de fevereiro, em Le\u00f3n, com uma corrida considerada bem-sucedida. Ao seguir viagem para Guadalajara, j\u00e1 no estado de Jalisco, foi avisado de tiroteios e da suspens\u00e3o prov\u00e1vel de eventos. O passeio transformou-se num recuo sob forte presen\u00e7a militar.<\/p>\n<p>A exposi\u00e7\u00e3o a confrontos intensos revelou-se quando regressavam para o hotel em Le\u00f3n. Estradas estavam a ser cortadas e ve\u00edculos incendiados; a equipa, encurralada, conseguiu retroceder com ajuda policial. O hotel tornou-se ref\u00fagio para o grupo, que viu servi\u00e7os reduzidos e a cidade em estado de alerta.<\/p>\n<p>Ao longo de domingo, o grupo acompanhou as not\u00edcias sobre Guadalajara, onde estradas continuavam cortadas e viaturas em chamas. O cen\u00e1rio descreve-se como extremo, com relatos de quase total interrup\u00e7\u00e3o de atividades p\u00fablicas na regi\u00e3o.<\/p>\n<p>O empres\u00e1rio aguarda o regresso \u00e0 Europa, com escala em Madrid antes de chegar a Lisboa. A experi\u00eancia fica marcada pela perce\u00e7\u00e3o de que a viol\u00eancia pode ultrapassar a fic\u00e7\u00e3o, numa situa\u00e7\u00e3o que descreveu como intensamente preocupante.<\/p>\n<p>A viagem ocorreu num contexto de tens\u00e3o regional, com opera\u00e7\u00f5es de seguran\u00e7a intensificadas. N\u00e3o foram divulgadas declara\u00e7\u00f5es oficiais adicionais, mantendo-se o foco na descri\u00e7\u00e3o factual dos acontecimentos vividos pela comitiva.<\/p>\n","protected":false},"excerpt":{"rendered":"<ul>\n<li>O empres\u00e1rio portugu\u00eas Rui Bento Vasques, gestor taurom\u00e1quico, acompanhava o toureiro espanhol Daniel Luque no M\u00e9xico.<\/li>\n<li>Ap\u00f3s a corrida em Le\u00f3n, Guanajuato, seguiram para Guadalajara; a cerca de 10 a 12 quil\u00f3metros da fronteira entre estados, foi emitido um alerta de tiroteios graves.<\/li>\n<li>Os espet\u00e1culos foram suspensos e o grupo procurou ref\u00fagio; tentaram regressar, encontrando uma cancela aberta que permitiu voltar para tr\u00e1s.<\/li>\n<li>Ao regressarem a Le\u00f3n, viram forte presen\u00e7a militar e opera\u00e7\u00f5es para bloquear estradas, com carros incendiados e a\u00e7\u00f5es de conten\u00e7\u00e3o na via.<\/li>\n<li>Ficaram alojados no hotel em Le\u00f3n, rodeados de relatos de sirenes e avisos de que civis deviam ficar em casa; aguardam o regresso \u00e0 Europa via Madrid\/Lisboa, com a experi\u00eancia marcada.<\/li>\n<\/ul>\n","protected":false},"author":2,"featured_media":224690,"comment_status":"closed","ping_status":"closed","sticky":false,"template":"","format":"standard","meta":{"footnotes":""},"categories":[1],"tags":[2936,2198,147,250,939],"class_list":["post-224676","post","type-post","status-publish","format-standard","has-post-thumbnail","hentry","category-noticias","tag-carteis-internacionais","tag-conflitos-internacionais","tag-crime","tag-seguranca-publica","tag-violencia"],"yoast_head":"<!-- This site is optimized with the Yoast SEO plugin v27.2 - https:\/\/yoast.com\/product\/yoast-seo-wordpress\/ -->\n<title>Rui Bento Vasques relata ataque com tiros e carros em chamas no M\u00e9xico - Portal Tela Portugal<\/title>\n<meta name=\"robots\" content=\"index, follow, max-snippet:-1, max-image-preview:large, max-video-preview:-1\" \/>\n<meta property=\"og:locale\" content=\"pt_PT\" \/>\n<meta property=\"og:type\" content=\"article\" \/>\n<meta property=\"og:title\" content=\"Rui Bento Vasques relata ataque com tiros e carros em chamas no M\u00e9xico - Portal Tela Portugal\" \/>\n<meta property=\"og:description\" content=\"O empres\u00e1rio portugu\u00eas Rui Bento Vasques, gestor taurom\u00e1quico, acompanhava o toureiro espanhol Daniel Luque no M\u00e9xico. Ap\u00f3s a corrida em Le\u00f3n, Guanajuato, seguiram para Guadalajara; a cerca de 10 a 12 quil\u00f3metros da fronteira entre estados, foi emitido um alerta de tiroteios graves. Os espet\u00e1culos foram suspensos e o grupo procurou ref\u00fagio; tentaram regressar, encontrando uma cancela aberta que permitiu voltar para tr\u00e1s. Ao regressarem a Le\u00f3n, viram forte presen\u00e7a militar e opera\u00e7\u00f5es para bloquear estradas, com carros incendiados e a\u00e7\u00f5es de conten\u00e7\u00e3o na via. Ficaram alojados no hotel em Le\u00f3n, rodeados de relatos de sirenes e avisos de que civis deviam ficar em casa; aguardam o regresso \u00e0 Europa via Madrid\/Lisboa, com a experi\u00eancia marcada.\" \/>\n<meta property=\"og:url\" content=\"https:\/\/portaltela.pt\/noticias\/2026\/02\/24\/rui-bento-vasques-relata-ataque-com-tiros-e-carros-em-chamas-no-mexico\/\" \/>\n<meta property=\"og:site_name\" content=\"Portal Tela Portugal\" \/>\n<meta property=\"article:published_time\" content=\"2026-02-24T18:12:22+00:00\" \/>\n<meta name=\"author\" content=\"Telinha\" \/>\n<meta name=\"twitter:card\" content=\"summary_large_image\" \/>\n<meta name=\"twitter:label1\" content=\"Escrito por\" \/>\n\t<meta name=\"twitter:data1\" content=\"Telinha\" \/>\n\t<meta name=\"twitter:label2\" content=\"Tempo estimado de leitura\" \/>\n\t<meta name=\"twitter:data2\" content=\"1 minuto\" \/>\n<script type=\"application\/ld+json\" class=\"yoast-schema-graph\">{\"@context\":\"https:\/\/schema.org\",\"@graph\":[{\"@type\":\"Article\",\"@id\":\"https:\/\/portaltela.pt\/noticias\/2026\/02\/24\/rui-bento-vasques-relata-ataque-com-tiros-e-carros-em-chamas-no-mexico\/#article\",\"isPartOf\":{\"@id\":\"https:\/\/portaltela.pt\/noticias\/2026\/02\/24\/rui-bento-vasques-relata-ataque-com-tiros-e-carros-em-chamas-no-mexico\/\"},\"author\":{\"name\":\"Telinha\",\"@id\":\"https:\/\/portaltela.pt\/#\/schema\/person\/c4278d4a6028830caff9ee44b42d32ed\"},\"headline\":\"Rui Bento Vasques relata ataque com tiros e carros em chamas no M\u00e9xico\",\"datePublished\":\"2026-02-24T18:12:22+00:00\",\"mainEntityOfPage\":{\"@id\":\"https:\/\/portaltela.pt\/noticias\/2026\/02\/24\/rui-bento-vasques-relata-ataque-com-tiros-e-carros-em-chamas-no-mexico\/\"},\"wordCount\":290,\"image\":{\"@id\":\"https:\/\/portaltela.pt\/noticias\/2026\/02\/24\/rui-bento-vasques-relata-ataque-com-tiros-e-carros-em-chamas-no-mexico\/#primaryimage\"},\"thumbnailUrl\":\"https:\/\/portaltela.pt\/s.01k8rhncp4jt1\/2026\/02\/img_1280x718uu2018-05-10-00-34-21-736176-im-639075458744321197.jpg\",\"keywords\":[\"cart\u00e9is internacionais\",\"conflitos internacionais\",\"crime\",\"seguran\u00e7a p\u00fablica\",\"viol\u00eancia\"],\"articleSection\":[\"Not\u00edcias\"],\"inLanguage\":\"pt-PT\"},{\"@type\":\"WebPage\",\"@id\":\"https:\/\/portaltela.pt\/noticias\/2026\/02\/24\/rui-bento-vasques-relata-ataque-com-tiros-e-carros-em-chamas-no-mexico\/\",\"url\":\"https:\/\/portaltela.pt\/noticias\/2026\/02\/24\/rui-bento-vasques-relata-ataque-com-tiros-e-carros-em-chamas-no-mexico\/\",\"name\":\"Rui Bento Vasques relata ataque com tiros e carros em chamas no M\u00e9xico - Portal Tela Portugal\",\"isPartOf\":{\"@id\":\"https:\/\/portaltela.pt\/#website\"},\"primaryImageOfPage\":{\"@id\":\"https:\/\/portaltela.pt\/noticias\/2026\/02\/24\/rui-bento-vasques-relata-ataque-com-tiros-e-carros-em-chamas-no-mexico\/#primaryimage\"},\"image\":{\"@id\":\"https:\/\/portaltela.pt\/noticias\/2026\/02\/24\/rui-bento-vasques-relata-ataque-com-tiros-e-carros-em-chamas-no-mexico\/#primaryimage\"},\"thumbnailUrl\":\"https:\/\/portaltela.pt\/s.01k8rhncp4jt1\/2026\/02\/img_1280x718uu2018-05-10-00-34-21-736176-im-639075458744321197.jpg\",\"datePublished\":\"2026-02-24T18:12:22+00:00\",\"author\":{\"@id\":\"https:\/\/portaltela.pt\/#\/schema\/person\/c4278d4a6028830caff9ee44b42d32ed\"},\"breadcrumb\":{\"@id\":\"https:\/\/portaltela.pt\/noticias\/2026\/02\/24\/rui-bento-vasques-relata-ataque-com-tiros-e-carros-em-chamas-no-mexico\/#breadcrumb\"},\"inLanguage\":\"pt-PT\",\"potentialAction\":[{\"@type\":\"ReadAction\",\"target\":[\"https:\/\/portaltela.pt\/noticias\/2026\/02\/24\/rui-bento-vasques-relata-ataque-com-tiros-e-carros-em-chamas-no-mexico\/\"]}]},{\"@type\":\"ImageObject\",\"inLanguage\":\"pt-PT\",\"@id\":\"https:\/\/portaltela.pt\/noticias\/2026\/02\/24\/rui-bento-vasques-relata-ataque-com-tiros-e-carros-em-chamas-no-mexico\/#primaryimage\",\"url\":\"https:\/\/portaltela.pt\/s.01k8rhncp4jt1\/2026\/02\/img_1280x718uu2018-05-10-00-34-21-736176-im-639075458744321197.jpg\",\"contentUrl\":\"https:\/\/portaltela.pt\/s.01k8rhncp4jt1\/2026\/02\/img_1280x718uu2018-05-10-00-34-21-736176-im-639075458744321197.jpg\",\"width\":796,\"height\":448,\"caption\":\"Rui Bento Vasques\"},{\"@type\":\"BreadcrumbList\",\"@id\":\"https:\/\/portaltela.pt\/noticias\/2026\/02\/24\/rui-bento-vasques-relata-ataque-com-tiros-e-carros-em-chamas-no-mexico\/#breadcrumb\",\"itemListElement\":[{\"@type\":\"ListItem\",\"position\":1,\"name\":\"In\u00edcio\",\"item\":\"https:\/\/portaltela.pt\/\"},{\"@type\":\"ListItem\",\"position\":2,\"name\":\"Rui Bento Vasques relata ataque com tiros e carros em chamas no M\u00e9xico\"}]},{\"@type\":\"WebSite\",\"@id\":\"https:\/\/portaltela.pt\/#website\",\"url\":\"https:\/\/portaltela.pt\/\",\"name\":\"Portal Tela Portugal\",\"description\":\"\",\"potentialAction\":[{\"@type\":\"SearchAction\",\"target\":{\"@type\":\"EntryPoint\",\"urlTemplate\":\"https:\/\/portaltela.pt\/?s={search_term_string}\"},\"query-input\":{\"@type\":\"PropertyValueSpecification\",\"valueRequired\":true,\"valueName\":\"search_term_string\"}}],\"inLanguage\":\"pt-PT\"},{\"@type\":\"Person\",\"@id\":\"https:\/\/portaltela.pt\/#\/schema\/person\/c4278d4a6028830caff9ee44b42d32ed\",\"name\":\"Telinha\",\"image\":{\"@type\":\"ImageObject\",\"inLanguage\":\"pt-PT\",\"@id\":\"https:\/\/portaltela.pt\/s.01k8rhncp4jt1\/2025\/11\/talking-bot-125x125.png\",\"url\":\"https:\/\/portaltela.pt\/s.01k8rhncp4jt1\/2025\/11\/talking-bot-125x125.png\",\"contentUrl\":\"https:\/\/portaltela.pt\/s.01k8rhncp4jt1\/2025\/11\/talking-bot-125x125.png\",\"caption\":\"Telinha\"},\"sameAs\":[\"https:\/\/portaltela.pt\/\"],\"url\":\"https:\/\/portaltela.pt\/por\/367410592786\/\"}]}<\/script>\n<!-- \/ Yoast SEO plugin. -->","yoast_head_json":{"title":"Rui Bento Vasques relata ataque com tiros e carros em chamas no M\u00e9xico - Portal Tela Portugal","robots":{"index":"index","follow":"follow","max-snippet":"max-snippet:-1","max-image-preview":"max-image-preview:large","max-video-preview":"max-video-preview:-1"},"og_locale":"pt_PT","og_type":"article","og_title":"Rui Bento Vasques relata ataque com tiros e carros em chamas no M\u00e9xico - Portal Tela Portugal","og_description":"O empres\u00e1rio portugu\u00eas Rui Bento Vasques, gestor taurom\u00e1quico, acompanhava o toureiro espanhol Daniel Luque no M\u00e9xico. Ap\u00f3s a corrida em Le\u00f3n, Guanajuato, seguiram para Guadalajara; a cerca de 10 a 12 quil\u00f3metros da fronteira entre estados, foi emitido um alerta de tiroteios graves. Os espet\u00e1culos foram suspensos e o grupo procurou ref\u00fagio; tentaram regressar, encontrando uma cancela aberta que permitiu voltar para tr\u00e1s. Ao regressarem a Le\u00f3n, viram forte presen\u00e7a militar e opera\u00e7\u00f5es para bloquear estradas, com carros incendiados e a\u00e7\u00f5es de conten\u00e7\u00e3o na via. Ficaram alojados no hotel em Le\u00f3n, rodeados de relatos de sirenes e avisos de que civis deviam ficar em casa; aguardam o regresso \u00e0 Europa via Madrid\/Lisboa, com a experi\u00eancia marcada.","og_url":"https:\/\/portaltela.pt\/noticias\/2026\/02\/24\/rui-bento-vasques-relata-ataque-com-tiros-e-carros-em-chamas-no-mexico\/","og_site_name":"Portal Tela Portugal","article_published_time":"2026-02-24T18:12:22+00:00","author":"Telinha","twitter_card":"summary_large_image","twitter_misc":{"Escrito por":"Telinha","Tempo estimado de leitura":"1 minuto"},"schema":{"@context":"https:\/\/schema.org","@graph":[{"@type":"Article","@id":"https:\/\/portaltela.pt\/noticias\/2026\/02\/24\/rui-bento-vasques-relata-ataque-com-tiros-e-carros-em-chamas-no-mexico\/#article","isPartOf":{"@id":"https:\/\/portaltela.pt\/noticias\/2026\/02\/24\/rui-bento-vasques-relata-ataque-com-tiros-e-carros-em-chamas-no-mexico\/"},"author":{"name":"Telinha","@id":"https:\/\/portaltela.pt\/#\/schema\/person\/c4278d4a6028830caff9ee44b42d32ed"},"headline":"Rui Bento Vasques relata ataque com tiros e carros em chamas no M\u00e9xico","datePublished":"2026-02-24T18:12:22+00:00","mainEntityOfPage":{"@id":"https:\/\/portaltela.pt\/noticias\/2026\/02\/24\/rui-bento-vasques-relata-ataque-com-tiros-e-carros-em-chamas-no-mexico\/"},"wordCount":290,"image":{"@id":"https:\/\/portaltela.pt\/noticias\/2026\/02\/24\/rui-bento-vasques-relata-ataque-com-tiros-e-carros-em-chamas-no-mexico\/#primaryimage"},"thumbnailUrl":"https:\/\/portaltela.pt\/s.01k8rhncp4jt1\/2026\/02\/img_1280x718uu2018-05-10-00-34-21-736176-im-639075458744321197.jpg","keywords":["cart\u00e9is internacionais","conflitos internacionais","crime","seguran\u00e7a p\u00fablica","viol\u00eancia"],"articleSection":["Not\u00edcias"],"inLanguage":"pt-PT"},{"@type":"WebPage","@id":"https:\/\/portaltela.pt\/noticias\/2026\/02\/24\/rui-bento-vasques-relata-ataque-com-tiros-e-carros-em-chamas-no-mexico\/","url":"https:\/\/portaltela.pt\/noticias\/2026\/02\/24\/rui-bento-vasques-relata-ataque-com-tiros-e-carros-em-chamas-no-mexico\/","name":"Rui Bento Vasques relata ataque com tiros e carros em chamas no M\u00e9xico - Portal Tela Portugal","isPartOf":{"@id":"https:\/\/portaltela.pt\/#website"},"primaryImageOfPage":{"@id":"https:\/\/portaltela.pt\/noticias\/2026\/02\/24\/rui-bento-vasques-relata-ataque-com-tiros-e-carros-em-chamas-no-mexico\/#primaryimage"},"image":{"@id":"https:\/\/portaltela.pt\/noticias\/2026\/02\/24\/rui-bento-vasques-relata-ataque-com-tiros-e-carros-em-chamas-no-mexico\/#primaryimage"},"thumbnailUrl":"https:\/\/portaltela.pt\/s.01k8rhncp4jt1\/2026\/02\/img_1280x718uu2018-05-10-00-34-21-736176-im-639075458744321197.jpg","datePublished":"2026-02-24T18:12:22+00:00","author":{"@id":"https:\/\/portaltela.pt\/#\/schema\/person\/c4278d4a6028830caff9ee44b42d32ed"},"breadcrumb":{"@id":"https:\/\/portaltela.pt\/noticias\/2026\/02\/24\/rui-bento-vasques-relata-ataque-com-tiros-e-carros-em-chamas-no-mexico\/#breadcrumb"},"inLanguage":"pt-PT","potentialAction":[{"@type":"ReadAction","target":["https:\/\/portaltela.pt\/noticias\/2026\/02\/24\/rui-bento-vasques-relata-ataque-com-tiros-e-carros-em-chamas-no-mexico\/"]}]},{"@type":"ImageObject","inLanguage":"pt-PT","@id":"https:\/\/portaltela.pt\/noticias\/2026\/02\/24\/rui-bento-vasques-relata-ataque-com-tiros-e-carros-em-chamas-no-mexico\/#primaryimage","url":"https:\/\/portaltela.pt\/s.01k8rhncp4jt1\/2026\/02\/img_1280x718uu2018-05-10-00-34-21-736176-im-639075458744321197.jpg","contentUrl":"https:\/\/portaltela.pt\/s.01k8rhncp4jt1\/2026\/02\/img_1280x718uu2018-05-10-00-34-21-736176-im-639075458744321197.jpg","width":796,"height":448,"caption":"Rui Bento Vasques"},{"@type":"BreadcrumbList","@id":"https:\/\/portaltela.pt\/noticias\/2026\/02\/24\/rui-bento-vasques-relata-ataque-com-tiros-e-carros-em-chamas-no-mexico\/#breadcrumb","itemListElement":[{"@type":"ListItem","position":1,"name":"In\u00edcio","item":"https:\/\/portaltela.pt\/"},{"@type":"ListItem","position":2,"name":"Rui Bento Vasques relata ataque com tiros e carros em chamas no M\u00e9xico"}]},{"@type":"WebSite","@id":"https:\/\/portaltela.pt\/#website","url":"https:\/\/portaltela.pt\/","name":"Portal Tela Portugal","description":"","potentialAction":[{"@type":"SearchAction","target":{"@type":"EntryPoint","urlTemplate":"https:\/\/portaltela.pt\/?s={search_term_string}"},"query-input":{"@type":"PropertyValueSpecification","valueRequired":true,"valueName":"search_term_string"}}],"inLanguage":"pt-PT"},{"@type":"Person","@id":"https:\/\/portaltela.pt\/#\/schema\/person\/c4278d4a6028830caff9ee44b42d32ed","name":"Telinha","image":{"@type":"ImageObject","inLanguage":"pt-PT","@id":"https:\/\/portaltela.pt\/s.01k8rhncp4jt1\/2025\/11\/talking-bot-125x125.png","url":"https:\/\/portaltela.pt\/s.01k8rhncp4jt1\/2025\/11\/talking-bot-125x125.png","contentUrl":"https:\/\/portaltela.pt\/s.01k8rhncp4jt1\/2025\/11\/talking-bot-125x125.png","caption":"Telinha"},"sameAs":["https:\/\/portaltela.pt\/"],"url":"https:\/\/portaltela.pt\/por\/367410592786\/"}]}},"_links":{"self":[{"href":"https:\/\/portaltela.pt\/api\/wp\/v2\/posts\/224676","targetHints":{"allow":["GET"]}}],"collection":[{"href":"https:\/\/portaltela.pt\/api\/wp\/v2\/posts"}],"about":[{"href":"https:\/\/portaltela.pt\/api\/wp\/v2\/types\/post"}],"author":[{"embeddable":true,"href":"https:\/\/portaltela.pt\/api\/wp\/v2\/users\/2"}],"replies":[{"embeddable":true,"href":"https:\/\/portaltela.pt\/api\/wp\/v2\/comments?post=224676"}],"version-history":[{"count":0,"href":"https:\/\/portaltela.pt\/api\/wp\/v2\/posts\/224676\/revisions"}],"wp:featuredmedia":[{"embeddable":true,"href":"https:\/\/portaltela.pt\/api\/wp\/v2\/media\/224690"}],"wp:attachment":[{"href":"https:\/\/portaltela.pt\/api\/wp\/v2\/media?parent=224676"}],"wp:term":[{"taxonomy":"category","embeddable":true,"href":"https:\/\/portaltela.pt\/api\/wp\/v2\/categories?post=224676"},{"taxonomy":"post_tag","embeddable":true,"href":"https:\/\/portaltela.pt\/api\/wp\/v2\/tags?post=224676"}],"curies":[{"name":"wp","href":"https:\/\/api.w.org\/{rel}","templated":true}]}}