{"id":224673,"date":"2026-02-24T15:04:00","date_gmt":"2026-02-24T18:04:00","guid":{"rendered":"https:\/\/portaltela.pt\/noticias\/2026\/02\/24\/luis-godinho-apita-crystal-palace-e-zrinjski-na-liga-conferencia\/"},"modified":"2026-02-24T15:04:00","modified_gmt":"2026-02-24T18:04:00","slug":"luis-godinho-apita-crystal-palace-e-zrinjski-na-liga-conferencia","status":"publish","type":"post","link":"https:\/\/portaltela.pt\/desporto\/futebol\/2026\/02\/24\/luis-godinho-apita-crystal-palace-e-zrinjski-na-liga-conferencia\/","title":{"rendered":"Lu\u00eds Godinho apita Crystal Palace e Zrinjski na Liga Confer\u00eancia"},"content":{"rendered":"<p>O \u00e1rbitro portugu\u00eas Lu\u00eds Godinho vai dirigir o jogo do play-off de acesso aos oitavos de final da Liga Confern\u00e7a entre Crystal Palace e H\u0160K Zrinjski Mostar. A partida realiza-se em Londres, este quinta-feira, a contar para a fase de eliminat\u00f3rias.<\/p>\n<p>Segundo a UEFA, Godinho ser\u00e1 o \u00e1rbitro principal, com Pedro Mota e Rui Teixeira como assistentes. F\u00e1bio Ver\u00edssimo desempenha o papel de quarto \u00e1rbitro, Andr\u00e9 Narciso \u00e9 o VAR e Bruno Esteves o AVAR.<\/p>\n<p>Este ano, Godinho j\u00e1 orientou um encontro europeu, entre Fenerbah\u00e7e e Aston Villa, a 22 de janeiro, numa jornada da fase de grupos da Liga Europa.<\/p>\n","protected":false},"excerpt":{"rendered":"<ul>\n<li>A UEFA nomeou uma equipa de arbitragem portuguesa para dirigir o jogo de play-off da Liga Confer\u00eancia entre Crystal Palace FC (Inglaterra) e H\u0160K Zrinjski Mostar (B\u00f3snia e Herzegovina), em Londres, esta quinta-feira.<\/li>\n<li>O \u00e1rbitro escolhido \u00e9 Lu\u00eds Godinho, de 40 anos, natural de \u00c9vora.<\/li>\n<li>Os assistentes s\u00e3o Pedro Mota e Rui Teixeira.<\/li>\n<li>O quarto \u00e1rbitro \u00e9 F\u00e1bio Ver\u00edssimo, o VAR fica a cargo de Andr\u00e9 Narciso e o AVAR \u00e9 Bruno Esteves.<\/li>\n<li>Este \u00e9 o segundo jogo europeu deste ano para Godinho, ap\u00f3s ter dirigido Fenerbah\u00e7e vs Aston Villa a 22 de janeiro, para a Liga Europa.<\/li>\n<\/ul>\n","protected":false},"author":2,"featured_media":224683,"comment_status":"closed","ping_status":"closed","sticky":false,"template":"","format":"standard","meta":{"footnotes":""},"categories":[21,24],"tags":[1289,1336,2840,32,3338,1182],"class_list":["post-224673","post","type-post","status-publish","format-standard","has-post-thumbnail","hentry","category-desporto","category-futebol","tag-arbitragem","tag-arbitro","tag-crystal-palace","tag-futebol","tag-futebol-internacional","tag-liga-conferencia"],"yoast_head":"<!-- This site is optimized with the Yoast SEO plugin v27.2 - https:\/\/yoast.com\/product\/yoast-seo-wordpress\/ -->\n<title>Lu\u00eds Godinho apita Crystal Palace e Zrinjski na Liga Confer\u00eancia - Portal Tela Portugal<\/title>\n<meta name=\"robots\" content=\"index, follow, max-snippet:-1, max-image-preview:large, max-video-preview:-1\" \/>\n<meta property=\"og:locale\" content=\"pt_PT\" \/>\n<meta property=\"og:type\" content=\"article\" \/>\n<meta property=\"og:title\" content=\"Lu\u00eds Godinho apita Crystal Palace e Zrinjski na Liga Confer\u00eancia - Portal Tela Portugal\" \/>\n<meta property=\"og:description\" content=\"A UEFA nomeou uma equipa de arbitragem portuguesa para dirigir o jogo de play-off da Liga Confer\u00eancia entre Crystal Palace FC (Inglaterra) e H\u0160K Zrinjski Mostar (B\u00f3snia e Herzegovina), em Londres, esta quinta-feira. O \u00e1rbitro escolhido \u00e9 Lu\u00eds Godinho, de 40 anos, natural de \u00c9vora. Os assistentes s\u00e3o Pedro Mota e Rui Teixeira. O quarto \u00e1rbitro \u00e9 F\u00e1bio Ver\u00edssimo, o VAR fica a cargo de Andr\u00e9 Narciso e o AVAR \u00e9 Bruno Esteves. Este \u00e9 o segundo jogo europeu deste ano para Godinho, ap\u00f3s ter dirigido Fenerbah\u00e7e vs Aston Villa a 22 de janeiro, para a Liga Europa.\" \/>\n<meta property=\"og:url\" content=\"https:\/\/portaltela.pt\/noticias\/2026\/02\/24\/luis-godinho-apita-crystal-palace-e-zrinjski-na-liga-conferencia\/\" \/>\n<meta property=\"og:site_name\" content=\"Portal Tela Portugal\" \/>\n<meta property=\"article:published_time\" content=\"2026-02-24T18:04:00+00:00\" \/>\n<meta name=\"author\" content=\"Telinha\" \/>\n<meta name=\"twitter:card\" content=\"summary_large_image\" \/>\n<meta name=\"twitter:label1\" content=\"Escrito por\" \/>\n\t<meta name=\"twitter:data1\" content=\"Telinha\" \/>\n\t<meta name=\"twitter:label2\" content=\"Tempo estimado de leitura\" \/>\n\t<meta name=\"twitter:data2\" content=\"1 minuto\" \/>\n<script type=\"application\/ld+json\" class=\"yoast-schema-graph\">{\"@context\":\"https:\/\/schema.org\",\"@graph\":[{\"@type\":\"Article\",\"@id\":\"https:\/\/portaltela.pt\/noticias\/2026\/02\/24\/luis-godinho-apita-crystal-palace-e-zrinjski-na-liga-conferencia\/#article\",\"isPartOf\":{\"@id\":\"https:\/\/portaltela.pt\/noticias\/2026\/02\/24\/luis-godinho-apita-crystal-palace-e-zrinjski-na-liga-conferencia\/\"},\"author\":{\"name\":\"Telinha\",\"@id\":\"https:\/\/portaltela.pt\/#\/schema\/person\/c4278d4a6028830caff9ee44b42d32ed\"},\"headline\":\"Lu\u00eds Godinho apita Crystal Palace e Zrinjski na Liga Confer\u00eancia\",\"datePublished\":\"2026-02-24T18:04:00+00:00\",\"mainEntityOfPage\":{\"@id\":\"https:\/\/portaltela.pt\/noticias\/2026\/02\/24\/luis-godinho-apita-crystal-palace-e-zrinjski-na-liga-conferencia\/\"},\"wordCount\":119,\"image\":{\"@id\":\"https:\/\/portaltela.pt\/noticias\/2026\/02\/24\/luis-godinho-apita-crystal-palace-e-zrinjski-na-liga-conferencia\/#primaryimage\"},\"thumbnailUrl\":\"https:\/\/portaltela.pt\/s.01k8rhncp4jt1\/2026\/02\/image-1789.jpg\",\"keywords\":[\"arbitragem\",\"\u00e1rbitro\",\"Crystal Palace\",\"futebol\",\"futebol internacional\",\"Liga Confer\u00eancia\"],\"articleSection\":[\"Desporto\",\"Futebol\"],\"inLanguage\":\"pt-PT\"},{\"@type\":\"WebPage\",\"@id\":\"https:\/\/portaltela.pt\/noticias\/2026\/02\/24\/luis-godinho-apita-crystal-palace-e-zrinjski-na-liga-conferencia\/\",\"url\":\"https:\/\/portaltela.pt\/noticias\/2026\/02\/24\/luis-godinho-apita-crystal-palace-e-zrinjski-na-liga-conferencia\/\",\"name\":\"Lu\u00eds Godinho apita Crystal Palace e Zrinjski na Liga Confer\u00eancia - Portal Tela Portugal\",\"isPartOf\":{\"@id\":\"https:\/\/portaltela.pt\/#website\"},\"primaryImageOfPage\":{\"@id\":\"https:\/\/portaltela.pt\/noticias\/2026\/02\/24\/luis-godinho-apita-crystal-palace-e-zrinjski-na-liga-conferencia\/#primaryimage\"},\"image\":{\"@id\":\"https:\/\/portaltela.pt\/noticias\/2026\/02\/24\/luis-godinho-apita-crystal-palace-e-zrinjski-na-liga-conferencia\/#primaryimage\"},\"thumbnailUrl\":\"https:\/\/portaltela.pt\/s.01k8rhncp4jt1\/2026\/02\/image-1789.jpg\",\"datePublished\":\"2026-02-24T18:04:00+00:00\",\"author\":{\"@id\":\"https:\/\/portaltela.pt\/#\/schema\/person\/c4278d4a6028830caff9ee44b42d32ed\"},\"breadcrumb\":{\"@id\":\"https:\/\/portaltela.pt\/noticias\/2026\/02\/24\/luis-godinho-apita-crystal-palace-e-zrinjski-na-liga-conferencia\/#breadcrumb\"},\"inLanguage\":\"pt-PT\",\"potentialAction\":[{\"@type\":\"ReadAction\",\"target\":[\"https:\/\/portaltela.pt\/noticias\/2026\/02\/24\/luis-godinho-apita-crystal-palace-e-zrinjski-na-liga-conferencia\/\"]}]},{\"@type\":\"ImageObject\",\"inLanguage\":\"pt-PT\",\"@id\":\"https:\/\/portaltela.pt\/noticias\/2026\/02\/24\/luis-godinho-apita-crystal-palace-e-zrinjski-na-liga-conferencia\/#primaryimage\",\"url\":\"https:\/\/portaltela.pt\/s.01k8rhncp4jt1\/2026\/02\/image-1789.jpg\",\"contentUrl\":\"https:\/\/portaltela.pt\/s.01k8rhncp4jt1\/2026\/02\/image-1789.jpg\",\"width\":796,\"height\":448,\"caption\":\"Lu\u00eds Godinho vai chefiar o segundo jogo europeu deste ano\"},{\"@type\":\"BreadcrumbList\",\"@id\":\"https:\/\/portaltela.pt\/noticias\/2026\/02\/24\/luis-godinho-apita-crystal-palace-e-zrinjski-na-liga-conferencia\/#breadcrumb\",\"itemListElement\":[{\"@type\":\"ListItem\",\"position\":1,\"name\":\"In\u00edcio\",\"item\":\"https:\/\/portaltela.pt\/\"},{\"@type\":\"ListItem\",\"position\":2,\"name\":\"Lu\u00eds Godinho apita Crystal Palace e Zrinjski na Liga Confer\u00eancia\"}]},{\"@type\":\"WebSite\",\"@id\":\"https:\/\/portaltela.pt\/#website\",\"url\":\"https:\/\/portaltela.pt\/\",\"name\":\"Portal Tela Portugal\",\"description\":\"\",\"potentialAction\":[{\"@type\":\"SearchAction\",\"target\":{\"@type\":\"EntryPoint\",\"urlTemplate\":\"https:\/\/portaltela.pt\/?s={search_term_string}\"},\"query-input\":{\"@type\":\"PropertyValueSpecification\",\"valueRequired\":true,\"valueName\":\"search_term_string\"}}],\"inLanguage\":\"pt-PT\"},{\"@type\":\"Person\",\"@id\":\"https:\/\/portaltela.pt\/#\/schema\/person\/c4278d4a6028830caff9ee44b42d32ed\",\"name\":\"Telinha\",\"image\":{\"@type\":\"ImageObject\",\"inLanguage\":\"pt-PT\",\"@id\":\"https:\/\/portaltela.pt\/s.01k8rhncp4jt1\/2025\/11\/talking-bot-125x125.png\",\"url\":\"https:\/\/portaltela.pt\/s.01k8rhncp4jt1\/2025\/11\/talking-bot-125x125.png\",\"contentUrl\":\"https:\/\/portaltela.pt\/s.01k8rhncp4jt1\/2025\/11\/talking-bot-125x125.png\",\"caption\":\"Telinha\"},\"sameAs\":[\"https:\/\/portaltela.pt\/\"],\"url\":\"https:\/\/portaltela.pt\/por\/367410592786\/\"}]}<\/script>\n<!-- \/ Yoast SEO plugin. -->","yoast_head_json":{"title":"Lu\u00eds Godinho apita Crystal Palace e Zrinjski na Liga Confer\u00eancia - Portal Tela Portugal","robots":{"index":"index","follow":"follow","max-snippet":"max-snippet:-1","max-image-preview":"max-image-preview:large","max-video-preview":"max-video-preview:-1"},"og_locale":"pt_PT","og_type":"article","og_title":"Lu\u00eds Godinho apita Crystal Palace e Zrinjski na Liga Confer\u00eancia - Portal Tela Portugal","og_description":"A UEFA nomeou uma equipa de arbitragem portuguesa para dirigir o jogo de play-off da Liga Confer\u00eancia entre Crystal Palace FC (Inglaterra) e H\u0160K Zrinjski Mostar (B\u00f3snia e Herzegovina), em Londres, esta quinta-feira. O \u00e1rbitro escolhido \u00e9 Lu\u00eds Godinho, de 40 anos, natural de \u00c9vora. Os assistentes s\u00e3o Pedro Mota e Rui Teixeira. O quarto \u00e1rbitro \u00e9 F\u00e1bio Ver\u00edssimo, o VAR fica a cargo de Andr\u00e9 Narciso e o AVAR \u00e9 Bruno Esteves. Este \u00e9 o segundo jogo europeu deste ano para Godinho, ap\u00f3s ter dirigido Fenerbah\u00e7e vs Aston Villa a 22 de janeiro, para a Liga Europa.","og_url":"https:\/\/portaltela.pt\/noticias\/2026\/02\/24\/luis-godinho-apita-crystal-palace-e-zrinjski-na-liga-conferencia\/","og_site_name":"Portal Tela Portugal","article_published_time":"2026-02-24T18:04:00+00:00","author":"Telinha","twitter_card":"summary_large_image","twitter_misc":{"Escrito por":"Telinha","Tempo estimado de leitura":"1 minuto"},"schema":{"@context":"https:\/\/schema.org","@graph":[{"@type":"Article","@id":"https:\/\/portaltela.pt\/noticias\/2026\/02\/24\/luis-godinho-apita-crystal-palace-e-zrinjski-na-liga-conferencia\/#article","isPartOf":{"@id":"https:\/\/portaltela.pt\/noticias\/2026\/02\/24\/luis-godinho-apita-crystal-palace-e-zrinjski-na-liga-conferencia\/"},"author":{"name":"Telinha","@id":"https:\/\/portaltela.pt\/#\/schema\/person\/c4278d4a6028830caff9ee44b42d32ed"},"headline":"Lu\u00eds Godinho apita Crystal Palace e Zrinjski na Liga Confer\u00eancia","datePublished":"2026-02-24T18:04:00+00:00","mainEntityOfPage":{"@id":"https:\/\/portaltela.pt\/noticias\/2026\/02\/24\/luis-godinho-apita-crystal-palace-e-zrinjski-na-liga-conferencia\/"},"wordCount":119,"image":{"@id":"https:\/\/portaltela.pt\/noticias\/2026\/02\/24\/luis-godinho-apita-crystal-palace-e-zrinjski-na-liga-conferencia\/#primaryimage"},"thumbnailUrl":"https:\/\/portaltela.pt\/s.01k8rhncp4jt1\/2026\/02\/image-1789.jpg","keywords":["arbitragem","\u00e1rbitro","Crystal Palace","futebol","futebol internacional","Liga Confer\u00eancia"],"articleSection":["Desporto","Futebol"],"inLanguage":"pt-PT"},{"@type":"WebPage","@id":"https:\/\/portaltela.pt\/noticias\/2026\/02\/24\/luis-godinho-apita-crystal-palace-e-zrinjski-na-liga-conferencia\/","url":"https:\/\/portaltela.pt\/noticias\/2026\/02\/24\/luis-godinho-apita-crystal-palace-e-zrinjski-na-liga-conferencia\/","name":"Lu\u00eds Godinho apita Crystal Palace e Zrinjski na Liga Confer\u00eancia - Portal Tela Portugal","isPartOf":{"@id":"https:\/\/portaltela.pt\/#website"},"primaryImageOfPage":{"@id":"https:\/\/portaltela.pt\/noticias\/2026\/02\/24\/luis-godinho-apita-crystal-palace-e-zrinjski-na-liga-conferencia\/#primaryimage"},"image":{"@id":"https:\/\/portaltela.pt\/noticias\/2026\/02\/24\/luis-godinho-apita-crystal-palace-e-zrinjski-na-liga-conferencia\/#primaryimage"},"thumbnailUrl":"https:\/\/portaltela.pt\/s.01k8rhncp4jt1\/2026\/02\/image-1789.jpg","datePublished":"2026-02-24T18:04:00+00:00","author":{"@id":"https:\/\/portaltela.pt\/#\/schema\/person\/c4278d4a6028830caff9ee44b42d32ed"},"breadcrumb":{"@id":"https:\/\/portaltela.pt\/noticias\/2026\/02\/24\/luis-godinho-apita-crystal-palace-e-zrinjski-na-liga-conferencia\/#breadcrumb"},"inLanguage":"pt-PT","potentialAction":[{"@type":"ReadAction","target":["https:\/\/portaltela.pt\/noticias\/2026\/02\/24\/luis-godinho-apita-crystal-palace-e-zrinjski-na-liga-conferencia\/"]}]},{"@type":"ImageObject","inLanguage":"pt-PT","@id":"https:\/\/portaltela.pt\/noticias\/2026\/02\/24\/luis-godinho-apita-crystal-palace-e-zrinjski-na-liga-conferencia\/#primaryimage","url":"https:\/\/portaltela.pt\/s.01k8rhncp4jt1\/2026\/02\/image-1789.jpg","contentUrl":"https:\/\/portaltela.pt\/s.01k8rhncp4jt1\/2026\/02\/image-1789.jpg","width":796,"height":448,"caption":"Lu\u00eds Godinho vai chefiar o segundo jogo europeu deste ano"},{"@type":"BreadcrumbList","@id":"https:\/\/portaltela.pt\/noticias\/2026\/02\/24\/luis-godinho-apita-crystal-palace-e-zrinjski-na-liga-conferencia\/#breadcrumb","itemListElement":[{"@type":"ListItem","position":1,"name":"In\u00edcio","item":"https:\/\/portaltela.pt\/"},{"@type":"ListItem","position":2,"name":"Lu\u00eds Godinho apita Crystal Palace e Zrinjski na Liga Confer\u00eancia"}]},{"@type":"WebSite","@id":"https:\/\/portaltela.pt\/#website","url":"https:\/\/portaltela.pt\/","name":"Portal Tela Portugal","description":"","potentialAction":[{"@type":"SearchAction","target":{"@type":"EntryPoint","urlTemplate":"https:\/\/portaltela.pt\/?s={search_term_string}"},"query-input":{"@type":"PropertyValueSpecification","valueRequired":true,"valueName":"search_term_string"}}],"inLanguage":"pt-PT"},{"@type":"Person","@id":"https:\/\/portaltela.pt\/#\/schema\/person\/c4278d4a6028830caff9ee44b42d32ed","name":"Telinha","image":{"@type":"ImageObject","inLanguage":"pt-PT","@id":"https:\/\/portaltela.pt\/s.01k8rhncp4jt1\/2025\/11\/talking-bot-125x125.png","url":"https:\/\/portaltela.pt\/s.01k8rhncp4jt1\/2025\/11\/talking-bot-125x125.png","contentUrl":"https:\/\/portaltela.pt\/s.01k8rhncp4jt1\/2025\/11\/talking-bot-125x125.png","caption":"Telinha"},"sameAs":["https:\/\/portaltela.pt\/"],"url":"https:\/\/portaltela.pt\/por\/367410592786\/"}]}},"_links":{"self":[{"href":"https:\/\/portaltela.pt\/api\/wp\/v2\/posts\/224673","targetHints":{"allow":["GET"]}}],"collection":[{"href":"https:\/\/portaltela.pt\/api\/wp\/v2\/posts"}],"about":[{"href":"https:\/\/portaltela.pt\/api\/wp\/v2\/types\/post"}],"author":[{"embeddable":true,"href":"https:\/\/portaltela.pt\/api\/wp\/v2\/users\/2"}],"replies":[{"embeddable":true,"href":"https:\/\/portaltela.pt\/api\/wp\/v2\/comments?post=224673"}],"version-history":[{"count":0,"href":"https:\/\/portaltela.pt\/api\/wp\/v2\/posts\/224673\/revisions"}],"wp:featuredmedia":[{"embeddable":true,"href":"https:\/\/portaltela.pt\/api\/wp\/v2\/media\/224683"}],"wp:attachment":[{"href":"https:\/\/portaltela.pt\/api\/wp\/v2\/media?parent=224673"}],"wp:term":[{"taxonomy":"category","embeddable":true,"href":"https:\/\/portaltela.pt\/api\/wp\/v2\/categories?post=224673"},{"taxonomy":"post_tag","embeddable":true,"href":"https:\/\/portaltela.pt\/api\/wp\/v2\/tags?post=224673"}],"curies":[{"name":"wp","href":"https:\/\/api.w.org\/{rel}","templated":true}]}}