{"id":224656,"date":"2026-02-24T15:01:54","date_gmt":"2026-02-24T18:01:54","guid":{"rendered":"https:\/\/portaltela.pt\/noticias\/2026\/02\/24\/ucrania-comemora-quatro-anos-de-guerra-com-zelensky-e-ue-em-homenagem-as-vitimas\/"},"modified":"2026-02-24T15:01:54","modified_gmt":"2026-02-24T18:01:54","slug":"ucrania-comemora-quatro-anos-de-guerra-com-zelensky-e-ue-em-homenagem-as-vitimas","status":"publish","type":"post","link":"https:\/\/portaltela.pt\/noticias\/politica\/2026\/02\/24\/ucrania-comemora-quatro-anos-de-guerra-com-zelensky-e-ue-em-homenagem-as-vitimas\/","title":{"rendered":"Ucr\u00e2nia comemora quatro anos de guerra com Zelensky e UE em homenagem \u00e0s v\u00edtimas"},"content":{"rendered":"<p>A Ucr\u00e2nia marcou quatro anos desde a invas\u00e3o russa com uma cerim\u00f3nia religiosa em Kiev. O evento reuniu o Presidente Volodymyr Zelensky e l\u00edderes e ministros europeus para honrar as v\u00edtimas, com velas acesas e ora\u00e7\u00f5es pelos soldados e civis.<\/p>\n<p>Zelensky sublinhou que a Ucr\u00e2nia n\u00e3o se deixou derrotar e reiterou o objetivo de alcan\u00e7ar uma paz justa, que seja aceite pelos ucranianos. O Kremlin indicou que a guerra continuar\u00e1 at\u00e9 atingirem os seus objetivos.<\/p>\n<p>Respons\u00e1veis da Uni\u00e3o Europeia reiteraram apoio financeiro e militar. As negocia\u00e7\u00f5es encabe\u00e7adas pelos Estados Unidos permanecem bloqueadas quanto ao territ\u00f3rio, enquanto os combates continuam no leste do pa\u00eds.<\/p>\n<h3>Apoio e perspetivas<\/h3>\n<p>A cerim\u00f3nia refor\u00e7ou o compromisso internacional com a resist\u00eancia ucraniana e com a assist\u00eancia a quem ficou afetado pelo conflito, num momento em que a situa\u00e7\u00e3o permanece tensa na regi\u00e3o.<\/p>\n","protected":false},"excerpt":{"rendered":"<ul>\n<li>A Ucr\u00e2nia assinalou quatro anos desde a invas\u00e3o russa com uma cerim\u00f3nia religiosa em Kiev.<\/li>\n<li>Zelensky reuniu-se com l\u00edderes e ministros europeus para homenagear os mortos; acenderam-se velas e houve ora\u00e7\u00f5es por soldados e civis desde fevereiro de 2022.<\/li>\n<li>Zelensky afirmou que Vladimir Putin n\u00e3o conseguiu vencer a Ucr\u00e2nia e prometeu procurar uma paz justa.<\/li>\n<li>O Kremlin indicou que a guerra continuar\u00e1 at\u00e9 serem atingidos os seus objetivos.<\/li>\n<li>Respons\u00e1veis europeus reafirmaram o apoio financeiro e militar; as conversa\u00e7\u00f5es lideradas pelos Estados Unidos permanecem bloqueadas e os combates prosseguem no leste.<\/li>\n<\/ul>\n","protected":false},"author":2,"featured_media":224665,"comment_status":"closed","ping_status":"closed","sticky":false,"template":"","format":"standard","meta":{"footnotes":""},"categories":[1,5],"tags":[2198,62,4222,2134,2055,4833],"class_list":["post-224656","post","type-post","status-publish","format-standard","has-post-thumbnail","hentry","category-noticias","category-politica","tag-conflitos-internacionais","tag-guerra","tag-seguranca-internacional","tag-ucrania","tag-uniao-europeia","tag-volodymyr-zelenski"],"yoast_head":"<!-- This site is optimized with the Yoast SEO plugin v27.2 - https:\/\/yoast.com\/product\/yoast-seo-wordpress\/ -->\n<title>Ucr\u00e2nia comemora quatro anos de guerra com Zelensky e UE em homenagem \u00e0s v\u00edtimas - Portal Tela Portugal<\/title>\n<meta name=\"robots\" content=\"index, follow, max-snippet:-1, max-image-preview:large, max-video-preview:-1\" \/>\n<meta property=\"og:locale\" content=\"pt_PT\" \/>\n<meta property=\"og:type\" content=\"article\" \/>\n<meta property=\"og:title\" content=\"Ucr\u00e2nia comemora quatro anos de guerra com Zelensky e UE em homenagem \u00e0s v\u00edtimas - Portal Tela Portugal\" \/>\n<meta property=\"og:description\" content=\"A Ucr\u00e2nia assinalou quatro anos desde a invas\u00e3o russa com uma cerim\u00f3nia religiosa em Kiev. Zelensky reuniu-se com l\u00edderes e ministros europeus para homenagear os mortos; acenderam-se velas e houve ora\u00e7\u00f5es por soldados e civis desde fevereiro de 2022. Zelensky afirmou que Vladimir Putin n\u00e3o conseguiu vencer a Ucr\u00e2nia e prometeu procurar uma paz justa. O Kremlin indicou que a guerra continuar\u00e1 at\u00e9 serem atingidos os seus objetivos. Respons\u00e1veis europeus reafirmaram o apoio financeiro e militar; as conversa\u00e7\u00f5es lideradas pelos Estados Unidos permanecem bloqueadas e os combates prosseguem no leste.\" \/>\n<meta property=\"og:url\" content=\"https:\/\/portaltela.pt\/noticias\/2026\/02\/24\/ucrania-comemora-quatro-anos-de-guerra-com-zelensky-e-ue-em-homenagem-as-vitimas\/\" \/>\n<meta property=\"og:site_name\" content=\"Portal Tela Portugal\" \/>\n<meta property=\"article:published_time\" content=\"2026-02-24T18:01:54+00:00\" \/>\n<meta name=\"author\" content=\"Telinha\" \/>\n<meta name=\"twitter:card\" content=\"summary_large_image\" \/>\n<meta name=\"twitter:label1\" content=\"Escrito por\" \/>\n\t<meta name=\"twitter:data1\" content=\"Telinha\" \/>\n\t<meta name=\"twitter:label2\" content=\"Tempo estimado de leitura\" \/>\n\t<meta name=\"twitter:data2\" content=\"1 minuto\" \/>\n<script type=\"application\/ld+json\" class=\"yoast-schema-graph\">{\"@context\":\"https:\/\/schema.org\",\"@graph\":[{\"@type\":\"Article\",\"@id\":\"https:\/\/portaltela.pt\/noticias\/2026\/02\/24\/ucrania-comemora-quatro-anos-de-guerra-com-zelensky-e-ue-em-homenagem-as-vitimas\/#article\",\"isPartOf\":{\"@id\":\"https:\/\/portaltela.pt\/noticias\/2026\/02\/24\/ucrania-comemora-quatro-anos-de-guerra-com-zelensky-e-ue-em-homenagem-as-vitimas\/\"},\"author\":{\"name\":\"Telinha\",\"@id\":\"https:\/\/portaltela.pt\/#\/schema\/person\/c4278d4a6028830caff9ee44b42d32ed\"},\"headline\":\"Ucr\u00e2nia comemora quatro anos de guerra com Zelensky e UE em homenagem \u00e0s v\u00edtimas\",\"datePublished\":\"2026-02-24T18:01:54+00:00\",\"mainEntityOfPage\":{\"@id\":\"https:\/\/portaltela.pt\/noticias\/2026\/02\/24\/ucrania-comemora-quatro-anos-de-guerra-com-zelensky-e-ue-em-homenagem-as-vitimas\/\"},\"wordCount\":173,\"image\":{\"@id\":\"https:\/\/portaltela.pt\/noticias\/2026\/02\/24\/ucrania-comemora-quatro-anos-de-guerra-com-zelensky-e-ue-em-homenagem-as-vitimas\/#primaryimage\"},\"thumbnailUrl\":\"https:\/\/portaltela.pt\/s.01k8rhncp4jt1\/2026\/02\/1536x864_cmsv2_fdc3405c-8d4b-5b8b-adcf-f6879d6b3513-9664172.jpg\",\"keywords\":[\"conflitos internacionais\",\"guerra\",\"seguran\u00e7a internacional\",\"Ucr\u00e2nia\",\"Uni\u00e3o Europeia\",\"Volodymyr Zelenski\"],\"articleSection\":[\"Not\u00edcias\",\"Pol\u00edtica\"],\"inLanguage\":\"pt-PT\"},{\"@type\":\"WebPage\",\"@id\":\"https:\/\/portaltela.pt\/noticias\/2026\/02\/24\/ucrania-comemora-quatro-anos-de-guerra-com-zelensky-e-ue-em-homenagem-as-vitimas\/\",\"url\":\"https:\/\/portaltela.pt\/noticias\/2026\/02\/24\/ucrania-comemora-quatro-anos-de-guerra-com-zelensky-e-ue-em-homenagem-as-vitimas\/\",\"name\":\"Ucr\u00e2nia comemora quatro anos de guerra com Zelensky e UE em homenagem \u00e0s v\u00edtimas - Portal Tela Portugal\",\"isPartOf\":{\"@id\":\"https:\/\/portaltela.pt\/#website\"},\"primaryImageOfPage\":{\"@id\":\"https:\/\/portaltela.pt\/noticias\/2026\/02\/24\/ucrania-comemora-quatro-anos-de-guerra-com-zelensky-e-ue-em-homenagem-as-vitimas\/#primaryimage\"},\"image\":{\"@id\":\"https:\/\/portaltela.pt\/noticias\/2026\/02\/24\/ucrania-comemora-quatro-anos-de-guerra-com-zelensky-e-ue-em-homenagem-as-vitimas\/#primaryimage\"},\"thumbnailUrl\":\"https:\/\/portaltela.pt\/s.01k8rhncp4jt1\/2026\/02\/1536x864_cmsv2_fdc3405c-8d4b-5b8b-adcf-f6879d6b3513-9664172.jpg\",\"datePublished\":\"2026-02-24T18:01:54+00:00\",\"author\":{\"@id\":\"https:\/\/portaltela.pt\/#\/schema\/person\/c4278d4a6028830caff9ee44b42d32ed\"},\"breadcrumb\":{\"@id\":\"https:\/\/portaltela.pt\/noticias\/2026\/02\/24\/ucrania-comemora-quatro-anos-de-guerra-com-zelensky-e-ue-em-homenagem-as-vitimas\/#breadcrumb\"},\"inLanguage\":\"pt-PT\",\"potentialAction\":[{\"@type\":\"ReadAction\",\"target\":[\"https:\/\/portaltela.pt\/noticias\/2026\/02\/24\/ucrania-comemora-quatro-anos-de-guerra-com-zelensky-e-ue-em-homenagem-as-vitimas\/\"]}]},{\"@type\":\"ImageObject\",\"inLanguage\":\"pt-PT\",\"@id\":\"https:\/\/portaltela.pt\/noticias\/2026\/02\/24\/ucrania-comemora-quatro-anos-de-guerra-com-zelensky-e-ue-em-homenagem-as-vitimas\/#primaryimage\",\"url\":\"https:\/\/portaltela.pt\/s.01k8rhncp4jt1\/2026\/02\/1536x864_cmsv2_fdc3405c-8d4b-5b8b-adcf-f6879d6b3513-9664172.jpg\",\"contentUrl\":\"https:\/\/portaltela.pt\/s.01k8rhncp4jt1\/2026\/02\/1536x864_cmsv2_fdc3405c-8d4b-5b8b-adcf-f6879d6b3513-9664172.jpg\",\"width\":796,\"height\":448,\"caption\":\"\u00c0 esquerda, a primeira\u2011ministra dinamarquesa Mette Frederiksen e a presidente da Comiss\u00e3o Europeia Ursula von der Leyen em cerim\u00f3nia de homenagem aos soldados mortos em Maida\"},{\"@type\":\"BreadcrumbList\",\"@id\":\"https:\/\/portaltela.pt\/noticias\/2026\/02\/24\/ucrania-comemora-quatro-anos-de-guerra-com-zelensky-e-ue-em-homenagem-as-vitimas\/#breadcrumb\",\"itemListElement\":[{\"@type\":\"ListItem\",\"position\":1,\"name\":\"In\u00edcio\",\"item\":\"https:\/\/portaltela.pt\/\"},{\"@type\":\"ListItem\",\"position\":2,\"name\":\"Ucr\u00e2nia comemora quatro anos de guerra com Zelensky e UE em homenagem \u00e0s v\u00edtimas\"}]},{\"@type\":\"WebSite\",\"@id\":\"https:\/\/portaltela.pt\/#website\",\"url\":\"https:\/\/portaltela.pt\/\",\"name\":\"Portal Tela Portugal\",\"description\":\"\",\"potentialAction\":[{\"@type\":\"SearchAction\",\"target\":{\"@type\":\"EntryPoint\",\"urlTemplate\":\"https:\/\/portaltela.pt\/?s={search_term_string}\"},\"query-input\":{\"@type\":\"PropertyValueSpecification\",\"valueRequired\":true,\"valueName\":\"search_term_string\"}}],\"inLanguage\":\"pt-PT\"},{\"@type\":\"Person\",\"@id\":\"https:\/\/portaltela.pt\/#\/schema\/person\/c4278d4a6028830caff9ee44b42d32ed\",\"name\":\"Telinha\",\"image\":{\"@type\":\"ImageObject\",\"inLanguage\":\"pt-PT\",\"@id\":\"https:\/\/portaltela.pt\/s.01k8rhncp4jt1\/2025\/11\/talking-bot-125x125.png\",\"url\":\"https:\/\/portaltela.pt\/s.01k8rhncp4jt1\/2025\/11\/talking-bot-125x125.png\",\"contentUrl\":\"https:\/\/portaltela.pt\/s.01k8rhncp4jt1\/2025\/11\/talking-bot-125x125.png\",\"caption\":\"Telinha\"},\"sameAs\":[\"https:\/\/portaltela.pt\/\"],\"url\":\"https:\/\/portaltela.pt\/por\/367410592786\/\"}]}<\/script>\n<!-- \/ Yoast SEO plugin. -->","yoast_head_json":{"title":"Ucr\u00e2nia comemora quatro anos de guerra com Zelensky e UE em homenagem \u00e0s v\u00edtimas - Portal Tela Portugal","robots":{"index":"index","follow":"follow","max-snippet":"max-snippet:-1","max-image-preview":"max-image-preview:large","max-video-preview":"max-video-preview:-1"},"og_locale":"pt_PT","og_type":"article","og_title":"Ucr\u00e2nia comemora quatro anos de guerra com Zelensky e UE em homenagem \u00e0s v\u00edtimas - Portal Tela Portugal","og_description":"A Ucr\u00e2nia assinalou quatro anos desde a invas\u00e3o russa com uma cerim\u00f3nia religiosa em Kiev. Zelensky reuniu-se com l\u00edderes e ministros europeus para homenagear os mortos; acenderam-se velas e houve ora\u00e7\u00f5es por soldados e civis desde fevereiro de 2022. Zelensky afirmou que Vladimir Putin n\u00e3o conseguiu vencer a Ucr\u00e2nia e prometeu procurar uma paz justa. O Kremlin indicou que a guerra continuar\u00e1 at\u00e9 serem atingidos os seus objetivos. Respons\u00e1veis europeus reafirmaram o apoio financeiro e militar; as conversa\u00e7\u00f5es lideradas pelos Estados Unidos permanecem bloqueadas e os combates prosseguem no leste.","og_url":"https:\/\/portaltela.pt\/noticias\/2026\/02\/24\/ucrania-comemora-quatro-anos-de-guerra-com-zelensky-e-ue-em-homenagem-as-vitimas\/","og_site_name":"Portal Tela Portugal","article_published_time":"2026-02-24T18:01:54+00:00","author":"Telinha","twitter_card":"summary_large_image","twitter_misc":{"Escrito por":"Telinha","Tempo estimado de leitura":"1 minuto"},"schema":{"@context":"https:\/\/schema.org","@graph":[{"@type":"Article","@id":"https:\/\/portaltela.pt\/noticias\/2026\/02\/24\/ucrania-comemora-quatro-anos-de-guerra-com-zelensky-e-ue-em-homenagem-as-vitimas\/#article","isPartOf":{"@id":"https:\/\/portaltela.pt\/noticias\/2026\/02\/24\/ucrania-comemora-quatro-anos-de-guerra-com-zelensky-e-ue-em-homenagem-as-vitimas\/"},"author":{"name":"Telinha","@id":"https:\/\/portaltela.pt\/#\/schema\/person\/c4278d4a6028830caff9ee44b42d32ed"},"headline":"Ucr\u00e2nia comemora quatro anos de guerra com Zelensky e UE em homenagem \u00e0s v\u00edtimas","datePublished":"2026-02-24T18:01:54+00:00","mainEntityOfPage":{"@id":"https:\/\/portaltela.pt\/noticias\/2026\/02\/24\/ucrania-comemora-quatro-anos-de-guerra-com-zelensky-e-ue-em-homenagem-as-vitimas\/"},"wordCount":173,"image":{"@id":"https:\/\/portaltela.pt\/noticias\/2026\/02\/24\/ucrania-comemora-quatro-anos-de-guerra-com-zelensky-e-ue-em-homenagem-as-vitimas\/#primaryimage"},"thumbnailUrl":"https:\/\/portaltela.pt\/s.01k8rhncp4jt1\/2026\/02\/1536x864_cmsv2_fdc3405c-8d4b-5b8b-adcf-f6879d6b3513-9664172.jpg","keywords":["conflitos internacionais","guerra","seguran\u00e7a internacional","Ucr\u00e2nia","Uni\u00e3o Europeia","Volodymyr Zelenski"],"articleSection":["Not\u00edcias","Pol\u00edtica"],"inLanguage":"pt-PT"},{"@type":"WebPage","@id":"https:\/\/portaltela.pt\/noticias\/2026\/02\/24\/ucrania-comemora-quatro-anos-de-guerra-com-zelensky-e-ue-em-homenagem-as-vitimas\/","url":"https:\/\/portaltela.pt\/noticias\/2026\/02\/24\/ucrania-comemora-quatro-anos-de-guerra-com-zelensky-e-ue-em-homenagem-as-vitimas\/","name":"Ucr\u00e2nia comemora quatro anos de guerra com Zelensky e UE em homenagem \u00e0s v\u00edtimas - Portal Tela Portugal","isPartOf":{"@id":"https:\/\/portaltela.pt\/#website"},"primaryImageOfPage":{"@id":"https:\/\/portaltela.pt\/noticias\/2026\/02\/24\/ucrania-comemora-quatro-anos-de-guerra-com-zelensky-e-ue-em-homenagem-as-vitimas\/#primaryimage"},"image":{"@id":"https:\/\/portaltela.pt\/noticias\/2026\/02\/24\/ucrania-comemora-quatro-anos-de-guerra-com-zelensky-e-ue-em-homenagem-as-vitimas\/#primaryimage"},"thumbnailUrl":"https:\/\/portaltela.pt\/s.01k8rhncp4jt1\/2026\/02\/1536x864_cmsv2_fdc3405c-8d4b-5b8b-adcf-f6879d6b3513-9664172.jpg","datePublished":"2026-02-24T18:01:54+00:00","author":{"@id":"https:\/\/portaltela.pt\/#\/schema\/person\/c4278d4a6028830caff9ee44b42d32ed"},"breadcrumb":{"@id":"https:\/\/portaltela.pt\/noticias\/2026\/02\/24\/ucrania-comemora-quatro-anos-de-guerra-com-zelensky-e-ue-em-homenagem-as-vitimas\/#breadcrumb"},"inLanguage":"pt-PT","potentialAction":[{"@type":"ReadAction","target":["https:\/\/portaltela.pt\/noticias\/2026\/02\/24\/ucrania-comemora-quatro-anos-de-guerra-com-zelensky-e-ue-em-homenagem-as-vitimas\/"]}]},{"@type":"ImageObject","inLanguage":"pt-PT","@id":"https:\/\/portaltela.pt\/noticias\/2026\/02\/24\/ucrania-comemora-quatro-anos-de-guerra-com-zelensky-e-ue-em-homenagem-as-vitimas\/#primaryimage","url":"https:\/\/portaltela.pt\/s.01k8rhncp4jt1\/2026\/02\/1536x864_cmsv2_fdc3405c-8d4b-5b8b-adcf-f6879d6b3513-9664172.jpg","contentUrl":"https:\/\/portaltela.pt\/s.01k8rhncp4jt1\/2026\/02\/1536x864_cmsv2_fdc3405c-8d4b-5b8b-adcf-f6879d6b3513-9664172.jpg","width":796,"height":448,"caption":"\u00c0 esquerda, a primeira\u2011ministra dinamarquesa Mette Frederiksen e a presidente da Comiss\u00e3o Europeia Ursula von der Leyen em cerim\u00f3nia de homenagem aos soldados mortos em Maida"},{"@type":"BreadcrumbList","@id":"https:\/\/portaltela.pt\/noticias\/2026\/02\/24\/ucrania-comemora-quatro-anos-de-guerra-com-zelensky-e-ue-em-homenagem-as-vitimas\/#breadcrumb","itemListElement":[{"@type":"ListItem","position":1,"name":"In\u00edcio","item":"https:\/\/portaltela.pt\/"},{"@type":"ListItem","position":2,"name":"Ucr\u00e2nia comemora quatro anos de guerra com Zelensky e UE em homenagem \u00e0s v\u00edtimas"}]},{"@type":"WebSite","@id":"https:\/\/portaltela.pt\/#website","url":"https:\/\/portaltela.pt\/","name":"Portal Tela Portugal","description":"","potentialAction":[{"@type":"SearchAction","target":{"@type":"EntryPoint","urlTemplate":"https:\/\/portaltela.pt\/?s={search_term_string}"},"query-input":{"@type":"PropertyValueSpecification","valueRequired":true,"valueName":"search_term_string"}}],"inLanguage":"pt-PT"},{"@type":"Person","@id":"https:\/\/portaltela.pt\/#\/schema\/person\/c4278d4a6028830caff9ee44b42d32ed","name":"Telinha","image":{"@type":"ImageObject","inLanguage":"pt-PT","@id":"https:\/\/portaltela.pt\/s.01k8rhncp4jt1\/2025\/11\/talking-bot-125x125.png","url":"https:\/\/portaltela.pt\/s.01k8rhncp4jt1\/2025\/11\/talking-bot-125x125.png","contentUrl":"https:\/\/portaltela.pt\/s.01k8rhncp4jt1\/2025\/11\/talking-bot-125x125.png","caption":"Telinha"},"sameAs":["https:\/\/portaltela.pt\/"],"url":"https:\/\/portaltela.pt\/por\/367410592786\/"}]}},"_links":{"self":[{"href":"https:\/\/portaltela.pt\/api\/wp\/v2\/posts\/224656","targetHints":{"allow":["GET"]}}],"collection":[{"href":"https:\/\/portaltela.pt\/api\/wp\/v2\/posts"}],"about":[{"href":"https:\/\/portaltela.pt\/api\/wp\/v2\/types\/post"}],"author":[{"embeddable":true,"href":"https:\/\/portaltela.pt\/api\/wp\/v2\/users\/2"}],"replies":[{"embeddable":true,"href":"https:\/\/portaltela.pt\/api\/wp\/v2\/comments?post=224656"}],"version-history":[{"count":0,"href":"https:\/\/portaltela.pt\/api\/wp\/v2\/posts\/224656\/revisions"}],"wp:featuredmedia":[{"embeddable":true,"href":"https:\/\/portaltela.pt\/api\/wp\/v2\/media\/224665"}],"wp:attachment":[{"href":"https:\/\/portaltela.pt\/api\/wp\/v2\/media?parent=224656"}],"wp:term":[{"taxonomy":"category","embeddable":true,"href":"https:\/\/portaltela.pt\/api\/wp\/v2\/categories?post=224656"},{"taxonomy":"post_tag","embeddable":true,"href":"https:\/\/portaltela.pt\/api\/wp\/v2\/tags?post=224656"}],"curies":[{"name":"wp","href":"https:\/\/api.w.org\/{rel}","templated":true}]}}