{"id":224579,"date":"2026-02-24T14:11:19","date_gmt":"2026-02-24T17:11:19","guid":{"rendered":"https:\/\/portaltela.pt\/noticias\/2026\/02\/24\/deputados-portugueses-condenam-incursao-na-casa-dos-direitos-da-guine-bissau\/"},"modified":"2026-02-24T14:11:19","modified_gmt":"2026-02-24T17:11:19","slug":"deputados-portugueses-condenam-incursao-na-casa-dos-direitos-da-guine-bissau","status":"publish","type":"post","link":"https:\/\/portaltela.pt\/noticias\/internacional\/2026\/02\/24\/deputados-portugueses-condenam-incursao-na-casa-dos-direitos-da-guine-bissau\/","title":{"rendered":"Deputados portugueses condenam incurs\u00e3o na Casa dos Direitos da Guin\u00e9-Bissau"},"content":{"rendered":"<p>A Comiss\u00e3o dos Neg\u00f3cios Estrangeiros e Comunidades Portuguesas aprovou um voto de condena\u00e7\u00e3o \u00e0 incurs\u00e3o policial na Casa dos Direitos, em Guin\u00e9-Bissau, e \u00e0 expuls\u00e3o do embaixador da Uni\u00e3o Europeia do espa\u00e7o. A decis\u00e3o foi tomada na sess\u00e3o desta ter\u00e7a-feira, 11 de fevereiro de 2026.<\/p>\n<p>O texto conjunto condena a a\u00e7\u00e3o da pol\u00edcia de Interven\u00e7\u00e3o R\u00e1pida nas instala\u00e7\u00f5es da Casa dos Direitos, o seu encerramento for\u00e7ado e atos arbitr\u00e1rios subsequentes. Os deputados tamb\u00e9m criticam a expuls\u00e3o do embaixador da UE, considerada desrespeitosa para as normas diplom\u00e1ticas.<\/p>\n<p>Condena ainda o padr\u00e3o de intimida\u00e7\u00e3o contra organiza\u00e7\u00f5es da sociedade civil, incluindo a Casa dos Direitos e a Liga Guineense dos Direitos Humanos, com deten\u00e7\u00f5es arbitr\u00e1rias e viol\u00eancia. O documento apela \u00e0 reposi\u00e7\u00e3o urgente da ordem constitucional na Guin\u00e9-Bissau.<\/p>\n<p>Contexto regional<\/p>\n<p>A vota\u00e7\u00e3o surge num momento de instabilidade ap\u00f3s o golpe de Estado na v\u00e9spera dos resultados provis\u00f3rios das elei\u00e7\u00f5es de 23 de novembro de 2025. Parlamentares lembram provoca\u00e7\u00f5es contra Portugal e pedem rea\u00e7\u00e3o firme do Governo.<\/p>\n<p>Incidentes com a UE<\/p>\n<p>A Uni\u00e3o Europeia informou que o embaixador Federico Bianchi foi expulso de um evento por homens armados no dia 7 de fevereiro. Em 9 de fevereiro, autoridades guineenses apresentaram desculpas formais ao diplomata, segundo o porta-voz da Pol\u00edtica Externa da Comiss\u00e3o Europeia.<\/p>\n<p>Situa\u00e7\u00e3o internacional<\/p>\n<p>Ap\u00f3s o golpe, Guin\u00e9-Bissau ficou suspensa de blocos regionais como CEDEAO, Uni\u00e3o Africana e CPLP. A CPLP cancelou uma miss\u00e3o de bons of\u00edcios agendada para fevereiro. Miss\u00f5es regionais da CEDEAO e da UA continuam para mediar o retorno \u00e0 normalidade constitucional.<\/p>\n","protected":false},"excerpt":{"rendered":"<ul>\n<li>A Comiss\u00e3o dos Neg\u00f3cios Estrangeiros aprovou um voto de condena\u00e7\u00e3o \u00e0 incurs\u00e3o policial na Casa dos Direitos na Guin\u00e9-Bissau e \u00e0 expuls\u00e3o do embaixador da Uni\u00e3o Europeia.<\/li>\n<li>O texto condena a incurs\u00e3o, o encerramento for\u00e7ado e atos arbitr\u00e1rios, considerados viola\u00e7\u00f5es graves das liberdades fundamentais e do espa\u00e7o c\u00edvico, al\u00e9m do desrespeito diplom\u00e1tico com a expuls\u00e3o do embaixador da UE, Federico Bianchi.<\/li>\n<li>Foi reiterado o apelo \u00e0 reposi\u00e7\u00e3o urgente da ordem constitucional na Guin\u00e9-Bissau e \u00e0 liberta\u00e7\u00e3o de todos os agentes pol\u00edticos e institucionais detidos arbitrariamente.<\/li>\n<li>Durante a sess\u00e3o, foi referido que, desde o golpe de Estado de 23 de novembro de 2025, t\u00eam aumentado as provoca\u00e7\u00f5es contra Portugal, com a necessidade de uma reac\u00e7\u00e3o veemente por parte do Governo portugu\u00eas.<\/li>\n<li>Em contexto externo, a Uni\u00e3o Europeia recebeu desculpas formais da Guin\u00e9-Bissau, a Guin\u00e9-Bissau foi suspensa de organiza\u00e7\u00f5es como CEDEAO, Uni\u00e3o Africana e CPLP, e a CPLP adiou uma miss\u00e3o de bons of\u00edcios.<\/li>\n<\/ul>\n","protected":false},"author":2,"featured_media":224584,"comment_status":"closed","ping_status":"closed","sticky":false,"template":"","format":"standard","meta":{"footnotes":""},"categories":[4,1],"tags":[4768,2971,937,5698,6313,2055],"class_list":["post-224579","post","type-post","status-publish","format-standard","has-post-thumbnail","hentry","category-internacional","category-noticias","tag-cedeao","tag-expulsoes","tag-golpe-de-estado","tag-politica-internacional","tag-sociedade-civil","tag-uniao-europeia"],"yoast_head":"<!-- This site is optimized with the Yoast SEO plugin v27.2 - https:\/\/yoast.com\/product\/yoast-seo-wordpress\/ -->\n<title>Deputados portugueses condenam incurs\u00e3o na Casa dos Direitos da Guin\u00e9-Bissau - Portal Tela Portugal<\/title>\n<meta name=\"robots\" content=\"index, follow, max-snippet:-1, max-image-preview:large, max-video-preview:-1\" \/>\n<meta property=\"og:locale\" content=\"pt_PT\" \/>\n<meta property=\"og:type\" content=\"article\" \/>\n<meta property=\"og:title\" content=\"Deputados portugueses condenam incurs\u00e3o na Casa dos Direitos da Guin\u00e9-Bissau - Portal Tela Portugal\" \/>\n<meta property=\"og:description\" content=\"A Comiss\u00e3o dos Neg\u00f3cios Estrangeiros aprovou um voto de condena\u00e7\u00e3o \u00e0 incurs\u00e3o policial na Casa dos Direitos na Guin\u00e9-Bissau e \u00e0 expuls\u00e3o do embaixador da Uni\u00e3o Europeia. O texto condena a incurs\u00e3o, o encerramento for\u00e7ado e atos arbitr\u00e1rios, considerados viola\u00e7\u00f5es graves das liberdades fundamentais e do espa\u00e7o c\u00edvico, al\u00e9m do desrespeito diplom\u00e1tico com a expuls\u00e3o do embaixador da UE, Federico Bianchi. Foi reiterado o apelo \u00e0 reposi\u00e7\u00e3o urgente da ordem constitucional na Guin\u00e9-Bissau e \u00e0 liberta\u00e7\u00e3o de todos os agentes pol\u00edticos e institucionais detidos arbitrariamente. Durante a sess\u00e3o, foi referido que, desde o golpe de Estado de 23 de novembro de 2025, t\u00eam aumentado as provoca\u00e7\u00f5es contra Portugal, com a necessidade de uma reac\u00e7\u00e3o veemente por parte do Governo portugu\u00eas. Em contexto externo, a Uni\u00e3o Europeia recebeu desculpas formais da Guin\u00e9-Bissau, a Guin\u00e9-Bissau foi suspensa de organiza\u00e7\u00f5es como CEDEAO, Uni\u00e3o Africana e CPLP, e a CPLP adiou uma miss\u00e3o de bons of\u00edcios.\" \/>\n<meta property=\"og:url\" content=\"https:\/\/portaltela.pt\/noticias\/2026\/02\/24\/deputados-portugueses-condenam-incursao-na-casa-dos-direitos-da-guine-bissau\/\" \/>\n<meta property=\"og:site_name\" content=\"Portal Tela Portugal\" \/>\n<meta property=\"article:published_time\" content=\"2026-02-24T17:11:19+00:00\" \/>\n<meta name=\"author\" content=\"Telinha\" \/>\n<meta name=\"twitter:card\" content=\"summary_large_image\" \/>\n<meta name=\"twitter:label1\" content=\"Escrito por\" \/>\n\t<meta name=\"twitter:data1\" content=\"Telinha\" \/>\n\t<meta name=\"twitter:label2\" content=\"Tempo estimado de leitura\" \/>\n\t<meta name=\"twitter:data2\" content=\"1 minuto\" \/>\n<script type=\"application\/ld+json\" class=\"yoast-schema-graph\">{\"@context\":\"https:\/\/schema.org\",\"@graph\":[{\"@type\":\"Article\",\"@id\":\"https:\/\/portaltela.pt\/noticias\/2026\/02\/24\/deputados-portugueses-condenam-incursao-na-casa-dos-direitos-da-guine-bissau\/#article\",\"isPartOf\":{\"@id\":\"https:\/\/portaltela.pt\/noticias\/2026\/02\/24\/deputados-portugueses-condenam-incursao-na-casa-dos-direitos-da-guine-bissau\/\"},\"author\":{\"name\":\"Telinha\",\"@id\":\"https:\/\/portaltela.pt\/#\/schema\/person\/c4278d4a6028830caff9ee44b42d32ed\"},\"headline\":\"Deputados portugueses condenam incurs\u00e3o na Casa dos Direitos da Guin\u00e9-Bissau\",\"datePublished\":\"2026-02-24T17:11:19+00:00\",\"mainEntityOfPage\":{\"@id\":\"https:\/\/portaltela.pt\/noticias\/2026\/02\/24\/deputados-portugueses-condenam-incursao-na-casa-dos-direitos-da-guine-bissau\/\"},\"wordCount\":300,\"image\":{\"@id\":\"https:\/\/portaltela.pt\/noticias\/2026\/02\/24\/deputados-portugueses-condenam-incursao-na-casa-dos-direitos-da-guine-bissau\/#primaryimage\"},\"thumbnailUrl\":\"https:\/\/portaltela.pt\/s.01k8rhncp4jt1\/2026\/02\/img_1280x721uu2018-04-13-12-47-12-728390.jpg\",\"keywords\":[\"CEDEAO\",\"expuls\u00f5es\",\"golpe de Estado\",\"pol\u00edtica internacional\",\"sociedade civil\",\"Uni\u00e3o Europeia\"],\"articleSection\":[\"Internacional\",\"Not\u00edcias\"],\"inLanguage\":\"pt-PT\"},{\"@type\":\"WebPage\",\"@id\":\"https:\/\/portaltela.pt\/noticias\/2026\/02\/24\/deputados-portugueses-condenam-incursao-na-casa-dos-direitos-da-guine-bissau\/\",\"url\":\"https:\/\/portaltela.pt\/noticias\/2026\/02\/24\/deputados-portugueses-condenam-incursao-na-casa-dos-direitos-da-guine-bissau\/\",\"name\":\"Deputados portugueses condenam incurs\u00e3o na Casa dos Direitos da Guin\u00e9-Bissau - Portal Tela Portugal\",\"isPartOf\":{\"@id\":\"https:\/\/portaltela.pt\/#website\"},\"primaryImageOfPage\":{\"@id\":\"https:\/\/portaltela.pt\/noticias\/2026\/02\/24\/deputados-portugueses-condenam-incursao-na-casa-dos-direitos-da-guine-bissau\/#primaryimage\"},\"image\":{\"@id\":\"https:\/\/portaltela.pt\/noticias\/2026\/02\/24\/deputados-portugueses-condenam-incursao-na-casa-dos-direitos-da-guine-bissau\/#primaryimage\"},\"thumbnailUrl\":\"https:\/\/portaltela.pt\/s.01k8rhncp4jt1\/2026\/02\/img_1280x721uu2018-04-13-12-47-12-728390.jpg\",\"datePublished\":\"2026-02-24T17:11:19+00:00\",\"author\":{\"@id\":\"https:\/\/portaltela.pt\/#\/schema\/person\/c4278d4a6028830caff9ee44b42d32ed\"},\"breadcrumb\":{\"@id\":\"https:\/\/portaltela.pt\/noticias\/2026\/02\/24\/deputados-portugueses-condenam-incursao-na-casa-dos-direitos-da-guine-bissau\/#breadcrumb\"},\"inLanguage\":\"pt-PT\",\"potentialAction\":[{\"@type\":\"ReadAction\",\"target\":[\"https:\/\/portaltela.pt\/noticias\/2026\/02\/24\/deputados-portugueses-condenam-incursao-na-casa-dos-direitos-da-guine-bissau\/\"]}]},{\"@type\":\"ImageObject\",\"inLanguage\":\"pt-PT\",\"@id\":\"https:\/\/portaltela.pt\/noticias\/2026\/02\/24\/deputados-portugueses-condenam-incursao-na-casa-dos-direitos-da-guine-bissau\/#primaryimage\",\"url\":\"https:\/\/portaltela.pt\/s.01k8rhncp4jt1\/2026\/02\/img_1280x721uu2018-04-13-12-47-12-728390.jpg\",\"contentUrl\":\"https:\/\/portaltela.pt\/s.01k8rhncp4jt1\/2026\/02\/img_1280x721uu2018-04-13-12-47-12-728390.jpg\",\"width\":796,\"height\":448,\"caption\":\"Parlamento\"},{\"@type\":\"BreadcrumbList\",\"@id\":\"https:\/\/portaltela.pt\/noticias\/2026\/02\/24\/deputados-portugueses-condenam-incursao-na-casa-dos-direitos-da-guine-bissau\/#breadcrumb\",\"itemListElement\":[{\"@type\":\"ListItem\",\"position\":1,\"name\":\"In\u00edcio\",\"item\":\"https:\/\/portaltela.pt\/\"},{\"@type\":\"ListItem\",\"position\":2,\"name\":\"Deputados portugueses condenam incurs\u00e3o na Casa dos Direitos da Guin\u00e9-Bissau\"}]},{\"@type\":\"WebSite\",\"@id\":\"https:\/\/portaltela.pt\/#website\",\"url\":\"https:\/\/portaltela.pt\/\",\"name\":\"Portal Tela Portugal\",\"description\":\"\",\"potentialAction\":[{\"@type\":\"SearchAction\",\"target\":{\"@type\":\"EntryPoint\",\"urlTemplate\":\"https:\/\/portaltela.pt\/?s={search_term_string}\"},\"query-input\":{\"@type\":\"PropertyValueSpecification\",\"valueRequired\":true,\"valueName\":\"search_term_string\"}}],\"inLanguage\":\"pt-PT\"},{\"@type\":\"Person\",\"@id\":\"https:\/\/portaltela.pt\/#\/schema\/person\/c4278d4a6028830caff9ee44b42d32ed\",\"name\":\"Telinha\",\"image\":{\"@type\":\"ImageObject\",\"inLanguage\":\"pt-PT\",\"@id\":\"https:\/\/portaltela.pt\/s.01k8rhncp4jt1\/2025\/11\/talking-bot-125x125.png\",\"url\":\"https:\/\/portaltela.pt\/s.01k8rhncp4jt1\/2025\/11\/talking-bot-125x125.png\",\"contentUrl\":\"https:\/\/portaltela.pt\/s.01k8rhncp4jt1\/2025\/11\/talking-bot-125x125.png\",\"caption\":\"Telinha\"},\"sameAs\":[\"https:\/\/portaltela.pt\/\"],\"url\":\"https:\/\/portaltela.pt\/por\/367410592786\/\"}]}<\/script>\n<!-- \/ Yoast SEO plugin. -->","yoast_head_json":{"title":"Deputados portugueses condenam incurs\u00e3o na Casa dos Direitos da Guin\u00e9-Bissau - Portal Tela Portugal","robots":{"index":"index","follow":"follow","max-snippet":"max-snippet:-1","max-image-preview":"max-image-preview:large","max-video-preview":"max-video-preview:-1"},"og_locale":"pt_PT","og_type":"article","og_title":"Deputados portugueses condenam incurs\u00e3o na Casa dos Direitos da Guin\u00e9-Bissau - Portal Tela Portugal","og_description":"A Comiss\u00e3o dos Neg\u00f3cios Estrangeiros aprovou um voto de condena\u00e7\u00e3o \u00e0 incurs\u00e3o policial na Casa dos Direitos na Guin\u00e9-Bissau e \u00e0 expuls\u00e3o do embaixador da Uni\u00e3o Europeia. O texto condena a incurs\u00e3o, o encerramento for\u00e7ado e atos arbitr\u00e1rios, considerados viola\u00e7\u00f5es graves das liberdades fundamentais e do espa\u00e7o c\u00edvico, al\u00e9m do desrespeito diplom\u00e1tico com a expuls\u00e3o do embaixador da UE, Federico Bianchi. Foi reiterado o apelo \u00e0 reposi\u00e7\u00e3o urgente da ordem constitucional na Guin\u00e9-Bissau e \u00e0 liberta\u00e7\u00e3o de todos os agentes pol\u00edticos e institucionais detidos arbitrariamente. Durante a sess\u00e3o, foi referido que, desde o golpe de Estado de 23 de novembro de 2025, t\u00eam aumentado as provoca\u00e7\u00f5es contra Portugal, com a necessidade de uma reac\u00e7\u00e3o veemente por parte do Governo portugu\u00eas. Em contexto externo, a Uni\u00e3o Europeia recebeu desculpas formais da Guin\u00e9-Bissau, a Guin\u00e9-Bissau foi suspensa de organiza\u00e7\u00f5es como CEDEAO, Uni\u00e3o Africana e CPLP, e a CPLP adiou uma miss\u00e3o de bons of\u00edcios.","og_url":"https:\/\/portaltela.pt\/noticias\/2026\/02\/24\/deputados-portugueses-condenam-incursao-na-casa-dos-direitos-da-guine-bissau\/","og_site_name":"Portal Tela Portugal","article_published_time":"2026-02-24T17:11:19+00:00","author":"Telinha","twitter_card":"summary_large_image","twitter_misc":{"Escrito por":"Telinha","Tempo estimado de leitura":"1 minuto"},"schema":{"@context":"https:\/\/schema.org","@graph":[{"@type":"Article","@id":"https:\/\/portaltela.pt\/noticias\/2026\/02\/24\/deputados-portugueses-condenam-incursao-na-casa-dos-direitos-da-guine-bissau\/#article","isPartOf":{"@id":"https:\/\/portaltela.pt\/noticias\/2026\/02\/24\/deputados-portugueses-condenam-incursao-na-casa-dos-direitos-da-guine-bissau\/"},"author":{"name":"Telinha","@id":"https:\/\/portaltela.pt\/#\/schema\/person\/c4278d4a6028830caff9ee44b42d32ed"},"headline":"Deputados portugueses condenam incurs\u00e3o na Casa dos Direitos da Guin\u00e9-Bissau","datePublished":"2026-02-24T17:11:19+00:00","mainEntityOfPage":{"@id":"https:\/\/portaltela.pt\/noticias\/2026\/02\/24\/deputados-portugueses-condenam-incursao-na-casa-dos-direitos-da-guine-bissau\/"},"wordCount":300,"image":{"@id":"https:\/\/portaltela.pt\/noticias\/2026\/02\/24\/deputados-portugueses-condenam-incursao-na-casa-dos-direitos-da-guine-bissau\/#primaryimage"},"thumbnailUrl":"https:\/\/portaltela.pt\/s.01k8rhncp4jt1\/2026\/02\/img_1280x721uu2018-04-13-12-47-12-728390.jpg","keywords":["CEDEAO","expuls\u00f5es","golpe de Estado","pol\u00edtica internacional","sociedade civil","Uni\u00e3o Europeia"],"articleSection":["Internacional","Not\u00edcias"],"inLanguage":"pt-PT"},{"@type":"WebPage","@id":"https:\/\/portaltela.pt\/noticias\/2026\/02\/24\/deputados-portugueses-condenam-incursao-na-casa-dos-direitos-da-guine-bissau\/","url":"https:\/\/portaltela.pt\/noticias\/2026\/02\/24\/deputados-portugueses-condenam-incursao-na-casa-dos-direitos-da-guine-bissau\/","name":"Deputados portugueses condenam incurs\u00e3o na Casa dos Direitos da Guin\u00e9-Bissau - Portal Tela Portugal","isPartOf":{"@id":"https:\/\/portaltela.pt\/#website"},"primaryImageOfPage":{"@id":"https:\/\/portaltela.pt\/noticias\/2026\/02\/24\/deputados-portugueses-condenam-incursao-na-casa-dos-direitos-da-guine-bissau\/#primaryimage"},"image":{"@id":"https:\/\/portaltela.pt\/noticias\/2026\/02\/24\/deputados-portugueses-condenam-incursao-na-casa-dos-direitos-da-guine-bissau\/#primaryimage"},"thumbnailUrl":"https:\/\/portaltela.pt\/s.01k8rhncp4jt1\/2026\/02\/img_1280x721uu2018-04-13-12-47-12-728390.jpg","datePublished":"2026-02-24T17:11:19+00:00","author":{"@id":"https:\/\/portaltela.pt\/#\/schema\/person\/c4278d4a6028830caff9ee44b42d32ed"},"breadcrumb":{"@id":"https:\/\/portaltela.pt\/noticias\/2026\/02\/24\/deputados-portugueses-condenam-incursao-na-casa-dos-direitos-da-guine-bissau\/#breadcrumb"},"inLanguage":"pt-PT","potentialAction":[{"@type":"ReadAction","target":["https:\/\/portaltela.pt\/noticias\/2026\/02\/24\/deputados-portugueses-condenam-incursao-na-casa-dos-direitos-da-guine-bissau\/"]}]},{"@type":"ImageObject","inLanguage":"pt-PT","@id":"https:\/\/portaltela.pt\/noticias\/2026\/02\/24\/deputados-portugueses-condenam-incursao-na-casa-dos-direitos-da-guine-bissau\/#primaryimage","url":"https:\/\/portaltela.pt\/s.01k8rhncp4jt1\/2026\/02\/img_1280x721uu2018-04-13-12-47-12-728390.jpg","contentUrl":"https:\/\/portaltela.pt\/s.01k8rhncp4jt1\/2026\/02\/img_1280x721uu2018-04-13-12-47-12-728390.jpg","width":796,"height":448,"caption":"Parlamento"},{"@type":"BreadcrumbList","@id":"https:\/\/portaltela.pt\/noticias\/2026\/02\/24\/deputados-portugueses-condenam-incursao-na-casa-dos-direitos-da-guine-bissau\/#breadcrumb","itemListElement":[{"@type":"ListItem","position":1,"name":"In\u00edcio","item":"https:\/\/portaltela.pt\/"},{"@type":"ListItem","position":2,"name":"Deputados portugueses condenam incurs\u00e3o na Casa dos Direitos da Guin\u00e9-Bissau"}]},{"@type":"WebSite","@id":"https:\/\/portaltela.pt\/#website","url":"https:\/\/portaltela.pt\/","name":"Portal Tela Portugal","description":"","potentialAction":[{"@type":"SearchAction","target":{"@type":"EntryPoint","urlTemplate":"https:\/\/portaltela.pt\/?s={search_term_string}"},"query-input":{"@type":"PropertyValueSpecification","valueRequired":true,"valueName":"search_term_string"}}],"inLanguage":"pt-PT"},{"@type":"Person","@id":"https:\/\/portaltela.pt\/#\/schema\/person\/c4278d4a6028830caff9ee44b42d32ed","name":"Telinha","image":{"@type":"ImageObject","inLanguage":"pt-PT","@id":"https:\/\/portaltela.pt\/s.01k8rhncp4jt1\/2025\/11\/talking-bot-125x125.png","url":"https:\/\/portaltela.pt\/s.01k8rhncp4jt1\/2025\/11\/talking-bot-125x125.png","contentUrl":"https:\/\/portaltela.pt\/s.01k8rhncp4jt1\/2025\/11\/talking-bot-125x125.png","caption":"Telinha"},"sameAs":["https:\/\/portaltela.pt\/"],"url":"https:\/\/portaltela.pt\/por\/367410592786\/"}]}},"_links":{"self":[{"href":"https:\/\/portaltela.pt\/api\/wp\/v2\/posts\/224579","targetHints":{"allow":["GET"]}}],"collection":[{"href":"https:\/\/portaltela.pt\/api\/wp\/v2\/posts"}],"about":[{"href":"https:\/\/portaltela.pt\/api\/wp\/v2\/types\/post"}],"author":[{"embeddable":true,"href":"https:\/\/portaltela.pt\/api\/wp\/v2\/users\/2"}],"replies":[{"embeddable":true,"href":"https:\/\/portaltela.pt\/api\/wp\/v2\/comments?post=224579"}],"version-history":[{"count":0,"href":"https:\/\/portaltela.pt\/api\/wp\/v2\/posts\/224579\/revisions"}],"wp:featuredmedia":[{"embeddable":true,"href":"https:\/\/portaltela.pt\/api\/wp\/v2\/media\/224584"}],"wp:attachment":[{"href":"https:\/\/portaltela.pt\/api\/wp\/v2\/media?parent=224579"}],"wp:term":[{"taxonomy":"category","embeddable":true,"href":"https:\/\/portaltela.pt\/api\/wp\/v2\/categories?post=224579"},{"taxonomy":"post_tag","embeddable":true,"href":"https:\/\/portaltela.pt\/api\/wp\/v2\/tags?post=224579"}],"curies":[{"name":"wp","href":"https:\/\/api.w.org\/{rel}","templated":true}]}}