{"id":224566,"date":"2026-02-24T14:13:54","date_gmt":"2026-02-24T17:13:54","guid":{"rendered":"https:\/\/portaltela.pt\/noticias\/2026\/02\/24\/pedro-palma-ferro-afirma-que-pote-e-conciliavel-com-luis-guilherme\/"},"modified":"2026-02-24T14:13:54","modified_gmt":"2026-02-24T17:13:54","slug":"pedro-palma-ferro-afirma-que-pote-e-conciliavel-com-luis-guilherme","status":"publish","type":"post","link":"https:\/\/portaltela.pt\/desporto\/futebol\/2026\/02\/24\/pedro-palma-ferro-afirma-que-pote-e-conciliavel-com-luis-guilherme\/","title":{"rendered":"Pedro Palma Ferro afirma que Pote \u00e9 concili\u00e1vel com Lu\u00eds Guilherme"},"content":{"rendered":"<p>Pedro Palma Ferro, diretor executivo da SAD do GD Alcochetense, comenta a composi\u00e7\u00e3o do Sporting para a rece\u00e7\u00e3o ao Estoril, ap\u00f3s a not\u00edcia de regressar Pote ao XI. A ideia \u00e9 manter a frente de ataque, sem mexidas significativas.<\/p>\n<p>O epis\u00f3dio envolve Pote, Morita e Rio Borges, com o foco na gest\u00e3o f\u00edsica do japon\u00eas Morita, que tem estado debilitado. A solu\u00e7\u00e3o apontada \u00e9 colocar Pote no papel de box-to-box, ocupando o lugar do m\u00e9dio nipo-\u00e1lvaro.<\/p>\n<p>A entrevista revela que Pote dever\u00e1 recuperar o lugar em campo no pr\u00f3ximo encontro, mantendo a estrat\u00e9gia ofensiva do treinador Rio Borges. A ideia \u00e9 dar mais equil\u00edbrio entre ataque e press\u00e3o no meio-campo.<\/p>\n<p>A movimenta\u00e7\u00e3o \u00e9 compat\u00edvel com a atual gest\u00e3o da equipa e com o objetivo de manter a performance sem alterar o rendimento da linha de frente. O regresso de Pote \u00e9 visto como adequado pela dire\u00e7\u00e3o associada ao Sporting.<\/p>\n<p>A not\u00edcia ressalta que a decis\u00e3o depende da condi\u00e7\u00e3o f\u00edsica de Morita e da adapta\u00e7\u00e3o de Pote ao papel proposto. O jogo frente ao Estoril ocorre no pr\u00f3ximo compromisso do Sporting.<\/p>\n","protected":false},"excerpt":{"rendered":"<ul>\n<li>Pedro Palma Ferro, diretor executivo da SAD do GD Alcochetense, comenta movimentos no Sporting.<\/li>\n<li>Assume que Pote dever\u00e1 regressar ao onze na rece\u00e7\u00e3o ao Estoril.<\/li>\n<li>N\u00e3o dever\u00e3o ocorrer altera\u00e7\u00f5es na frente de ataque da equipa.<\/li>\n<li>A solu\u00e7\u00e3o \u00e9 colocar Pote como box-to-box, ocupando o lugar de Morita.<\/li>\n<li>Morita tem estado debilitado fisicamente nesta temporada.<\/li>\n<\/ul>\n","protected":false},"author":2,"featured_media":224569,"comment_status":"closed","ping_status":"closed","sticky":false,"template":"","format":"standard","meta":{"footnotes":""},"categories":[21,24],"tags":[152,999,32,3286,1652,2477],"class_list":["post-224566","post","type-post","status-publish","format-standard","has-post-thumbnail","hentry","category-desporto","category-futebol","tag-desporto","tag-estoril","tag-futebol","tag-morita","tag-sporting","tag-treinadores"],"yoast_head":"<!-- This site is optimized with the Yoast SEO plugin v27.2 - https:\/\/yoast.com\/product\/yoast-seo-wordpress\/ -->\n<title>Pedro Palma Ferro afirma que Pote \u00e9 concili\u00e1vel com Lu\u00eds Guilherme - Portal Tela Portugal<\/title>\n<meta name=\"robots\" content=\"index, follow, max-snippet:-1, max-image-preview:large, max-video-preview:-1\" \/>\n<meta property=\"og:locale\" content=\"pt_PT\" \/>\n<meta property=\"og:type\" content=\"article\" \/>\n<meta property=\"og:title\" content=\"Pedro Palma Ferro afirma que Pote \u00e9 concili\u00e1vel com Lu\u00eds Guilherme - Portal Tela Portugal\" \/>\n<meta property=\"og:description\" content=\"Pedro Palma Ferro, diretor executivo da SAD do GD Alcochetense, comenta movimentos no Sporting. Assume que Pote dever\u00e1 regressar ao onze na rece\u00e7\u00e3o ao Estoril. N\u00e3o dever\u00e3o ocorrer altera\u00e7\u00f5es na frente de ataque da equipa. A solu\u00e7\u00e3o \u00e9 colocar Pote como box-to-box, ocupando o lugar de Morita. Morita tem estado debilitado fisicamente nesta temporada.\" \/>\n<meta property=\"og:url\" content=\"https:\/\/portaltela.pt\/noticias\/2026\/02\/24\/pedro-palma-ferro-afirma-que-pote-e-conciliavel-com-luis-guilherme\/\" \/>\n<meta property=\"og:site_name\" content=\"Portal Tela Portugal\" \/>\n<meta property=\"article:published_time\" content=\"2026-02-24T17:13:54+00:00\" \/>\n<meta name=\"author\" content=\"Telinha\" \/>\n<meta name=\"twitter:card\" content=\"summary_large_image\" \/>\n<meta name=\"twitter:label1\" content=\"Escrito por\" \/>\n\t<meta name=\"twitter:data1\" content=\"Telinha\" \/>\n\t<meta name=\"twitter:label2\" content=\"Tempo estimado de leitura\" \/>\n\t<meta name=\"twitter:data2\" content=\"1 minuto\" \/>\n<script type=\"application\/ld+json\" class=\"yoast-schema-graph\">{\"@context\":\"https:\/\/schema.org\",\"@graph\":[{\"@type\":\"Article\",\"@id\":\"https:\/\/portaltela.pt\/noticias\/2026\/02\/24\/pedro-palma-ferro-afirma-que-pote-e-conciliavel-com-luis-guilherme\/#article\",\"isPartOf\":{\"@id\":\"https:\/\/portaltela.pt\/noticias\/2026\/02\/24\/pedro-palma-ferro-afirma-que-pote-e-conciliavel-com-luis-guilherme\/\"},\"author\":{\"name\":\"Telinha\",\"@id\":\"https:\/\/portaltela.pt\/#\/schema\/person\/c4278d4a6028830caff9ee44b42d32ed\"},\"headline\":\"Pedro Palma Ferro afirma que Pote \u00e9 concili\u00e1vel com Lu\u00eds Guilherme\",\"datePublished\":\"2026-02-24T17:13:54+00:00\",\"mainEntityOfPage\":{\"@id\":\"https:\/\/portaltela.pt\/noticias\/2026\/02\/24\/pedro-palma-ferro-afirma-que-pote-e-conciliavel-com-luis-guilherme\/\"},\"wordCount\":212,\"image\":{\"@id\":\"https:\/\/portaltela.pt\/noticias\/2026\/02\/24\/pedro-palma-ferro-afirma-que-pote-e-conciliavel-com-luis-guilherme\/#primaryimage\"},\"thumbnailUrl\":\"https:\/\/portaltela.pt\/s.01k8rhncp4jt1\/2026\/02\/img_920x518uu2026-02-09-00-05-36-2420451-1.jpg\",\"keywords\":[\"desporto\",\"Estoril\",\"futebol\",\"Morita\",\"Sporting\",\"treinadores\"],\"articleSection\":[\"Desporto\",\"Futebol\"],\"inLanguage\":\"pt-PT\"},{\"@type\":\"WebPage\",\"@id\":\"https:\/\/portaltela.pt\/noticias\/2026\/02\/24\/pedro-palma-ferro-afirma-que-pote-e-conciliavel-com-luis-guilherme\/\",\"url\":\"https:\/\/portaltela.pt\/noticias\/2026\/02\/24\/pedro-palma-ferro-afirma-que-pote-e-conciliavel-com-luis-guilherme\/\",\"name\":\"Pedro Palma Ferro afirma que Pote \u00e9 concili\u00e1vel com Lu\u00eds Guilherme - Portal Tela Portugal\",\"isPartOf\":{\"@id\":\"https:\/\/portaltela.pt\/#website\"},\"primaryImageOfPage\":{\"@id\":\"https:\/\/portaltela.pt\/noticias\/2026\/02\/24\/pedro-palma-ferro-afirma-que-pote-e-conciliavel-com-luis-guilherme\/#primaryimage\"},\"image\":{\"@id\":\"https:\/\/portaltela.pt\/noticias\/2026\/02\/24\/pedro-palma-ferro-afirma-que-pote-e-conciliavel-com-luis-guilherme\/#primaryimage\"},\"thumbnailUrl\":\"https:\/\/portaltela.pt\/s.01k8rhncp4jt1\/2026\/02\/img_920x518uu2026-02-09-00-05-36-2420451-1.jpg\",\"datePublished\":\"2026-02-24T17:13:54+00:00\",\"author\":{\"@id\":\"https:\/\/portaltela.pt\/#\/schema\/person\/c4278d4a6028830caff9ee44b42d32ed\"},\"breadcrumb\":{\"@id\":\"https:\/\/portaltela.pt\/noticias\/2026\/02\/24\/pedro-palma-ferro-afirma-que-pote-e-conciliavel-com-luis-guilherme\/#breadcrumb\"},\"inLanguage\":\"pt-PT\",\"potentialAction\":[{\"@type\":\"ReadAction\",\"target\":[\"https:\/\/portaltela.pt\/noticias\/2026\/02\/24\/pedro-palma-ferro-afirma-que-pote-e-conciliavel-com-luis-guilherme\/\"]}]},{\"@type\":\"ImageObject\",\"inLanguage\":\"pt-PT\",\"@id\":\"https:\/\/portaltela.pt\/noticias\/2026\/02\/24\/pedro-palma-ferro-afirma-que-pote-e-conciliavel-com-luis-guilherme\/#primaryimage\",\"url\":\"https:\/\/portaltela.pt\/s.01k8rhncp4jt1\/2026\/02\/img_920x518uu2026-02-09-00-05-36-2420451-1.jpg\",\"contentUrl\":\"https:\/\/portaltela.pt\/s.01k8rhncp4jt1\/2026\/02\/img_920x518uu2026-02-09-00-05-36-2420451-1.jpg\",\"width\":796,\"height\":448,\"caption\":\"Pote dever\u00e1 regressar ao onze do Sporting na rece\u00e7\u00e3o ao Estoril\"},{\"@type\":\"BreadcrumbList\",\"@id\":\"https:\/\/portaltela.pt\/noticias\/2026\/02\/24\/pedro-palma-ferro-afirma-que-pote-e-conciliavel-com-luis-guilherme\/#breadcrumb\",\"itemListElement\":[{\"@type\":\"ListItem\",\"position\":1,\"name\":\"In\u00edcio\",\"item\":\"https:\/\/portaltela.pt\/\"},{\"@type\":\"ListItem\",\"position\":2,\"name\":\"Pedro Palma Ferro afirma que Pote \u00e9 concili\u00e1vel com Lu\u00eds Guilherme\"}]},{\"@type\":\"WebSite\",\"@id\":\"https:\/\/portaltela.pt\/#website\",\"url\":\"https:\/\/portaltela.pt\/\",\"name\":\"Portal Tela Portugal\",\"description\":\"\",\"potentialAction\":[{\"@type\":\"SearchAction\",\"target\":{\"@type\":\"EntryPoint\",\"urlTemplate\":\"https:\/\/portaltela.pt\/?s={search_term_string}\"},\"query-input\":{\"@type\":\"PropertyValueSpecification\",\"valueRequired\":true,\"valueName\":\"search_term_string\"}}],\"inLanguage\":\"pt-PT\"},{\"@type\":\"Person\",\"@id\":\"https:\/\/portaltela.pt\/#\/schema\/person\/c4278d4a6028830caff9ee44b42d32ed\",\"name\":\"Telinha\",\"image\":{\"@type\":\"ImageObject\",\"inLanguage\":\"pt-PT\",\"@id\":\"https:\/\/portaltela.pt\/s.01k8rhncp4jt1\/2025\/11\/talking-bot-125x125.png\",\"url\":\"https:\/\/portaltela.pt\/s.01k8rhncp4jt1\/2025\/11\/talking-bot-125x125.png\",\"contentUrl\":\"https:\/\/portaltela.pt\/s.01k8rhncp4jt1\/2025\/11\/talking-bot-125x125.png\",\"caption\":\"Telinha\"},\"sameAs\":[\"https:\/\/portaltela.pt\/\"],\"url\":\"https:\/\/portaltela.pt\/por\/367410592786\/\"}]}<\/script>\n<!-- \/ Yoast SEO plugin. -->","yoast_head_json":{"title":"Pedro Palma Ferro afirma que Pote \u00e9 concili\u00e1vel com Lu\u00eds Guilherme - Portal Tela Portugal","robots":{"index":"index","follow":"follow","max-snippet":"max-snippet:-1","max-image-preview":"max-image-preview:large","max-video-preview":"max-video-preview:-1"},"og_locale":"pt_PT","og_type":"article","og_title":"Pedro Palma Ferro afirma que Pote \u00e9 concili\u00e1vel com Lu\u00eds Guilherme - Portal Tela Portugal","og_description":"Pedro Palma Ferro, diretor executivo da SAD do GD Alcochetense, comenta movimentos no Sporting. Assume que Pote dever\u00e1 regressar ao onze na rece\u00e7\u00e3o ao Estoril. N\u00e3o dever\u00e3o ocorrer altera\u00e7\u00f5es na frente de ataque da equipa. A solu\u00e7\u00e3o \u00e9 colocar Pote como box-to-box, ocupando o lugar de Morita. Morita tem estado debilitado fisicamente nesta temporada.","og_url":"https:\/\/portaltela.pt\/noticias\/2026\/02\/24\/pedro-palma-ferro-afirma-que-pote-e-conciliavel-com-luis-guilherme\/","og_site_name":"Portal Tela Portugal","article_published_time":"2026-02-24T17:13:54+00:00","author":"Telinha","twitter_card":"summary_large_image","twitter_misc":{"Escrito por":"Telinha","Tempo estimado de leitura":"1 minuto"},"schema":{"@context":"https:\/\/schema.org","@graph":[{"@type":"Article","@id":"https:\/\/portaltela.pt\/noticias\/2026\/02\/24\/pedro-palma-ferro-afirma-que-pote-e-conciliavel-com-luis-guilherme\/#article","isPartOf":{"@id":"https:\/\/portaltela.pt\/noticias\/2026\/02\/24\/pedro-palma-ferro-afirma-que-pote-e-conciliavel-com-luis-guilherme\/"},"author":{"name":"Telinha","@id":"https:\/\/portaltela.pt\/#\/schema\/person\/c4278d4a6028830caff9ee44b42d32ed"},"headline":"Pedro Palma Ferro afirma que Pote \u00e9 concili\u00e1vel com Lu\u00eds Guilherme","datePublished":"2026-02-24T17:13:54+00:00","mainEntityOfPage":{"@id":"https:\/\/portaltela.pt\/noticias\/2026\/02\/24\/pedro-palma-ferro-afirma-que-pote-e-conciliavel-com-luis-guilherme\/"},"wordCount":212,"image":{"@id":"https:\/\/portaltela.pt\/noticias\/2026\/02\/24\/pedro-palma-ferro-afirma-que-pote-e-conciliavel-com-luis-guilherme\/#primaryimage"},"thumbnailUrl":"https:\/\/portaltela.pt\/s.01k8rhncp4jt1\/2026\/02\/img_920x518uu2026-02-09-00-05-36-2420451-1.jpg","keywords":["desporto","Estoril","futebol","Morita","Sporting","treinadores"],"articleSection":["Desporto","Futebol"],"inLanguage":"pt-PT"},{"@type":"WebPage","@id":"https:\/\/portaltela.pt\/noticias\/2026\/02\/24\/pedro-palma-ferro-afirma-que-pote-e-conciliavel-com-luis-guilherme\/","url":"https:\/\/portaltela.pt\/noticias\/2026\/02\/24\/pedro-palma-ferro-afirma-que-pote-e-conciliavel-com-luis-guilherme\/","name":"Pedro Palma Ferro afirma que Pote \u00e9 concili\u00e1vel com Lu\u00eds Guilherme - Portal Tela Portugal","isPartOf":{"@id":"https:\/\/portaltela.pt\/#website"},"primaryImageOfPage":{"@id":"https:\/\/portaltela.pt\/noticias\/2026\/02\/24\/pedro-palma-ferro-afirma-que-pote-e-conciliavel-com-luis-guilherme\/#primaryimage"},"image":{"@id":"https:\/\/portaltela.pt\/noticias\/2026\/02\/24\/pedro-palma-ferro-afirma-que-pote-e-conciliavel-com-luis-guilherme\/#primaryimage"},"thumbnailUrl":"https:\/\/portaltela.pt\/s.01k8rhncp4jt1\/2026\/02\/img_920x518uu2026-02-09-00-05-36-2420451-1.jpg","datePublished":"2026-02-24T17:13:54+00:00","author":{"@id":"https:\/\/portaltela.pt\/#\/schema\/person\/c4278d4a6028830caff9ee44b42d32ed"},"breadcrumb":{"@id":"https:\/\/portaltela.pt\/noticias\/2026\/02\/24\/pedro-palma-ferro-afirma-que-pote-e-conciliavel-com-luis-guilherme\/#breadcrumb"},"inLanguage":"pt-PT","potentialAction":[{"@type":"ReadAction","target":["https:\/\/portaltela.pt\/noticias\/2026\/02\/24\/pedro-palma-ferro-afirma-que-pote-e-conciliavel-com-luis-guilherme\/"]}]},{"@type":"ImageObject","inLanguage":"pt-PT","@id":"https:\/\/portaltela.pt\/noticias\/2026\/02\/24\/pedro-palma-ferro-afirma-que-pote-e-conciliavel-com-luis-guilherme\/#primaryimage","url":"https:\/\/portaltela.pt\/s.01k8rhncp4jt1\/2026\/02\/img_920x518uu2026-02-09-00-05-36-2420451-1.jpg","contentUrl":"https:\/\/portaltela.pt\/s.01k8rhncp4jt1\/2026\/02\/img_920x518uu2026-02-09-00-05-36-2420451-1.jpg","width":796,"height":448,"caption":"Pote dever\u00e1 regressar ao onze do Sporting na rece\u00e7\u00e3o ao Estoril"},{"@type":"BreadcrumbList","@id":"https:\/\/portaltela.pt\/noticias\/2026\/02\/24\/pedro-palma-ferro-afirma-que-pote-e-conciliavel-com-luis-guilherme\/#breadcrumb","itemListElement":[{"@type":"ListItem","position":1,"name":"In\u00edcio","item":"https:\/\/portaltela.pt\/"},{"@type":"ListItem","position":2,"name":"Pedro Palma Ferro afirma que Pote \u00e9 concili\u00e1vel com Lu\u00eds Guilherme"}]},{"@type":"WebSite","@id":"https:\/\/portaltela.pt\/#website","url":"https:\/\/portaltela.pt\/","name":"Portal Tela Portugal","description":"","potentialAction":[{"@type":"SearchAction","target":{"@type":"EntryPoint","urlTemplate":"https:\/\/portaltela.pt\/?s={search_term_string}"},"query-input":{"@type":"PropertyValueSpecification","valueRequired":true,"valueName":"search_term_string"}}],"inLanguage":"pt-PT"},{"@type":"Person","@id":"https:\/\/portaltela.pt\/#\/schema\/person\/c4278d4a6028830caff9ee44b42d32ed","name":"Telinha","image":{"@type":"ImageObject","inLanguage":"pt-PT","@id":"https:\/\/portaltela.pt\/s.01k8rhncp4jt1\/2025\/11\/talking-bot-125x125.png","url":"https:\/\/portaltela.pt\/s.01k8rhncp4jt1\/2025\/11\/talking-bot-125x125.png","contentUrl":"https:\/\/portaltela.pt\/s.01k8rhncp4jt1\/2025\/11\/talking-bot-125x125.png","caption":"Telinha"},"sameAs":["https:\/\/portaltela.pt\/"],"url":"https:\/\/portaltela.pt\/por\/367410592786\/"}]}},"_links":{"self":[{"href":"https:\/\/portaltela.pt\/api\/wp\/v2\/posts\/224566","targetHints":{"allow":["GET"]}}],"collection":[{"href":"https:\/\/portaltela.pt\/api\/wp\/v2\/posts"}],"about":[{"href":"https:\/\/portaltela.pt\/api\/wp\/v2\/types\/post"}],"author":[{"embeddable":true,"href":"https:\/\/portaltela.pt\/api\/wp\/v2\/users\/2"}],"replies":[{"embeddable":true,"href":"https:\/\/portaltela.pt\/api\/wp\/v2\/comments?post=224566"}],"version-history":[{"count":0,"href":"https:\/\/portaltela.pt\/api\/wp\/v2\/posts\/224566\/revisions"}],"wp:featuredmedia":[{"embeddable":true,"href":"https:\/\/portaltela.pt\/api\/wp\/v2\/media\/224569"}],"wp:attachment":[{"href":"https:\/\/portaltela.pt\/api\/wp\/v2\/media?parent=224566"}],"wp:term":[{"taxonomy":"category","embeddable":true,"href":"https:\/\/portaltela.pt\/api\/wp\/v2\/categories?post=224566"},{"taxonomy":"post_tag","embeddable":true,"href":"https:\/\/portaltela.pt\/api\/wp\/v2\/tags?post=224566"}],"curies":[{"name":"wp","href":"https:\/\/api.w.org\/{rel}","templated":true}]}}