{"id":224448,"date":"2026-02-24T12:31:46","date_gmt":"2026-02-24T15:31:46","guid":{"rendered":"https:\/\/portaltela.pt\/noticias\/2026\/02\/24\/contentores-de-lixo-cheios-em-evora-por-falta-de-camioes-de-recolha\/"},"modified":"2026-02-24T12:31:46","modified_gmt":"2026-02-24T15:31:46","slug":"contentores-de-lixo-cheios-em-evora-por-falta-de-camioes-de-recolha","status":"publish","type":"post","link":"https:\/\/portaltela.pt\/noticias\/2026\/02\/24\/contentores-de-lixo-cheios-em-evora-por-falta-de-camioes-de-recolha\/","title":{"rendered":"Contentores de lixo cheios em \u00c9vora por falta de cami\u00f5es de recolha"},"content":{"rendered":"<p>A C\u00e2mara de \u00c9vora enfrentou uma falha aguda de frota na \u00faltima semana, com apenas um cami\u00e3o dispon\u00edvel para a recolha de lixo no munic\u00edpio. A acumula\u00e7\u00e3o de res\u00edduos tornou-se vis\u00edvel em v\u00e1rias zonas gra\u00e7as \u00e0 paragem prolongada de viaturas em oficina.<\/p>\n<p>O vice-presidente Jer\u00f3nimo Jos\u00e9, respons\u00e1vel pela Higiene e Limpeza P\u00fablicas, explicou que, apesar de haver mais viaturas, todas as outras est\u00e3o inoperacionais. A idade m\u00e9dia da frota local aproxima-se dos 25 anos, o que condiciona fortemente a capacidade de opera\u00e7\u00e3o.<\/p>\n<h3>Refor\u00e7os tempor\u00e1rios e planos de renova\u00e7\u00e3o<\/h3>\n<p>No \u00faltimo fim de semana, apenas com uma viatura, foram recolhidas 130 toneladas de res\u00edduos. A administra\u00e7\u00e3o contratou uma empresa de \u00c9vora para refor\u00e7ar a recolha, com atua\u00e7\u00e3o de 24 horas por dia em quatro turnos a partir desta ter\u00e7a-feira.<\/p>\n<p>A gest\u00e3o PS vai propor, na reuni\u00e3o de c\u00e2mara de 5 de mar\u00e7o, um concurso p\u00fablico para a aquisi\u00e7\u00e3o de quatro novas viaturas, num or\u00e7amento pr\u00f3ximo de 700 mil euros. Espera-se que as novas viaturas entrem em servi\u00e7o at\u00e9 ao fim da primavera.<\/p>\n<p>Jer\u00f3nimo Jos\u00e9 informou ainda que uma viatura em repara\u00e7\u00e3o dever\u00e1 ficar pronta em breve, com entrada prevista para quinta ou sexta-feira. O autarca acusou a gest\u00e3o anterior da CDU de ter adiado solu\u00e7\u00f5es para a renova\u00e7\u00e3o das frotas.<\/p>\n","protected":false},"excerpt":{"rendered":"<ul>\n<li>A C\u00e2mara de \u00c9vora teve apenas um cami\u00e3o dispon\u00edvel para a recolha de lixo na \u00faltima semana, devido a avarias na restante frota, levando \u00e0 acumula\u00e7\u00e3o de res\u00edduos nos contentores.<\/li>\n<li>Com uma viatura, passaram a haver sete rotas de manh\u00e3 e cinco \u00e0 noite, o que n\u00e3o chega para cobrir o concelho, segundo o vice-presidente Jer\u00f3nimo Jos\u00e9.<\/li>\n<li>A frota \u00e9 antiga: a m\u00e9dia de idade das viaturas \u00e9 de aproximadamente 25 anos, e as viaturas alugadas chegaram de outros circuitos com idade j\u00e1 avan\u00e7ada.<\/li>\n<li>Foi contratado servi\u00e7o externo para a recolha de lixo; um cami\u00e3o pode come\u00e7ar a operar ainda hoje, 24 horas por dia, em quatro turnos.<\/li>\n<li>A C\u00e2mara prepara um concurso p\u00fablico para adquirir quatro novas viaturas, num valor de cerca de 700 mil euros, com expectativa de refor\u00e7o at\u00e9 ao final da primavera; uma viatura em repara\u00e7\u00e3o dever\u00e1 ficar pronta em breve.<\/li>\n<\/ul>\n","protected":false},"author":2,"featured_media":224449,"comment_status":"closed","ping_status":"closed","sticky":false,"template":"","format":"standard","meta":{"footnotes":""},"categories":[1],"tags":[1074,2667,5334,1831,45,645],"class_list":["post-224448","post","type-post","status-publish","format-standard","has-post-thumbnail","hentry","category-noticias","tag-evora","tag-gestao-de-residuos","tag-gestao-publica","tag-limpeza-urbana","tag-meio-ambiente","tag-residuos"],"yoast_head":"<!-- This site is optimized with the Yoast SEO plugin v27.2 - https:\/\/yoast.com\/product\/yoast-seo-wordpress\/ -->\n<title>Contentores de lixo cheios em \u00c9vora por falta de cami\u00f5es de recolha - Portal Tela Portugal<\/title>\n<meta name=\"robots\" content=\"index, follow, max-snippet:-1, max-image-preview:large, max-video-preview:-1\" \/>\n<meta property=\"og:locale\" content=\"pt_PT\" \/>\n<meta property=\"og:type\" content=\"article\" \/>\n<meta property=\"og:title\" content=\"Contentores de lixo cheios em \u00c9vora por falta de cami\u00f5es de recolha - Portal Tela Portugal\" \/>\n<meta property=\"og:description\" content=\"A C\u00e2mara de \u00c9vora teve apenas um cami\u00e3o dispon\u00edvel para a recolha de lixo na \u00faltima semana, devido a avarias na restante frota, levando \u00e0 acumula\u00e7\u00e3o de res\u00edduos nos contentores. Com uma viatura, passaram a haver sete rotas de manh\u00e3 e cinco \u00e0 noite, o que n\u00e3o chega para cobrir o concelho, segundo o vice-presidente Jer\u00f3nimo Jos\u00e9. A frota \u00e9 antiga: a m\u00e9dia de idade das viaturas \u00e9 de aproximadamente 25 anos, e as viaturas alugadas chegaram de outros circuitos com idade j\u00e1 avan\u00e7ada. Foi contratado servi\u00e7o externo para a recolha de lixo; um cami\u00e3o pode come\u00e7ar a operar ainda hoje, 24 horas por dia, em quatro turnos. A C\u00e2mara prepara um concurso p\u00fablico para adquirir quatro novas viaturas, num valor de cerca de 700 mil euros, com expectativa de refor\u00e7o at\u00e9 ao final da primavera; uma viatura em repara\u00e7\u00e3o dever\u00e1 ficar pronta em breve.\" \/>\n<meta property=\"og:url\" content=\"https:\/\/portaltela.pt\/noticias\/2026\/02\/24\/contentores-de-lixo-cheios-em-evora-por-falta-de-camioes-de-recolha\/\" \/>\n<meta property=\"og:site_name\" content=\"Portal Tela Portugal\" \/>\n<meta property=\"article:published_time\" content=\"2026-02-24T15:31:46+00:00\" \/>\n<meta name=\"author\" content=\"Telinha\" \/>\n<meta name=\"twitter:card\" content=\"summary_large_image\" \/>\n<meta name=\"twitter:label1\" content=\"Escrito por\" \/>\n\t<meta name=\"twitter:data1\" content=\"Telinha\" \/>\n\t<meta name=\"twitter:label2\" content=\"Tempo estimado de leitura\" \/>\n\t<meta name=\"twitter:data2\" content=\"1 minuto\" \/>\n<script type=\"application\/ld+json\" class=\"yoast-schema-graph\">{\"@context\":\"https:\/\/schema.org\",\"@graph\":[{\"@type\":\"Article\",\"@id\":\"https:\/\/portaltela.pt\/noticias\/2026\/02\/24\/contentores-de-lixo-cheios-em-evora-por-falta-de-camioes-de-recolha\/#article\",\"isPartOf\":{\"@id\":\"https:\/\/portaltela.pt\/noticias\/2026\/02\/24\/contentores-de-lixo-cheios-em-evora-por-falta-de-camioes-de-recolha\/\"},\"author\":{\"name\":\"Telinha\",\"@id\":\"https:\/\/portaltela.pt\/#\/schema\/person\/c4278d4a6028830caff9ee44b42d32ed\"},\"headline\":\"Contentores de lixo cheios em \u00c9vora por falta de cami\u00f5es de recolha\",\"datePublished\":\"2026-02-24T15:31:46+00:00\",\"mainEntityOfPage\":{\"@id\":\"https:\/\/portaltela.pt\/noticias\/2026\/02\/24\/contentores-de-lixo-cheios-em-evora-por-falta-de-camioes-de-recolha\/\"},\"wordCount\":253,\"image\":{\"@id\":\"https:\/\/portaltela.pt\/noticias\/2026\/02\/24\/contentores-de-lixo-cheios-em-evora-por-falta-de-camioes-de-recolha\/#primaryimage\"},\"thumbnailUrl\":\"https:\/\/portaltela.pt\/s.01k8rhncp4jt1\/2026\/02\/img_1500x1000uu2013-02-20-18-32-00-327484.jpg\",\"keywords\":[\"\u00c9vora\",\"gest\u00e3o de res\u00edduos\",\"gest\u00e3o p\u00fablica\",\"limpeza urbana\",\"meio-ambiente\",\"res\u00edduos\"],\"articleSection\":[\"Not\u00edcias\"],\"inLanguage\":\"pt-PT\"},{\"@type\":\"WebPage\",\"@id\":\"https:\/\/portaltela.pt\/noticias\/2026\/02\/24\/contentores-de-lixo-cheios-em-evora-por-falta-de-camioes-de-recolha\/\",\"url\":\"https:\/\/portaltela.pt\/noticias\/2026\/02\/24\/contentores-de-lixo-cheios-em-evora-por-falta-de-camioes-de-recolha\/\",\"name\":\"Contentores de lixo cheios em \u00c9vora por falta de cami\u00f5es de recolha - Portal Tela Portugal\",\"isPartOf\":{\"@id\":\"https:\/\/portaltela.pt\/#website\"},\"primaryImageOfPage\":{\"@id\":\"https:\/\/portaltela.pt\/noticias\/2026\/02\/24\/contentores-de-lixo-cheios-em-evora-por-falta-de-camioes-de-recolha\/#primaryimage\"},\"image\":{\"@id\":\"https:\/\/portaltela.pt\/noticias\/2026\/02\/24\/contentores-de-lixo-cheios-em-evora-por-falta-de-camioes-de-recolha\/#primaryimage\"},\"thumbnailUrl\":\"https:\/\/portaltela.pt\/s.01k8rhncp4jt1\/2026\/02\/img_1500x1000uu2013-02-20-18-32-00-327484.jpg\",\"datePublished\":\"2026-02-24T15:31:46+00:00\",\"author\":{\"@id\":\"https:\/\/portaltela.pt\/#\/schema\/person\/c4278d4a6028830caff9ee44b42d32ed\"},\"breadcrumb\":{\"@id\":\"https:\/\/portaltela.pt\/noticias\/2026\/02\/24\/contentores-de-lixo-cheios-em-evora-por-falta-de-camioes-de-recolha\/#breadcrumb\"},\"inLanguage\":\"pt-PT\",\"potentialAction\":[{\"@type\":\"ReadAction\",\"target\":[\"https:\/\/portaltela.pt\/noticias\/2026\/02\/24\/contentores-de-lixo-cheios-em-evora-por-falta-de-camioes-de-recolha\/\"]}]},{\"@type\":\"ImageObject\",\"inLanguage\":\"pt-PT\",\"@id\":\"https:\/\/portaltela.pt\/noticias\/2026\/02\/24\/contentores-de-lixo-cheios-em-evora-por-falta-de-camioes-de-recolha\/#primaryimage\",\"url\":\"https:\/\/portaltela.pt\/s.01k8rhncp4jt1\/2026\/02\/img_1500x1000uu2013-02-20-18-32-00-327484.jpg\",\"contentUrl\":\"https:\/\/portaltela.pt\/s.01k8rhncp4jt1\/2026\/02\/img_1500x1000uu2013-02-20-18-32-00-327484.jpg\",\"width\":796,\"height\":448,\"caption\":\"Contentores do lixo ficam cheios em \u00c9vora por falta de cami\u00f5es para recolha\"},{\"@type\":\"BreadcrumbList\",\"@id\":\"https:\/\/portaltela.pt\/noticias\/2026\/02\/24\/contentores-de-lixo-cheios-em-evora-por-falta-de-camioes-de-recolha\/#breadcrumb\",\"itemListElement\":[{\"@type\":\"ListItem\",\"position\":1,\"name\":\"In\u00edcio\",\"item\":\"https:\/\/portaltela.pt\/\"},{\"@type\":\"ListItem\",\"position\":2,\"name\":\"Contentores de lixo cheios em \u00c9vora por falta de cami\u00f5es de recolha\"}]},{\"@type\":\"WebSite\",\"@id\":\"https:\/\/portaltela.pt\/#website\",\"url\":\"https:\/\/portaltela.pt\/\",\"name\":\"Portal Tela Portugal\",\"description\":\"\",\"potentialAction\":[{\"@type\":\"SearchAction\",\"target\":{\"@type\":\"EntryPoint\",\"urlTemplate\":\"https:\/\/portaltela.pt\/?s={search_term_string}\"},\"query-input\":{\"@type\":\"PropertyValueSpecification\",\"valueRequired\":true,\"valueName\":\"search_term_string\"}}],\"inLanguage\":\"pt-PT\"},{\"@type\":\"Person\",\"@id\":\"https:\/\/portaltela.pt\/#\/schema\/person\/c4278d4a6028830caff9ee44b42d32ed\",\"name\":\"Telinha\",\"image\":{\"@type\":\"ImageObject\",\"inLanguage\":\"pt-PT\",\"@id\":\"https:\/\/portaltela.pt\/s.01k8rhncp4jt1\/2025\/11\/talking-bot-125x125.png\",\"url\":\"https:\/\/portaltela.pt\/s.01k8rhncp4jt1\/2025\/11\/talking-bot-125x125.png\",\"contentUrl\":\"https:\/\/portaltela.pt\/s.01k8rhncp4jt1\/2025\/11\/talking-bot-125x125.png\",\"caption\":\"Telinha\"},\"sameAs\":[\"https:\/\/portaltela.pt\/\"],\"url\":\"https:\/\/portaltela.pt\/por\/367410592786\/\"}]}<\/script>\n<!-- \/ Yoast SEO plugin. -->","yoast_head_json":{"title":"Contentores de lixo cheios em \u00c9vora por falta de cami\u00f5es de recolha - Portal Tela Portugal","robots":{"index":"index","follow":"follow","max-snippet":"max-snippet:-1","max-image-preview":"max-image-preview:large","max-video-preview":"max-video-preview:-1"},"og_locale":"pt_PT","og_type":"article","og_title":"Contentores de lixo cheios em \u00c9vora por falta de cami\u00f5es de recolha - Portal Tela Portugal","og_description":"A C\u00e2mara de \u00c9vora teve apenas um cami\u00e3o dispon\u00edvel para a recolha de lixo na \u00faltima semana, devido a avarias na restante frota, levando \u00e0 acumula\u00e7\u00e3o de res\u00edduos nos contentores. Com uma viatura, passaram a haver sete rotas de manh\u00e3 e cinco \u00e0 noite, o que n\u00e3o chega para cobrir o concelho, segundo o vice-presidente Jer\u00f3nimo Jos\u00e9. A frota \u00e9 antiga: a m\u00e9dia de idade das viaturas \u00e9 de aproximadamente 25 anos, e as viaturas alugadas chegaram de outros circuitos com idade j\u00e1 avan\u00e7ada. Foi contratado servi\u00e7o externo para a recolha de lixo; um cami\u00e3o pode come\u00e7ar a operar ainda hoje, 24 horas por dia, em quatro turnos. A C\u00e2mara prepara um concurso p\u00fablico para adquirir quatro novas viaturas, num valor de cerca de 700 mil euros, com expectativa de refor\u00e7o at\u00e9 ao final da primavera; uma viatura em repara\u00e7\u00e3o dever\u00e1 ficar pronta em breve.","og_url":"https:\/\/portaltela.pt\/noticias\/2026\/02\/24\/contentores-de-lixo-cheios-em-evora-por-falta-de-camioes-de-recolha\/","og_site_name":"Portal Tela Portugal","article_published_time":"2026-02-24T15:31:46+00:00","author":"Telinha","twitter_card":"summary_large_image","twitter_misc":{"Escrito por":"Telinha","Tempo estimado de leitura":"1 minuto"},"schema":{"@context":"https:\/\/schema.org","@graph":[{"@type":"Article","@id":"https:\/\/portaltela.pt\/noticias\/2026\/02\/24\/contentores-de-lixo-cheios-em-evora-por-falta-de-camioes-de-recolha\/#article","isPartOf":{"@id":"https:\/\/portaltela.pt\/noticias\/2026\/02\/24\/contentores-de-lixo-cheios-em-evora-por-falta-de-camioes-de-recolha\/"},"author":{"name":"Telinha","@id":"https:\/\/portaltela.pt\/#\/schema\/person\/c4278d4a6028830caff9ee44b42d32ed"},"headline":"Contentores de lixo cheios em \u00c9vora por falta de cami\u00f5es de recolha","datePublished":"2026-02-24T15:31:46+00:00","mainEntityOfPage":{"@id":"https:\/\/portaltela.pt\/noticias\/2026\/02\/24\/contentores-de-lixo-cheios-em-evora-por-falta-de-camioes-de-recolha\/"},"wordCount":253,"image":{"@id":"https:\/\/portaltela.pt\/noticias\/2026\/02\/24\/contentores-de-lixo-cheios-em-evora-por-falta-de-camioes-de-recolha\/#primaryimage"},"thumbnailUrl":"https:\/\/portaltela.pt\/s.01k8rhncp4jt1\/2026\/02\/img_1500x1000uu2013-02-20-18-32-00-327484.jpg","keywords":["\u00c9vora","gest\u00e3o de res\u00edduos","gest\u00e3o p\u00fablica","limpeza urbana","meio-ambiente","res\u00edduos"],"articleSection":["Not\u00edcias"],"inLanguage":"pt-PT"},{"@type":"WebPage","@id":"https:\/\/portaltela.pt\/noticias\/2026\/02\/24\/contentores-de-lixo-cheios-em-evora-por-falta-de-camioes-de-recolha\/","url":"https:\/\/portaltela.pt\/noticias\/2026\/02\/24\/contentores-de-lixo-cheios-em-evora-por-falta-de-camioes-de-recolha\/","name":"Contentores de lixo cheios em \u00c9vora por falta de cami\u00f5es de recolha - Portal Tela Portugal","isPartOf":{"@id":"https:\/\/portaltela.pt\/#website"},"primaryImageOfPage":{"@id":"https:\/\/portaltela.pt\/noticias\/2026\/02\/24\/contentores-de-lixo-cheios-em-evora-por-falta-de-camioes-de-recolha\/#primaryimage"},"image":{"@id":"https:\/\/portaltela.pt\/noticias\/2026\/02\/24\/contentores-de-lixo-cheios-em-evora-por-falta-de-camioes-de-recolha\/#primaryimage"},"thumbnailUrl":"https:\/\/portaltela.pt\/s.01k8rhncp4jt1\/2026\/02\/img_1500x1000uu2013-02-20-18-32-00-327484.jpg","datePublished":"2026-02-24T15:31:46+00:00","author":{"@id":"https:\/\/portaltela.pt\/#\/schema\/person\/c4278d4a6028830caff9ee44b42d32ed"},"breadcrumb":{"@id":"https:\/\/portaltela.pt\/noticias\/2026\/02\/24\/contentores-de-lixo-cheios-em-evora-por-falta-de-camioes-de-recolha\/#breadcrumb"},"inLanguage":"pt-PT","potentialAction":[{"@type":"ReadAction","target":["https:\/\/portaltela.pt\/noticias\/2026\/02\/24\/contentores-de-lixo-cheios-em-evora-por-falta-de-camioes-de-recolha\/"]}]},{"@type":"ImageObject","inLanguage":"pt-PT","@id":"https:\/\/portaltela.pt\/noticias\/2026\/02\/24\/contentores-de-lixo-cheios-em-evora-por-falta-de-camioes-de-recolha\/#primaryimage","url":"https:\/\/portaltela.pt\/s.01k8rhncp4jt1\/2026\/02\/img_1500x1000uu2013-02-20-18-32-00-327484.jpg","contentUrl":"https:\/\/portaltela.pt\/s.01k8rhncp4jt1\/2026\/02\/img_1500x1000uu2013-02-20-18-32-00-327484.jpg","width":796,"height":448,"caption":"Contentores do lixo ficam cheios em \u00c9vora por falta de cami\u00f5es para recolha"},{"@type":"BreadcrumbList","@id":"https:\/\/portaltela.pt\/noticias\/2026\/02\/24\/contentores-de-lixo-cheios-em-evora-por-falta-de-camioes-de-recolha\/#breadcrumb","itemListElement":[{"@type":"ListItem","position":1,"name":"In\u00edcio","item":"https:\/\/portaltela.pt\/"},{"@type":"ListItem","position":2,"name":"Contentores de lixo cheios em \u00c9vora por falta de cami\u00f5es de recolha"}]},{"@type":"WebSite","@id":"https:\/\/portaltela.pt\/#website","url":"https:\/\/portaltela.pt\/","name":"Portal Tela Portugal","description":"","potentialAction":[{"@type":"SearchAction","target":{"@type":"EntryPoint","urlTemplate":"https:\/\/portaltela.pt\/?s={search_term_string}"},"query-input":{"@type":"PropertyValueSpecification","valueRequired":true,"valueName":"search_term_string"}}],"inLanguage":"pt-PT"},{"@type":"Person","@id":"https:\/\/portaltela.pt\/#\/schema\/person\/c4278d4a6028830caff9ee44b42d32ed","name":"Telinha","image":{"@type":"ImageObject","inLanguage":"pt-PT","@id":"https:\/\/portaltela.pt\/s.01k8rhncp4jt1\/2025\/11\/talking-bot-125x125.png","url":"https:\/\/portaltela.pt\/s.01k8rhncp4jt1\/2025\/11\/talking-bot-125x125.png","contentUrl":"https:\/\/portaltela.pt\/s.01k8rhncp4jt1\/2025\/11\/talking-bot-125x125.png","caption":"Telinha"},"sameAs":["https:\/\/portaltela.pt\/"],"url":"https:\/\/portaltela.pt\/por\/367410592786\/"}]}},"_links":{"self":[{"href":"https:\/\/portaltela.pt\/api\/wp\/v2\/posts\/224448","targetHints":{"allow":["GET"]}}],"collection":[{"href":"https:\/\/portaltela.pt\/api\/wp\/v2\/posts"}],"about":[{"href":"https:\/\/portaltela.pt\/api\/wp\/v2\/types\/post"}],"author":[{"embeddable":true,"href":"https:\/\/portaltela.pt\/api\/wp\/v2\/users\/2"}],"replies":[{"embeddable":true,"href":"https:\/\/portaltela.pt\/api\/wp\/v2\/comments?post=224448"}],"version-history":[{"count":0,"href":"https:\/\/portaltela.pt\/api\/wp\/v2\/posts\/224448\/revisions"}],"wp:featuredmedia":[{"embeddable":true,"href":"https:\/\/portaltela.pt\/api\/wp\/v2\/media\/224449"}],"wp:attachment":[{"href":"https:\/\/portaltela.pt\/api\/wp\/v2\/media?parent=224448"}],"wp:term":[{"taxonomy":"category","embeddable":true,"href":"https:\/\/portaltela.pt\/api\/wp\/v2\/categories?post=224448"},{"taxonomy":"post_tag","embeddable":true,"href":"https:\/\/portaltela.pt\/api\/wp\/v2\/tags?post=224448"}],"curies":[{"name":"wp","href":"https:\/\/api.w.org\/{rel}","templated":true}]}}