{"id":224421,"date":"2026-02-24T12:20:39","date_gmt":"2026-02-24T15:20:39","guid":{"rendered":"https:\/\/portaltela.pt\/noticias\/2026\/02\/24\/ps-propoe-incluir-monchique-e-alcoutim-nos-apoios-a-reconstrucao-apos-mau-tempo\/"},"modified":"2026-02-24T12:20:39","modified_gmt":"2026-02-24T15:20:39","slug":"ps-propoe-incluir-monchique-e-alcoutim-nos-apoios-a-reconstrucao-apos-mau-tempo","status":"publish","type":"post","link":"https:\/\/portaltela.pt\/noticias\/politica\/2026\/02\/24\/ps-propoe-incluir-monchique-e-alcoutim-nos-apoios-a-reconstrucao-apos-mau-tempo\/","title":{"rendered":"PS prop\u00f5e incluir Monchique e Alcoutim nos apoios \u00e0 reconstru\u00e7\u00e3o ap\u00f3s mau tempo"},"content":{"rendered":"<p>O PS prop\u00f4s incluir os munic\u00edpios algarvios de Monchique e Alcoutim no regime excecional e tempor\u00e1rio de apoio \u00e0 reabilita\u00e7\u00e3o e reconstru\u00e7\u00e3o dos concelhos afetados pela depress\u00e3o Kristin. A medida destina-se a facilitar a recupera\u00e7\u00e3o de infraestruturas e patrim\u00f3nio danificados.<\/p>\n<p>Os deputados socialistas eleitos por Faro sustentam que Alcoutim e Monchique tamb\u00e9m sofreram danos relevantes, justificando a extens\u00e3o do regime a estes concelhos. A proposta de lei deve ser discutida na Assembleia da Rep\u00fablica.<\/p>\n<p>O grupo parlamentar do PS apresentou uma proposta de inclus\u00e3o, a ser votada ter\u00e7a-feira, na proposta de lei 59 do Governo e na altera\u00e7\u00e3o de \u00e2mbito territorial apresentada pelo PS. A dep. come\u00e7ou a 28 de janeiro.<\/p>\n<h3>Contexto e danos<\/h3>\n<p>Monchique, no barlavento, registou estragos significativos em v\u00e1rias vias nacionais e caminhos municipais devido a movimentos de massa, \u00e1rvores e estruturas. A vila ficou com v\u00e1rias acessibilidades condicionadas.<\/p>\n<p>Alcoutim enfrentou inunda\u00e7\u00f5es na zona ribeirinha do Guadiana, com inunda\u00e7\u00e3o de \u00e1reas centrais e danos em cais, balne\u00e1rios e quiosques. M\u00e9dias locais registaram estragos tamb\u00e9m em equipamentos municipais.<\/p>\n<p>De forma geral, o mau tempo provocou encerramentos de estradas, interrup\u00e7\u00f5es de servi\u00e7os e cortes de energia, \u00e1gua e comunica\u00e7\u00f5es. O temporal causou v\u00e1rias v\u00edtimas e centenas de desalojados. As regi\u00f5es Centro, Lisboa e Alentejo foram as mais afetadas.<\/p>\n","protected":false},"excerpt":{"rendered":"<ul>\n<li>O Ps prop\u00f4s incluir Monchique e Alcoutim no regime excecional e tempor\u00e1rio de apoio \u00e0 reconstru\u00e7\u00e3o de concelhos afetados pela tempestade Kristin.<\/li>\n<\/ul>\n<p>\u2022<\/p>\n<p>O deputado Lu\u00eds Gra\u00e7a afirmou que a aus\u00eancia destes dois concelhos no regime \u00e9 injusta e pode afetar a cobertura de seguros, al\u00e9m de permitir apoios diretos do Estado.<\/p>\n<p>\u2022<\/p>\n<p>A proposta de lei 59, em discuss\u00e3o na Assembleia da Rep\u00fablica, visa incluir estes munic\u00edpios algarvios quando for votada.<\/p>\n<p>\u2022<\/p>\n<p>Alcoutim ficou inundado pela subida do rio Guadiana, com danos na zona ribeirinha e em infraestruturas, enquanto Monchique registou estradas danificadas e interrup\u00e7\u00f5es de vias.<\/p>\n<p>\u2022<\/p>\n<p>Foram dezasseis as pessoas que morreram no pa\u00eds na sequ\u00eancia das depress\u00f5es que partiram no fim de janeiro, com centenas de feridos e desalojados.<\/p>\n","protected":false},"author":2,"featured_media":224423,"comment_status":"closed","ping_status":"closed","sticky":false,"template":"","format":"standard","meta":{"footnotes":""},"categories":[1,5],"tags":[928,1211,5215,3004,5198,5031],"class_list":["post-224421","post","type-post","status-publish","format-standard","has-post-thumbnail","hentry","category-noticias","category-politica","tag-algarve","tag-apoio-social","tag-catastrofes-naturais","tag-desalojados","tag-monchique","tag-reconstrucao-urbana"],"yoast_head":"<!-- This site is optimized with the Yoast SEO plugin v27.2 - https:\/\/yoast.com\/product\/yoast-seo-wordpress\/ -->\n<title>PS prop\u00f5e incluir Monchique e Alcoutim nos apoios \u00e0 reconstru\u00e7\u00e3o ap\u00f3s mau tempo - Portal Tela Portugal<\/title>\n<meta name=\"robots\" content=\"index, follow, max-snippet:-1, max-image-preview:large, max-video-preview:-1\" \/>\n<meta property=\"og:locale\" content=\"pt_PT\" \/>\n<meta property=\"og:type\" content=\"article\" \/>\n<meta property=\"og:title\" content=\"PS prop\u00f5e incluir Monchique e Alcoutim nos apoios \u00e0 reconstru\u00e7\u00e3o ap\u00f3s mau tempo - Portal Tela Portugal\" \/>\n<meta property=\"og:description\" content=\"O Ps prop\u00f4s incluir Monchique e Alcoutim no regime excecional e tempor\u00e1rio de apoio \u00e0 reconstru\u00e7\u00e3o de concelhos afetados pela tempestade Kristin. \u2022 O deputado Lu\u00eds Gra\u00e7a afirmou que a aus\u00eancia destes dois concelhos no regime \u00e9 injusta e pode afetar a cobertura de seguros, al\u00e9m de permitir apoios diretos do Estado. \u2022 A proposta de lei 59, em discuss\u00e3o na Assembleia da Rep\u00fablica, visa incluir estes munic\u00edpios algarvios quando for votada. \u2022 Alcoutim ficou inundado pela subida do rio Guadiana, com danos na zona ribeirinha e em infraestruturas, enquanto Monchique registou estradas danificadas e interrup\u00e7\u00f5es de vias. \u2022 Foram dezasseis as pessoas que morreram no pa\u00eds na sequ\u00eancia das depress\u00f5es que partiram no fim de janeiro, com centenas de feridos e desalojados.\" \/>\n<meta property=\"og:url\" content=\"https:\/\/portaltela.pt\/noticias\/2026\/02\/24\/ps-propoe-incluir-monchique-e-alcoutim-nos-apoios-a-reconstrucao-apos-mau-tempo\/\" \/>\n<meta property=\"og:site_name\" content=\"Portal Tela Portugal\" \/>\n<meta property=\"article:published_time\" content=\"2026-02-24T15:20:39+00:00\" \/>\n<meta name=\"author\" content=\"Telinha\" \/>\n<meta name=\"twitter:card\" content=\"summary_large_image\" \/>\n<meta name=\"twitter:label1\" content=\"Escrito por\" \/>\n\t<meta name=\"twitter:data1\" content=\"Telinha\" \/>\n\t<meta name=\"twitter:label2\" content=\"Tempo estimado de leitura\" \/>\n\t<meta name=\"twitter:data2\" content=\"1 minuto\" \/>\n<script type=\"application\/ld+json\" class=\"yoast-schema-graph\">{\"@context\":\"https:\/\/schema.org\",\"@graph\":[{\"@type\":\"Article\",\"@id\":\"https:\/\/portaltela.pt\/noticias\/2026\/02\/24\/ps-propoe-incluir-monchique-e-alcoutim-nos-apoios-a-reconstrucao-apos-mau-tempo\/#article\",\"isPartOf\":{\"@id\":\"https:\/\/portaltela.pt\/noticias\/2026\/02\/24\/ps-propoe-incluir-monchique-e-alcoutim-nos-apoios-a-reconstrucao-apos-mau-tempo\/\"},\"author\":{\"name\":\"Telinha\",\"@id\":\"https:\/\/portaltela.pt\/#\/schema\/person\/c4278d4a6028830caff9ee44b42d32ed\"},\"headline\":\"PS prop\u00f5e incluir Monchique e Alcoutim nos apoios \u00e0 reconstru\u00e7\u00e3o ap\u00f3s mau tempo\",\"datePublished\":\"2026-02-24T15:20:39+00:00\",\"mainEntityOfPage\":{\"@id\":\"https:\/\/portaltela.pt\/noticias\/2026\/02\/24\/ps-propoe-incluir-monchique-e-alcoutim-nos-apoios-a-reconstrucao-apos-mau-tempo\/\"},\"wordCount\":249,\"image\":{\"@id\":\"https:\/\/portaltela.pt\/noticias\/2026\/02\/24\/ps-propoe-incluir-monchique-e-alcoutim-nos-apoios-a-reconstrucao-apos-mau-tempo\/#primaryimage\"},\"thumbnailUrl\":\"https:\/\/portaltela.pt\/s.01k8rhncp4jt1\/2026\/02\/img_1280x721uu2026-02-05-10-52-41-2264903-1.jpg\",\"keywords\":[\"Algarve\",\"Apoio Social\",\"cat\u00e1strofes naturais\",\"desalojados\",\"Monchique\",\"reconstru\u00e7\u00e3o urbana\"],\"articleSection\":[\"Not\u00edcias\",\"Pol\u00edtica\"],\"inLanguage\":\"pt-PT\"},{\"@type\":\"WebPage\",\"@id\":\"https:\/\/portaltela.pt\/noticias\/2026\/02\/24\/ps-propoe-incluir-monchique-e-alcoutim-nos-apoios-a-reconstrucao-apos-mau-tempo\/\",\"url\":\"https:\/\/portaltela.pt\/noticias\/2026\/02\/24\/ps-propoe-incluir-monchique-e-alcoutim-nos-apoios-a-reconstrucao-apos-mau-tempo\/\",\"name\":\"PS prop\u00f5e incluir Monchique e Alcoutim nos apoios \u00e0 reconstru\u00e7\u00e3o ap\u00f3s mau tempo - Portal Tela Portugal\",\"isPartOf\":{\"@id\":\"https:\/\/portaltela.pt\/#website\"},\"primaryImageOfPage\":{\"@id\":\"https:\/\/portaltela.pt\/noticias\/2026\/02\/24\/ps-propoe-incluir-monchique-e-alcoutim-nos-apoios-a-reconstrucao-apos-mau-tempo\/#primaryimage\"},\"image\":{\"@id\":\"https:\/\/portaltela.pt\/noticias\/2026\/02\/24\/ps-propoe-incluir-monchique-e-alcoutim-nos-apoios-a-reconstrucao-apos-mau-tempo\/#primaryimage\"},\"thumbnailUrl\":\"https:\/\/portaltela.pt\/s.01k8rhncp4jt1\/2026\/02\/img_1280x721uu2026-02-05-10-52-41-2264903-1.jpg\",\"datePublished\":\"2026-02-24T15:20:39+00:00\",\"author\":{\"@id\":\"https:\/\/portaltela.pt\/#\/schema\/person\/c4278d4a6028830caff9ee44b42d32ed\"},\"breadcrumb\":{\"@id\":\"https:\/\/portaltela.pt\/noticias\/2026\/02\/24\/ps-propoe-incluir-monchique-e-alcoutim-nos-apoios-a-reconstrucao-apos-mau-tempo\/#breadcrumb\"},\"inLanguage\":\"pt-PT\",\"potentialAction\":[{\"@type\":\"ReadAction\",\"target\":[\"https:\/\/portaltela.pt\/noticias\/2026\/02\/24\/ps-propoe-incluir-monchique-e-alcoutim-nos-apoios-a-reconstrucao-apos-mau-tempo\/\"]}]},{\"@type\":\"ImageObject\",\"inLanguage\":\"pt-PT\",\"@id\":\"https:\/\/portaltela.pt\/noticias\/2026\/02\/24\/ps-propoe-incluir-monchique-e-alcoutim-nos-apoios-a-reconstrucao-apos-mau-tempo\/#primaryimage\",\"url\":\"https:\/\/portaltela.pt\/s.01k8rhncp4jt1\/2026\/02\/img_1280x721uu2026-02-05-10-52-41-2264903-1.jpg\",\"contentUrl\":\"https:\/\/portaltela.pt\/s.01k8rhncp4jt1\/2026\/02\/img_1280x721uu2026-02-05-10-52-41-2264903-1.jpg\",\"width\":796,\"height\":448,\"caption\":\"V\u00e1rias \u00e1reas continuam inundadas em Alcoutim junto ao rio Guadiana\"},{\"@type\":\"BreadcrumbList\",\"@id\":\"https:\/\/portaltela.pt\/noticias\/2026\/02\/24\/ps-propoe-incluir-monchique-e-alcoutim-nos-apoios-a-reconstrucao-apos-mau-tempo\/#breadcrumb\",\"itemListElement\":[{\"@type\":\"ListItem\",\"position\":1,\"name\":\"In\u00edcio\",\"item\":\"https:\/\/portaltela.pt\/\"},{\"@type\":\"ListItem\",\"position\":2,\"name\":\"PS prop\u00f5e incluir Monchique e Alcoutim nos apoios \u00e0 reconstru\u00e7\u00e3o ap\u00f3s mau tempo\"}]},{\"@type\":\"WebSite\",\"@id\":\"https:\/\/portaltela.pt\/#website\",\"url\":\"https:\/\/portaltela.pt\/\",\"name\":\"Portal Tela Portugal\",\"description\":\"\",\"potentialAction\":[{\"@type\":\"SearchAction\",\"target\":{\"@type\":\"EntryPoint\",\"urlTemplate\":\"https:\/\/portaltela.pt\/?s={search_term_string}\"},\"query-input\":{\"@type\":\"PropertyValueSpecification\",\"valueRequired\":true,\"valueName\":\"search_term_string\"}}],\"inLanguage\":\"pt-PT\"},{\"@type\":\"Person\",\"@id\":\"https:\/\/portaltela.pt\/#\/schema\/person\/c4278d4a6028830caff9ee44b42d32ed\",\"name\":\"Telinha\",\"image\":{\"@type\":\"ImageObject\",\"inLanguage\":\"pt-PT\",\"@id\":\"https:\/\/portaltela.pt\/s.01k8rhncp4jt1\/2025\/11\/talking-bot-125x125.png\",\"url\":\"https:\/\/portaltela.pt\/s.01k8rhncp4jt1\/2025\/11\/talking-bot-125x125.png\",\"contentUrl\":\"https:\/\/portaltela.pt\/s.01k8rhncp4jt1\/2025\/11\/talking-bot-125x125.png\",\"caption\":\"Telinha\"},\"sameAs\":[\"https:\/\/portaltela.pt\/\"],\"url\":\"https:\/\/portaltela.pt\/por\/367410592786\/\"}]}<\/script>\n<!-- \/ Yoast SEO plugin. -->","yoast_head_json":{"title":"PS prop\u00f5e incluir Monchique e Alcoutim nos apoios \u00e0 reconstru\u00e7\u00e3o ap\u00f3s mau tempo - Portal Tela Portugal","robots":{"index":"index","follow":"follow","max-snippet":"max-snippet:-1","max-image-preview":"max-image-preview:large","max-video-preview":"max-video-preview:-1"},"og_locale":"pt_PT","og_type":"article","og_title":"PS prop\u00f5e incluir Monchique e Alcoutim nos apoios \u00e0 reconstru\u00e7\u00e3o ap\u00f3s mau tempo - Portal Tela Portugal","og_description":"O Ps prop\u00f4s incluir Monchique e Alcoutim no regime excecional e tempor\u00e1rio de apoio \u00e0 reconstru\u00e7\u00e3o de concelhos afetados pela tempestade Kristin. \u2022 O deputado Lu\u00eds Gra\u00e7a afirmou que a aus\u00eancia destes dois concelhos no regime \u00e9 injusta e pode afetar a cobertura de seguros, al\u00e9m de permitir apoios diretos do Estado. \u2022 A proposta de lei 59, em discuss\u00e3o na Assembleia da Rep\u00fablica, visa incluir estes munic\u00edpios algarvios quando for votada. \u2022 Alcoutim ficou inundado pela subida do rio Guadiana, com danos na zona ribeirinha e em infraestruturas, enquanto Monchique registou estradas danificadas e interrup\u00e7\u00f5es de vias. \u2022 Foram dezasseis as pessoas que morreram no pa\u00eds na sequ\u00eancia das depress\u00f5es que partiram no fim de janeiro, com centenas de feridos e desalojados.","og_url":"https:\/\/portaltela.pt\/noticias\/2026\/02\/24\/ps-propoe-incluir-monchique-e-alcoutim-nos-apoios-a-reconstrucao-apos-mau-tempo\/","og_site_name":"Portal Tela Portugal","article_published_time":"2026-02-24T15:20:39+00:00","author":"Telinha","twitter_card":"summary_large_image","twitter_misc":{"Escrito por":"Telinha","Tempo estimado de leitura":"1 minuto"},"schema":{"@context":"https:\/\/schema.org","@graph":[{"@type":"Article","@id":"https:\/\/portaltela.pt\/noticias\/2026\/02\/24\/ps-propoe-incluir-monchique-e-alcoutim-nos-apoios-a-reconstrucao-apos-mau-tempo\/#article","isPartOf":{"@id":"https:\/\/portaltela.pt\/noticias\/2026\/02\/24\/ps-propoe-incluir-monchique-e-alcoutim-nos-apoios-a-reconstrucao-apos-mau-tempo\/"},"author":{"name":"Telinha","@id":"https:\/\/portaltela.pt\/#\/schema\/person\/c4278d4a6028830caff9ee44b42d32ed"},"headline":"PS prop\u00f5e incluir Monchique e Alcoutim nos apoios \u00e0 reconstru\u00e7\u00e3o ap\u00f3s mau tempo","datePublished":"2026-02-24T15:20:39+00:00","mainEntityOfPage":{"@id":"https:\/\/portaltela.pt\/noticias\/2026\/02\/24\/ps-propoe-incluir-monchique-e-alcoutim-nos-apoios-a-reconstrucao-apos-mau-tempo\/"},"wordCount":249,"image":{"@id":"https:\/\/portaltela.pt\/noticias\/2026\/02\/24\/ps-propoe-incluir-monchique-e-alcoutim-nos-apoios-a-reconstrucao-apos-mau-tempo\/#primaryimage"},"thumbnailUrl":"https:\/\/portaltela.pt\/s.01k8rhncp4jt1\/2026\/02\/img_1280x721uu2026-02-05-10-52-41-2264903-1.jpg","keywords":["Algarve","Apoio Social","cat\u00e1strofes naturais","desalojados","Monchique","reconstru\u00e7\u00e3o urbana"],"articleSection":["Not\u00edcias","Pol\u00edtica"],"inLanguage":"pt-PT"},{"@type":"WebPage","@id":"https:\/\/portaltela.pt\/noticias\/2026\/02\/24\/ps-propoe-incluir-monchique-e-alcoutim-nos-apoios-a-reconstrucao-apos-mau-tempo\/","url":"https:\/\/portaltela.pt\/noticias\/2026\/02\/24\/ps-propoe-incluir-monchique-e-alcoutim-nos-apoios-a-reconstrucao-apos-mau-tempo\/","name":"PS prop\u00f5e incluir Monchique e Alcoutim nos apoios \u00e0 reconstru\u00e7\u00e3o ap\u00f3s mau tempo - Portal Tela Portugal","isPartOf":{"@id":"https:\/\/portaltela.pt\/#website"},"primaryImageOfPage":{"@id":"https:\/\/portaltela.pt\/noticias\/2026\/02\/24\/ps-propoe-incluir-monchique-e-alcoutim-nos-apoios-a-reconstrucao-apos-mau-tempo\/#primaryimage"},"image":{"@id":"https:\/\/portaltela.pt\/noticias\/2026\/02\/24\/ps-propoe-incluir-monchique-e-alcoutim-nos-apoios-a-reconstrucao-apos-mau-tempo\/#primaryimage"},"thumbnailUrl":"https:\/\/portaltela.pt\/s.01k8rhncp4jt1\/2026\/02\/img_1280x721uu2026-02-05-10-52-41-2264903-1.jpg","datePublished":"2026-02-24T15:20:39+00:00","author":{"@id":"https:\/\/portaltela.pt\/#\/schema\/person\/c4278d4a6028830caff9ee44b42d32ed"},"breadcrumb":{"@id":"https:\/\/portaltela.pt\/noticias\/2026\/02\/24\/ps-propoe-incluir-monchique-e-alcoutim-nos-apoios-a-reconstrucao-apos-mau-tempo\/#breadcrumb"},"inLanguage":"pt-PT","potentialAction":[{"@type":"ReadAction","target":["https:\/\/portaltela.pt\/noticias\/2026\/02\/24\/ps-propoe-incluir-monchique-e-alcoutim-nos-apoios-a-reconstrucao-apos-mau-tempo\/"]}]},{"@type":"ImageObject","inLanguage":"pt-PT","@id":"https:\/\/portaltela.pt\/noticias\/2026\/02\/24\/ps-propoe-incluir-monchique-e-alcoutim-nos-apoios-a-reconstrucao-apos-mau-tempo\/#primaryimage","url":"https:\/\/portaltela.pt\/s.01k8rhncp4jt1\/2026\/02\/img_1280x721uu2026-02-05-10-52-41-2264903-1.jpg","contentUrl":"https:\/\/portaltela.pt\/s.01k8rhncp4jt1\/2026\/02\/img_1280x721uu2026-02-05-10-52-41-2264903-1.jpg","width":796,"height":448,"caption":"V\u00e1rias \u00e1reas continuam inundadas em Alcoutim junto ao rio Guadiana"},{"@type":"BreadcrumbList","@id":"https:\/\/portaltela.pt\/noticias\/2026\/02\/24\/ps-propoe-incluir-monchique-e-alcoutim-nos-apoios-a-reconstrucao-apos-mau-tempo\/#breadcrumb","itemListElement":[{"@type":"ListItem","position":1,"name":"In\u00edcio","item":"https:\/\/portaltela.pt\/"},{"@type":"ListItem","position":2,"name":"PS prop\u00f5e incluir Monchique e Alcoutim nos apoios \u00e0 reconstru\u00e7\u00e3o ap\u00f3s mau tempo"}]},{"@type":"WebSite","@id":"https:\/\/portaltela.pt\/#website","url":"https:\/\/portaltela.pt\/","name":"Portal Tela Portugal","description":"","potentialAction":[{"@type":"SearchAction","target":{"@type":"EntryPoint","urlTemplate":"https:\/\/portaltela.pt\/?s={search_term_string}"},"query-input":{"@type":"PropertyValueSpecification","valueRequired":true,"valueName":"search_term_string"}}],"inLanguage":"pt-PT"},{"@type":"Person","@id":"https:\/\/portaltela.pt\/#\/schema\/person\/c4278d4a6028830caff9ee44b42d32ed","name":"Telinha","image":{"@type":"ImageObject","inLanguage":"pt-PT","@id":"https:\/\/portaltela.pt\/s.01k8rhncp4jt1\/2025\/11\/talking-bot-125x125.png","url":"https:\/\/portaltela.pt\/s.01k8rhncp4jt1\/2025\/11\/talking-bot-125x125.png","contentUrl":"https:\/\/portaltela.pt\/s.01k8rhncp4jt1\/2025\/11\/talking-bot-125x125.png","caption":"Telinha"},"sameAs":["https:\/\/portaltela.pt\/"],"url":"https:\/\/portaltela.pt\/por\/367410592786\/"}]}},"_links":{"self":[{"href":"https:\/\/portaltela.pt\/api\/wp\/v2\/posts\/224421","targetHints":{"allow":["GET"]}}],"collection":[{"href":"https:\/\/portaltela.pt\/api\/wp\/v2\/posts"}],"about":[{"href":"https:\/\/portaltela.pt\/api\/wp\/v2\/types\/post"}],"author":[{"embeddable":true,"href":"https:\/\/portaltela.pt\/api\/wp\/v2\/users\/2"}],"replies":[{"embeddable":true,"href":"https:\/\/portaltela.pt\/api\/wp\/v2\/comments?post=224421"}],"version-history":[{"count":0,"href":"https:\/\/portaltela.pt\/api\/wp\/v2\/posts\/224421\/revisions"}],"wp:featuredmedia":[{"embeddable":true,"href":"https:\/\/portaltela.pt\/api\/wp\/v2\/media\/224423"}],"wp:attachment":[{"href":"https:\/\/portaltela.pt\/api\/wp\/v2\/media?parent=224421"}],"wp:term":[{"taxonomy":"category","embeddable":true,"href":"https:\/\/portaltela.pt\/api\/wp\/v2\/categories?post=224421"},{"taxonomy":"post_tag","embeddable":true,"href":"https:\/\/portaltela.pt\/api\/wp\/v2\/tags?post=224421"}],"curies":[{"name":"wp","href":"https:\/\/api.w.org\/{rel}","templated":true}]}}