{"id":224420,"date":"2026-02-24T12:27:02","date_gmt":"2026-02-24T15:27:02","guid":{"rendered":"https:\/\/portaltela.pt\/noticias\/2026\/02\/24\/autarca-de-coimbra-confronta-ministro-da-agricultura-durante-conferencia\/"},"modified":"2026-02-24T12:27:02","modified_gmt":"2026-02-24T15:27:02","slug":"autarca-de-coimbra-confronta-ministro-da-agricultura-durante-conferencia","status":"publish","type":"post","link":"https:\/\/portaltela.pt\/noticias\/politica\/2026\/02\/24\/autarca-de-coimbra-confronta-ministro-da-agricultura-durante-conferencia\/","title":{"rendered":"Autarca de Coimbra confronta ministro da Agricultura durante confer\u00eancia"},"content":{"rendered":"<p>Na chegada a Coimbra, a autarca Ana Abrunhosa e o ministro da Agricultura, Jos\u00e9 Manuel Fernandes, envolveram-se num momento de tens\u00e3o na presen\u00e7a de jornalistas, com Abrunhosa a acusar o ministro de n\u00e3o ouvir os autarcas.<\/p>\n<p>A troca de palavras teve lugar antes de uma a\u00e7\u00e3o prevista para a comitiva, e a presidente da C\u00e2mara de Coimbra denunciou que o ministro n\u00e3o dava espa\u00e7o de interven\u00e7\u00e3o aos representantes locais. O epis\u00f3dio foi registado por v\u00e1rias c\u00e2maras.<\/p>\n<p>Fontes pr\u00f3ximas do gabinete municipal indicaram que o objetivo era abordar quest\u00f5es locais ligadas \u00e0 agricultura, mas a troca de argumentos condicionou o in\u00edcio da agenda. O incidente aconteceu em Coimbra, num contexto de visitas oficiais e contacto com a administra\u00e7\u00e3o p\u00fablica.<\/p>\n","protected":false},"excerpt":{"rendered":"<ul>\n<li>A autarca de Coimbra, Ana Abrunhosa, confrontou o ministro da Agricultura, Jos\u00e9 Manuel Fernandes, \u00e0 chegada \u00e0 cidade.<\/li>\n<li>Em frente aos jornalistas, a presidente da C\u00e2mara acusou o ministro de n\u00e3o ouvir os autarcas.<\/li>\n<li>O momento gerou uma troca de palavras acesa entre as duas partes.<\/li>\n<li>O epis\u00f3dio ocorreu durante a passagem pela cidade, perto de jornalistas e c\u00e2maras.<\/li>\n<li>N\u00e3o foram avan\u00e7ados desdobramentos adicionais no breve resumo apresentado.<\/li>\n<\/ul>\n","protected":false},"author":2,"featured_media":224424,"comment_status":"closed","ping_status":"closed","sticky":false,"template":"","format":"standard","meta":{"footnotes":""},"categories":[1,5],"tags":[168,179,5901,2706,1070,2832],"class_list":["post-224420","post","type-post","status-publish","format-standard","has-post-thumbnail","hentry","category-noticias","category-politica","tag-administracao-publica","tag-agricultura","tag-ana-abrunhosa","tag-autarquias","tag-coimbra","tag-politica"],"yoast_head":"<!-- This site is optimized with the Yoast SEO plugin v27.2 - https:\/\/yoast.com\/product\/yoast-seo-wordpress\/ -->\n<title>Autarca de Coimbra confronta ministro da Agricultura durante confer\u00eancia - Portal Tela Portugal<\/title>\n<meta name=\"robots\" content=\"index, follow, max-snippet:-1, max-image-preview:large, max-video-preview:-1\" \/>\n<meta property=\"og:locale\" content=\"pt_PT\" \/>\n<meta property=\"og:type\" content=\"article\" \/>\n<meta property=\"og:title\" content=\"Autarca de Coimbra confronta ministro da Agricultura durante confer\u00eancia - Portal Tela Portugal\" \/>\n<meta property=\"og:description\" content=\"A autarca de Coimbra, Ana Abrunhosa, confrontou o ministro da Agricultura, Jos\u00e9 Manuel Fernandes, \u00e0 chegada \u00e0 cidade. Em frente aos jornalistas, a presidente da C\u00e2mara acusou o ministro de n\u00e3o ouvir os autarcas. O momento gerou uma troca de palavras acesa entre as duas partes. O epis\u00f3dio ocorreu durante a passagem pela cidade, perto de jornalistas e c\u00e2maras. N\u00e3o foram avan\u00e7ados desdobramentos adicionais no breve resumo apresentado.\" \/>\n<meta property=\"og:url\" content=\"https:\/\/portaltela.pt\/noticias\/2026\/02\/24\/autarca-de-coimbra-confronta-ministro-da-agricultura-durante-conferencia\/\" \/>\n<meta property=\"og:site_name\" content=\"Portal Tela Portugal\" \/>\n<meta property=\"article:published_time\" content=\"2026-02-24T15:27:02+00:00\" \/>\n<meta name=\"author\" content=\"Telinha\" \/>\n<meta name=\"twitter:card\" content=\"summary_large_image\" \/>\n<meta name=\"twitter:label1\" content=\"Escrito por\" \/>\n\t<meta name=\"twitter:data1\" content=\"Telinha\" \/>\n\t<meta name=\"twitter:label2\" content=\"Tempo estimado de leitura\" \/>\n\t<meta name=\"twitter:data2\" content=\"1 minuto\" \/>\n<script type=\"application\/ld+json\" class=\"yoast-schema-graph\">{\"@context\":\"https:\/\/schema.org\",\"@graph\":[{\"@type\":\"Article\",\"@id\":\"https:\/\/portaltela.pt\/noticias\/2026\/02\/24\/autarca-de-coimbra-confronta-ministro-da-agricultura-durante-conferencia\/#article\",\"isPartOf\":{\"@id\":\"https:\/\/portaltela.pt\/noticias\/2026\/02\/24\/autarca-de-coimbra-confronta-ministro-da-agricultura-durante-conferencia\/\"},\"author\":{\"name\":\"Telinha\",\"@id\":\"https:\/\/portaltela.pt\/#\/schema\/person\/c4278d4a6028830caff9ee44b42d32ed\"},\"headline\":\"Autarca de Coimbra confronta ministro da Agricultura durante confer\u00eancia\",\"datePublished\":\"2026-02-24T15:27:02+00:00\",\"mainEntityOfPage\":{\"@id\":\"https:\/\/portaltela.pt\/noticias\/2026\/02\/24\/autarca-de-coimbra-confronta-ministro-da-agricultura-durante-conferencia\/\"},\"wordCount\":143,\"image\":{\"@id\":\"https:\/\/portaltela.pt\/noticias\/2026\/02\/24\/autarca-de-coimbra-confronta-ministro-da-agricultura-durante-conferencia\/#primaryimage\"},\"thumbnailUrl\":\"https:\/\/portaltela.pt\/s.01k8rhncp4jt1\/2026\/02\/img_1280x722uu2026-02-24-15-12-00-2268755.jpg\",\"keywords\":[\"administra\u00e7\u00e3o p\u00fablica\",\"agricultura\",\"Ana Abrunhosa\",\"autarquias\",\"Coimbra\",\"pol\u00edtica\"],\"articleSection\":[\"Not\u00edcias\",\"Pol\u00edtica\"],\"inLanguage\":\"pt-PT\"},{\"@type\":\"WebPage\",\"@id\":\"https:\/\/portaltela.pt\/noticias\/2026\/02\/24\/autarca-de-coimbra-confronta-ministro-da-agricultura-durante-conferencia\/\",\"url\":\"https:\/\/portaltela.pt\/noticias\/2026\/02\/24\/autarca-de-coimbra-confronta-ministro-da-agricultura-durante-conferencia\/\",\"name\":\"Autarca de Coimbra confronta ministro da Agricultura durante confer\u00eancia - Portal Tela Portugal\",\"isPartOf\":{\"@id\":\"https:\/\/portaltela.pt\/#website\"},\"primaryImageOfPage\":{\"@id\":\"https:\/\/portaltela.pt\/noticias\/2026\/02\/24\/autarca-de-coimbra-confronta-ministro-da-agricultura-durante-conferencia\/#primaryimage\"},\"image\":{\"@id\":\"https:\/\/portaltela.pt\/noticias\/2026\/02\/24\/autarca-de-coimbra-confronta-ministro-da-agricultura-durante-conferencia\/#primaryimage\"},\"thumbnailUrl\":\"https:\/\/portaltela.pt\/s.01k8rhncp4jt1\/2026\/02\/img_1280x722uu2026-02-24-15-12-00-2268755.jpg\",\"datePublished\":\"2026-02-24T15:27:02+00:00\",\"author\":{\"@id\":\"https:\/\/portaltela.pt\/#\/schema\/person\/c4278d4a6028830caff9ee44b42d32ed\"},\"breadcrumb\":{\"@id\":\"https:\/\/portaltela.pt\/noticias\/2026\/02\/24\/autarca-de-coimbra-confronta-ministro-da-agricultura-durante-conferencia\/#breadcrumb\"},\"inLanguage\":\"pt-PT\",\"potentialAction\":[{\"@type\":\"ReadAction\",\"target\":[\"https:\/\/portaltela.pt\/noticias\/2026\/02\/24\/autarca-de-coimbra-confronta-ministro-da-agricultura-durante-conferencia\/\"]}]},{\"@type\":\"ImageObject\",\"inLanguage\":\"pt-PT\",\"@id\":\"https:\/\/portaltela.pt\/noticias\/2026\/02\/24\/autarca-de-coimbra-confronta-ministro-da-agricultura-durante-conferencia\/#primaryimage\",\"url\":\"https:\/\/portaltela.pt\/s.01k8rhncp4jt1\/2026\/02\/img_1280x722uu2026-02-24-15-12-00-2268755.jpg\",\"contentUrl\":\"https:\/\/portaltela.pt\/s.01k8rhncp4jt1\/2026\/02\/img_1280x722uu2026-02-24-15-12-00-2268755.jpg\",\"width\":796,\"height\":448,\"caption\":\"Photo\"},{\"@type\":\"BreadcrumbList\",\"@id\":\"https:\/\/portaltela.pt\/noticias\/2026\/02\/24\/autarca-de-coimbra-confronta-ministro-da-agricultura-durante-conferencia\/#breadcrumb\",\"itemListElement\":[{\"@type\":\"ListItem\",\"position\":1,\"name\":\"In\u00edcio\",\"item\":\"https:\/\/portaltela.pt\/\"},{\"@type\":\"ListItem\",\"position\":2,\"name\":\"Autarca de Coimbra confronta ministro da Agricultura durante confer\u00eancia\"}]},{\"@type\":\"WebSite\",\"@id\":\"https:\/\/portaltela.pt\/#website\",\"url\":\"https:\/\/portaltela.pt\/\",\"name\":\"Portal Tela Portugal\",\"description\":\"\",\"potentialAction\":[{\"@type\":\"SearchAction\",\"target\":{\"@type\":\"EntryPoint\",\"urlTemplate\":\"https:\/\/portaltela.pt\/?s={search_term_string}\"},\"query-input\":{\"@type\":\"PropertyValueSpecification\",\"valueRequired\":true,\"valueName\":\"search_term_string\"}}],\"inLanguage\":\"pt-PT\"},{\"@type\":\"Person\",\"@id\":\"https:\/\/portaltela.pt\/#\/schema\/person\/c4278d4a6028830caff9ee44b42d32ed\",\"name\":\"Telinha\",\"image\":{\"@type\":\"ImageObject\",\"inLanguage\":\"pt-PT\",\"@id\":\"https:\/\/portaltela.pt\/s.01k8rhncp4jt1\/2025\/11\/talking-bot-125x125.png\",\"url\":\"https:\/\/portaltela.pt\/s.01k8rhncp4jt1\/2025\/11\/talking-bot-125x125.png\",\"contentUrl\":\"https:\/\/portaltela.pt\/s.01k8rhncp4jt1\/2025\/11\/talking-bot-125x125.png\",\"caption\":\"Telinha\"},\"sameAs\":[\"https:\/\/portaltela.pt\/\"],\"url\":\"https:\/\/portaltela.pt\/por\/367410592786\/\"}]}<\/script>\n<!-- \/ Yoast SEO plugin. -->","yoast_head_json":{"title":"Autarca de Coimbra confronta ministro da Agricultura durante confer\u00eancia - Portal Tela Portugal","robots":{"index":"index","follow":"follow","max-snippet":"max-snippet:-1","max-image-preview":"max-image-preview:large","max-video-preview":"max-video-preview:-1"},"og_locale":"pt_PT","og_type":"article","og_title":"Autarca de Coimbra confronta ministro da Agricultura durante confer\u00eancia - Portal Tela Portugal","og_description":"A autarca de Coimbra, Ana Abrunhosa, confrontou o ministro da Agricultura, Jos\u00e9 Manuel Fernandes, \u00e0 chegada \u00e0 cidade. Em frente aos jornalistas, a presidente da C\u00e2mara acusou o ministro de n\u00e3o ouvir os autarcas. O momento gerou uma troca de palavras acesa entre as duas partes. O epis\u00f3dio ocorreu durante a passagem pela cidade, perto de jornalistas e c\u00e2maras. N\u00e3o foram avan\u00e7ados desdobramentos adicionais no breve resumo apresentado.","og_url":"https:\/\/portaltela.pt\/noticias\/2026\/02\/24\/autarca-de-coimbra-confronta-ministro-da-agricultura-durante-conferencia\/","og_site_name":"Portal Tela Portugal","article_published_time":"2026-02-24T15:27:02+00:00","author":"Telinha","twitter_card":"summary_large_image","twitter_misc":{"Escrito por":"Telinha","Tempo estimado de leitura":"1 minuto"},"schema":{"@context":"https:\/\/schema.org","@graph":[{"@type":"Article","@id":"https:\/\/portaltela.pt\/noticias\/2026\/02\/24\/autarca-de-coimbra-confronta-ministro-da-agricultura-durante-conferencia\/#article","isPartOf":{"@id":"https:\/\/portaltela.pt\/noticias\/2026\/02\/24\/autarca-de-coimbra-confronta-ministro-da-agricultura-durante-conferencia\/"},"author":{"name":"Telinha","@id":"https:\/\/portaltela.pt\/#\/schema\/person\/c4278d4a6028830caff9ee44b42d32ed"},"headline":"Autarca de Coimbra confronta ministro da Agricultura durante confer\u00eancia","datePublished":"2026-02-24T15:27:02+00:00","mainEntityOfPage":{"@id":"https:\/\/portaltela.pt\/noticias\/2026\/02\/24\/autarca-de-coimbra-confronta-ministro-da-agricultura-durante-conferencia\/"},"wordCount":143,"image":{"@id":"https:\/\/portaltela.pt\/noticias\/2026\/02\/24\/autarca-de-coimbra-confronta-ministro-da-agricultura-durante-conferencia\/#primaryimage"},"thumbnailUrl":"https:\/\/portaltela.pt\/s.01k8rhncp4jt1\/2026\/02\/img_1280x722uu2026-02-24-15-12-00-2268755.jpg","keywords":["administra\u00e7\u00e3o p\u00fablica","agricultura","Ana Abrunhosa","autarquias","Coimbra","pol\u00edtica"],"articleSection":["Not\u00edcias","Pol\u00edtica"],"inLanguage":"pt-PT"},{"@type":"WebPage","@id":"https:\/\/portaltela.pt\/noticias\/2026\/02\/24\/autarca-de-coimbra-confronta-ministro-da-agricultura-durante-conferencia\/","url":"https:\/\/portaltela.pt\/noticias\/2026\/02\/24\/autarca-de-coimbra-confronta-ministro-da-agricultura-durante-conferencia\/","name":"Autarca de Coimbra confronta ministro da Agricultura durante confer\u00eancia - Portal Tela Portugal","isPartOf":{"@id":"https:\/\/portaltela.pt\/#website"},"primaryImageOfPage":{"@id":"https:\/\/portaltela.pt\/noticias\/2026\/02\/24\/autarca-de-coimbra-confronta-ministro-da-agricultura-durante-conferencia\/#primaryimage"},"image":{"@id":"https:\/\/portaltela.pt\/noticias\/2026\/02\/24\/autarca-de-coimbra-confronta-ministro-da-agricultura-durante-conferencia\/#primaryimage"},"thumbnailUrl":"https:\/\/portaltela.pt\/s.01k8rhncp4jt1\/2026\/02\/img_1280x722uu2026-02-24-15-12-00-2268755.jpg","datePublished":"2026-02-24T15:27:02+00:00","author":{"@id":"https:\/\/portaltela.pt\/#\/schema\/person\/c4278d4a6028830caff9ee44b42d32ed"},"breadcrumb":{"@id":"https:\/\/portaltela.pt\/noticias\/2026\/02\/24\/autarca-de-coimbra-confronta-ministro-da-agricultura-durante-conferencia\/#breadcrumb"},"inLanguage":"pt-PT","potentialAction":[{"@type":"ReadAction","target":["https:\/\/portaltela.pt\/noticias\/2026\/02\/24\/autarca-de-coimbra-confronta-ministro-da-agricultura-durante-conferencia\/"]}]},{"@type":"ImageObject","inLanguage":"pt-PT","@id":"https:\/\/portaltela.pt\/noticias\/2026\/02\/24\/autarca-de-coimbra-confronta-ministro-da-agricultura-durante-conferencia\/#primaryimage","url":"https:\/\/portaltela.pt\/s.01k8rhncp4jt1\/2026\/02\/img_1280x722uu2026-02-24-15-12-00-2268755.jpg","contentUrl":"https:\/\/portaltela.pt\/s.01k8rhncp4jt1\/2026\/02\/img_1280x722uu2026-02-24-15-12-00-2268755.jpg","width":796,"height":448,"caption":"Photo"},{"@type":"BreadcrumbList","@id":"https:\/\/portaltela.pt\/noticias\/2026\/02\/24\/autarca-de-coimbra-confronta-ministro-da-agricultura-durante-conferencia\/#breadcrumb","itemListElement":[{"@type":"ListItem","position":1,"name":"In\u00edcio","item":"https:\/\/portaltela.pt\/"},{"@type":"ListItem","position":2,"name":"Autarca de Coimbra confronta ministro da Agricultura durante confer\u00eancia"}]},{"@type":"WebSite","@id":"https:\/\/portaltela.pt\/#website","url":"https:\/\/portaltela.pt\/","name":"Portal Tela Portugal","description":"","potentialAction":[{"@type":"SearchAction","target":{"@type":"EntryPoint","urlTemplate":"https:\/\/portaltela.pt\/?s={search_term_string}"},"query-input":{"@type":"PropertyValueSpecification","valueRequired":true,"valueName":"search_term_string"}}],"inLanguage":"pt-PT"},{"@type":"Person","@id":"https:\/\/portaltela.pt\/#\/schema\/person\/c4278d4a6028830caff9ee44b42d32ed","name":"Telinha","image":{"@type":"ImageObject","inLanguage":"pt-PT","@id":"https:\/\/portaltela.pt\/s.01k8rhncp4jt1\/2025\/11\/talking-bot-125x125.png","url":"https:\/\/portaltela.pt\/s.01k8rhncp4jt1\/2025\/11\/talking-bot-125x125.png","contentUrl":"https:\/\/portaltela.pt\/s.01k8rhncp4jt1\/2025\/11\/talking-bot-125x125.png","caption":"Telinha"},"sameAs":["https:\/\/portaltela.pt\/"],"url":"https:\/\/portaltela.pt\/por\/367410592786\/"}]}},"_links":{"self":[{"href":"https:\/\/portaltela.pt\/api\/wp\/v2\/posts\/224420","targetHints":{"allow":["GET"]}}],"collection":[{"href":"https:\/\/portaltela.pt\/api\/wp\/v2\/posts"}],"about":[{"href":"https:\/\/portaltela.pt\/api\/wp\/v2\/types\/post"}],"author":[{"embeddable":true,"href":"https:\/\/portaltela.pt\/api\/wp\/v2\/users\/2"}],"replies":[{"embeddable":true,"href":"https:\/\/portaltela.pt\/api\/wp\/v2\/comments?post=224420"}],"version-history":[{"count":0,"href":"https:\/\/portaltela.pt\/api\/wp\/v2\/posts\/224420\/revisions"}],"wp:featuredmedia":[{"embeddable":true,"href":"https:\/\/portaltela.pt\/api\/wp\/v2\/media\/224424"}],"wp:attachment":[{"href":"https:\/\/portaltela.pt\/api\/wp\/v2\/media?parent=224420"}],"wp:term":[{"taxonomy":"category","embeddable":true,"href":"https:\/\/portaltela.pt\/api\/wp\/v2\/categories?post=224420"},{"taxonomy":"post_tag","embeddable":true,"href":"https:\/\/portaltela.pt\/api\/wp\/v2\/tags?post=224420"}],"curies":[{"name":"wp","href":"https:\/\/api.w.org\/{rel}","templated":true}]}}