{"id":224417,"date":"2026-02-24T12:29:36","date_gmt":"2026-02-24T15:29:36","guid":{"rendered":"https:\/\/portaltela.pt\/noticias\/2026\/02\/24\/detido-em-oeiras-por-agressao-a-namorada-reformada\/"},"modified":"2026-02-24T12:29:36","modified_gmt":"2026-02-24T15:29:36","slug":"detido-em-oeiras-por-agressao-a-namorada-reformada","status":"publish","type":"post","link":"https:\/\/portaltela.pt\/noticias\/2026\/02\/24\/detido-em-oeiras-por-agressao-a-namorada-reformada\/","title":{"rendered":"Detido em Oeiras por agress\u00e3o a namorada reformada"},"content":{"rendered":"<p>Um homem de 46 anos foi detido no concelho de Oeiras por viol\u00eancia dom\u00e9stica agravada contra a namorada, reformada por invalidez. A rela\u00e7\u00e3o de namoro manteve-se entre fevereiro de 2025 e o m\u00eas passado.<\/p>\n<p>Segundo a investiga\u00e7\u00e3o, o suspeito era alco\u00f3lico e agredia a companheira com frequ\u00eancia, al\u00e9m de a insultar e exigir dinheiro. A v\u00edtima era reformada por invalidez.<\/p>\n<p>A deten\u00e7\u00e3o ocorreu no \u00e2mbito de um processo que j\u00e1 contou com inqu\u00e9rito policial. O homem foi presente a primeiro interrogat\u00f3rio no tribunal de Oeiras.<\/p>\n<p>Foi-lhe decretada pris\u00e3o preventiva e ainda proibido de contactar a antiga companheira, mesmo em situa\u00e7\u00f5es de reclus\u00e3o. O caso segue em investiga\u00e7\u00e3o pelas autoridades competentes.<\/p>\n","protected":false},"excerpt":{"rendered":"<ul>\n<li>Um homem de 46 anos foi detido em Oeiras por viol\u00eancia dom\u00e9stica agravada contra a namorada, reformada por invalidez.<\/li>\n<li>O casal coabitou em rela\u00e7\u00e3o de namoro entre fevereiro de 2025 e o m\u00eas passado, conforme as investiga\u00e7\u00f5es.<\/li>\n<li>O suspeito, alco\u00f3lico, agredia a namorada com frequ\u00eancia e a insultava, chegando a exigir dinheiro.<\/li>\n<li>A deten\u00e7\u00e3o ocorreu e o homem foi apresentado no tribunal do concelho.<\/li>\n<li>Foi-lhe decretada pris\u00e3o preventiva e proibi\u00e7\u00e3o de contactar a antiga companheira, mesmo em reclus\u00e3o.<\/li>\n<\/ul>\n","protected":false},"author":2,"featured_media":224418,"comment_status":"closed","ping_status":"closed","sticky":false,"template":"","format":"standard","meta":{"footnotes":""},"categories":[1],"tags":[2754,1198,4343,214,899],"class_list":["post-224417","post","type-post","status-publish","format-standard","has-post-thumbnail","hentry","category-noticias","tag-agressao","tag-oeiras","tag-prisoes","tag-violencia-domestica","tag-violencia-domestica-agravada"],"yoast_head":"<!-- This site is optimized with the Yoast SEO plugin v27.2 - https:\/\/yoast.com\/product\/yoast-seo-wordpress\/ -->\n<title>Detido em Oeiras por agress\u00e3o a namorada reformada - Portal Tela Portugal<\/title>\n<meta name=\"robots\" content=\"index, follow, max-snippet:-1, max-image-preview:large, max-video-preview:-1\" \/>\n<meta property=\"og:locale\" content=\"pt_PT\" \/>\n<meta property=\"og:type\" content=\"article\" \/>\n<meta property=\"og:title\" content=\"Detido em Oeiras por agress\u00e3o a namorada reformada - Portal Tela Portugal\" \/>\n<meta property=\"og:description\" content=\"Um homem de 46 anos foi detido em Oeiras por viol\u00eancia dom\u00e9stica agravada contra a namorada, reformada por invalidez. O casal coabitou em rela\u00e7\u00e3o de namoro entre fevereiro de 2025 e o m\u00eas passado, conforme as investiga\u00e7\u00f5es. O suspeito, alco\u00f3lico, agredia a namorada com frequ\u00eancia e a insultava, chegando a exigir dinheiro. A deten\u00e7\u00e3o ocorreu e o homem foi apresentado no tribunal do concelho. Foi-lhe decretada pris\u00e3o preventiva e proibi\u00e7\u00e3o de contactar a antiga companheira, mesmo em reclus\u00e3o.\" \/>\n<meta property=\"og:url\" content=\"https:\/\/portaltela.pt\/noticias\/2026\/02\/24\/detido-em-oeiras-por-agressao-a-namorada-reformada\/\" \/>\n<meta property=\"og:site_name\" content=\"Portal Tela Portugal\" \/>\n<meta property=\"article:published_time\" content=\"2026-02-24T15:29:36+00:00\" \/>\n<meta name=\"author\" content=\"Telinha\" \/>\n<meta name=\"twitter:card\" content=\"summary_large_image\" \/>\n<meta name=\"twitter:label1\" content=\"Escrito por\" \/>\n\t<meta name=\"twitter:data1\" content=\"Telinha\" \/>\n\t<meta name=\"twitter:label2\" content=\"Tempo estimado de leitura\" \/>\n\t<meta name=\"twitter:data2\" content=\"1 minuto\" \/>\n<script type=\"application\/ld+json\" class=\"yoast-schema-graph\">{\"@context\":\"https:\/\/schema.org\",\"@graph\":[{\"@type\":\"Article\",\"@id\":\"https:\/\/portaltela.pt\/noticias\/2026\/02\/24\/detido-em-oeiras-por-agressao-a-namorada-reformada\/#article\",\"isPartOf\":{\"@id\":\"https:\/\/portaltela.pt\/noticias\/2026\/02\/24\/detido-em-oeiras-por-agressao-a-namorada-reformada\/\"},\"author\":{\"name\":\"Telinha\",\"@id\":\"https:\/\/portaltela.pt\/#\/schema\/person\/c4278d4a6028830caff9ee44b42d32ed\"},\"headline\":\"Detido em Oeiras por agress\u00e3o a namorada reformada\",\"datePublished\":\"2026-02-24T15:29:36+00:00\",\"mainEntityOfPage\":{\"@id\":\"https:\/\/portaltela.pt\/noticias\/2026\/02\/24\/detido-em-oeiras-por-agressao-a-namorada-reformada\/\"},\"wordCount\":133,\"image\":{\"@id\":\"https:\/\/portaltela.pt\/noticias\/2026\/02\/24\/detido-em-oeiras-por-agressao-a-namorada-reformada\/#primaryimage\"},\"thumbnailUrl\":\"https:\/\/portaltela.pt\/s.01k8rhncp4jt1\/2026\/02\/img_1500x1000uu2019-07-28-23-29-04-873312-im-639075431367575670.jpg\",\"keywords\":[\"agress\u00e3o\",\"Oeiras\",\"pris\u00f5es\",\"viol\u00eancia dom\u00e9stica\",\"viol\u00eancia dom\u00e9stica agravada\"],\"articleSection\":[\"Not\u00edcias\"],\"inLanguage\":\"pt-PT\"},{\"@type\":\"WebPage\",\"@id\":\"https:\/\/portaltela.pt\/noticias\/2026\/02\/24\/detido-em-oeiras-por-agressao-a-namorada-reformada\/\",\"url\":\"https:\/\/portaltela.pt\/noticias\/2026\/02\/24\/detido-em-oeiras-por-agressao-a-namorada-reformada\/\",\"name\":\"Detido em Oeiras por agress\u00e3o a namorada reformada - Portal Tela Portugal\",\"isPartOf\":{\"@id\":\"https:\/\/portaltela.pt\/#website\"},\"primaryImageOfPage\":{\"@id\":\"https:\/\/portaltela.pt\/noticias\/2026\/02\/24\/detido-em-oeiras-por-agressao-a-namorada-reformada\/#primaryimage\"},\"image\":{\"@id\":\"https:\/\/portaltela.pt\/noticias\/2026\/02\/24\/detido-em-oeiras-por-agressao-a-namorada-reformada\/#primaryimage\"},\"thumbnailUrl\":\"https:\/\/portaltela.pt\/s.01k8rhncp4jt1\/2026\/02\/img_1500x1000uu2019-07-28-23-29-04-873312-im-639075431367575670.jpg\",\"datePublished\":\"2026-02-24T15:29:36+00:00\",\"author\":{\"@id\":\"https:\/\/portaltela.pt\/#\/schema\/person\/c4278d4a6028830caff9ee44b42d32ed\"},\"breadcrumb\":{\"@id\":\"https:\/\/portaltela.pt\/noticias\/2026\/02\/24\/detido-em-oeiras-por-agressao-a-namorada-reformada\/#breadcrumb\"},\"inLanguage\":\"pt-PT\",\"potentialAction\":[{\"@type\":\"ReadAction\",\"target\":[\"https:\/\/portaltela.pt\/noticias\/2026\/02\/24\/detido-em-oeiras-por-agressao-a-namorada-reformada\/\"]}]},{\"@type\":\"ImageObject\",\"inLanguage\":\"pt-PT\",\"@id\":\"https:\/\/portaltela.pt\/noticias\/2026\/02\/24\/detido-em-oeiras-por-agressao-a-namorada-reformada\/#primaryimage\",\"url\":\"https:\/\/portaltela.pt\/s.01k8rhncp4jt1\/2026\/02\/img_1500x1000uu2019-07-28-23-29-04-873312-im-639075431367575670.jpg\",\"contentUrl\":\"https:\/\/portaltela.pt\/s.01k8rhncp4jt1\/2026\/02\/img_1500x1000uu2019-07-28-23-29-04-873312-im-639075431367575670.jpg\",\"width\":796,\"height\":448,\"caption\":\"Medida de coa\u00e7\u00e3o foi aplicada por juiz do tribunal de Oeiras\"},{\"@type\":\"BreadcrumbList\",\"@id\":\"https:\/\/portaltela.pt\/noticias\/2026\/02\/24\/detido-em-oeiras-por-agressao-a-namorada-reformada\/#breadcrumb\",\"itemListElement\":[{\"@type\":\"ListItem\",\"position\":1,\"name\":\"In\u00edcio\",\"item\":\"https:\/\/portaltela.pt\/\"},{\"@type\":\"ListItem\",\"position\":2,\"name\":\"Detido em Oeiras por agress\u00e3o a namorada reformada\"}]},{\"@type\":\"WebSite\",\"@id\":\"https:\/\/portaltela.pt\/#website\",\"url\":\"https:\/\/portaltela.pt\/\",\"name\":\"Portal Tela Portugal\",\"description\":\"\",\"potentialAction\":[{\"@type\":\"SearchAction\",\"target\":{\"@type\":\"EntryPoint\",\"urlTemplate\":\"https:\/\/portaltela.pt\/?s={search_term_string}\"},\"query-input\":{\"@type\":\"PropertyValueSpecification\",\"valueRequired\":true,\"valueName\":\"search_term_string\"}}],\"inLanguage\":\"pt-PT\"},{\"@type\":\"Person\",\"@id\":\"https:\/\/portaltela.pt\/#\/schema\/person\/c4278d4a6028830caff9ee44b42d32ed\",\"name\":\"Telinha\",\"image\":{\"@type\":\"ImageObject\",\"inLanguage\":\"pt-PT\",\"@id\":\"https:\/\/portaltela.pt\/s.01k8rhncp4jt1\/2025\/11\/talking-bot-125x125.png\",\"url\":\"https:\/\/portaltela.pt\/s.01k8rhncp4jt1\/2025\/11\/talking-bot-125x125.png\",\"contentUrl\":\"https:\/\/portaltela.pt\/s.01k8rhncp4jt1\/2025\/11\/talking-bot-125x125.png\",\"caption\":\"Telinha\"},\"sameAs\":[\"https:\/\/portaltela.pt\/\"],\"url\":\"https:\/\/portaltela.pt\/por\/367410592786\/\"}]}<\/script>\n<!-- \/ Yoast SEO plugin. -->","yoast_head_json":{"title":"Detido em Oeiras por agress\u00e3o a namorada reformada - Portal Tela Portugal","robots":{"index":"index","follow":"follow","max-snippet":"max-snippet:-1","max-image-preview":"max-image-preview:large","max-video-preview":"max-video-preview:-1"},"og_locale":"pt_PT","og_type":"article","og_title":"Detido em Oeiras por agress\u00e3o a namorada reformada - Portal Tela Portugal","og_description":"Um homem de 46 anos foi detido em Oeiras por viol\u00eancia dom\u00e9stica agravada contra a namorada, reformada por invalidez. O casal coabitou em rela\u00e7\u00e3o de namoro entre fevereiro de 2025 e o m\u00eas passado, conforme as investiga\u00e7\u00f5es. O suspeito, alco\u00f3lico, agredia a namorada com frequ\u00eancia e a insultava, chegando a exigir dinheiro. A deten\u00e7\u00e3o ocorreu e o homem foi apresentado no tribunal do concelho. Foi-lhe decretada pris\u00e3o preventiva e proibi\u00e7\u00e3o de contactar a antiga companheira, mesmo em reclus\u00e3o.","og_url":"https:\/\/portaltela.pt\/noticias\/2026\/02\/24\/detido-em-oeiras-por-agressao-a-namorada-reformada\/","og_site_name":"Portal Tela Portugal","article_published_time":"2026-02-24T15:29:36+00:00","author":"Telinha","twitter_card":"summary_large_image","twitter_misc":{"Escrito por":"Telinha","Tempo estimado de leitura":"1 minuto"},"schema":{"@context":"https:\/\/schema.org","@graph":[{"@type":"Article","@id":"https:\/\/portaltela.pt\/noticias\/2026\/02\/24\/detido-em-oeiras-por-agressao-a-namorada-reformada\/#article","isPartOf":{"@id":"https:\/\/portaltela.pt\/noticias\/2026\/02\/24\/detido-em-oeiras-por-agressao-a-namorada-reformada\/"},"author":{"name":"Telinha","@id":"https:\/\/portaltela.pt\/#\/schema\/person\/c4278d4a6028830caff9ee44b42d32ed"},"headline":"Detido em Oeiras por agress\u00e3o a namorada reformada","datePublished":"2026-02-24T15:29:36+00:00","mainEntityOfPage":{"@id":"https:\/\/portaltela.pt\/noticias\/2026\/02\/24\/detido-em-oeiras-por-agressao-a-namorada-reformada\/"},"wordCount":133,"image":{"@id":"https:\/\/portaltela.pt\/noticias\/2026\/02\/24\/detido-em-oeiras-por-agressao-a-namorada-reformada\/#primaryimage"},"thumbnailUrl":"https:\/\/portaltela.pt\/s.01k8rhncp4jt1\/2026\/02\/img_1500x1000uu2019-07-28-23-29-04-873312-im-639075431367575670.jpg","keywords":["agress\u00e3o","Oeiras","pris\u00f5es","viol\u00eancia dom\u00e9stica","viol\u00eancia dom\u00e9stica agravada"],"articleSection":["Not\u00edcias"],"inLanguage":"pt-PT"},{"@type":"WebPage","@id":"https:\/\/portaltela.pt\/noticias\/2026\/02\/24\/detido-em-oeiras-por-agressao-a-namorada-reformada\/","url":"https:\/\/portaltela.pt\/noticias\/2026\/02\/24\/detido-em-oeiras-por-agressao-a-namorada-reformada\/","name":"Detido em Oeiras por agress\u00e3o a namorada reformada - Portal Tela Portugal","isPartOf":{"@id":"https:\/\/portaltela.pt\/#website"},"primaryImageOfPage":{"@id":"https:\/\/portaltela.pt\/noticias\/2026\/02\/24\/detido-em-oeiras-por-agressao-a-namorada-reformada\/#primaryimage"},"image":{"@id":"https:\/\/portaltela.pt\/noticias\/2026\/02\/24\/detido-em-oeiras-por-agressao-a-namorada-reformada\/#primaryimage"},"thumbnailUrl":"https:\/\/portaltela.pt\/s.01k8rhncp4jt1\/2026\/02\/img_1500x1000uu2019-07-28-23-29-04-873312-im-639075431367575670.jpg","datePublished":"2026-02-24T15:29:36+00:00","author":{"@id":"https:\/\/portaltela.pt\/#\/schema\/person\/c4278d4a6028830caff9ee44b42d32ed"},"breadcrumb":{"@id":"https:\/\/portaltela.pt\/noticias\/2026\/02\/24\/detido-em-oeiras-por-agressao-a-namorada-reformada\/#breadcrumb"},"inLanguage":"pt-PT","potentialAction":[{"@type":"ReadAction","target":["https:\/\/portaltela.pt\/noticias\/2026\/02\/24\/detido-em-oeiras-por-agressao-a-namorada-reformada\/"]}]},{"@type":"ImageObject","inLanguage":"pt-PT","@id":"https:\/\/portaltela.pt\/noticias\/2026\/02\/24\/detido-em-oeiras-por-agressao-a-namorada-reformada\/#primaryimage","url":"https:\/\/portaltela.pt\/s.01k8rhncp4jt1\/2026\/02\/img_1500x1000uu2019-07-28-23-29-04-873312-im-639075431367575670.jpg","contentUrl":"https:\/\/portaltela.pt\/s.01k8rhncp4jt1\/2026\/02\/img_1500x1000uu2019-07-28-23-29-04-873312-im-639075431367575670.jpg","width":796,"height":448,"caption":"Medida de coa\u00e7\u00e3o foi aplicada por juiz do tribunal de Oeiras"},{"@type":"BreadcrumbList","@id":"https:\/\/portaltela.pt\/noticias\/2026\/02\/24\/detido-em-oeiras-por-agressao-a-namorada-reformada\/#breadcrumb","itemListElement":[{"@type":"ListItem","position":1,"name":"In\u00edcio","item":"https:\/\/portaltela.pt\/"},{"@type":"ListItem","position":2,"name":"Detido em Oeiras por agress\u00e3o a namorada reformada"}]},{"@type":"WebSite","@id":"https:\/\/portaltela.pt\/#website","url":"https:\/\/portaltela.pt\/","name":"Portal Tela Portugal","description":"","potentialAction":[{"@type":"SearchAction","target":{"@type":"EntryPoint","urlTemplate":"https:\/\/portaltela.pt\/?s={search_term_string}"},"query-input":{"@type":"PropertyValueSpecification","valueRequired":true,"valueName":"search_term_string"}}],"inLanguage":"pt-PT"},{"@type":"Person","@id":"https:\/\/portaltela.pt\/#\/schema\/person\/c4278d4a6028830caff9ee44b42d32ed","name":"Telinha","image":{"@type":"ImageObject","inLanguage":"pt-PT","@id":"https:\/\/portaltela.pt\/s.01k8rhncp4jt1\/2025\/11\/talking-bot-125x125.png","url":"https:\/\/portaltela.pt\/s.01k8rhncp4jt1\/2025\/11\/talking-bot-125x125.png","contentUrl":"https:\/\/portaltela.pt\/s.01k8rhncp4jt1\/2025\/11\/talking-bot-125x125.png","caption":"Telinha"},"sameAs":["https:\/\/portaltela.pt\/"],"url":"https:\/\/portaltela.pt\/por\/367410592786\/"}]}},"_links":{"self":[{"href":"https:\/\/portaltela.pt\/api\/wp\/v2\/posts\/224417","targetHints":{"allow":["GET"]}}],"collection":[{"href":"https:\/\/portaltela.pt\/api\/wp\/v2\/posts"}],"about":[{"href":"https:\/\/portaltela.pt\/api\/wp\/v2\/types\/post"}],"author":[{"embeddable":true,"href":"https:\/\/portaltela.pt\/api\/wp\/v2\/users\/2"}],"replies":[{"embeddable":true,"href":"https:\/\/portaltela.pt\/api\/wp\/v2\/comments?post=224417"}],"version-history":[{"count":0,"href":"https:\/\/portaltela.pt\/api\/wp\/v2\/posts\/224417\/revisions"}],"wp:featuredmedia":[{"embeddable":true,"href":"https:\/\/portaltela.pt\/api\/wp\/v2\/media\/224418"}],"wp:attachment":[{"href":"https:\/\/portaltela.pt\/api\/wp\/v2\/media?parent=224417"}],"wp:term":[{"taxonomy":"category","embeddable":true,"href":"https:\/\/portaltela.pt\/api\/wp\/v2\/categories?post=224417"},{"taxonomy":"post_tag","embeddable":true,"href":"https:\/\/portaltela.pt\/api\/wp\/v2\/tags?post=224417"}],"curies":[{"name":"wp","href":"https:\/\/api.w.org\/{rel}","templated":true}]}}