{"id":224392,"date":"2026-02-24T12:08:00","date_gmt":"2026-02-24T15:08:00","guid":{"rendered":"https:\/\/portaltela.pt\/noticias\/2026\/02\/24\/presidente-da-camara-de-coimbra-confronta-ministro-da-agricultura\/"},"modified":"2026-02-24T12:08:00","modified_gmt":"2026-02-24T15:08:00","slug":"presidente-da-camara-de-coimbra-confronta-ministro-da-agricultura","status":"publish","type":"post","link":"https:\/\/portaltela.pt\/noticias\/politica\/2026\/02\/24\/presidente-da-camara-de-coimbra-confronta-ministro-da-agricultura\/","title":{"rendered":"Presidente da C\u00e2mara de Coimbra confronta ministro da Agricultura"},"content":{"rendered":"<p>Num momento de chegada a Coimbra, houve uma troca de palavras entre Ana Abrunhosa, presidente da C\u00e2mara de Coimbra, e o ministro da Agricultura, Jos\u00e9 Manuel Fernandes, em frente aos jornalistas.<\/p>\n<p>A autarca acusou o ministro de n\u00e3o ouvir os autarcas presentes. O confronto ocorreu quando Fernandes se preparava para falar aos media, sem ter falado previamente com os autarcas.<\/p>\n<p>Abrunhosa questionou se o ministro vinha fazer uma confer\u00eancia de imprensa ou ouvir os autarcas, dizendo que, se fosse apenas para falar aos jornalistas, poderiam abandonar o local.<\/p>\n<p>O ministro explicou que estava a responder \u00e0s perguntas, mas Abrunhosa manteve o apelo para que antes se conversasse com as entidades locais. A tens\u00e3o manteve-se durante o momento de contacto com os meios.<\/p>\n<p>A situa\u00e7\u00e3o permanece em atualiza\u00e7\u00e3o, sem confirma\u00e7\u00e3o de novos desenvolvimentos ou desdobramentos no encontro entre autoridades locais e o Governo.<\/p>\n","protected":false},"excerpt":{"rendered":"<ul>\n<li>Em Coimbra, a presidente da C\u00e2mara, Ana Abrunhosa, confrontou o ministro da Agricultura, Jos\u00e9 Manuel Fernandes, \u00e0 chegada aos jornalistas.<\/li>\n<li>Abrunhosa acusou o ministro de n\u00e3o ouvir os autarcas presentes.<\/li>\n<li>&#8220;Vem fazer confer\u00eancia de imprensa ou vem ouvir os autarcas?&#8221;, questionou a autarca durante o encontro.<\/li>\n<li>Fernandes afirmou que estava a responder \u00e0s perguntas, mas a autarca insistiu que devia antes conversar com os autarcas.<\/li>\n<li>A troca ocorreu na presen\u00e7a de jornalistas e est\u00e1 em atualiza\u00e7\u00e3o.<\/li>\n<\/ul>\n","protected":false},"author":2,"featured_media":224396,"comment_status":"closed","ping_status":"closed","sticky":false,"template":"","format":"standard","meta":{"footnotes":""},"categories":[1,5],"tags":[5901,3057,1070,178,34,2832],"class_list":["post-224392","post","type-post","status-publish","format-standard","has-post-thumbnail","hentry","category-noticias","category-politica","tag-ana-abrunhosa","tag-autarcas","tag-coimbra","tag-confrontos","tag-governo","tag-politica"],"yoast_head":"<!-- This site is optimized with the Yoast SEO plugin v27.2 - https:\/\/yoast.com\/product\/yoast-seo-wordpress\/ -->\n<title>Presidente da C\u00e2mara de Coimbra confronta ministro da Agricultura - Portal Tela Portugal<\/title>\n<meta name=\"robots\" content=\"index, follow, max-snippet:-1, max-image-preview:large, max-video-preview:-1\" \/>\n<meta property=\"og:locale\" content=\"pt_PT\" \/>\n<meta property=\"og:type\" content=\"article\" \/>\n<meta property=\"og:title\" content=\"Presidente da C\u00e2mara de Coimbra confronta ministro da Agricultura - Portal Tela Portugal\" \/>\n<meta property=\"og:description\" content=\"Em Coimbra, a presidente da C\u00e2mara, Ana Abrunhosa, confrontou o ministro da Agricultura, Jos\u00e9 Manuel Fernandes, \u00e0 chegada aos jornalistas. Abrunhosa acusou o ministro de n\u00e3o ouvir os autarcas presentes. &quot;Vem fazer confer\u00eancia de imprensa ou vem ouvir os autarcas?&quot;, questionou a autarca durante o encontro. Fernandes afirmou que estava a responder \u00e0s perguntas, mas a autarca insistiu que devia antes conversar com os autarcas. A troca ocorreu na presen\u00e7a de jornalistas e est\u00e1 em atualiza\u00e7\u00e3o.\" \/>\n<meta property=\"og:url\" content=\"https:\/\/portaltela.pt\/noticias\/2026\/02\/24\/presidente-da-camara-de-coimbra-confronta-ministro-da-agricultura\/\" \/>\n<meta property=\"og:site_name\" content=\"Portal Tela Portugal\" \/>\n<meta property=\"article:published_time\" content=\"2026-02-24T15:08:00+00:00\" \/>\n<meta name=\"author\" content=\"Telinha\" \/>\n<meta name=\"twitter:card\" content=\"summary_large_image\" \/>\n<meta name=\"twitter:label1\" content=\"Escrito por\" \/>\n\t<meta name=\"twitter:data1\" content=\"Telinha\" \/>\n\t<meta name=\"twitter:label2\" content=\"Tempo estimado de leitura\" \/>\n\t<meta name=\"twitter:data2\" content=\"1 minuto\" \/>\n<script type=\"application\/ld+json\" class=\"yoast-schema-graph\">{\"@context\":\"https:\/\/schema.org\",\"@graph\":[{\"@type\":\"Article\",\"@id\":\"https:\/\/portaltela.pt\/noticias\/2026\/02\/24\/presidente-da-camara-de-coimbra-confronta-ministro-da-agricultura\/#article\",\"isPartOf\":{\"@id\":\"https:\/\/portaltela.pt\/noticias\/2026\/02\/24\/presidente-da-camara-de-coimbra-confronta-ministro-da-agricultura\/\"},\"author\":{\"name\":\"Telinha\",\"@id\":\"https:\/\/portaltela.pt\/#\/schema\/person\/c4278d4a6028830caff9ee44b42d32ed\"},\"headline\":\"Presidente da C\u00e2mara de Coimbra confronta ministro da Agricultura\",\"datePublished\":\"2026-02-24T15:08:00+00:00\",\"mainEntityOfPage\":{\"@id\":\"https:\/\/portaltela.pt\/noticias\/2026\/02\/24\/presidente-da-camara-de-coimbra-confronta-ministro-da-agricultura\/\"},\"wordCount\":159,\"image\":{\"@id\":\"https:\/\/portaltela.pt\/noticias\/2026\/02\/24\/presidente-da-camara-de-coimbra-confronta-ministro-da-agricultura\/#primaryimage\"},\"thumbnailUrl\":\"https:\/\/portaltela.pt\/s.01k8rhncp4jt1\/2026\/02\/img_1500x1000uu2026-02-24-15-12-00-2268755.jpg\",\"keywords\":[\"Ana Abrunhosa\",\"autarcas\",\"Coimbra\",\"confrontos\",\"governo\",\"pol\u00edtica\"],\"articleSection\":[\"Not\u00edcias\",\"Pol\u00edtica\"],\"inLanguage\":\"pt-PT\"},{\"@type\":\"WebPage\",\"@id\":\"https:\/\/portaltela.pt\/noticias\/2026\/02\/24\/presidente-da-camara-de-coimbra-confronta-ministro-da-agricultura\/\",\"url\":\"https:\/\/portaltela.pt\/noticias\/2026\/02\/24\/presidente-da-camara-de-coimbra-confronta-ministro-da-agricultura\/\",\"name\":\"Presidente da C\u00e2mara de Coimbra confronta ministro da Agricultura - Portal Tela Portugal\",\"isPartOf\":{\"@id\":\"https:\/\/portaltela.pt\/#website\"},\"primaryImageOfPage\":{\"@id\":\"https:\/\/portaltela.pt\/noticias\/2026\/02\/24\/presidente-da-camara-de-coimbra-confronta-ministro-da-agricultura\/#primaryimage\"},\"image\":{\"@id\":\"https:\/\/portaltela.pt\/noticias\/2026\/02\/24\/presidente-da-camara-de-coimbra-confronta-ministro-da-agricultura\/#primaryimage\"},\"thumbnailUrl\":\"https:\/\/portaltela.pt\/s.01k8rhncp4jt1\/2026\/02\/img_1500x1000uu2026-02-24-15-12-00-2268755.jpg\",\"datePublished\":\"2026-02-24T15:08:00+00:00\",\"author\":{\"@id\":\"https:\/\/portaltela.pt\/#\/schema\/person\/c4278d4a6028830caff9ee44b42d32ed\"},\"breadcrumb\":{\"@id\":\"https:\/\/portaltela.pt\/noticias\/2026\/02\/24\/presidente-da-camara-de-coimbra-confronta-ministro-da-agricultura\/#breadcrumb\"},\"inLanguage\":\"pt-PT\",\"potentialAction\":[{\"@type\":\"ReadAction\",\"target\":[\"https:\/\/portaltela.pt\/noticias\/2026\/02\/24\/presidente-da-camara-de-coimbra-confronta-ministro-da-agricultura\/\"]}]},{\"@type\":\"ImageObject\",\"inLanguage\":\"pt-PT\",\"@id\":\"https:\/\/portaltela.pt\/noticias\/2026\/02\/24\/presidente-da-camara-de-coimbra-confronta-ministro-da-agricultura\/#primaryimage\",\"url\":\"https:\/\/portaltela.pt\/s.01k8rhncp4jt1\/2026\/02\/img_1500x1000uu2026-02-24-15-12-00-2268755.jpg\",\"contentUrl\":\"https:\/\/portaltela.pt\/s.01k8rhncp4jt1\/2026\/02\/img_1500x1000uu2026-02-24-15-12-00-2268755.jpg\",\"width\":796,\"height\":448,\"caption\":\"\\\"Vem fazer confer\u00eancia de imprensa ou ouvir os autarcas\\\": Presidente da C\u00e2mara de Coimbra confronta ministro da Agricultura\"},{\"@type\":\"BreadcrumbList\",\"@id\":\"https:\/\/portaltela.pt\/noticias\/2026\/02\/24\/presidente-da-camara-de-coimbra-confronta-ministro-da-agricultura\/#breadcrumb\",\"itemListElement\":[{\"@type\":\"ListItem\",\"position\":1,\"name\":\"In\u00edcio\",\"item\":\"https:\/\/portaltela.pt\/\"},{\"@type\":\"ListItem\",\"position\":2,\"name\":\"Presidente da C\u00e2mara de Coimbra confronta ministro da Agricultura\"}]},{\"@type\":\"WebSite\",\"@id\":\"https:\/\/portaltela.pt\/#website\",\"url\":\"https:\/\/portaltela.pt\/\",\"name\":\"Portal Tela Portugal\",\"description\":\"\",\"potentialAction\":[{\"@type\":\"SearchAction\",\"target\":{\"@type\":\"EntryPoint\",\"urlTemplate\":\"https:\/\/portaltela.pt\/?s={search_term_string}\"},\"query-input\":{\"@type\":\"PropertyValueSpecification\",\"valueRequired\":true,\"valueName\":\"search_term_string\"}}],\"inLanguage\":\"pt-PT\"},{\"@type\":\"Person\",\"@id\":\"https:\/\/portaltela.pt\/#\/schema\/person\/c4278d4a6028830caff9ee44b42d32ed\",\"name\":\"Telinha\",\"image\":{\"@type\":\"ImageObject\",\"inLanguage\":\"pt-PT\",\"@id\":\"https:\/\/portaltela.pt\/s.01k8rhncp4jt1\/2025\/11\/talking-bot-125x125.png\",\"url\":\"https:\/\/portaltela.pt\/s.01k8rhncp4jt1\/2025\/11\/talking-bot-125x125.png\",\"contentUrl\":\"https:\/\/portaltela.pt\/s.01k8rhncp4jt1\/2025\/11\/talking-bot-125x125.png\",\"caption\":\"Telinha\"},\"sameAs\":[\"https:\/\/portaltela.pt\/\"],\"url\":\"https:\/\/portaltela.pt\/por\/367410592786\/\"}]}<\/script>\n<!-- \/ Yoast SEO plugin. -->","yoast_head_json":{"title":"Presidente da C\u00e2mara de Coimbra confronta ministro da Agricultura - Portal Tela Portugal","robots":{"index":"index","follow":"follow","max-snippet":"max-snippet:-1","max-image-preview":"max-image-preview:large","max-video-preview":"max-video-preview:-1"},"og_locale":"pt_PT","og_type":"article","og_title":"Presidente da C\u00e2mara de Coimbra confronta ministro da Agricultura - Portal Tela Portugal","og_description":"Em Coimbra, a presidente da C\u00e2mara, Ana Abrunhosa, confrontou o ministro da Agricultura, Jos\u00e9 Manuel Fernandes, \u00e0 chegada aos jornalistas. Abrunhosa acusou o ministro de n\u00e3o ouvir os autarcas presentes. \"Vem fazer confer\u00eancia de imprensa ou vem ouvir os autarcas?\", questionou a autarca durante o encontro. Fernandes afirmou que estava a responder \u00e0s perguntas, mas a autarca insistiu que devia antes conversar com os autarcas. A troca ocorreu na presen\u00e7a de jornalistas e est\u00e1 em atualiza\u00e7\u00e3o.","og_url":"https:\/\/portaltela.pt\/noticias\/2026\/02\/24\/presidente-da-camara-de-coimbra-confronta-ministro-da-agricultura\/","og_site_name":"Portal Tela Portugal","article_published_time":"2026-02-24T15:08:00+00:00","author":"Telinha","twitter_card":"summary_large_image","twitter_misc":{"Escrito por":"Telinha","Tempo estimado de leitura":"1 minuto"},"schema":{"@context":"https:\/\/schema.org","@graph":[{"@type":"Article","@id":"https:\/\/portaltela.pt\/noticias\/2026\/02\/24\/presidente-da-camara-de-coimbra-confronta-ministro-da-agricultura\/#article","isPartOf":{"@id":"https:\/\/portaltela.pt\/noticias\/2026\/02\/24\/presidente-da-camara-de-coimbra-confronta-ministro-da-agricultura\/"},"author":{"name":"Telinha","@id":"https:\/\/portaltela.pt\/#\/schema\/person\/c4278d4a6028830caff9ee44b42d32ed"},"headline":"Presidente da C\u00e2mara de Coimbra confronta ministro da Agricultura","datePublished":"2026-02-24T15:08:00+00:00","mainEntityOfPage":{"@id":"https:\/\/portaltela.pt\/noticias\/2026\/02\/24\/presidente-da-camara-de-coimbra-confronta-ministro-da-agricultura\/"},"wordCount":159,"image":{"@id":"https:\/\/portaltela.pt\/noticias\/2026\/02\/24\/presidente-da-camara-de-coimbra-confronta-ministro-da-agricultura\/#primaryimage"},"thumbnailUrl":"https:\/\/portaltela.pt\/s.01k8rhncp4jt1\/2026\/02\/img_1500x1000uu2026-02-24-15-12-00-2268755.jpg","keywords":["Ana Abrunhosa","autarcas","Coimbra","confrontos","governo","pol\u00edtica"],"articleSection":["Not\u00edcias","Pol\u00edtica"],"inLanguage":"pt-PT"},{"@type":"WebPage","@id":"https:\/\/portaltela.pt\/noticias\/2026\/02\/24\/presidente-da-camara-de-coimbra-confronta-ministro-da-agricultura\/","url":"https:\/\/portaltela.pt\/noticias\/2026\/02\/24\/presidente-da-camara-de-coimbra-confronta-ministro-da-agricultura\/","name":"Presidente da C\u00e2mara de Coimbra confronta ministro da Agricultura - Portal Tela Portugal","isPartOf":{"@id":"https:\/\/portaltela.pt\/#website"},"primaryImageOfPage":{"@id":"https:\/\/portaltela.pt\/noticias\/2026\/02\/24\/presidente-da-camara-de-coimbra-confronta-ministro-da-agricultura\/#primaryimage"},"image":{"@id":"https:\/\/portaltela.pt\/noticias\/2026\/02\/24\/presidente-da-camara-de-coimbra-confronta-ministro-da-agricultura\/#primaryimage"},"thumbnailUrl":"https:\/\/portaltela.pt\/s.01k8rhncp4jt1\/2026\/02\/img_1500x1000uu2026-02-24-15-12-00-2268755.jpg","datePublished":"2026-02-24T15:08:00+00:00","author":{"@id":"https:\/\/portaltela.pt\/#\/schema\/person\/c4278d4a6028830caff9ee44b42d32ed"},"breadcrumb":{"@id":"https:\/\/portaltela.pt\/noticias\/2026\/02\/24\/presidente-da-camara-de-coimbra-confronta-ministro-da-agricultura\/#breadcrumb"},"inLanguage":"pt-PT","potentialAction":[{"@type":"ReadAction","target":["https:\/\/portaltela.pt\/noticias\/2026\/02\/24\/presidente-da-camara-de-coimbra-confronta-ministro-da-agricultura\/"]}]},{"@type":"ImageObject","inLanguage":"pt-PT","@id":"https:\/\/portaltela.pt\/noticias\/2026\/02\/24\/presidente-da-camara-de-coimbra-confronta-ministro-da-agricultura\/#primaryimage","url":"https:\/\/portaltela.pt\/s.01k8rhncp4jt1\/2026\/02\/img_1500x1000uu2026-02-24-15-12-00-2268755.jpg","contentUrl":"https:\/\/portaltela.pt\/s.01k8rhncp4jt1\/2026\/02\/img_1500x1000uu2026-02-24-15-12-00-2268755.jpg","width":796,"height":448,"caption":"\"Vem fazer confer\u00eancia de imprensa ou ouvir os autarcas\": Presidente da C\u00e2mara de Coimbra confronta ministro da Agricultura"},{"@type":"BreadcrumbList","@id":"https:\/\/portaltela.pt\/noticias\/2026\/02\/24\/presidente-da-camara-de-coimbra-confronta-ministro-da-agricultura\/#breadcrumb","itemListElement":[{"@type":"ListItem","position":1,"name":"In\u00edcio","item":"https:\/\/portaltela.pt\/"},{"@type":"ListItem","position":2,"name":"Presidente da C\u00e2mara de Coimbra confronta ministro da Agricultura"}]},{"@type":"WebSite","@id":"https:\/\/portaltela.pt\/#website","url":"https:\/\/portaltela.pt\/","name":"Portal Tela Portugal","description":"","potentialAction":[{"@type":"SearchAction","target":{"@type":"EntryPoint","urlTemplate":"https:\/\/portaltela.pt\/?s={search_term_string}"},"query-input":{"@type":"PropertyValueSpecification","valueRequired":true,"valueName":"search_term_string"}}],"inLanguage":"pt-PT"},{"@type":"Person","@id":"https:\/\/portaltela.pt\/#\/schema\/person\/c4278d4a6028830caff9ee44b42d32ed","name":"Telinha","image":{"@type":"ImageObject","inLanguage":"pt-PT","@id":"https:\/\/portaltela.pt\/s.01k8rhncp4jt1\/2025\/11\/talking-bot-125x125.png","url":"https:\/\/portaltela.pt\/s.01k8rhncp4jt1\/2025\/11\/talking-bot-125x125.png","contentUrl":"https:\/\/portaltela.pt\/s.01k8rhncp4jt1\/2025\/11\/talking-bot-125x125.png","caption":"Telinha"},"sameAs":["https:\/\/portaltela.pt\/"],"url":"https:\/\/portaltela.pt\/por\/367410592786\/"}]}},"_links":{"self":[{"href":"https:\/\/portaltela.pt\/api\/wp\/v2\/posts\/224392","targetHints":{"allow":["GET"]}}],"collection":[{"href":"https:\/\/portaltela.pt\/api\/wp\/v2\/posts"}],"about":[{"href":"https:\/\/portaltela.pt\/api\/wp\/v2\/types\/post"}],"author":[{"embeddable":true,"href":"https:\/\/portaltela.pt\/api\/wp\/v2\/users\/2"}],"replies":[{"embeddable":true,"href":"https:\/\/portaltela.pt\/api\/wp\/v2\/comments?post=224392"}],"version-history":[{"count":0,"href":"https:\/\/portaltela.pt\/api\/wp\/v2\/posts\/224392\/revisions"}],"wp:featuredmedia":[{"embeddable":true,"href":"https:\/\/portaltela.pt\/api\/wp\/v2\/media\/224396"}],"wp:attachment":[{"href":"https:\/\/portaltela.pt\/api\/wp\/v2\/media?parent=224392"}],"wp:term":[{"taxonomy":"category","embeddable":true,"href":"https:\/\/portaltela.pt\/api\/wp\/v2\/categories?post=224392"},{"taxonomy":"post_tag","embeddable":true,"href":"https:\/\/portaltela.pt\/api\/wp\/v2\/tags?post=224392"}],"curies":[{"name":"wp","href":"https:\/\/api.w.org\/{rel}","templated":true}]}}