{"id":224382,"date":"2026-02-24T11:48:15","date_gmt":"2026-02-24T14:48:15","guid":{"rendered":"https:\/\/portaltela.pt\/noticias\/2026\/02\/24\/ministro-pinto-luz-confortavel-ao-lado-de-colega-da-administracao-interna\/"},"modified":"2026-02-24T11:48:15","modified_gmt":"2026-02-24T14:48:15","slug":"ministro-pinto-luz-confortavel-ao-lado-de-colega-da-administracao-interna","status":"publish","type":"post","link":"https:\/\/portaltela.pt\/noticias\/politica\/2026\/02\/24\/ministro-pinto-luz-confortavel-ao-lado-de-colega-da-administracao-interna\/","title":{"rendered":"Ministro Pinto Luz confort\u00e1vel ao lado de colega da Administra\u00e7\u00e3o Interna"},"content":{"rendered":"<p>Miguel Pinto Luz afirmou, esta ter\u00e7a-feira, em Viseu, que se sentir\u00e1 muito confort\u00e1vel ao lado de Lu\u00eds Neves, o novo ministro da Administra\u00e7\u00e3o Interna. Neves assume o cargo com a responsabiliza\u00e7\u00e3o de enfrentar um grande desafio.<\/p>\n<p>O ministro das Infraestruturas e da Habita\u00e7\u00e3o salientou que o escrut\u00ednio p\u00fablico faz parte da vida pol\u00edtica. Refor\u00e7ou que tem 30 anos de carreira p\u00fablica e que muitas queixas e investiga\u00e7\u00f5es fazem parte do percurso.<\/p>\n<p>Pinto Luz real\u00e7ou que Lu\u00eds Neves \u00e9 um ministro competente e que receber\u00e1 o apoio de todo o Governo para enfrentar o desafio \u00e0 frente. Enfatizou a import\u00e2ncia de partilhar responsabilidades entre os ministros.<\/p>\n<h3>Contexto<\/h3>\n<p>Em Cascais, Neves foi vice-presidente da C\u00e2mara Municipal e, no passado, dirigiu a Loja da Pol\u00edcia Judici\u00e1ria (PJ). Houve investiga\u00e7\u00f5es associadas a a\u00e7\u00f5es na C\u00e2mara de Cascais, com buscas efetuadas pela PJ.<\/p>\n<p>Em abril do ano passado, Pinto Luz declarou ter a consci\u00eancia tranquila relativamente \u00e0s decis\u00f5es tomadas nessa fun\u00e7\u00e3o. Disse que a equipa de Cascais atuou ao servi\u00e7o dos interesses da comunidade.<\/p>\n","protected":false},"excerpt":{"rendered":"<ul>\n<li>Miguel Pinto Luz disse estar &#8220;muito confort\u00e1vel&#8221; ao lado de Lu\u00eds Neves, novo ministro da Administra\u00e7\u00e3o Interna.<\/li>\n<li>Lu\u00eds Neves foi diretor nacional da Pol\u00edcia Judici\u00e1ria e encara um grande desafio pela frente no Governo.<\/li>\n<li>Pinto Luz afirmou que quem est\u00e1 na vida p\u00fablica deve habituar-se ao escrut\u00ednio, que considera saud\u00e1vel.<\/li>\n<li>O ministro destacou que Lu\u00eds Neves contar\u00e1 com o apoio de todo o Governo para enfrentar o desafio.<\/li>\n<li>Em abril do ano passado, Pinto Luz disse ter a consci\u00eancia absolutamente tranquila sobre decis\u00f5es na C\u00e2mara de Cascais e que as buscas da Pol\u00edcia Judici\u00e1ria eram justi\u00e7a a funcionar.<\/li>\n<\/ul>\n","protected":false},"author":2,"featured_media":224385,"comment_status":"closed","ping_status":"closed","sticky":false,"template":"","format":"standard","meta":{"footnotes":""},"categories":[1,5],"tags":[5798,1111,215,6229,6323,1802],"class_list":["post-224382","post","type-post","status-publish","format-standard","has-post-thumbnail","hentry","category-noticias","category-politica","tag-administracao-interna","tag-cascais","tag-investigacao","tag-luis-neves","tag-miguel-pinto-luz","tag-policia-judiciaria"],"yoast_head":"<!-- This site is optimized with the Yoast SEO plugin v27.2 - https:\/\/yoast.com\/product\/yoast-seo-wordpress\/ -->\n<title>Ministro Pinto Luz confort\u00e1vel ao lado de colega da Administra\u00e7\u00e3o Interna - Portal Tela Portugal<\/title>\n<meta name=\"robots\" content=\"index, follow, max-snippet:-1, max-image-preview:large, max-video-preview:-1\" \/>\n<meta property=\"og:locale\" content=\"pt_PT\" \/>\n<meta property=\"og:type\" content=\"article\" \/>\n<meta property=\"og:title\" content=\"Ministro Pinto Luz confort\u00e1vel ao lado de colega da Administra\u00e7\u00e3o Interna - Portal Tela Portugal\" \/>\n<meta property=\"og:description\" content=\"Miguel Pinto Luz disse estar &quot;muito confort\u00e1vel&quot; ao lado de Lu\u00eds Neves, novo ministro da Administra\u00e7\u00e3o Interna. Lu\u00eds Neves foi diretor nacional da Pol\u00edcia Judici\u00e1ria e encara um grande desafio pela frente no Governo. Pinto Luz afirmou que quem est\u00e1 na vida p\u00fablica deve habituar-se ao escrut\u00ednio, que considera saud\u00e1vel. O ministro destacou que Lu\u00eds Neves contar\u00e1 com o apoio de todo o Governo para enfrentar o desafio. Em abril do ano passado, Pinto Luz disse ter a consci\u00eancia absolutamente tranquila sobre decis\u00f5es na C\u00e2mara de Cascais e que as buscas da Pol\u00edcia Judici\u00e1ria eram justi\u00e7a a funcionar.\" \/>\n<meta property=\"og:url\" content=\"https:\/\/portaltela.pt\/noticias\/2026\/02\/24\/ministro-pinto-luz-confortavel-ao-lado-de-colega-da-administracao-interna\/\" \/>\n<meta property=\"og:site_name\" content=\"Portal Tela Portugal\" \/>\n<meta property=\"article:published_time\" content=\"2026-02-24T14:48:15+00:00\" \/>\n<meta name=\"author\" content=\"Telinha\" \/>\n<meta name=\"twitter:card\" content=\"summary_large_image\" \/>\n<meta name=\"twitter:label1\" content=\"Escrito por\" \/>\n\t<meta name=\"twitter:data1\" content=\"Telinha\" \/>\n\t<meta name=\"twitter:label2\" content=\"Tempo estimado de leitura\" \/>\n\t<meta name=\"twitter:data2\" content=\"1 minuto\" \/>\n<script type=\"application\/ld+json\" class=\"yoast-schema-graph\">{\"@context\":\"https:\/\/schema.org\",\"@graph\":[{\"@type\":\"Article\",\"@id\":\"https:\/\/portaltela.pt\/noticias\/2026\/02\/24\/ministro-pinto-luz-confortavel-ao-lado-de-colega-da-administracao-interna\/#article\",\"isPartOf\":{\"@id\":\"https:\/\/portaltela.pt\/noticias\/2026\/02\/24\/ministro-pinto-luz-confortavel-ao-lado-de-colega-da-administracao-interna\/\"},\"author\":{\"name\":\"Telinha\",\"@id\":\"https:\/\/portaltela.pt\/#\/schema\/person\/c4278d4a6028830caff9ee44b42d32ed\"},\"headline\":\"Ministro Pinto Luz confort\u00e1vel ao lado de colega da Administra\u00e7\u00e3o Interna\",\"datePublished\":\"2026-02-24T14:48:15+00:00\",\"mainEntityOfPage\":{\"@id\":\"https:\/\/portaltela.pt\/noticias\/2026\/02\/24\/ministro-pinto-luz-confortavel-ao-lado-de-colega-da-administracao-interna\/\"},\"wordCount\":204,\"image\":{\"@id\":\"https:\/\/portaltela.pt\/noticias\/2026\/02\/24\/ministro-pinto-luz-confortavel-ao-lado-de-colega-da-administracao-interna\/#primaryimage\"},\"thumbnailUrl\":\"https:\/\/portaltela.pt\/s.01k8rhncp4jt1\/2026\/02\/img_1500x1000uu2026-01-07-18-47-01-2258659-2.jpg\",\"keywords\":[\"Administra\u00e7\u00e3o Interna\",\"Cascais\",\"investiga\u00e7\u00e3o\",\"Lu\u00eds Neves\",\"Miguel Pinto Luz\",\"Pol\u00edcia Judici\u00e1ria\"],\"articleSection\":[\"Not\u00edcias\",\"Pol\u00edtica\"],\"inLanguage\":\"pt-PT\"},{\"@type\":\"WebPage\",\"@id\":\"https:\/\/portaltela.pt\/noticias\/2026\/02\/24\/ministro-pinto-luz-confortavel-ao-lado-de-colega-da-administracao-interna\/\",\"url\":\"https:\/\/portaltela.pt\/noticias\/2026\/02\/24\/ministro-pinto-luz-confortavel-ao-lado-de-colega-da-administracao-interna\/\",\"name\":\"Ministro Pinto Luz confort\u00e1vel ao lado de colega da Administra\u00e7\u00e3o Interna - Portal Tela Portugal\",\"isPartOf\":{\"@id\":\"https:\/\/portaltela.pt\/#website\"},\"primaryImageOfPage\":{\"@id\":\"https:\/\/portaltela.pt\/noticias\/2026\/02\/24\/ministro-pinto-luz-confortavel-ao-lado-de-colega-da-administracao-interna\/#primaryimage\"},\"image\":{\"@id\":\"https:\/\/portaltela.pt\/noticias\/2026\/02\/24\/ministro-pinto-luz-confortavel-ao-lado-de-colega-da-administracao-interna\/#primaryimage\"},\"thumbnailUrl\":\"https:\/\/portaltela.pt\/s.01k8rhncp4jt1\/2026\/02\/img_1500x1000uu2026-01-07-18-47-01-2258659-2.jpg\",\"datePublished\":\"2026-02-24T14:48:15+00:00\",\"author\":{\"@id\":\"https:\/\/portaltela.pt\/#\/schema\/person\/c4278d4a6028830caff9ee44b42d32ed\"},\"breadcrumb\":{\"@id\":\"https:\/\/portaltela.pt\/noticias\/2026\/02\/24\/ministro-pinto-luz-confortavel-ao-lado-de-colega-da-administracao-interna\/#breadcrumb\"},\"inLanguage\":\"pt-PT\",\"potentialAction\":[{\"@type\":\"ReadAction\",\"target\":[\"https:\/\/portaltela.pt\/noticias\/2026\/02\/24\/ministro-pinto-luz-confortavel-ao-lado-de-colega-da-administracao-interna\/\"]}]},{\"@type\":\"ImageObject\",\"inLanguage\":\"pt-PT\",\"@id\":\"https:\/\/portaltela.pt\/noticias\/2026\/02\/24\/ministro-pinto-luz-confortavel-ao-lado-de-colega-da-administracao-interna\/#primaryimage\",\"url\":\"https:\/\/portaltela.pt\/s.01k8rhncp4jt1\/2026\/02\/img_1500x1000uu2026-01-07-18-47-01-2258659-2.jpg\",\"contentUrl\":\"https:\/\/portaltela.pt\/s.01k8rhncp4jt1\/2026\/02\/img_1500x1000uu2026-01-07-18-47-01-2258659-2.jpg\",\"width\":796,\"height\":448,\"caption\":\"Miguel Pinto Luz fala sobre o controlo das fronteiras portuguesas\"},{\"@type\":\"BreadcrumbList\",\"@id\":\"https:\/\/portaltela.pt\/noticias\/2026\/02\/24\/ministro-pinto-luz-confortavel-ao-lado-de-colega-da-administracao-interna\/#breadcrumb\",\"itemListElement\":[{\"@type\":\"ListItem\",\"position\":1,\"name\":\"In\u00edcio\",\"item\":\"https:\/\/portaltela.pt\/\"},{\"@type\":\"ListItem\",\"position\":2,\"name\":\"Ministro Pinto Luz confort\u00e1vel ao lado de colega da Administra\u00e7\u00e3o Interna\"}]},{\"@type\":\"WebSite\",\"@id\":\"https:\/\/portaltela.pt\/#website\",\"url\":\"https:\/\/portaltela.pt\/\",\"name\":\"Portal Tela Portugal\",\"description\":\"\",\"potentialAction\":[{\"@type\":\"SearchAction\",\"target\":{\"@type\":\"EntryPoint\",\"urlTemplate\":\"https:\/\/portaltela.pt\/?s={search_term_string}\"},\"query-input\":{\"@type\":\"PropertyValueSpecification\",\"valueRequired\":true,\"valueName\":\"search_term_string\"}}],\"inLanguage\":\"pt-PT\"},{\"@type\":\"Person\",\"@id\":\"https:\/\/portaltela.pt\/#\/schema\/person\/c4278d4a6028830caff9ee44b42d32ed\",\"name\":\"Telinha\",\"image\":{\"@type\":\"ImageObject\",\"inLanguage\":\"pt-PT\",\"@id\":\"https:\/\/portaltela.pt\/s.01k8rhncp4jt1\/2025\/11\/talking-bot-125x125.png\",\"url\":\"https:\/\/portaltela.pt\/s.01k8rhncp4jt1\/2025\/11\/talking-bot-125x125.png\",\"contentUrl\":\"https:\/\/portaltela.pt\/s.01k8rhncp4jt1\/2025\/11\/talking-bot-125x125.png\",\"caption\":\"Telinha\"},\"sameAs\":[\"https:\/\/portaltela.pt\/\"],\"url\":\"https:\/\/portaltela.pt\/por\/367410592786\/\"}]}<\/script>\n<!-- \/ Yoast SEO plugin. -->","yoast_head_json":{"title":"Ministro Pinto Luz confort\u00e1vel ao lado de colega da Administra\u00e7\u00e3o Interna - Portal Tela Portugal","robots":{"index":"index","follow":"follow","max-snippet":"max-snippet:-1","max-image-preview":"max-image-preview:large","max-video-preview":"max-video-preview:-1"},"og_locale":"pt_PT","og_type":"article","og_title":"Ministro Pinto Luz confort\u00e1vel ao lado de colega da Administra\u00e7\u00e3o Interna - Portal Tela Portugal","og_description":"Miguel Pinto Luz disse estar \"muito confort\u00e1vel\" ao lado de Lu\u00eds Neves, novo ministro da Administra\u00e7\u00e3o Interna. Lu\u00eds Neves foi diretor nacional da Pol\u00edcia Judici\u00e1ria e encara um grande desafio pela frente no Governo. Pinto Luz afirmou que quem est\u00e1 na vida p\u00fablica deve habituar-se ao escrut\u00ednio, que considera saud\u00e1vel. O ministro destacou que Lu\u00eds Neves contar\u00e1 com o apoio de todo o Governo para enfrentar o desafio. Em abril do ano passado, Pinto Luz disse ter a consci\u00eancia absolutamente tranquila sobre decis\u00f5es na C\u00e2mara de Cascais e que as buscas da Pol\u00edcia Judici\u00e1ria eram justi\u00e7a a funcionar.","og_url":"https:\/\/portaltela.pt\/noticias\/2026\/02\/24\/ministro-pinto-luz-confortavel-ao-lado-de-colega-da-administracao-interna\/","og_site_name":"Portal Tela Portugal","article_published_time":"2026-02-24T14:48:15+00:00","author":"Telinha","twitter_card":"summary_large_image","twitter_misc":{"Escrito por":"Telinha","Tempo estimado de leitura":"1 minuto"},"schema":{"@context":"https:\/\/schema.org","@graph":[{"@type":"Article","@id":"https:\/\/portaltela.pt\/noticias\/2026\/02\/24\/ministro-pinto-luz-confortavel-ao-lado-de-colega-da-administracao-interna\/#article","isPartOf":{"@id":"https:\/\/portaltela.pt\/noticias\/2026\/02\/24\/ministro-pinto-luz-confortavel-ao-lado-de-colega-da-administracao-interna\/"},"author":{"name":"Telinha","@id":"https:\/\/portaltela.pt\/#\/schema\/person\/c4278d4a6028830caff9ee44b42d32ed"},"headline":"Ministro Pinto Luz confort\u00e1vel ao lado de colega da Administra\u00e7\u00e3o Interna","datePublished":"2026-02-24T14:48:15+00:00","mainEntityOfPage":{"@id":"https:\/\/portaltela.pt\/noticias\/2026\/02\/24\/ministro-pinto-luz-confortavel-ao-lado-de-colega-da-administracao-interna\/"},"wordCount":204,"image":{"@id":"https:\/\/portaltela.pt\/noticias\/2026\/02\/24\/ministro-pinto-luz-confortavel-ao-lado-de-colega-da-administracao-interna\/#primaryimage"},"thumbnailUrl":"https:\/\/portaltela.pt\/s.01k8rhncp4jt1\/2026\/02\/img_1500x1000uu2026-01-07-18-47-01-2258659-2.jpg","keywords":["Administra\u00e7\u00e3o Interna","Cascais","investiga\u00e7\u00e3o","Lu\u00eds Neves","Miguel Pinto Luz","Pol\u00edcia Judici\u00e1ria"],"articleSection":["Not\u00edcias","Pol\u00edtica"],"inLanguage":"pt-PT"},{"@type":"WebPage","@id":"https:\/\/portaltela.pt\/noticias\/2026\/02\/24\/ministro-pinto-luz-confortavel-ao-lado-de-colega-da-administracao-interna\/","url":"https:\/\/portaltela.pt\/noticias\/2026\/02\/24\/ministro-pinto-luz-confortavel-ao-lado-de-colega-da-administracao-interna\/","name":"Ministro Pinto Luz confort\u00e1vel ao lado de colega da Administra\u00e7\u00e3o Interna - Portal Tela Portugal","isPartOf":{"@id":"https:\/\/portaltela.pt\/#website"},"primaryImageOfPage":{"@id":"https:\/\/portaltela.pt\/noticias\/2026\/02\/24\/ministro-pinto-luz-confortavel-ao-lado-de-colega-da-administracao-interna\/#primaryimage"},"image":{"@id":"https:\/\/portaltela.pt\/noticias\/2026\/02\/24\/ministro-pinto-luz-confortavel-ao-lado-de-colega-da-administracao-interna\/#primaryimage"},"thumbnailUrl":"https:\/\/portaltela.pt\/s.01k8rhncp4jt1\/2026\/02\/img_1500x1000uu2026-01-07-18-47-01-2258659-2.jpg","datePublished":"2026-02-24T14:48:15+00:00","author":{"@id":"https:\/\/portaltela.pt\/#\/schema\/person\/c4278d4a6028830caff9ee44b42d32ed"},"breadcrumb":{"@id":"https:\/\/portaltela.pt\/noticias\/2026\/02\/24\/ministro-pinto-luz-confortavel-ao-lado-de-colega-da-administracao-interna\/#breadcrumb"},"inLanguage":"pt-PT","potentialAction":[{"@type":"ReadAction","target":["https:\/\/portaltela.pt\/noticias\/2026\/02\/24\/ministro-pinto-luz-confortavel-ao-lado-de-colega-da-administracao-interna\/"]}]},{"@type":"ImageObject","inLanguage":"pt-PT","@id":"https:\/\/portaltela.pt\/noticias\/2026\/02\/24\/ministro-pinto-luz-confortavel-ao-lado-de-colega-da-administracao-interna\/#primaryimage","url":"https:\/\/portaltela.pt\/s.01k8rhncp4jt1\/2026\/02\/img_1500x1000uu2026-01-07-18-47-01-2258659-2.jpg","contentUrl":"https:\/\/portaltela.pt\/s.01k8rhncp4jt1\/2026\/02\/img_1500x1000uu2026-01-07-18-47-01-2258659-2.jpg","width":796,"height":448,"caption":"Miguel Pinto Luz fala sobre o controlo das fronteiras portuguesas"},{"@type":"BreadcrumbList","@id":"https:\/\/portaltela.pt\/noticias\/2026\/02\/24\/ministro-pinto-luz-confortavel-ao-lado-de-colega-da-administracao-interna\/#breadcrumb","itemListElement":[{"@type":"ListItem","position":1,"name":"In\u00edcio","item":"https:\/\/portaltela.pt\/"},{"@type":"ListItem","position":2,"name":"Ministro Pinto Luz confort\u00e1vel ao lado de colega da Administra\u00e7\u00e3o Interna"}]},{"@type":"WebSite","@id":"https:\/\/portaltela.pt\/#website","url":"https:\/\/portaltela.pt\/","name":"Portal Tela Portugal","description":"","potentialAction":[{"@type":"SearchAction","target":{"@type":"EntryPoint","urlTemplate":"https:\/\/portaltela.pt\/?s={search_term_string}"},"query-input":{"@type":"PropertyValueSpecification","valueRequired":true,"valueName":"search_term_string"}}],"inLanguage":"pt-PT"},{"@type":"Person","@id":"https:\/\/portaltela.pt\/#\/schema\/person\/c4278d4a6028830caff9ee44b42d32ed","name":"Telinha","image":{"@type":"ImageObject","inLanguage":"pt-PT","@id":"https:\/\/portaltela.pt\/s.01k8rhncp4jt1\/2025\/11\/talking-bot-125x125.png","url":"https:\/\/portaltela.pt\/s.01k8rhncp4jt1\/2025\/11\/talking-bot-125x125.png","contentUrl":"https:\/\/portaltela.pt\/s.01k8rhncp4jt1\/2025\/11\/talking-bot-125x125.png","caption":"Telinha"},"sameAs":["https:\/\/portaltela.pt\/"],"url":"https:\/\/portaltela.pt\/por\/367410592786\/"}]}},"_links":{"self":[{"href":"https:\/\/portaltela.pt\/api\/wp\/v2\/posts\/224382","targetHints":{"allow":["GET"]}}],"collection":[{"href":"https:\/\/portaltela.pt\/api\/wp\/v2\/posts"}],"about":[{"href":"https:\/\/portaltela.pt\/api\/wp\/v2\/types\/post"}],"author":[{"embeddable":true,"href":"https:\/\/portaltela.pt\/api\/wp\/v2\/users\/2"}],"replies":[{"embeddable":true,"href":"https:\/\/portaltela.pt\/api\/wp\/v2\/comments?post=224382"}],"version-history":[{"count":0,"href":"https:\/\/portaltela.pt\/api\/wp\/v2\/posts\/224382\/revisions"}],"wp:featuredmedia":[{"embeddable":true,"href":"https:\/\/portaltela.pt\/api\/wp\/v2\/media\/224385"}],"wp:attachment":[{"href":"https:\/\/portaltela.pt\/api\/wp\/v2\/media?parent=224382"}],"wp:term":[{"taxonomy":"category","embeddable":true,"href":"https:\/\/portaltela.pt\/api\/wp\/v2\/categories?post=224382"},{"taxonomy":"post_tag","embeddable":true,"href":"https:\/\/portaltela.pt\/api\/wp\/v2\/tags?post=224382"}],"curies":[{"name":"wp","href":"https:\/\/api.w.org\/{rel}","templated":true}]}}