{"id":224376,"date":"2026-02-24T11:51:00","date_gmt":"2026-02-24T14:51:00","guid":{"rendered":"https:\/\/portaltela.pt\/noticias\/2026\/02\/24\/rua-sa-da-bandeira-reabre-totalmente-ao-transito-esta-tarde\/"},"modified":"2026-02-24T11:51:00","modified_gmt":"2026-02-24T14:51:00","slug":"rua-sa-da-bandeira-reabre-totalmente-ao-transito-esta-tarde","status":"publish","type":"post","link":"https:\/\/portaltela.pt\/noticias\/2026\/02\/24\/rua-sa-da-bandeira-reabre-totalmente-ao-transito-esta-tarde\/","title":{"rendered":"Rua S\u00e1 da Bandeira reabre totalmente ao tr\u00e2nsito esta tarde"},"content":{"rendered":"<p>A Rua S\u00e1 da Bandeira, no Porto, ficou parcialmente cortada na tarde de ontem devido \u00e0 queda de pedras do arco que liga dois edif\u00edcios, na esquina com a Rua Gon\u00e7alo Cristov\u00e3o. O tro\u00e7o da via foi interrompido para assegurar a seguran\u00e7a.<\/p>\n<p>A C\u00e2mara do Porto informou que j\u00e1 est\u00e3o a decorrer trabalhos de mitiga\u00e7\u00e3o de riscos no edif\u00edcio afetado, com a conclus\u00e3o prevista ainda hoje. A circula\u00e7\u00e3o est\u00e1 a decorrer por uma \u00fanica via no momento.<\/p>\n<p>N\u00e3o houve ferimentos nem danos em viaturas no incidente de ontem, que ocorreu no Centro Hist\u00f3rico. A autarquia espera reabrir o tro\u00e7o de forma total ao tr\u00e2nsito j\u00e1 nesta tarde.<\/p>\n","protected":false},"excerpt":{"rendered":"<ul>\n<li>A C\u00e2mara do Porto espera reabrir hoje \u00e0 tarde a Rua S\u00e1 da Bandeira em pleno ao tr\u00e2nsito.<\/li>\n<li>Um tro\u00e7o da Rua S\u00e1 da Bandeira ficou cortado ontem ao final da tarde devido \u00e0 queda de pedras do arco que une dois edif\u00edcios, na esquina com a Rua Gon\u00e7alo Cristov\u00e3o.<\/li>\n<li>Est\u00e3o a decorrer trabalhos de mitiga\u00e7\u00e3o de riscos no edif\u00edcio, com conclus\u00e3o prevista ainda hoje.<\/li>\n<li>Atualmente, a circula\u00e7\u00e3o rodovi\u00e1ria pode ocorrer apenas por uma via daquela zona.<\/li>\n<li>O incidente n\u00e3o provocou ferimentos nem danos em viaturas.<\/li>\n<\/ul>\n","protected":false},"author":2,"featured_media":224377,"comment_status":"closed","ping_status":"closed","sticky":false,"template":"","format":"standard","meta":{"footnotes":""},"categories":[1],"tags":[5487,1309,982,4536,1629,4353],"class_list":["post-224376","post","type-post","status-publish","format-standard","has-post-thumbnail","hentry","category-noticias","tag-acidente","tag-centro","tag-porto","tag-seguranca","tag-transito","tag-vias-publicas"],"yoast_head":"<!-- This site is optimized with the Yoast SEO plugin v27.2 - https:\/\/yoast.com\/product\/yoast-seo-wordpress\/ -->\n<title>Rua S\u00e1 da Bandeira reabre totalmente ao tr\u00e2nsito esta tarde - Portal Tela Portugal<\/title>\n<meta name=\"robots\" content=\"index, follow, max-snippet:-1, max-image-preview:large, max-video-preview:-1\" \/>\n<meta property=\"og:locale\" content=\"pt_PT\" \/>\n<meta property=\"og:type\" content=\"article\" \/>\n<meta property=\"og:title\" content=\"Rua S\u00e1 da Bandeira reabre totalmente ao tr\u00e2nsito esta tarde - Portal Tela Portugal\" \/>\n<meta property=\"og:description\" content=\"A C\u00e2mara do Porto espera reabrir hoje \u00e0 tarde a Rua S\u00e1 da Bandeira em pleno ao tr\u00e2nsito. Um tro\u00e7o da Rua S\u00e1 da Bandeira ficou cortado ontem ao final da tarde devido \u00e0 queda de pedras do arco que une dois edif\u00edcios, na esquina com a Rua Gon\u00e7alo Cristov\u00e3o. Est\u00e3o a decorrer trabalhos de mitiga\u00e7\u00e3o de riscos no edif\u00edcio, com conclus\u00e3o prevista ainda hoje. Atualmente, a circula\u00e7\u00e3o rodovi\u00e1ria pode ocorrer apenas por uma via daquela zona. O incidente n\u00e3o provocou ferimentos nem danos em viaturas.\" \/>\n<meta property=\"og:url\" content=\"https:\/\/portaltela.pt\/noticias\/2026\/02\/24\/rua-sa-da-bandeira-reabre-totalmente-ao-transito-esta-tarde\/\" \/>\n<meta property=\"og:site_name\" content=\"Portal Tela Portugal\" \/>\n<meta property=\"article:published_time\" content=\"2026-02-24T14:51:00+00:00\" \/>\n<meta name=\"author\" content=\"Telinha\" \/>\n<meta name=\"twitter:card\" content=\"summary_large_image\" \/>\n<meta name=\"twitter:label1\" content=\"Escrito por\" \/>\n\t<meta name=\"twitter:data1\" content=\"Telinha\" \/>\n\t<meta name=\"twitter:label2\" content=\"Tempo estimado de leitura\" \/>\n\t<meta name=\"twitter:data2\" content=\"1 minuto\" \/>\n<script type=\"application\/ld+json\" class=\"yoast-schema-graph\">{\"@context\":\"https:\/\/schema.org\",\"@graph\":[{\"@type\":\"Article\",\"@id\":\"https:\/\/portaltela.pt\/noticias\/2026\/02\/24\/rua-sa-da-bandeira-reabre-totalmente-ao-transito-esta-tarde\/#article\",\"isPartOf\":{\"@id\":\"https:\/\/portaltela.pt\/noticias\/2026\/02\/24\/rua-sa-da-bandeira-reabre-totalmente-ao-transito-esta-tarde\/\"},\"author\":{\"name\":\"Telinha\",\"@id\":\"https:\/\/portaltela.pt\/#\/schema\/person\/c4278d4a6028830caff9ee44b42d32ed\"},\"headline\":\"Rua S\u00e1 da Bandeira reabre totalmente ao tr\u00e2nsito esta tarde\",\"datePublished\":\"2026-02-24T14:51:00+00:00\",\"mainEntityOfPage\":{\"@id\":\"https:\/\/portaltela.pt\/noticias\/2026\/02\/24\/rua-sa-da-bandeira-reabre-totalmente-ao-transito-esta-tarde\/\"},\"wordCount\":132,\"image\":{\"@id\":\"https:\/\/portaltela.pt\/noticias\/2026\/02\/24\/rua-sa-da-bandeira-reabre-totalmente-ao-transito-esta-tarde\/#primaryimage\"},\"thumbnailUrl\":\"https:\/\/portaltela.pt\/s.01k8rhncp4jt1\/2026\/02\/ae3eebfa-93b9-4af5-8ae2-2156397349a6_1200x675.jpg\",\"keywords\":[\"acidente\",\"Centro\",\"Porto\",\"seguran\u00e7a\",\"tr\u00e2nsito\",\"vias p\u00fablicas\"],\"articleSection\":[\"Not\u00edcias\"],\"inLanguage\":\"pt-PT\"},{\"@type\":\"WebPage\",\"@id\":\"https:\/\/portaltela.pt\/noticias\/2026\/02\/24\/rua-sa-da-bandeira-reabre-totalmente-ao-transito-esta-tarde\/\",\"url\":\"https:\/\/portaltela.pt\/noticias\/2026\/02\/24\/rua-sa-da-bandeira-reabre-totalmente-ao-transito-esta-tarde\/\",\"name\":\"Rua S\u00e1 da Bandeira reabre totalmente ao tr\u00e2nsito esta tarde - Portal Tela Portugal\",\"isPartOf\":{\"@id\":\"https:\/\/portaltela.pt\/#website\"},\"primaryImageOfPage\":{\"@id\":\"https:\/\/portaltela.pt\/noticias\/2026\/02\/24\/rua-sa-da-bandeira-reabre-totalmente-ao-transito-esta-tarde\/#primaryimage\"},\"image\":{\"@id\":\"https:\/\/portaltela.pt\/noticias\/2026\/02\/24\/rua-sa-da-bandeira-reabre-totalmente-ao-transito-esta-tarde\/#primaryimage\"},\"thumbnailUrl\":\"https:\/\/portaltela.pt\/s.01k8rhncp4jt1\/2026\/02\/ae3eebfa-93b9-4af5-8ae2-2156397349a6_1200x675.jpg\",\"datePublished\":\"2026-02-24T14:51:00+00:00\",\"author\":{\"@id\":\"https:\/\/portaltela.pt\/#\/schema\/person\/c4278d4a6028830caff9ee44b42d32ed\"},\"breadcrumb\":{\"@id\":\"https:\/\/portaltela.pt\/noticias\/2026\/02\/24\/rua-sa-da-bandeira-reabre-totalmente-ao-transito-esta-tarde\/#breadcrumb\"},\"inLanguage\":\"pt-PT\",\"potentialAction\":[{\"@type\":\"ReadAction\",\"target\":[\"https:\/\/portaltela.pt\/noticias\/2026\/02\/24\/rua-sa-da-bandeira-reabre-totalmente-ao-transito-esta-tarde\/\"]}]},{\"@type\":\"ImageObject\",\"inLanguage\":\"pt-PT\",\"@id\":\"https:\/\/portaltela.pt\/noticias\/2026\/02\/24\/rua-sa-da-bandeira-reabre-totalmente-ao-transito-esta-tarde\/#primaryimage\",\"url\":\"https:\/\/portaltela.pt\/s.01k8rhncp4jt1\/2026\/02\/ae3eebfa-93b9-4af5-8ae2-2156397349a6_1200x675.jpg\",\"contentUrl\":\"https:\/\/portaltela.pt\/s.01k8rhncp4jt1\/2026\/02\/ae3eebfa-93b9-4af5-8ae2-2156397349a6_1200x675.jpg\",\"width\":796,\"height\":448,\"caption\":\"Trabalhos de mitiga\u00e7\u00e3o de riscos come\u00e7aram ontem e ser\u00e3o terminados hoje\"},{\"@type\":\"BreadcrumbList\",\"@id\":\"https:\/\/portaltela.pt\/noticias\/2026\/02\/24\/rua-sa-da-bandeira-reabre-totalmente-ao-transito-esta-tarde\/#breadcrumb\",\"itemListElement\":[{\"@type\":\"ListItem\",\"position\":1,\"name\":\"In\u00edcio\",\"item\":\"https:\/\/portaltela.pt\/\"},{\"@type\":\"ListItem\",\"position\":2,\"name\":\"Rua S\u00e1 da Bandeira reabre totalmente ao tr\u00e2nsito esta tarde\"}]},{\"@type\":\"WebSite\",\"@id\":\"https:\/\/portaltela.pt\/#website\",\"url\":\"https:\/\/portaltela.pt\/\",\"name\":\"Portal Tela Portugal\",\"description\":\"\",\"potentialAction\":[{\"@type\":\"SearchAction\",\"target\":{\"@type\":\"EntryPoint\",\"urlTemplate\":\"https:\/\/portaltela.pt\/?s={search_term_string}\"},\"query-input\":{\"@type\":\"PropertyValueSpecification\",\"valueRequired\":true,\"valueName\":\"search_term_string\"}}],\"inLanguage\":\"pt-PT\"},{\"@type\":\"Person\",\"@id\":\"https:\/\/portaltela.pt\/#\/schema\/person\/c4278d4a6028830caff9ee44b42d32ed\",\"name\":\"Telinha\",\"image\":{\"@type\":\"ImageObject\",\"inLanguage\":\"pt-PT\",\"@id\":\"https:\/\/portaltela.pt\/s.01k8rhncp4jt1\/2025\/11\/talking-bot-125x125.png\",\"url\":\"https:\/\/portaltela.pt\/s.01k8rhncp4jt1\/2025\/11\/talking-bot-125x125.png\",\"contentUrl\":\"https:\/\/portaltela.pt\/s.01k8rhncp4jt1\/2025\/11\/talking-bot-125x125.png\",\"caption\":\"Telinha\"},\"sameAs\":[\"https:\/\/portaltela.pt\/\"],\"url\":\"https:\/\/portaltela.pt\/por\/367410592786\/\"}]}<\/script>\n<!-- \/ Yoast SEO plugin. -->","yoast_head_json":{"title":"Rua S\u00e1 da Bandeira reabre totalmente ao tr\u00e2nsito esta tarde - Portal Tela Portugal","robots":{"index":"index","follow":"follow","max-snippet":"max-snippet:-1","max-image-preview":"max-image-preview:large","max-video-preview":"max-video-preview:-1"},"og_locale":"pt_PT","og_type":"article","og_title":"Rua S\u00e1 da Bandeira reabre totalmente ao tr\u00e2nsito esta tarde - Portal Tela Portugal","og_description":"A C\u00e2mara do Porto espera reabrir hoje \u00e0 tarde a Rua S\u00e1 da Bandeira em pleno ao tr\u00e2nsito. Um tro\u00e7o da Rua S\u00e1 da Bandeira ficou cortado ontem ao final da tarde devido \u00e0 queda de pedras do arco que une dois edif\u00edcios, na esquina com a Rua Gon\u00e7alo Cristov\u00e3o. Est\u00e3o a decorrer trabalhos de mitiga\u00e7\u00e3o de riscos no edif\u00edcio, com conclus\u00e3o prevista ainda hoje. Atualmente, a circula\u00e7\u00e3o rodovi\u00e1ria pode ocorrer apenas por uma via daquela zona. O incidente n\u00e3o provocou ferimentos nem danos em viaturas.","og_url":"https:\/\/portaltela.pt\/noticias\/2026\/02\/24\/rua-sa-da-bandeira-reabre-totalmente-ao-transito-esta-tarde\/","og_site_name":"Portal Tela Portugal","article_published_time":"2026-02-24T14:51:00+00:00","author":"Telinha","twitter_card":"summary_large_image","twitter_misc":{"Escrito por":"Telinha","Tempo estimado de leitura":"1 minuto"},"schema":{"@context":"https:\/\/schema.org","@graph":[{"@type":"Article","@id":"https:\/\/portaltela.pt\/noticias\/2026\/02\/24\/rua-sa-da-bandeira-reabre-totalmente-ao-transito-esta-tarde\/#article","isPartOf":{"@id":"https:\/\/portaltela.pt\/noticias\/2026\/02\/24\/rua-sa-da-bandeira-reabre-totalmente-ao-transito-esta-tarde\/"},"author":{"name":"Telinha","@id":"https:\/\/portaltela.pt\/#\/schema\/person\/c4278d4a6028830caff9ee44b42d32ed"},"headline":"Rua S\u00e1 da Bandeira reabre totalmente ao tr\u00e2nsito esta tarde","datePublished":"2026-02-24T14:51:00+00:00","mainEntityOfPage":{"@id":"https:\/\/portaltela.pt\/noticias\/2026\/02\/24\/rua-sa-da-bandeira-reabre-totalmente-ao-transito-esta-tarde\/"},"wordCount":132,"image":{"@id":"https:\/\/portaltela.pt\/noticias\/2026\/02\/24\/rua-sa-da-bandeira-reabre-totalmente-ao-transito-esta-tarde\/#primaryimage"},"thumbnailUrl":"https:\/\/portaltela.pt\/s.01k8rhncp4jt1\/2026\/02\/ae3eebfa-93b9-4af5-8ae2-2156397349a6_1200x675.jpg","keywords":["acidente","Centro","Porto","seguran\u00e7a","tr\u00e2nsito","vias p\u00fablicas"],"articleSection":["Not\u00edcias"],"inLanguage":"pt-PT"},{"@type":"WebPage","@id":"https:\/\/portaltela.pt\/noticias\/2026\/02\/24\/rua-sa-da-bandeira-reabre-totalmente-ao-transito-esta-tarde\/","url":"https:\/\/portaltela.pt\/noticias\/2026\/02\/24\/rua-sa-da-bandeira-reabre-totalmente-ao-transito-esta-tarde\/","name":"Rua S\u00e1 da Bandeira reabre totalmente ao tr\u00e2nsito esta tarde - Portal Tela Portugal","isPartOf":{"@id":"https:\/\/portaltela.pt\/#website"},"primaryImageOfPage":{"@id":"https:\/\/portaltela.pt\/noticias\/2026\/02\/24\/rua-sa-da-bandeira-reabre-totalmente-ao-transito-esta-tarde\/#primaryimage"},"image":{"@id":"https:\/\/portaltela.pt\/noticias\/2026\/02\/24\/rua-sa-da-bandeira-reabre-totalmente-ao-transito-esta-tarde\/#primaryimage"},"thumbnailUrl":"https:\/\/portaltela.pt\/s.01k8rhncp4jt1\/2026\/02\/ae3eebfa-93b9-4af5-8ae2-2156397349a6_1200x675.jpg","datePublished":"2026-02-24T14:51:00+00:00","author":{"@id":"https:\/\/portaltela.pt\/#\/schema\/person\/c4278d4a6028830caff9ee44b42d32ed"},"breadcrumb":{"@id":"https:\/\/portaltela.pt\/noticias\/2026\/02\/24\/rua-sa-da-bandeira-reabre-totalmente-ao-transito-esta-tarde\/#breadcrumb"},"inLanguage":"pt-PT","potentialAction":[{"@type":"ReadAction","target":["https:\/\/portaltela.pt\/noticias\/2026\/02\/24\/rua-sa-da-bandeira-reabre-totalmente-ao-transito-esta-tarde\/"]}]},{"@type":"ImageObject","inLanguage":"pt-PT","@id":"https:\/\/portaltela.pt\/noticias\/2026\/02\/24\/rua-sa-da-bandeira-reabre-totalmente-ao-transito-esta-tarde\/#primaryimage","url":"https:\/\/portaltela.pt\/s.01k8rhncp4jt1\/2026\/02\/ae3eebfa-93b9-4af5-8ae2-2156397349a6_1200x675.jpg","contentUrl":"https:\/\/portaltela.pt\/s.01k8rhncp4jt1\/2026\/02\/ae3eebfa-93b9-4af5-8ae2-2156397349a6_1200x675.jpg","width":796,"height":448,"caption":"Trabalhos de mitiga\u00e7\u00e3o de riscos come\u00e7aram ontem e ser\u00e3o terminados hoje"},{"@type":"BreadcrumbList","@id":"https:\/\/portaltela.pt\/noticias\/2026\/02\/24\/rua-sa-da-bandeira-reabre-totalmente-ao-transito-esta-tarde\/#breadcrumb","itemListElement":[{"@type":"ListItem","position":1,"name":"In\u00edcio","item":"https:\/\/portaltela.pt\/"},{"@type":"ListItem","position":2,"name":"Rua S\u00e1 da Bandeira reabre totalmente ao tr\u00e2nsito esta tarde"}]},{"@type":"WebSite","@id":"https:\/\/portaltela.pt\/#website","url":"https:\/\/portaltela.pt\/","name":"Portal Tela Portugal","description":"","potentialAction":[{"@type":"SearchAction","target":{"@type":"EntryPoint","urlTemplate":"https:\/\/portaltela.pt\/?s={search_term_string}"},"query-input":{"@type":"PropertyValueSpecification","valueRequired":true,"valueName":"search_term_string"}}],"inLanguage":"pt-PT"},{"@type":"Person","@id":"https:\/\/portaltela.pt\/#\/schema\/person\/c4278d4a6028830caff9ee44b42d32ed","name":"Telinha","image":{"@type":"ImageObject","inLanguage":"pt-PT","@id":"https:\/\/portaltela.pt\/s.01k8rhncp4jt1\/2025\/11\/talking-bot-125x125.png","url":"https:\/\/portaltela.pt\/s.01k8rhncp4jt1\/2025\/11\/talking-bot-125x125.png","contentUrl":"https:\/\/portaltela.pt\/s.01k8rhncp4jt1\/2025\/11\/talking-bot-125x125.png","caption":"Telinha"},"sameAs":["https:\/\/portaltela.pt\/"],"url":"https:\/\/portaltela.pt\/por\/367410592786\/"}]}},"_links":{"self":[{"href":"https:\/\/portaltela.pt\/api\/wp\/v2\/posts\/224376","targetHints":{"allow":["GET"]}}],"collection":[{"href":"https:\/\/portaltela.pt\/api\/wp\/v2\/posts"}],"about":[{"href":"https:\/\/portaltela.pt\/api\/wp\/v2\/types\/post"}],"author":[{"embeddable":true,"href":"https:\/\/portaltela.pt\/api\/wp\/v2\/users\/2"}],"replies":[{"embeddable":true,"href":"https:\/\/portaltela.pt\/api\/wp\/v2\/comments?post=224376"}],"version-history":[{"count":0,"href":"https:\/\/portaltela.pt\/api\/wp\/v2\/posts\/224376\/revisions"}],"wp:featuredmedia":[{"embeddable":true,"href":"https:\/\/portaltela.pt\/api\/wp\/v2\/media\/224377"}],"wp:attachment":[{"href":"https:\/\/portaltela.pt\/api\/wp\/v2\/media?parent=224376"}],"wp:term":[{"taxonomy":"category","embeddable":true,"href":"https:\/\/portaltela.pt\/api\/wp\/v2\/categories?post=224376"},{"taxonomy":"post_tag","embeddable":true,"href":"https:\/\/portaltela.pt\/api\/wp\/v2\/tags?post=224376"}],"curies":[{"name":"wp","href":"https:\/\/api.w.org\/{rel}","templated":true}]}}