{"id":224372,"date":"2026-02-24T11:57:00","date_gmt":"2026-02-24T14:57:00","guid":{"rendered":"https:\/\/portaltela.pt\/noticias\/2026\/02\/24\/fmi-alerta-que-impactos-das-politicas-industriais-exigem-cautela\/"},"modified":"2026-02-24T11:57:00","modified_gmt":"2026-02-24T14:57:00","slug":"fmi-alerta-que-impactos-das-politicas-industriais-exigem-cautela","status":"publish","type":"post","link":"https:\/\/portaltela.pt\/noticias\/internacional\/2026\/02\/24\/fmi-alerta-que-impactos-das-politicas-industriais-exigem-cautela\/","title":{"rendered":"FMI alerta que impactos das pol\u00edticas industriais exigem cautela"},"content":{"rendered":"<p>O FMI alerta para que pol\u00edticas industriais devam ser avaliadas com cautela. O estudo Industrial Policies: Handle with Care foi apresentado em Lisboa, na Cat\u00f3lica Lisbon School of Business &amp; Economics, e analisa cen\u00e1rios de implementa\u00e7\u00e3o de pol\u00edticas industriais.<\/p>\n<p>Segundo o FMI, a retoma dessas pol\u00edticas pode gerar ganhos econ\u00f3micos menores face a reformas estruturais que fortalecem a economia no seu conjunto. Os autores destacam riscos como capacidade estatal limitada e captura por interesses privados ou pol\u00edticos.<\/p>\n<p>O estudo, liderado pelo economista s\u00e9nior Samuel Pienknagura, baseia-se em dados de m\u00faltiplos pa\u00edses e setores. Os resultados sugerem que a efetividade depende de governa\u00e7\u00e3o, implementa\u00e7\u00e3o competente e ambiente institucional est\u00e1vel.<\/p>\n<p>De acordo com os docentes que comentaram o relat\u00f3rio, Jo\u00e3o C\u00e9sar das Neves, Isabel Horta Correia e Jo\u00e3o Borges Assun\u00e7\u00e3o, as pol\u00edticas industriais requerem avalia\u00e7\u00e3o de custos or\u00e7amentais e tens\u00f5es geopol\u00edticas associadas.<\/p>\n<h3>Seis princ\u00edpios para pol\u00edticas industriais<\/h3>\n<p>As conclus\u00f5es apontam seis princ\u00edpios para orientar a aplica\u00e7\u00e3o de PI, especialmente em contextos de crescimento moderado. Primeiro, direcionar para produtos onde j\u00e1 existe competitividade.<\/p>\n<p>Em seguida, assegurar governa\u00e7\u00e3o s\u00f3lida e capacidade de implementa\u00e7\u00e3o para evitar captura por interesses com baixo potencial de crescimento.<\/p>\n","protected":false},"excerpt":{"rendered":"<ul>\n<li>O Fundo Monet\u00e1rio Internacional alerta que pol\u00edticas industriais podem gerar benef\u00edcios econ\u00f3micos mais baixos do que pol\u00edticas estruturais, devendo ser tratadas com cuidado.<\/li>\n<li>O estudo, apresentado em Lisboa, recomenda que as pol\u00edticas industriais sejam usadas apenas onde os pa\u00edses j\u00e1 s\u00e3o competitivos, para evitar ganhos incertos.<\/li>\n<li>Sublinha a necessidade de boa governa\u00e7\u00e3o, capacidade de implementa\u00e7\u00e3o e evitar a captura por interesses privados ou pol\u00edticos.<\/li>\n<li>Defende reformas estruturais para criar um ambiente de neg\u00f3cios competitivo, com boa governa\u00e7\u00e3o, baixos custos de entrada, cr\u00e9dito eficaz e m\u00e3o-de-obra qualificada, antes de depender de pol\u00edticas industriais.<\/li>\n<li>Sugere escolher instrumentos de apoio com cuidado, favorecer pol\u00edticas orientadas ao mercado externo, avaliar custos or\u00e7amentais e promover coopera\u00e7\u00e3o internacional para mitigar custos e tens\u00f5es comerciais.<\/li>\n<\/ul>\n","protected":false},"author":2,"featured_media":224374,"comment_status":"closed","ping_status":"closed","sticky":false,"template":"","format":"standard","meta":{"footnotes":""},"categories":[4,1],"tags":[6115,28,2497,981,229,133],"class_list":["post-224372","post","type-post","status-publish","format-standard","has-post-thumbnail","hentry","category-internacional","category-noticias","tag-_economia","tag-economia","tag-governacao","tag-lisboa","tag-politica-publica","tag-politicas-publicas"],"yoast_head":"<!-- This site is optimized with the Yoast SEO plugin v27.2 - https:\/\/yoast.com\/product\/yoast-seo-wordpress\/ -->\n<title>FMI alerta que impactos das pol\u00edticas industriais exigem cautela - Portal Tela Portugal<\/title>\n<meta name=\"robots\" content=\"index, follow, max-snippet:-1, max-image-preview:large, max-video-preview:-1\" \/>\n<meta property=\"og:locale\" content=\"pt_PT\" \/>\n<meta property=\"og:type\" content=\"article\" \/>\n<meta property=\"og:title\" content=\"FMI alerta que impactos das pol\u00edticas industriais exigem cautela - Portal Tela Portugal\" \/>\n<meta property=\"og:description\" content=\"O Fundo Monet\u00e1rio Internacional alerta que pol\u00edticas industriais podem gerar benef\u00edcios econ\u00f3micos mais baixos do que pol\u00edticas estruturais, devendo ser tratadas com cuidado. O estudo, apresentado em Lisboa, recomenda que as pol\u00edticas industriais sejam usadas apenas onde os pa\u00edses j\u00e1 s\u00e3o competitivos, para evitar ganhos incertos. Sublinha a necessidade de boa governa\u00e7\u00e3o, capacidade de implementa\u00e7\u00e3o e evitar a captura por interesses privados ou pol\u00edticos. Defende reformas estruturais para criar um ambiente de neg\u00f3cios competitivo, com boa governa\u00e7\u00e3o, baixos custos de entrada, cr\u00e9dito eficaz e m\u00e3o-de-obra qualificada, antes de depender de pol\u00edticas industriais. Sugere escolher instrumentos de apoio com cuidado, favorecer pol\u00edticas orientadas ao mercado externo, avaliar custos or\u00e7amentais e promover coopera\u00e7\u00e3o internacional para mitigar custos e tens\u00f5es comerciais.\" \/>\n<meta property=\"og:url\" content=\"https:\/\/portaltela.pt\/noticias\/2026\/02\/24\/fmi-alerta-que-impactos-das-politicas-industriais-exigem-cautela\/\" \/>\n<meta property=\"og:site_name\" content=\"Portal Tela Portugal\" \/>\n<meta property=\"article:published_time\" content=\"2026-02-24T14:57:00+00:00\" \/>\n<meta name=\"author\" content=\"Telinha\" \/>\n<meta name=\"twitter:card\" content=\"summary_large_image\" \/>\n<meta name=\"twitter:label1\" content=\"Escrito por\" \/>\n\t<meta name=\"twitter:data1\" content=\"Telinha\" \/>\n\t<meta name=\"twitter:label2\" content=\"Tempo estimado de leitura\" \/>\n\t<meta name=\"twitter:data2\" content=\"1 minuto\" \/>\n<script type=\"application\/ld+json\" class=\"yoast-schema-graph\">{\"@context\":\"https:\/\/schema.org\",\"@graph\":[{\"@type\":\"Article\",\"@id\":\"https:\/\/portaltela.pt\/noticias\/2026\/02\/24\/fmi-alerta-que-impactos-das-politicas-industriais-exigem-cautela\/#article\",\"isPartOf\":{\"@id\":\"https:\/\/portaltela.pt\/noticias\/2026\/02\/24\/fmi-alerta-que-impactos-das-politicas-industriais-exigem-cautela\/\"},\"author\":{\"name\":\"Telinha\",\"@id\":\"https:\/\/portaltela.pt\/#\/schema\/person\/c4278d4a6028830caff9ee44b42d32ed\"},\"headline\":\"FMI alerta que impactos das pol\u00edticas industriais exigem cautela\",\"datePublished\":\"2026-02-24T14:57:00+00:00\",\"mainEntityOfPage\":{\"@id\":\"https:\/\/portaltela.pt\/noticias\/2026\/02\/24\/fmi-alerta-que-impactos-das-politicas-industriais-exigem-cautela\/\"},\"wordCount\":231,\"image\":{\"@id\":\"https:\/\/portaltela.pt\/noticias\/2026\/02\/24\/fmi-alerta-que-impactos-das-politicas-industriais-exigem-cautela\/#primaryimage\"},\"thumbnailUrl\":\"https:\/\/portaltela.pt\/s.01k8rhncp4jt1\/2026\/02\/img_1500x1000uu2020-03-06-07-50-48-929452.jpg\",\"keywords\":[\"_economia\",\"economia\",\"governa\u00e7\u00e3o\",\"Lisboa\",\"pol\u00edtica p\u00fablica\",\"pol\u00edticas p\u00fablicas\"],\"articleSection\":[\"Internacional\",\"Not\u00edcias\"],\"inLanguage\":\"pt-PT\"},{\"@type\":\"WebPage\",\"@id\":\"https:\/\/portaltela.pt\/noticias\/2026\/02\/24\/fmi-alerta-que-impactos-das-politicas-industriais-exigem-cautela\/\",\"url\":\"https:\/\/portaltela.pt\/noticias\/2026\/02\/24\/fmi-alerta-que-impactos-das-politicas-industriais-exigem-cautela\/\",\"name\":\"FMI alerta que impactos das pol\u00edticas industriais exigem cautela - Portal Tela Portugal\",\"isPartOf\":{\"@id\":\"https:\/\/portaltela.pt\/#website\"},\"primaryImageOfPage\":{\"@id\":\"https:\/\/portaltela.pt\/noticias\/2026\/02\/24\/fmi-alerta-que-impactos-das-politicas-industriais-exigem-cautela\/#primaryimage\"},\"image\":{\"@id\":\"https:\/\/portaltela.pt\/noticias\/2026\/02\/24\/fmi-alerta-que-impactos-das-politicas-industriais-exigem-cautela\/#primaryimage\"},\"thumbnailUrl\":\"https:\/\/portaltela.pt\/s.01k8rhncp4jt1\/2026\/02\/img_1500x1000uu2020-03-06-07-50-48-929452.jpg\",\"datePublished\":\"2026-02-24T14:57:00+00:00\",\"author\":{\"@id\":\"https:\/\/portaltela.pt\/#\/schema\/person\/c4278d4a6028830caff9ee44b42d32ed\"},\"breadcrumb\":{\"@id\":\"https:\/\/portaltela.pt\/noticias\/2026\/02\/24\/fmi-alerta-que-impactos-das-politicas-industriais-exigem-cautela\/#breadcrumb\"},\"inLanguage\":\"pt-PT\",\"potentialAction\":[{\"@type\":\"ReadAction\",\"target\":[\"https:\/\/portaltela.pt\/noticias\/2026\/02\/24\/fmi-alerta-que-impactos-das-politicas-industriais-exigem-cautela\/\"]}]},{\"@type\":\"ImageObject\",\"inLanguage\":\"pt-PT\",\"@id\":\"https:\/\/portaltela.pt\/noticias\/2026\/02\/24\/fmi-alerta-que-impactos-das-politicas-industriais-exigem-cautela\/#primaryimage\",\"url\":\"https:\/\/portaltela.pt\/s.01k8rhncp4jt1\/2026\/02\/img_1500x1000uu2020-03-06-07-50-48-929452.jpg\",\"contentUrl\":\"https:\/\/portaltela.pt\/s.01k8rhncp4jt1\/2026\/02\/img_1500x1000uu2020-03-06-07-50-48-929452.jpg\",\"width\":796,\"height\":448,\"caption\":\"FMI\"},{\"@type\":\"BreadcrumbList\",\"@id\":\"https:\/\/portaltela.pt\/noticias\/2026\/02\/24\/fmi-alerta-que-impactos-das-politicas-industriais-exigem-cautela\/#breadcrumb\",\"itemListElement\":[{\"@type\":\"ListItem\",\"position\":1,\"name\":\"In\u00edcio\",\"item\":\"https:\/\/portaltela.pt\/\"},{\"@type\":\"ListItem\",\"position\":2,\"name\":\"FMI alerta que impactos das pol\u00edticas industriais exigem cautela\"}]},{\"@type\":\"WebSite\",\"@id\":\"https:\/\/portaltela.pt\/#website\",\"url\":\"https:\/\/portaltela.pt\/\",\"name\":\"Portal Tela Portugal\",\"description\":\"\",\"potentialAction\":[{\"@type\":\"SearchAction\",\"target\":{\"@type\":\"EntryPoint\",\"urlTemplate\":\"https:\/\/portaltela.pt\/?s={search_term_string}\"},\"query-input\":{\"@type\":\"PropertyValueSpecification\",\"valueRequired\":true,\"valueName\":\"search_term_string\"}}],\"inLanguage\":\"pt-PT\"},{\"@type\":\"Person\",\"@id\":\"https:\/\/portaltela.pt\/#\/schema\/person\/c4278d4a6028830caff9ee44b42d32ed\",\"name\":\"Telinha\",\"image\":{\"@type\":\"ImageObject\",\"inLanguage\":\"pt-PT\",\"@id\":\"https:\/\/portaltela.pt\/s.01k8rhncp4jt1\/2025\/11\/talking-bot-125x125.png\",\"url\":\"https:\/\/portaltela.pt\/s.01k8rhncp4jt1\/2025\/11\/talking-bot-125x125.png\",\"contentUrl\":\"https:\/\/portaltela.pt\/s.01k8rhncp4jt1\/2025\/11\/talking-bot-125x125.png\",\"caption\":\"Telinha\"},\"sameAs\":[\"https:\/\/portaltela.pt\/\"],\"url\":\"https:\/\/portaltela.pt\/por\/367410592786\/\"}]}<\/script>\n<!-- \/ Yoast SEO plugin. -->","yoast_head_json":{"title":"FMI alerta que impactos das pol\u00edticas industriais exigem cautela - Portal Tela Portugal","robots":{"index":"index","follow":"follow","max-snippet":"max-snippet:-1","max-image-preview":"max-image-preview:large","max-video-preview":"max-video-preview:-1"},"og_locale":"pt_PT","og_type":"article","og_title":"FMI alerta que impactos das pol\u00edticas industriais exigem cautela - Portal Tela Portugal","og_description":"O Fundo Monet\u00e1rio Internacional alerta que pol\u00edticas industriais podem gerar benef\u00edcios econ\u00f3micos mais baixos do que pol\u00edticas estruturais, devendo ser tratadas com cuidado. O estudo, apresentado em Lisboa, recomenda que as pol\u00edticas industriais sejam usadas apenas onde os pa\u00edses j\u00e1 s\u00e3o competitivos, para evitar ganhos incertos. Sublinha a necessidade de boa governa\u00e7\u00e3o, capacidade de implementa\u00e7\u00e3o e evitar a captura por interesses privados ou pol\u00edticos. Defende reformas estruturais para criar um ambiente de neg\u00f3cios competitivo, com boa governa\u00e7\u00e3o, baixos custos de entrada, cr\u00e9dito eficaz e m\u00e3o-de-obra qualificada, antes de depender de pol\u00edticas industriais. Sugere escolher instrumentos de apoio com cuidado, favorecer pol\u00edticas orientadas ao mercado externo, avaliar custos or\u00e7amentais e promover coopera\u00e7\u00e3o internacional para mitigar custos e tens\u00f5es comerciais.","og_url":"https:\/\/portaltela.pt\/noticias\/2026\/02\/24\/fmi-alerta-que-impactos-das-politicas-industriais-exigem-cautela\/","og_site_name":"Portal Tela Portugal","article_published_time":"2026-02-24T14:57:00+00:00","author":"Telinha","twitter_card":"summary_large_image","twitter_misc":{"Escrito por":"Telinha","Tempo estimado de leitura":"1 minuto"},"schema":{"@context":"https:\/\/schema.org","@graph":[{"@type":"Article","@id":"https:\/\/portaltela.pt\/noticias\/2026\/02\/24\/fmi-alerta-que-impactos-das-politicas-industriais-exigem-cautela\/#article","isPartOf":{"@id":"https:\/\/portaltela.pt\/noticias\/2026\/02\/24\/fmi-alerta-que-impactos-das-politicas-industriais-exigem-cautela\/"},"author":{"name":"Telinha","@id":"https:\/\/portaltela.pt\/#\/schema\/person\/c4278d4a6028830caff9ee44b42d32ed"},"headline":"FMI alerta que impactos das pol\u00edticas industriais exigem cautela","datePublished":"2026-02-24T14:57:00+00:00","mainEntityOfPage":{"@id":"https:\/\/portaltela.pt\/noticias\/2026\/02\/24\/fmi-alerta-que-impactos-das-politicas-industriais-exigem-cautela\/"},"wordCount":231,"image":{"@id":"https:\/\/portaltela.pt\/noticias\/2026\/02\/24\/fmi-alerta-que-impactos-das-politicas-industriais-exigem-cautela\/#primaryimage"},"thumbnailUrl":"https:\/\/portaltela.pt\/s.01k8rhncp4jt1\/2026\/02\/img_1500x1000uu2020-03-06-07-50-48-929452.jpg","keywords":["_economia","economia","governa\u00e7\u00e3o","Lisboa","pol\u00edtica p\u00fablica","pol\u00edticas p\u00fablicas"],"articleSection":["Internacional","Not\u00edcias"],"inLanguage":"pt-PT"},{"@type":"WebPage","@id":"https:\/\/portaltela.pt\/noticias\/2026\/02\/24\/fmi-alerta-que-impactos-das-politicas-industriais-exigem-cautela\/","url":"https:\/\/portaltela.pt\/noticias\/2026\/02\/24\/fmi-alerta-que-impactos-das-politicas-industriais-exigem-cautela\/","name":"FMI alerta que impactos das pol\u00edticas industriais exigem cautela - Portal Tela Portugal","isPartOf":{"@id":"https:\/\/portaltela.pt\/#website"},"primaryImageOfPage":{"@id":"https:\/\/portaltela.pt\/noticias\/2026\/02\/24\/fmi-alerta-que-impactos-das-politicas-industriais-exigem-cautela\/#primaryimage"},"image":{"@id":"https:\/\/portaltela.pt\/noticias\/2026\/02\/24\/fmi-alerta-que-impactos-das-politicas-industriais-exigem-cautela\/#primaryimage"},"thumbnailUrl":"https:\/\/portaltela.pt\/s.01k8rhncp4jt1\/2026\/02\/img_1500x1000uu2020-03-06-07-50-48-929452.jpg","datePublished":"2026-02-24T14:57:00+00:00","author":{"@id":"https:\/\/portaltela.pt\/#\/schema\/person\/c4278d4a6028830caff9ee44b42d32ed"},"breadcrumb":{"@id":"https:\/\/portaltela.pt\/noticias\/2026\/02\/24\/fmi-alerta-que-impactos-das-politicas-industriais-exigem-cautela\/#breadcrumb"},"inLanguage":"pt-PT","potentialAction":[{"@type":"ReadAction","target":["https:\/\/portaltela.pt\/noticias\/2026\/02\/24\/fmi-alerta-que-impactos-das-politicas-industriais-exigem-cautela\/"]}]},{"@type":"ImageObject","inLanguage":"pt-PT","@id":"https:\/\/portaltela.pt\/noticias\/2026\/02\/24\/fmi-alerta-que-impactos-das-politicas-industriais-exigem-cautela\/#primaryimage","url":"https:\/\/portaltela.pt\/s.01k8rhncp4jt1\/2026\/02\/img_1500x1000uu2020-03-06-07-50-48-929452.jpg","contentUrl":"https:\/\/portaltela.pt\/s.01k8rhncp4jt1\/2026\/02\/img_1500x1000uu2020-03-06-07-50-48-929452.jpg","width":796,"height":448,"caption":"FMI"},{"@type":"BreadcrumbList","@id":"https:\/\/portaltela.pt\/noticias\/2026\/02\/24\/fmi-alerta-que-impactos-das-politicas-industriais-exigem-cautela\/#breadcrumb","itemListElement":[{"@type":"ListItem","position":1,"name":"In\u00edcio","item":"https:\/\/portaltela.pt\/"},{"@type":"ListItem","position":2,"name":"FMI alerta que impactos das pol\u00edticas industriais exigem cautela"}]},{"@type":"WebSite","@id":"https:\/\/portaltela.pt\/#website","url":"https:\/\/portaltela.pt\/","name":"Portal Tela Portugal","description":"","potentialAction":[{"@type":"SearchAction","target":{"@type":"EntryPoint","urlTemplate":"https:\/\/portaltela.pt\/?s={search_term_string}"},"query-input":{"@type":"PropertyValueSpecification","valueRequired":true,"valueName":"search_term_string"}}],"inLanguage":"pt-PT"},{"@type":"Person","@id":"https:\/\/portaltela.pt\/#\/schema\/person\/c4278d4a6028830caff9ee44b42d32ed","name":"Telinha","image":{"@type":"ImageObject","inLanguage":"pt-PT","@id":"https:\/\/portaltela.pt\/s.01k8rhncp4jt1\/2025\/11\/talking-bot-125x125.png","url":"https:\/\/portaltela.pt\/s.01k8rhncp4jt1\/2025\/11\/talking-bot-125x125.png","contentUrl":"https:\/\/portaltela.pt\/s.01k8rhncp4jt1\/2025\/11\/talking-bot-125x125.png","caption":"Telinha"},"sameAs":["https:\/\/portaltela.pt\/"],"url":"https:\/\/portaltela.pt\/por\/367410592786\/"}]}},"_links":{"self":[{"href":"https:\/\/portaltela.pt\/api\/wp\/v2\/posts\/224372","targetHints":{"allow":["GET"]}}],"collection":[{"href":"https:\/\/portaltela.pt\/api\/wp\/v2\/posts"}],"about":[{"href":"https:\/\/portaltela.pt\/api\/wp\/v2\/types\/post"}],"author":[{"embeddable":true,"href":"https:\/\/portaltela.pt\/api\/wp\/v2\/users\/2"}],"replies":[{"embeddable":true,"href":"https:\/\/portaltela.pt\/api\/wp\/v2\/comments?post=224372"}],"version-history":[{"count":0,"href":"https:\/\/portaltela.pt\/api\/wp\/v2\/posts\/224372\/revisions"}],"wp:featuredmedia":[{"embeddable":true,"href":"https:\/\/portaltela.pt\/api\/wp\/v2\/media\/224374"}],"wp:attachment":[{"href":"https:\/\/portaltela.pt\/api\/wp\/v2\/media?parent=224372"}],"wp:term":[{"taxonomy":"category","embeddable":true,"href":"https:\/\/portaltela.pt\/api\/wp\/v2\/categories?post=224372"},{"taxonomy":"post_tag","embeddable":true,"href":"https:\/\/portaltela.pt\/api\/wp\/v2\/tags?post=224372"}],"curies":[{"name":"wp","href":"https:\/\/api.w.org\/{rel}","templated":true}]}}