{"id":224350,"date":"2026-02-24T11:33:00","date_gmt":"2026-02-24T14:33:00","guid":{"rendered":"https:\/\/portaltela.pt\/noticias\/2026\/02\/24\/rio-de-janeiro-aposta-no-intercambio-com-setor-de-vinhos-em-portugal\/"},"modified":"2026-02-24T11:33:00","modified_gmt":"2026-02-24T14:33:00","slug":"rio-de-janeiro-aposta-no-intercambio-com-setor-de-vinhos-em-portugal","status":"publish","type":"post","link":"https:\/\/portaltela.pt\/noticias\/2026\/02\/24\/rio-de-janeiro-aposta-no-intercambio-com-setor-de-vinhos-em-portugal\/","title":{"rendered":"Rio de Janeiro aposta no interc\u00e2mbio com setor de vinhos em Portugal"},"content":{"rendered":"<p>O Rio de Janeiro est\u00e1 a apostar no enoturismo como motor de diversifica\u00e7\u00e3o da oferta tur\u00edstica. O an\u00fancio foi feito durante o evento Wine Power \u2014 Um Terroir Diplom\u00e1tico, em Porto, Portugal. O objetivo \u00e9 atrair mais viajantes estrangeiros ao estado e valorizar as vin\u00edcolas da Serra Fluminense.<\/p>\n<p>Dados oficiais indicam que, entre janeiro e novembro de 2025, o turismo no munic\u00edpio movimentou cerca de 4 mil milh\u00f5es de euros, com 11,4 milh\u00f5es de visitantes. Desses, 9,4 milh\u00f5es eram nacionais e 1,9 milh\u00e3o estrangeiros, segundo fontes municipais e o Observat\u00f3rio do Turismo Carioca.<\/p>\n<h3>Enoturismo em foco<\/h3>\n<p>Gustavo Tutuca, secret\u00e1rio de Estado de Turismo, destacou que h\u00e1 mais de 40 projetos de vin\u00edcolas j\u00e1 em desenvolvimento no estado, sobretudo na Serra Fluminense. A aposta \u00e9 criar uma experi\u00eancia tur\u00edstica integrada \u00e0 gastronomia e \u00e0 viv\u00eancia rural, acompanhada pela expans\u00e3o de eventos locais.<\/p>\n<h3>Parcerias internacionais<\/h3>\n<p>No Porto, Tutuca enfatizou o interc\u00e2mbio com produtores e especialistas em enoturismo, citando iniciativas como o Chef&#8217;s Week, a ocorrer em julho no Copacabana Palace. O objetivo \u00e9 partilhar know-how e atrair investimento para o Rio, fortalecendo liga\u00e7\u00f5es com Portugal.<\/p>\n<h3>Contexto internacional<\/h3>\n<p>O evento contou com a presen\u00e7a de figuras da ind\u00fastria do vinho, incluindo executivos de renome internacional. A ideia \u00e9 posicionar o Rio como destino de turismo experiencial, alinhando vinhos, visitas t\u00e9cnicas e atividades ao ar livre com a oferta convencional de praia e eventos.<\/p>\n<h3>Perspetivas para o futuro<\/h3>\n<p>Tutuca vincou que o potencial do Rio para grandes eventos acompanha o desenvolvimento do enoturismo. A presen\u00e7a de vin\u00edcolas locais facilita a promo\u00e7\u00e3o de roteiros tem\u00e1ticos, combinando passeios, gastronomia e cultura regional com o turismo urbano.<\/p>\n","protected":false},"excerpt":{"rendered":"<ul>\n<li>O turismo no Rio de Janeiro movimentou cerca de 4 bilh\u00f5es de euros entre janeiro e novembro de 2025, com 11,4 milh\u00f5es de visitantes na cidade (9,4 milh\u00f5es nacionais e 1,9 milh\u00e3o estrangeiros).<\/li>\n<li>O Secret\u00e1rio de Estado de Turismo, Gustavo Tutuca, enfatizou a expans\u00e3o do enoturismo, j\u00e1 com mais de 40 projetos de vin\u00edcolas na regi\u00e3o serrana do estado.<\/li>\n<li>A estrat\u00e9gia foi apresentada no evento Wine Power \u2014 Um Terroir Diplom\u00e1tico, no Porto, para fortalecer o interc\u00e2mbio entre Rio de Janeiro e Portugal.<\/li>\n<li>Tutuca destacou parcerias internacionais, incluindo a Chef\u2019s Week entre Rio e Porto, e o potencial de associar vinhos a experi\u00eancias tur\u00edsticas e gastron\u00f3micas.<\/li>\n<li>Um estudo do Porto sobre h\u00e1bitos de consumo de vinho e gastronomia refor\u00e7a a identidade da cidade, apontando para uma marca global fortalecida pelo turismo enogastron\u00f3mico.<\/li>\n<\/ul>\n","protected":false},"author":2,"featured_media":224357,"comment_status":"closed","ping_status":"closed","sticky":false,"template":"","format":"standard","meta":{"footnotes":""},"categories":[1],"tags":[219,982,1014,169,5586,3508],"class_list":["post-224350","post","type-post","status-publish","format-standard","has-post-thumbnail","hentry","category-noticias","tag-gastronomia","tag-porto","tag-portugal","tag-turismo","tag-vinho","tag-vitivinicultura"],"yoast_head":"<!-- This site is optimized with the Yoast SEO plugin v27.2 - https:\/\/yoast.com\/product\/yoast-seo-wordpress\/ -->\n<title>Rio de Janeiro aposta no interc\u00e2mbio com setor de vinhos em Portugal - Portal Tela Portugal<\/title>\n<meta name=\"robots\" content=\"index, follow, max-snippet:-1, max-image-preview:large, max-video-preview:-1\" \/>\n<meta property=\"og:locale\" content=\"pt_PT\" \/>\n<meta property=\"og:type\" content=\"article\" \/>\n<meta property=\"og:title\" content=\"Rio de Janeiro aposta no interc\u00e2mbio com setor de vinhos em Portugal - Portal Tela Portugal\" \/>\n<meta property=\"og:description\" content=\"O turismo no Rio de Janeiro movimentou cerca de 4 bilh\u00f5es de euros entre janeiro e novembro de 2025, com 11,4 milh\u00f5es de visitantes na cidade (9,4 milh\u00f5es nacionais e 1,9 milh\u00e3o estrangeiros). O Secret\u00e1rio de Estado de Turismo, Gustavo Tutuca, enfatizou a expans\u00e3o do enoturismo, j\u00e1 com mais de 40 projetos de vin\u00edcolas na regi\u00e3o serrana do estado. A estrat\u00e9gia foi apresentada no evento Wine Power \u2014 Um Terroir Diplom\u00e1tico, no Porto, para fortalecer o interc\u00e2mbio entre Rio de Janeiro e Portugal. Tutuca destacou parcerias internacionais, incluindo a Chef\u2019s Week entre Rio e Porto, e o potencial de associar vinhos a experi\u00eancias tur\u00edsticas e gastron\u00f3micas. Um estudo do Porto sobre h\u00e1bitos de consumo de vinho e gastronomia refor\u00e7a a identidade da cidade, apontando para uma marca global fortalecida pelo turismo enogastron\u00f3mico.\" \/>\n<meta property=\"og:url\" content=\"https:\/\/portaltela.pt\/noticias\/2026\/02\/24\/rio-de-janeiro-aposta-no-intercambio-com-setor-de-vinhos-em-portugal\/\" \/>\n<meta property=\"og:site_name\" content=\"Portal Tela Portugal\" \/>\n<meta property=\"article:published_time\" content=\"2026-02-24T14:33:00+00:00\" \/>\n<meta name=\"author\" content=\"Telinha\" \/>\n<meta name=\"twitter:card\" content=\"summary_large_image\" \/>\n<meta name=\"twitter:label1\" content=\"Escrito por\" \/>\n\t<meta name=\"twitter:data1\" content=\"Telinha\" \/>\n\t<meta name=\"twitter:label2\" content=\"Tempo estimado de leitura\" \/>\n\t<meta name=\"twitter:data2\" content=\"1 minuto\" \/>\n<script type=\"application\/ld+json\" class=\"yoast-schema-graph\">{\"@context\":\"https:\/\/schema.org\",\"@graph\":[{\"@type\":\"Article\",\"@id\":\"https:\/\/portaltela.pt\/noticias\/2026\/02\/24\/rio-de-janeiro-aposta-no-intercambio-com-setor-de-vinhos-em-portugal\/#article\",\"isPartOf\":{\"@id\":\"https:\/\/portaltela.pt\/noticias\/2026\/02\/24\/rio-de-janeiro-aposta-no-intercambio-com-setor-de-vinhos-em-portugal\/\"},\"author\":{\"name\":\"Telinha\",\"@id\":\"https:\/\/portaltela.pt\/#\/schema\/person\/c4278d4a6028830caff9ee44b42d32ed\"},\"headline\":\"Rio de Janeiro aposta no interc\u00e2mbio com setor de vinhos em Portugal\",\"datePublished\":\"2026-02-24T14:33:00+00:00\",\"mainEntityOfPage\":{\"@id\":\"https:\/\/portaltela.pt\/noticias\/2026\/02\/24\/rio-de-janeiro-aposta-no-intercambio-com-setor-de-vinhos-em-portugal\/\"},\"wordCount\":297,\"image\":{\"@id\":\"https:\/\/portaltela.pt\/noticias\/2026\/02\/24\/rio-de-janeiro-aposta-no-intercambio-com-setor-de-vinhos-em-portugal\/#primaryimage\"},\"thumbnailUrl\":\"https:\/\/portaltela.pt\/s.01k8rhncp4jt1\/2026\/02\/2069373.jpg\",\"keywords\":[\"gastronomia\",\"Porto\",\"Portugal\",\"turismo\",\"vinho\",\"vitivinicultura\"],\"articleSection\":[\"Not\u00edcias\"],\"inLanguage\":\"pt-PT\"},{\"@type\":\"WebPage\",\"@id\":\"https:\/\/portaltela.pt\/noticias\/2026\/02\/24\/rio-de-janeiro-aposta-no-intercambio-com-setor-de-vinhos-em-portugal\/\",\"url\":\"https:\/\/portaltela.pt\/noticias\/2026\/02\/24\/rio-de-janeiro-aposta-no-intercambio-com-setor-de-vinhos-em-portugal\/\",\"name\":\"Rio de Janeiro aposta no interc\u00e2mbio com setor de vinhos em Portugal - Portal Tela Portugal\",\"isPartOf\":{\"@id\":\"https:\/\/portaltela.pt\/#website\"},\"primaryImageOfPage\":{\"@id\":\"https:\/\/portaltela.pt\/noticias\/2026\/02\/24\/rio-de-janeiro-aposta-no-intercambio-com-setor-de-vinhos-em-portugal\/#primaryimage\"},\"image\":{\"@id\":\"https:\/\/portaltela.pt\/noticias\/2026\/02\/24\/rio-de-janeiro-aposta-no-intercambio-com-setor-de-vinhos-em-portugal\/#primaryimage\"},\"thumbnailUrl\":\"https:\/\/portaltela.pt\/s.01k8rhncp4jt1\/2026\/02\/2069373.jpg\",\"datePublished\":\"2026-02-24T14:33:00+00:00\",\"author\":{\"@id\":\"https:\/\/portaltela.pt\/#\/schema\/person\/c4278d4a6028830caff9ee44b42d32ed\"},\"breadcrumb\":{\"@id\":\"https:\/\/portaltela.pt\/noticias\/2026\/02\/24\/rio-de-janeiro-aposta-no-intercambio-com-setor-de-vinhos-em-portugal\/#breadcrumb\"},\"inLanguage\":\"pt-PT\",\"potentialAction\":[{\"@type\":\"ReadAction\",\"target\":[\"https:\/\/portaltela.pt\/noticias\/2026\/02\/24\/rio-de-janeiro-aposta-no-intercambio-com-setor-de-vinhos-em-portugal\/\"]}]},{\"@type\":\"ImageObject\",\"inLanguage\":\"pt-PT\",\"@id\":\"https:\/\/portaltela.pt\/noticias\/2026\/02\/24\/rio-de-janeiro-aposta-no-intercambio-com-setor-de-vinhos-em-portugal\/#primaryimage\",\"url\":\"https:\/\/portaltela.pt\/s.01k8rhncp4jt1\/2026\/02\/2069373.jpg\",\"contentUrl\":\"https:\/\/portaltela.pt\/s.01k8rhncp4jt1\/2026\/02\/2069373.jpg\",\"width\":796,\"height\":448,\"caption\":\"Secret\u00e1rio de Turismo do Estado do Rio de Janeiro, Gustavo Tutuca v\u00ea no enoturismo uma nova oportunidade para atrair mais viajantes estrangeiros para a regi\u00e3o\"},{\"@type\":\"BreadcrumbList\",\"@id\":\"https:\/\/portaltela.pt\/noticias\/2026\/02\/24\/rio-de-janeiro-aposta-no-intercambio-com-setor-de-vinhos-em-portugal\/#breadcrumb\",\"itemListElement\":[{\"@type\":\"ListItem\",\"position\":1,\"name\":\"In\u00edcio\",\"item\":\"https:\/\/portaltela.pt\/\"},{\"@type\":\"ListItem\",\"position\":2,\"name\":\"Rio de Janeiro aposta no interc\u00e2mbio com setor de vinhos em Portugal\"}]},{\"@type\":\"WebSite\",\"@id\":\"https:\/\/portaltela.pt\/#website\",\"url\":\"https:\/\/portaltela.pt\/\",\"name\":\"Portal Tela Portugal\",\"description\":\"\",\"potentialAction\":[{\"@type\":\"SearchAction\",\"target\":{\"@type\":\"EntryPoint\",\"urlTemplate\":\"https:\/\/portaltela.pt\/?s={search_term_string}\"},\"query-input\":{\"@type\":\"PropertyValueSpecification\",\"valueRequired\":true,\"valueName\":\"search_term_string\"}}],\"inLanguage\":\"pt-PT\"},{\"@type\":\"Person\",\"@id\":\"https:\/\/portaltela.pt\/#\/schema\/person\/c4278d4a6028830caff9ee44b42d32ed\",\"name\":\"Telinha\",\"image\":{\"@type\":\"ImageObject\",\"inLanguage\":\"pt-PT\",\"@id\":\"https:\/\/portaltela.pt\/s.01k8rhncp4jt1\/2025\/11\/talking-bot-125x125.png\",\"url\":\"https:\/\/portaltela.pt\/s.01k8rhncp4jt1\/2025\/11\/talking-bot-125x125.png\",\"contentUrl\":\"https:\/\/portaltela.pt\/s.01k8rhncp4jt1\/2025\/11\/talking-bot-125x125.png\",\"caption\":\"Telinha\"},\"sameAs\":[\"https:\/\/portaltela.pt\/\"],\"url\":\"https:\/\/portaltela.pt\/por\/367410592786\/\"}]}<\/script>\n<!-- \/ Yoast SEO plugin. -->","yoast_head_json":{"title":"Rio de Janeiro aposta no interc\u00e2mbio com setor de vinhos em Portugal - Portal Tela Portugal","robots":{"index":"index","follow":"follow","max-snippet":"max-snippet:-1","max-image-preview":"max-image-preview:large","max-video-preview":"max-video-preview:-1"},"og_locale":"pt_PT","og_type":"article","og_title":"Rio de Janeiro aposta no interc\u00e2mbio com setor de vinhos em Portugal - Portal Tela Portugal","og_description":"O turismo no Rio de Janeiro movimentou cerca de 4 bilh\u00f5es de euros entre janeiro e novembro de 2025, com 11,4 milh\u00f5es de visitantes na cidade (9,4 milh\u00f5es nacionais e 1,9 milh\u00e3o estrangeiros). O Secret\u00e1rio de Estado de Turismo, Gustavo Tutuca, enfatizou a expans\u00e3o do enoturismo, j\u00e1 com mais de 40 projetos de vin\u00edcolas na regi\u00e3o serrana do estado. A estrat\u00e9gia foi apresentada no evento Wine Power \u2014 Um Terroir Diplom\u00e1tico, no Porto, para fortalecer o interc\u00e2mbio entre Rio de Janeiro e Portugal. Tutuca destacou parcerias internacionais, incluindo a Chef\u2019s Week entre Rio e Porto, e o potencial de associar vinhos a experi\u00eancias tur\u00edsticas e gastron\u00f3micas. Um estudo do Porto sobre h\u00e1bitos de consumo de vinho e gastronomia refor\u00e7a a identidade da cidade, apontando para uma marca global fortalecida pelo turismo enogastron\u00f3mico.","og_url":"https:\/\/portaltela.pt\/noticias\/2026\/02\/24\/rio-de-janeiro-aposta-no-intercambio-com-setor-de-vinhos-em-portugal\/","og_site_name":"Portal Tela Portugal","article_published_time":"2026-02-24T14:33:00+00:00","author":"Telinha","twitter_card":"summary_large_image","twitter_misc":{"Escrito por":"Telinha","Tempo estimado de leitura":"1 minuto"},"schema":{"@context":"https:\/\/schema.org","@graph":[{"@type":"Article","@id":"https:\/\/portaltela.pt\/noticias\/2026\/02\/24\/rio-de-janeiro-aposta-no-intercambio-com-setor-de-vinhos-em-portugal\/#article","isPartOf":{"@id":"https:\/\/portaltela.pt\/noticias\/2026\/02\/24\/rio-de-janeiro-aposta-no-intercambio-com-setor-de-vinhos-em-portugal\/"},"author":{"name":"Telinha","@id":"https:\/\/portaltela.pt\/#\/schema\/person\/c4278d4a6028830caff9ee44b42d32ed"},"headline":"Rio de Janeiro aposta no interc\u00e2mbio com setor de vinhos em Portugal","datePublished":"2026-02-24T14:33:00+00:00","mainEntityOfPage":{"@id":"https:\/\/portaltela.pt\/noticias\/2026\/02\/24\/rio-de-janeiro-aposta-no-intercambio-com-setor-de-vinhos-em-portugal\/"},"wordCount":297,"image":{"@id":"https:\/\/portaltela.pt\/noticias\/2026\/02\/24\/rio-de-janeiro-aposta-no-intercambio-com-setor-de-vinhos-em-portugal\/#primaryimage"},"thumbnailUrl":"https:\/\/portaltela.pt\/s.01k8rhncp4jt1\/2026\/02\/2069373.jpg","keywords":["gastronomia","Porto","Portugal","turismo","vinho","vitivinicultura"],"articleSection":["Not\u00edcias"],"inLanguage":"pt-PT"},{"@type":"WebPage","@id":"https:\/\/portaltela.pt\/noticias\/2026\/02\/24\/rio-de-janeiro-aposta-no-intercambio-com-setor-de-vinhos-em-portugal\/","url":"https:\/\/portaltela.pt\/noticias\/2026\/02\/24\/rio-de-janeiro-aposta-no-intercambio-com-setor-de-vinhos-em-portugal\/","name":"Rio de Janeiro aposta no interc\u00e2mbio com setor de vinhos em Portugal - Portal Tela Portugal","isPartOf":{"@id":"https:\/\/portaltela.pt\/#website"},"primaryImageOfPage":{"@id":"https:\/\/portaltela.pt\/noticias\/2026\/02\/24\/rio-de-janeiro-aposta-no-intercambio-com-setor-de-vinhos-em-portugal\/#primaryimage"},"image":{"@id":"https:\/\/portaltela.pt\/noticias\/2026\/02\/24\/rio-de-janeiro-aposta-no-intercambio-com-setor-de-vinhos-em-portugal\/#primaryimage"},"thumbnailUrl":"https:\/\/portaltela.pt\/s.01k8rhncp4jt1\/2026\/02\/2069373.jpg","datePublished":"2026-02-24T14:33:00+00:00","author":{"@id":"https:\/\/portaltela.pt\/#\/schema\/person\/c4278d4a6028830caff9ee44b42d32ed"},"breadcrumb":{"@id":"https:\/\/portaltela.pt\/noticias\/2026\/02\/24\/rio-de-janeiro-aposta-no-intercambio-com-setor-de-vinhos-em-portugal\/#breadcrumb"},"inLanguage":"pt-PT","potentialAction":[{"@type":"ReadAction","target":["https:\/\/portaltela.pt\/noticias\/2026\/02\/24\/rio-de-janeiro-aposta-no-intercambio-com-setor-de-vinhos-em-portugal\/"]}]},{"@type":"ImageObject","inLanguage":"pt-PT","@id":"https:\/\/portaltela.pt\/noticias\/2026\/02\/24\/rio-de-janeiro-aposta-no-intercambio-com-setor-de-vinhos-em-portugal\/#primaryimage","url":"https:\/\/portaltela.pt\/s.01k8rhncp4jt1\/2026\/02\/2069373.jpg","contentUrl":"https:\/\/portaltela.pt\/s.01k8rhncp4jt1\/2026\/02\/2069373.jpg","width":796,"height":448,"caption":"Secret\u00e1rio de Turismo do Estado do Rio de Janeiro, Gustavo Tutuca v\u00ea no enoturismo uma nova oportunidade para atrair mais viajantes estrangeiros para a regi\u00e3o"},{"@type":"BreadcrumbList","@id":"https:\/\/portaltela.pt\/noticias\/2026\/02\/24\/rio-de-janeiro-aposta-no-intercambio-com-setor-de-vinhos-em-portugal\/#breadcrumb","itemListElement":[{"@type":"ListItem","position":1,"name":"In\u00edcio","item":"https:\/\/portaltela.pt\/"},{"@type":"ListItem","position":2,"name":"Rio de Janeiro aposta no interc\u00e2mbio com setor de vinhos em Portugal"}]},{"@type":"WebSite","@id":"https:\/\/portaltela.pt\/#website","url":"https:\/\/portaltela.pt\/","name":"Portal Tela Portugal","description":"","potentialAction":[{"@type":"SearchAction","target":{"@type":"EntryPoint","urlTemplate":"https:\/\/portaltela.pt\/?s={search_term_string}"},"query-input":{"@type":"PropertyValueSpecification","valueRequired":true,"valueName":"search_term_string"}}],"inLanguage":"pt-PT"},{"@type":"Person","@id":"https:\/\/portaltela.pt\/#\/schema\/person\/c4278d4a6028830caff9ee44b42d32ed","name":"Telinha","image":{"@type":"ImageObject","inLanguage":"pt-PT","@id":"https:\/\/portaltela.pt\/s.01k8rhncp4jt1\/2025\/11\/talking-bot-125x125.png","url":"https:\/\/portaltela.pt\/s.01k8rhncp4jt1\/2025\/11\/talking-bot-125x125.png","contentUrl":"https:\/\/portaltela.pt\/s.01k8rhncp4jt1\/2025\/11\/talking-bot-125x125.png","caption":"Telinha"},"sameAs":["https:\/\/portaltela.pt\/"],"url":"https:\/\/portaltela.pt\/por\/367410592786\/"}]}},"_links":{"self":[{"href":"https:\/\/portaltela.pt\/api\/wp\/v2\/posts\/224350","targetHints":{"allow":["GET"]}}],"collection":[{"href":"https:\/\/portaltela.pt\/api\/wp\/v2\/posts"}],"about":[{"href":"https:\/\/portaltela.pt\/api\/wp\/v2\/types\/post"}],"author":[{"embeddable":true,"href":"https:\/\/portaltela.pt\/api\/wp\/v2\/users\/2"}],"replies":[{"embeddable":true,"href":"https:\/\/portaltela.pt\/api\/wp\/v2\/comments?post=224350"}],"version-history":[{"count":0,"href":"https:\/\/portaltela.pt\/api\/wp\/v2\/posts\/224350\/revisions"}],"wp:featuredmedia":[{"embeddable":true,"href":"https:\/\/portaltela.pt\/api\/wp\/v2\/media\/224357"}],"wp:attachment":[{"href":"https:\/\/portaltela.pt\/api\/wp\/v2\/media?parent=224350"}],"wp:term":[{"taxonomy":"category","embeddable":true,"href":"https:\/\/portaltela.pt\/api\/wp\/v2\/categories?post=224350"},{"taxonomy":"post_tag","embeddable":true,"href":"https:\/\/portaltela.pt\/api\/wp\/v2\/tags?post=224350"}],"curies":[{"name":"wp","href":"https:\/\/api.w.org\/{rel}","templated":true}]}}