{"id":224339,"date":"2026-02-24T11:28:00","date_gmt":"2026-02-24T14:28:00","guid":{"rendered":"https:\/\/portaltela.pt\/noticias\/2026\/02\/24\/operacao-metrobus-da-boavista-arranca-no-sabado-com-ajustes-por-fazer\/"},"modified":"2026-02-24T11:28:00","modified_gmt":"2026-02-24T14:28:00","slug":"operacao-metrobus-da-boavista-arranca-no-sabado-com-ajustes-por-fazer","status":"publish","type":"post","link":"https:\/\/portaltela.pt\/noticias\/2026\/02\/24\/operacao-metrobus-da-boavista-arranca-no-sabado-com-ajustes-por-fazer\/","title":{"rendered":"Opera\u00e7\u00e3o Metrobus da Boavista arranca no s\u00e1bado com ajustes por fazer"},"content":{"rendered":"<p>O que vai arrancar \u00e9 a primeira linha de metrobus movida a hidrog\u00e9nio na Avenida da Boavista, no Porto. A opera\u00e7\u00e3o ter\u00e1 in\u00edcio no s\u00e1bado, com um modo experimental j\u00e1 a partir de dia 28. A passagem em regime gratuito prolonga-se at\u00e9 ao final de mar\u00e7o.<\/p>\n<p>Na viagem de prepara\u00e7\u00e3o, jornalistas, operadores de c\u00e2mara, fot\u00f3grafos e assessores integraram a comitiva. A STCP e o Metro do Porto promovem o sistema como mais uma op\u00e7\u00e3o de mobilidade urbana, ap\u00f3s v\u00e1rios impasses anteriores entre entidades p\u00fablicas e privadas.<\/p>\n<p>A nova linha ser\u00e1 utilizada no canal entre a Boavista e a Casa da M\u00fasica, num tra\u00e7ado que pretende demonstrar viabilidade t\u00e9cnica e operacional. O timming contempla uma fase de valida\u00e7\u00e3o, com avalia\u00e7\u00e3o de fluxo, custos e impacto na circula\u00e7\u00e3o local.<\/p>\n<p>Foi igualmente anunciada a retirada de bicicletas do canal, para facilitar o funcionamento da opera\u00e7\u00e3o e reduzir potenciais obst\u00e1culos log\u00edsticos. A comunica\u00e7\u00e3o oficial sublinha que o objetivo \u00e9 testar e aferir a capacidade de integra\u00e7\u00e3o com outros modos de transporte.<\/p>\n<p>As organiza\u00e7\u00f5es envolvidas destacam que a iniciativa surge num momento de reconvers\u00e3o da mobilidade na cidade, com foco em reduzir emiss\u00f5es. A imprensa acompanhou o evento para acompanhar a evolu\u00e7\u00e3o deste piloto de transporte p\u00fablico.<\/p>\n","protected":false},"excerpt":{"rendered":"<ul>\n<li>A linha de autocarros a hidrog\u00e9nio, designada metrobus, da Avenida da Boavista arranca no s\u00e1bado, com v\u00e1rias afina\u00e7\u00f5es por fazer.<\/li>\n<li>A opera\u00e7\u00e3o experimental come\u00e7a no dia 28, com utiliza\u00e7\u00e3o gratuita at\u00e9 ao final de mar\u00e7o.<\/li>\n<li>As bicicletas dever\u00e3o sair do canal, como parte das medidas de organiza\u00e7\u00e3o do fluxo.<\/li>\n<li>A viagem pr\u00e9-inaugural contou com jornalistas, operadores de c\u00e2mara, fot\u00f3grafos e assessores, numa demonstra\u00e7\u00e3o de funcionamento do sistema.<\/li>\n<li>STCP e Metro do Porto estiveram envolvidos na apresenta\u00e7\u00e3o do metrobus, ap\u00f3s desentendimentos anteriores entre as entidades.<\/li>\n<\/ul>\n","protected":false},"author":2,"featured_media":224341,"comment_status":"closed","ping_status":"closed","sticky":false,"template":"","format":"standard","meta":{"footnotes":""},"categories":[1],"tags":[167,5072,4224,3263,982,4535],"class_list":["post-224339","post","type-post","status-publish","format-standard","has-post-thumbnail","hentry","category-noticias","tag-ambiente","tag-descarbonizacao","tag-hidrogenio-limpo","tag-mobilidade-urbana","tag-porto","tag-transporte-publico"],"yoast_head":"<!-- This site is optimized with the Yoast SEO plugin v27.2 - https:\/\/yoast.com\/product\/yoast-seo-wordpress\/ -->\n<title>Opera\u00e7\u00e3o Metrobus da Boavista arranca no s\u00e1bado com ajustes por fazer - Portal Tela Portugal<\/title>\n<meta name=\"robots\" content=\"index, follow, max-snippet:-1, max-image-preview:large, max-video-preview:-1\" \/>\n<meta property=\"og:locale\" content=\"pt_PT\" \/>\n<meta property=\"og:type\" content=\"article\" \/>\n<meta property=\"og:title\" content=\"Opera\u00e7\u00e3o Metrobus da Boavista arranca no s\u00e1bado com ajustes por fazer - Portal Tela Portugal\" \/>\n<meta property=\"og:description\" content=\"A linha de autocarros a hidrog\u00e9nio, designada metrobus, da Avenida da Boavista arranca no s\u00e1bado, com v\u00e1rias afina\u00e7\u00f5es por fazer. A opera\u00e7\u00e3o experimental come\u00e7a no dia 28, com utiliza\u00e7\u00e3o gratuita at\u00e9 ao final de mar\u00e7o. As bicicletas dever\u00e3o sair do canal, como parte das medidas de organiza\u00e7\u00e3o do fluxo. A viagem pr\u00e9-inaugural contou com jornalistas, operadores de c\u00e2mara, fot\u00f3grafos e assessores, numa demonstra\u00e7\u00e3o de funcionamento do sistema. STCP e Metro do Porto estiveram envolvidos na apresenta\u00e7\u00e3o do metrobus, ap\u00f3s desentendimentos anteriores entre as entidades.\" \/>\n<meta property=\"og:url\" content=\"https:\/\/portaltela.pt\/noticias\/2026\/02\/24\/operacao-metrobus-da-boavista-arranca-no-sabado-com-ajustes-por-fazer\/\" \/>\n<meta property=\"og:site_name\" content=\"Portal Tela Portugal\" \/>\n<meta property=\"article:published_time\" content=\"2026-02-24T14:28:00+00:00\" \/>\n<meta name=\"author\" content=\"Telinha\" \/>\n<meta name=\"twitter:card\" content=\"summary_large_image\" \/>\n<meta name=\"twitter:label1\" content=\"Escrito por\" \/>\n\t<meta name=\"twitter:data1\" content=\"Telinha\" \/>\n\t<meta name=\"twitter:label2\" content=\"Tempo estimado de leitura\" \/>\n\t<meta name=\"twitter:data2\" content=\"1 minuto\" \/>\n<script type=\"application\/ld+json\" class=\"yoast-schema-graph\">{\"@context\":\"https:\/\/schema.org\",\"@graph\":[{\"@type\":\"Article\",\"@id\":\"https:\/\/portaltela.pt\/noticias\/2026\/02\/24\/operacao-metrobus-da-boavista-arranca-no-sabado-com-ajustes-por-fazer\/#article\",\"isPartOf\":{\"@id\":\"https:\/\/portaltela.pt\/noticias\/2026\/02\/24\/operacao-metrobus-da-boavista-arranca-no-sabado-com-ajustes-por-fazer\/\"},\"author\":{\"name\":\"Telinha\",\"@id\":\"https:\/\/portaltela.pt\/#\/schema\/person\/c4278d4a6028830caff9ee44b42d32ed\"},\"headline\":\"Opera\u00e7\u00e3o Metrobus da Boavista arranca no s\u00e1bado com ajustes por fazer\",\"datePublished\":\"2026-02-24T14:28:00+00:00\",\"mainEntityOfPage\":{\"@id\":\"https:\/\/portaltela.pt\/noticias\/2026\/02\/24\/operacao-metrobus-da-boavista-arranca-no-sabado-com-ajustes-por-fazer\/\"},\"wordCount\":240,\"image\":{\"@id\":\"https:\/\/portaltela.pt\/noticias\/2026\/02\/24\/operacao-metrobus-da-boavista-arranca-no-sabado-com-ajustes-por-fazer\/#primaryimage\"},\"thumbnailUrl\":\"https:\/\/portaltela.pt\/s.01k8rhncp4jt1\/2026\/02\/2069378.jpg\",\"keywords\":[\"ambiente\",\"descarboniza\u00e7\u00e3o\",\"hidrog\u00e9nio limpo\",\"mobilidade urbana\",\"Porto\",\"transporte p\u00fablico\"],\"articleSection\":[\"Not\u00edcias\"],\"inLanguage\":\"pt-PT\"},{\"@type\":\"WebPage\",\"@id\":\"https:\/\/portaltela.pt\/noticias\/2026\/02\/24\/operacao-metrobus-da-boavista-arranca-no-sabado-com-ajustes-por-fazer\/\",\"url\":\"https:\/\/portaltela.pt\/noticias\/2026\/02\/24\/operacao-metrobus-da-boavista-arranca-no-sabado-com-ajustes-por-fazer\/\",\"name\":\"Opera\u00e7\u00e3o Metrobus da Boavista arranca no s\u00e1bado com ajustes por fazer - Portal Tela Portugal\",\"isPartOf\":{\"@id\":\"https:\/\/portaltela.pt\/#website\"},\"primaryImageOfPage\":{\"@id\":\"https:\/\/portaltela.pt\/noticias\/2026\/02\/24\/operacao-metrobus-da-boavista-arranca-no-sabado-com-ajustes-por-fazer\/#primaryimage\"},\"image\":{\"@id\":\"https:\/\/portaltela.pt\/noticias\/2026\/02\/24\/operacao-metrobus-da-boavista-arranca-no-sabado-com-ajustes-por-fazer\/#primaryimage\"},\"thumbnailUrl\":\"https:\/\/portaltela.pt\/s.01k8rhncp4jt1\/2026\/02\/2069378.jpg\",\"datePublished\":\"2026-02-24T14:28:00+00:00\",\"author\":{\"@id\":\"https:\/\/portaltela.pt\/#\/schema\/person\/c4278d4a6028830caff9ee44b42d32ed\"},\"breadcrumb\":{\"@id\":\"https:\/\/portaltela.pt\/noticias\/2026\/02\/24\/operacao-metrobus-da-boavista-arranca-no-sabado-com-ajustes-por-fazer\/#breadcrumb\"},\"inLanguage\":\"pt-PT\",\"potentialAction\":[{\"@type\":\"ReadAction\",\"target\":[\"https:\/\/portaltela.pt\/noticias\/2026\/02\/24\/operacao-metrobus-da-boavista-arranca-no-sabado-com-ajustes-por-fazer\/\"]}]},{\"@type\":\"ImageObject\",\"inLanguage\":\"pt-PT\",\"@id\":\"https:\/\/portaltela.pt\/noticias\/2026\/02\/24\/operacao-metrobus-da-boavista-arranca-no-sabado-com-ajustes-por-fazer\/#primaryimage\",\"url\":\"https:\/\/portaltela.pt\/s.01k8rhncp4jt1\/2026\/02\/2069378.jpg\",\"contentUrl\":\"https:\/\/portaltela.pt\/s.01k8rhncp4jt1\/2026\/02\/2069378.jpg\",\"width\":796,\"height\":448,\"caption\":\"Viagem a bordo de um dos ve\u00edculos metrobus que v\u00e3o percorrer o canal Boavista\/Casa da M\u00fasica\"},{\"@type\":\"BreadcrumbList\",\"@id\":\"https:\/\/portaltela.pt\/noticias\/2026\/02\/24\/operacao-metrobus-da-boavista-arranca-no-sabado-com-ajustes-por-fazer\/#breadcrumb\",\"itemListElement\":[{\"@type\":\"ListItem\",\"position\":1,\"name\":\"In\u00edcio\",\"item\":\"https:\/\/portaltela.pt\/\"},{\"@type\":\"ListItem\",\"position\":2,\"name\":\"Opera\u00e7\u00e3o Metrobus da Boavista arranca no s\u00e1bado com ajustes por fazer\"}]},{\"@type\":\"WebSite\",\"@id\":\"https:\/\/portaltela.pt\/#website\",\"url\":\"https:\/\/portaltela.pt\/\",\"name\":\"Portal Tela Portugal\",\"description\":\"\",\"potentialAction\":[{\"@type\":\"SearchAction\",\"target\":{\"@type\":\"EntryPoint\",\"urlTemplate\":\"https:\/\/portaltela.pt\/?s={search_term_string}\"},\"query-input\":{\"@type\":\"PropertyValueSpecification\",\"valueRequired\":true,\"valueName\":\"search_term_string\"}}],\"inLanguage\":\"pt-PT\"},{\"@type\":\"Person\",\"@id\":\"https:\/\/portaltela.pt\/#\/schema\/person\/c4278d4a6028830caff9ee44b42d32ed\",\"name\":\"Telinha\",\"image\":{\"@type\":\"ImageObject\",\"inLanguage\":\"pt-PT\",\"@id\":\"https:\/\/portaltela.pt\/s.01k8rhncp4jt1\/2025\/11\/talking-bot-125x125.png\",\"url\":\"https:\/\/portaltela.pt\/s.01k8rhncp4jt1\/2025\/11\/talking-bot-125x125.png\",\"contentUrl\":\"https:\/\/portaltela.pt\/s.01k8rhncp4jt1\/2025\/11\/talking-bot-125x125.png\",\"caption\":\"Telinha\"},\"sameAs\":[\"https:\/\/portaltela.pt\/\"],\"url\":\"https:\/\/portaltela.pt\/por\/367410592786\/\"}]}<\/script>\n<!-- \/ Yoast SEO plugin. -->","yoast_head_json":{"title":"Opera\u00e7\u00e3o Metrobus da Boavista arranca no s\u00e1bado com ajustes por fazer - Portal Tela Portugal","robots":{"index":"index","follow":"follow","max-snippet":"max-snippet:-1","max-image-preview":"max-image-preview:large","max-video-preview":"max-video-preview:-1"},"og_locale":"pt_PT","og_type":"article","og_title":"Opera\u00e7\u00e3o Metrobus da Boavista arranca no s\u00e1bado com ajustes por fazer - Portal Tela Portugal","og_description":"A linha de autocarros a hidrog\u00e9nio, designada metrobus, da Avenida da Boavista arranca no s\u00e1bado, com v\u00e1rias afina\u00e7\u00f5es por fazer. A opera\u00e7\u00e3o experimental come\u00e7a no dia 28, com utiliza\u00e7\u00e3o gratuita at\u00e9 ao final de mar\u00e7o. As bicicletas dever\u00e3o sair do canal, como parte das medidas de organiza\u00e7\u00e3o do fluxo. A viagem pr\u00e9-inaugural contou com jornalistas, operadores de c\u00e2mara, fot\u00f3grafos e assessores, numa demonstra\u00e7\u00e3o de funcionamento do sistema. STCP e Metro do Porto estiveram envolvidos na apresenta\u00e7\u00e3o do metrobus, ap\u00f3s desentendimentos anteriores entre as entidades.","og_url":"https:\/\/portaltela.pt\/noticias\/2026\/02\/24\/operacao-metrobus-da-boavista-arranca-no-sabado-com-ajustes-por-fazer\/","og_site_name":"Portal Tela Portugal","article_published_time":"2026-02-24T14:28:00+00:00","author":"Telinha","twitter_card":"summary_large_image","twitter_misc":{"Escrito por":"Telinha","Tempo estimado de leitura":"1 minuto"},"schema":{"@context":"https:\/\/schema.org","@graph":[{"@type":"Article","@id":"https:\/\/portaltela.pt\/noticias\/2026\/02\/24\/operacao-metrobus-da-boavista-arranca-no-sabado-com-ajustes-por-fazer\/#article","isPartOf":{"@id":"https:\/\/portaltela.pt\/noticias\/2026\/02\/24\/operacao-metrobus-da-boavista-arranca-no-sabado-com-ajustes-por-fazer\/"},"author":{"name":"Telinha","@id":"https:\/\/portaltela.pt\/#\/schema\/person\/c4278d4a6028830caff9ee44b42d32ed"},"headline":"Opera\u00e7\u00e3o Metrobus da Boavista arranca no s\u00e1bado com ajustes por fazer","datePublished":"2026-02-24T14:28:00+00:00","mainEntityOfPage":{"@id":"https:\/\/portaltela.pt\/noticias\/2026\/02\/24\/operacao-metrobus-da-boavista-arranca-no-sabado-com-ajustes-por-fazer\/"},"wordCount":240,"image":{"@id":"https:\/\/portaltela.pt\/noticias\/2026\/02\/24\/operacao-metrobus-da-boavista-arranca-no-sabado-com-ajustes-por-fazer\/#primaryimage"},"thumbnailUrl":"https:\/\/portaltela.pt\/s.01k8rhncp4jt1\/2026\/02\/2069378.jpg","keywords":["ambiente","descarboniza\u00e7\u00e3o","hidrog\u00e9nio limpo","mobilidade urbana","Porto","transporte p\u00fablico"],"articleSection":["Not\u00edcias"],"inLanguage":"pt-PT"},{"@type":"WebPage","@id":"https:\/\/portaltela.pt\/noticias\/2026\/02\/24\/operacao-metrobus-da-boavista-arranca-no-sabado-com-ajustes-por-fazer\/","url":"https:\/\/portaltela.pt\/noticias\/2026\/02\/24\/operacao-metrobus-da-boavista-arranca-no-sabado-com-ajustes-por-fazer\/","name":"Opera\u00e7\u00e3o Metrobus da Boavista arranca no s\u00e1bado com ajustes por fazer - Portal Tela Portugal","isPartOf":{"@id":"https:\/\/portaltela.pt\/#website"},"primaryImageOfPage":{"@id":"https:\/\/portaltela.pt\/noticias\/2026\/02\/24\/operacao-metrobus-da-boavista-arranca-no-sabado-com-ajustes-por-fazer\/#primaryimage"},"image":{"@id":"https:\/\/portaltela.pt\/noticias\/2026\/02\/24\/operacao-metrobus-da-boavista-arranca-no-sabado-com-ajustes-por-fazer\/#primaryimage"},"thumbnailUrl":"https:\/\/portaltela.pt\/s.01k8rhncp4jt1\/2026\/02\/2069378.jpg","datePublished":"2026-02-24T14:28:00+00:00","author":{"@id":"https:\/\/portaltela.pt\/#\/schema\/person\/c4278d4a6028830caff9ee44b42d32ed"},"breadcrumb":{"@id":"https:\/\/portaltela.pt\/noticias\/2026\/02\/24\/operacao-metrobus-da-boavista-arranca-no-sabado-com-ajustes-por-fazer\/#breadcrumb"},"inLanguage":"pt-PT","potentialAction":[{"@type":"ReadAction","target":["https:\/\/portaltela.pt\/noticias\/2026\/02\/24\/operacao-metrobus-da-boavista-arranca-no-sabado-com-ajustes-por-fazer\/"]}]},{"@type":"ImageObject","inLanguage":"pt-PT","@id":"https:\/\/portaltela.pt\/noticias\/2026\/02\/24\/operacao-metrobus-da-boavista-arranca-no-sabado-com-ajustes-por-fazer\/#primaryimage","url":"https:\/\/portaltela.pt\/s.01k8rhncp4jt1\/2026\/02\/2069378.jpg","contentUrl":"https:\/\/portaltela.pt\/s.01k8rhncp4jt1\/2026\/02\/2069378.jpg","width":796,"height":448,"caption":"Viagem a bordo de um dos ve\u00edculos metrobus que v\u00e3o percorrer o canal Boavista\/Casa da M\u00fasica"},{"@type":"BreadcrumbList","@id":"https:\/\/portaltela.pt\/noticias\/2026\/02\/24\/operacao-metrobus-da-boavista-arranca-no-sabado-com-ajustes-por-fazer\/#breadcrumb","itemListElement":[{"@type":"ListItem","position":1,"name":"In\u00edcio","item":"https:\/\/portaltela.pt\/"},{"@type":"ListItem","position":2,"name":"Opera\u00e7\u00e3o Metrobus da Boavista arranca no s\u00e1bado com ajustes por fazer"}]},{"@type":"WebSite","@id":"https:\/\/portaltela.pt\/#website","url":"https:\/\/portaltela.pt\/","name":"Portal Tela Portugal","description":"","potentialAction":[{"@type":"SearchAction","target":{"@type":"EntryPoint","urlTemplate":"https:\/\/portaltela.pt\/?s={search_term_string}"},"query-input":{"@type":"PropertyValueSpecification","valueRequired":true,"valueName":"search_term_string"}}],"inLanguage":"pt-PT"},{"@type":"Person","@id":"https:\/\/portaltela.pt\/#\/schema\/person\/c4278d4a6028830caff9ee44b42d32ed","name":"Telinha","image":{"@type":"ImageObject","inLanguage":"pt-PT","@id":"https:\/\/portaltela.pt\/s.01k8rhncp4jt1\/2025\/11\/talking-bot-125x125.png","url":"https:\/\/portaltela.pt\/s.01k8rhncp4jt1\/2025\/11\/talking-bot-125x125.png","contentUrl":"https:\/\/portaltela.pt\/s.01k8rhncp4jt1\/2025\/11\/talking-bot-125x125.png","caption":"Telinha"},"sameAs":["https:\/\/portaltela.pt\/"],"url":"https:\/\/portaltela.pt\/por\/367410592786\/"}]}},"_links":{"self":[{"href":"https:\/\/portaltela.pt\/api\/wp\/v2\/posts\/224339","targetHints":{"allow":["GET"]}}],"collection":[{"href":"https:\/\/portaltela.pt\/api\/wp\/v2\/posts"}],"about":[{"href":"https:\/\/portaltela.pt\/api\/wp\/v2\/types\/post"}],"author":[{"embeddable":true,"href":"https:\/\/portaltela.pt\/api\/wp\/v2\/users\/2"}],"replies":[{"embeddable":true,"href":"https:\/\/portaltela.pt\/api\/wp\/v2\/comments?post=224339"}],"version-history":[{"count":0,"href":"https:\/\/portaltela.pt\/api\/wp\/v2\/posts\/224339\/revisions"}],"wp:featuredmedia":[{"embeddable":true,"href":"https:\/\/portaltela.pt\/api\/wp\/v2\/media\/224341"}],"wp:attachment":[{"href":"https:\/\/portaltela.pt\/api\/wp\/v2\/media?parent=224339"}],"wp:term":[{"taxonomy":"category","embeddable":true,"href":"https:\/\/portaltela.pt\/api\/wp\/v2\/categories?post=224339"},{"taxonomy":"post_tag","embeddable":true,"href":"https:\/\/portaltela.pt\/api\/wp\/v2\/tags?post=224339"}],"curies":[{"name":"wp","href":"https:\/\/api.w.org\/{rel}","templated":true}]}}