{"id":224331,"date":"2026-02-24T11:32:15","date_gmt":"2026-02-24T14:32:15","guid":{"rendered":"https:\/\/portaltela.pt\/noticias\/2026\/02\/24\/guerra-na-ucrania-tanques-movidos-a-combustiveis-fosseis-e-incendios-florestais\/"},"modified":"2026-02-24T11:32:15","modified_gmt":"2026-02-24T14:32:15","slug":"guerra-na-ucrania-tanques-movidos-a-combustiveis-fosseis-e-incendios-florestais","status":"publish","type":"post","link":"https:\/\/portaltela.pt\/noticias\/2026\/02\/24\/guerra-na-ucrania-tanques-movidos-a-combustiveis-fosseis-e-incendios-florestais\/","title":{"rendered":"Guerra na Ucr\u00e2nia: tanques movidos a combust\u00edveis f\u00f3sseis e inc\u00eandios florestais"},"content":{"rendered":"<p>Dois mil e vinte e dois marcou uma virada com impactos que v\u00e3o al\u00e9m do territ\u00f3rio de combate. A invas\u00e3o russa da Ucr\u00e2nia intensificou conflitos, destrui\u00e7\u00e3o de infraestruturas e inc\u00eandios, elevando a press\u00e3o sobre a natureza e o clima. As autoridades destacam um ciclo vicioso entre viol\u00eancia armada e altera\u00e7\u00f5es clim\u00e1ticas, que agrava danos ambientais e sociais.<\/p>\n<p>O balan\u00e7o humano \u00e9 pesado: 1,8 milh\u00f5es de militares mortos, feridos ou desaparecidos de ambos os lados, e perto de 15 mil civis mortos na Ucr\u00e2nia. Quase seis milh\u00f5es de ucranianos fugiram do pa\u00eds, com cerca de 3,7 milh\u00f5es a deslocarem-se no interior do territ\u00f3rio.<\/p>\n<p>A paisagem natural sofreu fortemente. A Ucr\u00e2nia alberga uma parte significativa da biodiversidade europeia, mas enfrenta crescentes press\u00f5es sobre mais de mil esp\u00e9cies. As imagens de tanques movidos a combust\u00edveis f\u00f3sseis e inc\u00eandios mostram a guerra como um dos maiores poluentes globais, mesmo com pouca cobertura medi\u00e1tica.<\/p>\n<h3>Emiss\u00f5es e impacto clim\u00e1tico da guerra<\/h3>\n<p>O projeto de contabiliza\u00e7\u00e3o de emiss\u00f5es da guerra aponta para um aumento de 75 milh\u00f5es de toneladas de CO2 equivalente no quarto ano, elevando o total desde fevereiro de 2022 para 311 milh\u00f5es tCO2e. O valor aproxima-se das emiss\u00f5es anuais de Fran\u00e7a ou do consumo energ\u00e9tico necess\u00e1rio \u00e0 extra\u00e7\u00e3o de \u00e1gua.<\/p>\n<p>Essas emiss\u00f5es v\u00eam de atividades b\u00e9licas, inc\u00eandios florestais, infraestruturas de energia, migra\u00e7\u00e3o, avia\u00e7\u00e3o civil e reconstru\u00e7\u00e3o de danos. Os inc\u00eandios florestais representam 23% do total global de emiss\u00f5es, no segundo ano consecutivo de subida.<\/p>\n<p>Em 2025, a Ucr\u00e2nia registou 1,39 milh\u00f5es de hectares de inc\u00eandios naturais, muito acima dos n\u00edveis pr\u00e9-guerra. Organiza\u00e7\u00f5es humanit\u00e1rias trabalham para restaurar habitats, proteger a vida selvagem e apoiar a sa\u00fade mental de soldados.<\/p>\n<h3>Consumo de f\u00f3sseis e vias de polui\u00e7\u00e3o<\/h3>\n<p>O uso de combust\u00edveis f\u00f3sseis por tanques, jatos de combate e log\u00edstica militar representa 37% das emiss\u00f5es associadas ao conflito. A produ\u00e7\u00e3o de muni\u00e7\u00f5es e a reposi\u00e7\u00e3o de equipamento destru\u00eddo tamb\u00e9m contribuem significativamente para o peso clim\u00e1tico.<\/p>\n<p>Especialistas indicam que, apesar de linhas de frente relativamente est\u00e1veis, o combate manten-se ativo, sustentando uma procura elevada de combust\u00edvel e de muni\u00e7\u00f5es. As emiss\u00f5es militares s\u00e3o estimadas em cerca de 5,5% das emiss\u00f5es globais, embora ainda haja falta de transpar\u00eancia.<\/p>\n<h3>Repara\u00e7\u00f5es clim\u00e1ticas e responsabilidade<\/h3>\n<p>Na COP30, a Ucr\u00e2nia anunciou planos de responsabilizar a R\u00fassia por emiss\u00f5es associadas \u00e0 guerra, propondo indemniza\u00e7\u00e3o superior a 37 mil milh\u00f5es de euros no \u00e2mbito de danos ambientais. O montante baseia-se num custo social do carbono de 185 d\u00f3lares por tCO2e.<\/p>\n<p>A iniciativa marca o in\u00edcio de um movimento para trazer responsabilidade financeira pelas altera\u00e7\u00f5es clim\u00e1ticas relacionadas com conflitos armados, com foco na Ucr\u00e2nia e na prote\u00e7\u00e3o de ecossistemas afetados.<\/p>\n","protected":false},"excerpt":{"rendered":"<ul>\n<li>As emiss\u00f5es de gases com efeito de estufa desde o in\u00edcio da guerra j\u00e1 somam cerca de 311 milh\u00f5es de tCO2e; no quarto ano, aumentaram 75 milh\u00f5es de tCO2e.<\/li>\n<li>A maior parte das emiss\u00f5es resulta de atividades b\u00e9licas alimentadas a combust\u00edveis f\u00f3sseis, com tanques e maquinaria a responder por cerca de 37% do total do conflito.<\/li>\n<li>Inc\u00eandios florestais representam 23% das emiss\u00f5es globais da guerra; em 2025 a Ucr\u00e2nia registou 1,39 milh\u00f5es de hectares queimados.<\/li>\n<li>A guerra causou enormes perdas humanas e de deslocados: quase seis milh\u00f5es de ucranianos fugiram do pa\u00eds e cerca de 3,7 milh\u00f5es deslocaram-se dentro do territ\u00f3rio.<\/li>\n<li>A Ucr\u00e2nia anunciou planos de responsabilizar a R\u00fassia por danos ambientais, visando indemniza\u00e7\u00e3o superior a 37 mil milh\u00f5es de euros, numa iniciativa ligada \u00e0 COP30.<\/li>\n<\/ul>\n","protected":false},"author":2,"featured_media":224333,"comment_status":"closed","ping_status":"closed","sticky":false,"template":"","format":"standard","meta":{"footnotes":""},"categories":[1],"tags":[6262,62,2617,45,3750,2134],"class_list":["post-224331","post","type-post","status-publish","format-standard","has-post-thumbnail","hentry","category-noticias","tag-emissoes-de-gases-com-efeito-de-estufa","tag-guerra","tag-incendios","tag-meio-ambiente","tag-poluicao-ambiental","tag-ucrania"],"yoast_head":"<!-- This site is optimized with the Yoast SEO plugin v27.2 - https:\/\/yoast.com\/product\/yoast-seo-wordpress\/ -->\n<title>Guerra na Ucr\u00e2nia: tanques movidos a combust\u00edveis f\u00f3sseis e inc\u00eandios florestais - Portal Tela Portugal<\/title>\n<meta name=\"robots\" content=\"index, follow, max-snippet:-1, max-image-preview:large, max-video-preview:-1\" \/>\n<meta property=\"og:locale\" content=\"pt_PT\" \/>\n<meta property=\"og:type\" content=\"article\" \/>\n<meta property=\"og:title\" content=\"Guerra na Ucr\u00e2nia: tanques movidos a combust\u00edveis f\u00f3sseis e inc\u00eandios florestais - Portal Tela Portugal\" \/>\n<meta property=\"og:description\" content=\"As emiss\u00f5es de gases com efeito de estufa desde o in\u00edcio da guerra j\u00e1 somam cerca de 311 milh\u00f5es de tCO2e; no quarto ano, aumentaram 75 milh\u00f5es de tCO2e. A maior parte das emiss\u00f5es resulta de atividades b\u00e9licas alimentadas a combust\u00edveis f\u00f3sseis, com tanques e maquinaria a responder por cerca de 37% do total do conflito. Inc\u00eandios florestais representam 23% das emiss\u00f5es globais da guerra; em 2025 a Ucr\u00e2nia registou 1,39 milh\u00f5es de hectares queimados. A guerra causou enormes perdas humanas e de deslocados: quase seis milh\u00f5es de ucranianos fugiram do pa\u00eds e cerca de 3,7 milh\u00f5es deslocaram-se dentro do territ\u00f3rio. A Ucr\u00e2nia anunciou planos de responsabilizar a R\u00fassia por danos ambientais, visando indemniza\u00e7\u00e3o superior a 37 mil milh\u00f5es de euros, numa iniciativa ligada \u00e0 COP30.\" \/>\n<meta property=\"og:url\" content=\"https:\/\/portaltela.pt\/noticias\/2026\/02\/24\/guerra-na-ucrania-tanques-movidos-a-combustiveis-fosseis-e-incendios-florestais\/\" \/>\n<meta property=\"og:site_name\" content=\"Portal Tela Portugal\" \/>\n<meta property=\"article:published_time\" content=\"2026-02-24T14:32:15+00:00\" \/>\n<meta name=\"author\" content=\"Telinha\" \/>\n<meta name=\"twitter:card\" content=\"summary_large_image\" \/>\n<meta name=\"twitter:label1\" content=\"Escrito por\" \/>\n\t<meta name=\"twitter:data1\" content=\"Telinha\" \/>\n\t<meta name=\"twitter:label2\" content=\"Tempo estimado de leitura\" \/>\n\t<meta name=\"twitter:data2\" content=\"3 minutos\" \/>\n<script type=\"application\/ld+json\" class=\"yoast-schema-graph\">{\"@context\":\"https:\/\/schema.org\",\"@graph\":[{\"@type\":\"Article\",\"@id\":\"https:\/\/portaltela.pt\/noticias\/2026\/02\/24\/guerra-na-ucrania-tanques-movidos-a-combustiveis-fosseis-e-incendios-florestais\/#article\",\"isPartOf\":{\"@id\":\"https:\/\/portaltela.pt\/noticias\/2026\/02\/24\/guerra-na-ucrania-tanques-movidos-a-combustiveis-fosseis-e-incendios-florestais\/\"},\"author\":{\"name\":\"Telinha\",\"@id\":\"https:\/\/portaltela.pt\/#\/schema\/person\/c4278d4a6028830caff9ee44b42d32ed\"},\"headline\":\"Guerra na Ucr\u00e2nia: tanques movidos a combust\u00edveis f\u00f3sseis e inc\u00eandios florestais\",\"datePublished\":\"2026-02-24T14:32:15+00:00\",\"mainEntityOfPage\":{\"@id\":\"https:\/\/portaltela.pt\/noticias\/2026\/02\/24\/guerra-na-ucrania-tanques-movidos-a-combustiveis-fosseis-e-incendios-florestais\/\"},\"wordCount\":520,\"image\":{\"@id\":\"https:\/\/portaltela.pt\/noticias\/2026\/02\/24\/guerra-na-ucrania-tanques-movidos-a-combustiveis-fosseis-e-incendios-florestais\/#primaryimage\"},\"thumbnailUrl\":\"https:\/\/portaltela.pt\/s.01k8rhncp4jt1\/2026\/02\/1536x864_cmsv2_7a5eca15-9ec0-57cb-be92-b3c2708735ee-9663629.jpg\",\"keywords\":[\"Emiss\u00f5es de gases com efeito de estufa\",\"guerra\",\"inc\u00eandios\",\"meio-ambiente\",\"polui\u00e7\u00e3o ambiental\",\"Ucr\u00e2nia\"],\"articleSection\":[\"Not\u00edcias\"],\"inLanguage\":\"pt-PT\"},{\"@type\":\"WebPage\",\"@id\":\"https:\/\/portaltela.pt\/noticias\/2026\/02\/24\/guerra-na-ucrania-tanques-movidos-a-combustiveis-fosseis-e-incendios-florestais\/\",\"url\":\"https:\/\/portaltela.pt\/noticias\/2026\/02\/24\/guerra-na-ucrania-tanques-movidos-a-combustiveis-fosseis-e-incendios-florestais\/\",\"name\":\"Guerra na Ucr\u00e2nia: tanques movidos a combust\u00edveis f\u00f3sseis e inc\u00eandios florestais - Portal Tela Portugal\",\"isPartOf\":{\"@id\":\"https:\/\/portaltela.pt\/#website\"},\"primaryImageOfPage\":{\"@id\":\"https:\/\/portaltela.pt\/noticias\/2026\/02\/24\/guerra-na-ucrania-tanques-movidos-a-combustiveis-fosseis-e-incendios-florestais\/#primaryimage\"},\"image\":{\"@id\":\"https:\/\/portaltela.pt\/noticias\/2026\/02\/24\/guerra-na-ucrania-tanques-movidos-a-combustiveis-fosseis-e-incendios-florestais\/#primaryimage\"},\"thumbnailUrl\":\"https:\/\/portaltela.pt\/s.01k8rhncp4jt1\/2026\/02\/1536x864_cmsv2_7a5eca15-9ec0-57cb-be92-b3c2708735ee-9663629.jpg\",\"datePublished\":\"2026-02-24T14:32:15+00:00\",\"author\":{\"@id\":\"https:\/\/portaltela.pt\/#\/schema\/person\/c4278d4a6028830caff9ee44b42d32ed\"},\"breadcrumb\":{\"@id\":\"https:\/\/portaltela.pt\/noticias\/2026\/02\/24\/guerra-na-ucrania-tanques-movidos-a-combustiveis-fosseis-e-incendios-florestais\/#breadcrumb\"},\"inLanguage\":\"pt-PT\",\"potentialAction\":[{\"@type\":\"ReadAction\",\"target\":[\"https:\/\/portaltela.pt\/noticias\/2026\/02\/24\/guerra-na-ucrania-tanques-movidos-a-combustiveis-fosseis-e-incendios-florestais\/\"]}]},{\"@type\":\"ImageObject\",\"inLanguage\":\"pt-PT\",\"@id\":\"https:\/\/portaltela.pt\/noticias\/2026\/02\/24\/guerra-na-ucrania-tanques-movidos-a-combustiveis-fosseis-e-incendios-florestais\/#primaryimage\",\"url\":\"https:\/\/portaltela.pt\/s.01k8rhncp4jt1\/2026\/02\/1536x864_cmsv2_7a5eca15-9ec0-57cb-be92-b3c2708735ee-9663629.jpg\",\"contentUrl\":\"https:\/\/portaltela.pt\/s.01k8rhncp4jt1\/2026\/02\/1536x864_cmsv2_7a5eca15-9ec0-57cb-be92-b3c2708735ee-9663629.jpg\",\"width\":796,\"height\":448,\"caption\":\"Um homem recupera artigos de uma loja que se incendiou durante um ataque russo em Kharkiv, na Ucr\u00e2nia, na sexta-feira, 25 de mar\u00e7o de 2022.\"},{\"@type\":\"BreadcrumbList\",\"@id\":\"https:\/\/portaltela.pt\/noticias\/2026\/02\/24\/guerra-na-ucrania-tanques-movidos-a-combustiveis-fosseis-e-incendios-florestais\/#breadcrumb\",\"itemListElement\":[{\"@type\":\"ListItem\",\"position\":1,\"name\":\"In\u00edcio\",\"item\":\"https:\/\/portaltela.pt\/\"},{\"@type\":\"ListItem\",\"position\":2,\"name\":\"Guerra na Ucr\u00e2nia: tanques movidos a combust\u00edveis f\u00f3sseis e inc\u00eandios florestais\"}]},{\"@type\":\"WebSite\",\"@id\":\"https:\/\/portaltela.pt\/#website\",\"url\":\"https:\/\/portaltela.pt\/\",\"name\":\"Portal Tela Portugal\",\"description\":\"\",\"potentialAction\":[{\"@type\":\"SearchAction\",\"target\":{\"@type\":\"EntryPoint\",\"urlTemplate\":\"https:\/\/portaltela.pt\/?s={search_term_string}\"},\"query-input\":{\"@type\":\"PropertyValueSpecification\",\"valueRequired\":true,\"valueName\":\"search_term_string\"}}],\"inLanguage\":\"pt-PT\"},{\"@type\":\"Person\",\"@id\":\"https:\/\/portaltela.pt\/#\/schema\/person\/c4278d4a6028830caff9ee44b42d32ed\",\"name\":\"Telinha\",\"image\":{\"@type\":\"ImageObject\",\"inLanguage\":\"pt-PT\",\"@id\":\"https:\/\/portaltela.pt\/s.01k8rhncp4jt1\/2025\/11\/talking-bot-125x125.png\",\"url\":\"https:\/\/portaltela.pt\/s.01k8rhncp4jt1\/2025\/11\/talking-bot-125x125.png\",\"contentUrl\":\"https:\/\/portaltela.pt\/s.01k8rhncp4jt1\/2025\/11\/talking-bot-125x125.png\",\"caption\":\"Telinha\"},\"sameAs\":[\"https:\/\/portaltela.pt\/\"],\"url\":\"https:\/\/portaltela.pt\/por\/367410592786\/\"}]}<\/script>\n<!-- \/ Yoast SEO plugin. -->","yoast_head_json":{"title":"Guerra na Ucr\u00e2nia: tanques movidos a combust\u00edveis f\u00f3sseis e inc\u00eandios florestais - Portal Tela Portugal","robots":{"index":"index","follow":"follow","max-snippet":"max-snippet:-1","max-image-preview":"max-image-preview:large","max-video-preview":"max-video-preview:-1"},"og_locale":"pt_PT","og_type":"article","og_title":"Guerra na Ucr\u00e2nia: tanques movidos a combust\u00edveis f\u00f3sseis e inc\u00eandios florestais - Portal Tela Portugal","og_description":"As emiss\u00f5es de gases com efeito de estufa desde o in\u00edcio da guerra j\u00e1 somam cerca de 311 milh\u00f5es de tCO2e; no quarto ano, aumentaram 75 milh\u00f5es de tCO2e. A maior parte das emiss\u00f5es resulta de atividades b\u00e9licas alimentadas a combust\u00edveis f\u00f3sseis, com tanques e maquinaria a responder por cerca de 37% do total do conflito. Inc\u00eandios florestais representam 23% das emiss\u00f5es globais da guerra; em 2025 a Ucr\u00e2nia registou 1,39 milh\u00f5es de hectares queimados. A guerra causou enormes perdas humanas e de deslocados: quase seis milh\u00f5es de ucranianos fugiram do pa\u00eds e cerca de 3,7 milh\u00f5es deslocaram-se dentro do territ\u00f3rio. A Ucr\u00e2nia anunciou planos de responsabilizar a R\u00fassia por danos ambientais, visando indemniza\u00e7\u00e3o superior a 37 mil milh\u00f5es de euros, numa iniciativa ligada \u00e0 COP30.","og_url":"https:\/\/portaltela.pt\/noticias\/2026\/02\/24\/guerra-na-ucrania-tanques-movidos-a-combustiveis-fosseis-e-incendios-florestais\/","og_site_name":"Portal Tela Portugal","article_published_time":"2026-02-24T14:32:15+00:00","author":"Telinha","twitter_card":"summary_large_image","twitter_misc":{"Escrito por":"Telinha","Tempo estimado de leitura":"3 minutos"},"schema":{"@context":"https:\/\/schema.org","@graph":[{"@type":"Article","@id":"https:\/\/portaltela.pt\/noticias\/2026\/02\/24\/guerra-na-ucrania-tanques-movidos-a-combustiveis-fosseis-e-incendios-florestais\/#article","isPartOf":{"@id":"https:\/\/portaltela.pt\/noticias\/2026\/02\/24\/guerra-na-ucrania-tanques-movidos-a-combustiveis-fosseis-e-incendios-florestais\/"},"author":{"name":"Telinha","@id":"https:\/\/portaltela.pt\/#\/schema\/person\/c4278d4a6028830caff9ee44b42d32ed"},"headline":"Guerra na Ucr\u00e2nia: tanques movidos a combust\u00edveis f\u00f3sseis e inc\u00eandios florestais","datePublished":"2026-02-24T14:32:15+00:00","mainEntityOfPage":{"@id":"https:\/\/portaltela.pt\/noticias\/2026\/02\/24\/guerra-na-ucrania-tanques-movidos-a-combustiveis-fosseis-e-incendios-florestais\/"},"wordCount":520,"image":{"@id":"https:\/\/portaltela.pt\/noticias\/2026\/02\/24\/guerra-na-ucrania-tanques-movidos-a-combustiveis-fosseis-e-incendios-florestais\/#primaryimage"},"thumbnailUrl":"https:\/\/portaltela.pt\/s.01k8rhncp4jt1\/2026\/02\/1536x864_cmsv2_7a5eca15-9ec0-57cb-be92-b3c2708735ee-9663629.jpg","keywords":["Emiss\u00f5es de gases com efeito de estufa","guerra","inc\u00eandios","meio-ambiente","polui\u00e7\u00e3o ambiental","Ucr\u00e2nia"],"articleSection":["Not\u00edcias"],"inLanguage":"pt-PT"},{"@type":"WebPage","@id":"https:\/\/portaltela.pt\/noticias\/2026\/02\/24\/guerra-na-ucrania-tanques-movidos-a-combustiveis-fosseis-e-incendios-florestais\/","url":"https:\/\/portaltela.pt\/noticias\/2026\/02\/24\/guerra-na-ucrania-tanques-movidos-a-combustiveis-fosseis-e-incendios-florestais\/","name":"Guerra na Ucr\u00e2nia: tanques movidos a combust\u00edveis f\u00f3sseis e inc\u00eandios florestais - Portal Tela Portugal","isPartOf":{"@id":"https:\/\/portaltela.pt\/#website"},"primaryImageOfPage":{"@id":"https:\/\/portaltela.pt\/noticias\/2026\/02\/24\/guerra-na-ucrania-tanques-movidos-a-combustiveis-fosseis-e-incendios-florestais\/#primaryimage"},"image":{"@id":"https:\/\/portaltela.pt\/noticias\/2026\/02\/24\/guerra-na-ucrania-tanques-movidos-a-combustiveis-fosseis-e-incendios-florestais\/#primaryimage"},"thumbnailUrl":"https:\/\/portaltela.pt\/s.01k8rhncp4jt1\/2026\/02\/1536x864_cmsv2_7a5eca15-9ec0-57cb-be92-b3c2708735ee-9663629.jpg","datePublished":"2026-02-24T14:32:15+00:00","author":{"@id":"https:\/\/portaltela.pt\/#\/schema\/person\/c4278d4a6028830caff9ee44b42d32ed"},"breadcrumb":{"@id":"https:\/\/portaltela.pt\/noticias\/2026\/02\/24\/guerra-na-ucrania-tanques-movidos-a-combustiveis-fosseis-e-incendios-florestais\/#breadcrumb"},"inLanguage":"pt-PT","potentialAction":[{"@type":"ReadAction","target":["https:\/\/portaltela.pt\/noticias\/2026\/02\/24\/guerra-na-ucrania-tanques-movidos-a-combustiveis-fosseis-e-incendios-florestais\/"]}]},{"@type":"ImageObject","inLanguage":"pt-PT","@id":"https:\/\/portaltela.pt\/noticias\/2026\/02\/24\/guerra-na-ucrania-tanques-movidos-a-combustiveis-fosseis-e-incendios-florestais\/#primaryimage","url":"https:\/\/portaltela.pt\/s.01k8rhncp4jt1\/2026\/02\/1536x864_cmsv2_7a5eca15-9ec0-57cb-be92-b3c2708735ee-9663629.jpg","contentUrl":"https:\/\/portaltela.pt\/s.01k8rhncp4jt1\/2026\/02\/1536x864_cmsv2_7a5eca15-9ec0-57cb-be92-b3c2708735ee-9663629.jpg","width":796,"height":448,"caption":"Um homem recupera artigos de uma loja que se incendiou durante um ataque russo em Kharkiv, na Ucr\u00e2nia, na sexta-feira, 25 de mar\u00e7o de 2022."},{"@type":"BreadcrumbList","@id":"https:\/\/portaltela.pt\/noticias\/2026\/02\/24\/guerra-na-ucrania-tanques-movidos-a-combustiveis-fosseis-e-incendios-florestais\/#breadcrumb","itemListElement":[{"@type":"ListItem","position":1,"name":"In\u00edcio","item":"https:\/\/portaltela.pt\/"},{"@type":"ListItem","position":2,"name":"Guerra na Ucr\u00e2nia: tanques movidos a combust\u00edveis f\u00f3sseis e inc\u00eandios florestais"}]},{"@type":"WebSite","@id":"https:\/\/portaltela.pt\/#website","url":"https:\/\/portaltela.pt\/","name":"Portal Tela Portugal","description":"","potentialAction":[{"@type":"SearchAction","target":{"@type":"EntryPoint","urlTemplate":"https:\/\/portaltela.pt\/?s={search_term_string}"},"query-input":{"@type":"PropertyValueSpecification","valueRequired":true,"valueName":"search_term_string"}}],"inLanguage":"pt-PT"},{"@type":"Person","@id":"https:\/\/portaltela.pt\/#\/schema\/person\/c4278d4a6028830caff9ee44b42d32ed","name":"Telinha","image":{"@type":"ImageObject","inLanguage":"pt-PT","@id":"https:\/\/portaltela.pt\/s.01k8rhncp4jt1\/2025\/11\/talking-bot-125x125.png","url":"https:\/\/portaltela.pt\/s.01k8rhncp4jt1\/2025\/11\/talking-bot-125x125.png","contentUrl":"https:\/\/portaltela.pt\/s.01k8rhncp4jt1\/2025\/11\/talking-bot-125x125.png","caption":"Telinha"},"sameAs":["https:\/\/portaltela.pt\/"],"url":"https:\/\/portaltela.pt\/por\/367410592786\/"}]}},"_links":{"self":[{"href":"https:\/\/portaltela.pt\/api\/wp\/v2\/posts\/224331","targetHints":{"allow":["GET"]}}],"collection":[{"href":"https:\/\/portaltela.pt\/api\/wp\/v2\/posts"}],"about":[{"href":"https:\/\/portaltela.pt\/api\/wp\/v2\/types\/post"}],"author":[{"embeddable":true,"href":"https:\/\/portaltela.pt\/api\/wp\/v2\/users\/2"}],"replies":[{"embeddable":true,"href":"https:\/\/portaltela.pt\/api\/wp\/v2\/comments?post=224331"}],"version-history":[{"count":0,"href":"https:\/\/portaltela.pt\/api\/wp\/v2\/posts\/224331\/revisions"}],"wp:featuredmedia":[{"embeddable":true,"href":"https:\/\/portaltela.pt\/api\/wp\/v2\/media\/224333"}],"wp:attachment":[{"href":"https:\/\/portaltela.pt\/api\/wp\/v2\/media?parent=224331"}],"wp:term":[{"taxonomy":"category","embeddable":true,"href":"https:\/\/portaltela.pt\/api\/wp\/v2\/categories?post=224331"},{"taxonomy":"post_tag","embeddable":true,"href":"https:\/\/portaltela.pt\/api\/wp\/v2\/tags?post=224331"}],"curies":[{"name":"wp","href":"https:\/\/api.w.org\/{rel}","templated":true}]}}