{"id":224324,"date":"2026-02-24T11:27:17","date_gmt":"2026-02-24T14:27:17","guid":{"rendered":"https:\/\/portaltela.pt\/noticias\/2026\/02\/24\/responsavel-da-protecao-civil-de-santo-tirso-afirma-ter-sido-diligente-no-fogo\/"},"modified":"2026-02-24T11:27:17","modified_gmt":"2026-02-24T14:27:17","slug":"responsavel-da-protecao-civil-de-santo-tirso-afirma-ter-sido-diligente-no-fogo","status":"publish","type":"post","link":"https:\/\/portaltela.pt\/noticias\/2026\/02\/24\/responsavel-da-protecao-civil-de-santo-tirso-afirma-ter-sido-diligente-no-fogo\/","title":{"rendered":"Respons\u00e1vel da Prote\u00e7\u00e3o Civil de Santo Tirso afirma ter sido diligente no fogo"},"content":{"rendered":"<p>Na cidade de Santo Tirso, um inc\u00eandio ocorrido entre 17 e 19 de julho de 2020 atingiu um canil ilegal na serra da Agrela, causando a morte de 92 animais: 88 c\u00e3es e 4 gatos. O caso, que envolve mais de 200 crimes de maus-tratos a animais de companhia, est\u00e1 a ser julgado no Tribunal de Matosinhos.<\/p>\n<p>A sess\u00e3o inicial do julgamento teve lugar nesta ter\u00e7a-feira. A antiga coordenadora da Prote\u00e7\u00e3o Civil da C\u00e2mara de Santo Tirso sustenta ter atuado de forma diligente e ter feito o que devia face \u00e0 informa\u00e7\u00e3o dispon\u00edvel, no contexto do fogo que devastou o abrigo.<\/p>\n<p>Ao longo da audi\u00eancia, a arguida reiterou que sinalizou dois canis considerados sens\u00edveis quando visitou o Posto de Comando e verificou a aus\u00eancia de sinaliza\u00e7\u00e3o nesses espa\u00e7os. Tamb\u00e9m explicou que s\u00f3 teve conhecimentos sobre o alcance do inc\u00eandio posteriormente.<\/p>\n<p>A defesa da acusa\u00e7\u00e3o apresentada permitiu conhecer que os dois abrigos atingidos j\u00e1 eram ilegais \u00e0 data dos fatos. A propriet\u00e1ria de um dos abrigos admitiu a irregularidade, referindo tentativas de legaliza\u00e7\u00e3o e visitas do veterin\u00e1rio municipal para averigua\u00e7\u00f5es.<\/p>\n<p>A arguida referiu ainda que alguns animais estavam presos com cadeados para evitar mortes entre si e que muitos dos animais n\u00e3o estavam vacinados. Os restantes arguidos n\u00e3o prestaram declara\u00e7\u00f5es ou apresentaram aus\u00eancias por motivos m\u00e9dicos.<\/p>\n<p>O julgamento continua com a leitura de testemunhas e o depoimento da antiga coordenadora da Prote\u00e7\u00e3o Civil. O objetivo \u00e9 apurar responsabilidades sobre as condi\u00e7\u00f5es que levaram \u00e0 morte dos animais e a eventual pr\u00e1tica de maus-tratos.<\/p>\n","protected":false},"excerpt":{"rendered":"<ul>\n<li>O inc\u00eandio na serra da Agrela, em Santo Tirso, entre 17 e 19 de julho de 2020, matou 92 animais num canil ilegal (88 c\u00e3es e 4 gatos.<\/li>\n<li>Est\u00e3o a ser julgados mais de duas centenas de crimes de maus-tratos a animais, incluindo a coordenadora da Prote\u00e7\u00e3o Civil municipal e as donas do canil \u201cCantinho das Quatro patas\u201d.<\/li>\n<li>A arguida afirmou ter sido \u201cdiligente\u201d e ter sinalizado os dois abrigos como pontos sens\u00edveis, ao verificar no posto de comando que n\u00e3o estavam assinalados.<\/li>\n<li>Disse que, ao chegar ao local no dia 17, pediu para falar com o comandante dos Bombeiros de Santo Tirso, que s\u00f3 chegou mais tarde, e que o inc\u00eandio foi considerado dominado, sendo que mais tarde reacendeu.<\/li>\n<li>A autora sublinhou que s\u00f3 tomou conhecimento de que o fogo atingiu os abrigos posteriormente, conhecendo tamb\u00e9m que alguns animais estavam presos com cadeados e que muitos n\u00e3o estavam vacinados.<\/li>\n<\/ul>\n","protected":false},"author":2,"featured_media":224326,"comment_status":"closed","ping_status":"closed","sticky":false,"template":"","format":"standard","meta":{"footnotes":""},"categories":[1],"tags":[3094,4577,5869,3365,6208],"class_list":["post-224324","post","type-post","status-publish","format-standard","has-post-thumbnail","hentry","category-noticias","tag-abrigos","tag-animais-de-companhia","tag-maus-tratos","tag-maus-tratos-a-animais-de-companhia","tag-tribunais"],"yoast_head":"<!-- This site is optimized with the Yoast SEO plugin v27.2 - https:\/\/yoast.com\/product\/yoast-seo-wordpress\/ -->\n<title>Respons\u00e1vel da Prote\u00e7\u00e3o Civil de Santo Tirso afirma ter sido diligente no fogo - Portal Tela Portugal<\/title>\n<meta name=\"robots\" content=\"index, follow, max-snippet:-1, max-image-preview:large, max-video-preview:-1\" \/>\n<meta property=\"og:locale\" content=\"pt_PT\" \/>\n<meta property=\"og:type\" content=\"article\" \/>\n<meta property=\"og:title\" content=\"Respons\u00e1vel da Prote\u00e7\u00e3o Civil de Santo Tirso afirma ter sido diligente no fogo - Portal Tela Portugal\" \/>\n<meta property=\"og:description\" content=\"O inc\u00eandio na serra da Agrela, em Santo Tirso, entre 17 e 19 de julho de 2020, matou 92 animais num canil ilegal (88 c\u00e3es e 4 gatos. Est\u00e3o a ser julgados mais de duas centenas de crimes de maus-tratos a animais, incluindo a coordenadora da Prote\u00e7\u00e3o Civil municipal e as donas do canil \u201cCantinho das Quatro patas\u201d. A arguida afirmou ter sido \u201cdiligente\u201d e ter sinalizado os dois abrigos como pontos sens\u00edveis, ao verificar no posto de comando que n\u00e3o estavam assinalados. Disse que, ao chegar ao local no dia 17, pediu para falar com o comandante dos Bombeiros de Santo Tirso, que s\u00f3 chegou mais tarde, e que o inc\u00eandio foi considerado dominado, sendo que mais tarde reacendeu. A autora sublinhou que s\u00f3 tomou conhecimento de que o fogo atingiu os abrigos posteriormente, conhecendo tamb\u00e9m que alguns animais estavam presos com cadeados e que muitos n\u00e3o estavam vacinados.\" \/>\n<meta property=\"og:url\" content=\"https:\/\/portaltela.pt\/noticias\/2026\/02\/24\/responsavel-da-protecao-civil-de-santo-tirso-afirma-ter-sido-diligente-no-fogo\/\" \/>\n<meta property=\"og:site_name\" content=\"Portal Tela Portugal\" \/>\n<meta property=\"article:published_time\" content=\"2026-02-24T14:27:17+00:00\" \/>\n<meta name=\"author\" content=\"Telinha\" \/>\n<meta name=\"twitter:card\" content=\"summary_large_image\" \/>\n<meta name=\"twitter:label1\" content=\"Escrito por\" \/>\n\t<meta name=\"twitter:data1\" content=\"Telinha\" \/>\n\t<meta name=\"twitter:label2\" content=\"Tempo estimado de leitura\" \/>\n\t<meta name=\"twitter:data2\" content=\"1 minuto\" \/>\n<script type=\"application\/ld+json\" class=\"yoast-schema-graph\">{\"@context\":\"https:\/\/schema.org\",\"@graph\":[{\"@type\":\"Article\",\"@id\":\"https:\/\/portaltela.pt\/noticias\/2026\/02\/24\/responsavel-da-protecao-civil-de-santo-tirso-afirma-ter-sido-diligente-no-fogo\/#article\",\"isPartOf\":{\"@id\":\"https:\/\/portaltela.pt\/noticias\/2026\/02\/24\/responsavel-da-protecao-civil-de-santo-tirso-afirma-ter-sido-diligente-no-fogo\/\"},\"author\":{\"name\":\"Telinha\",\"@id\":\"https:\/\/portaltela.pt\/#\/schema\/person\/c4278d4a6028830caff9ee44b42d32ed\"},\"headline\":\"Respons\u00e1vel da Prote\u00e7\u00e3o Civil de Santo Tirso afirma ter sido diligente no fogo\",\"datePublished\":\"2026-02-24T14:27:17+00:00\",\"mainEntityOfPage\":{\"@id\":\"https:\/\/portaltela.pt\/noticias\/2026\/02\/24\/responsavel-da-protecao-civil-de-santo-tirso-afirma-ter-sido-diligente-no-fogo\/\"},\"wordCount\":284,\"image\":{\"@id\":\"https:\/\/portaltela.pt\/noticias\/2026\/02\/24\/responsavel-da-protecao-civil-de-santo-tirso-afirma-ter-sido-diligente-no-fogo\/#primaryimage\"},\"thumbnailUrl\":\"https:\/\/portaltela.pt\/s.01k8rhncp4jt1\/2026\/02\/img_1500x1000uu2024-08-24-19-36-12-1732821.jpg\",\"keywords\":[\"abrigos\",\"animais de companhia\",\"maus-tratos\",\"maus-tratos a animais de companhia\",\"Tribunais\"],\"articleSection\":[\"Not\u00edcias\"],\"inLanguage\":\"pt-PT\"},{\"@type\":\"WebPage\",\"@id\":\"https:\/\/portaltela.pt\/noticias\/2026\/02\/24\/responsavel-da-protecao-civil-de-santo-tirso-afirma-ter-sido-diligente-no-fogo\/\",\"url\":\"https:\/\/portaltela.pt\/noticias\/2026\/02\/24\/responsavel-da-protecao-civil-de-santo-tirso-afirma-ter-sido-diligente-no-fogo\/\",\"name\":\"Respons\u00e1vel da Prote\u00e7\u00e3o Civil de Santo Tirso afirma ter sido diligente no fogo - Portal Tela Portugal\",\"isPartOf\":{\"@id\":\"https:\/\/portaltela.pt\/#website\"},\"primaryImageOfPage\":{\"@id\":\"https:\/\/portaltela.pt\/noticias\/2026\/02\/24\/responsavel-da-protecao-civil-de-santo-tirso-afirma-ter-sido-diligente-no-fogo\/#primaryimage\"},\"image\":{\"@id\":\"https:\/\/portaltela.pt\/noticias\/2026\/02\/24\/responsavel-da-protecao-civil-de-santo-tirso-afirma-ter-sido-diligente-no-fogo\/#primaryimage\"},\"thumbnailUrl\":\"https:\/\/portaltela.pt\/s.01k8rhncp4jt1\/2026\/02\/img_1500x1000uu2024-08-24-19-36-12-1732821.jpg\",\"datePublished\":\"2026-02-24T14:27:17+00:00\",\"author\":{\"@id\":\"https:\/\/portaltela.pt\/#\/schema\/person\/c4278d4a6028830caff9ee44b42d32ed\"},\"breadcrumb\":{\"@id\":\"https:\/\/portaltela.pt\/noticias\/2026\/02\/24\/responsavel-da-protecao-civil-de-santo-tirso-afirma-ter-sido-diligente-no-fogo\/#breadcrumb\"},\"inLanguage\":\"pt-PT\",\"potentialAction\":[{\"@type\":\"ReadAction\",\"target\":[\"https:\/\/portaltela.pt\/noticias\/2026\/02\/24\/responsavel-da-protecao-civil-de-santo-tirso-afirma-ter-sido-diligente-no-fogo\/\"]}]},{\"@type\":\"ImageObject\",\"inLanguage\":\"pt-PT\",\"@id\":\"https:\/\/portaltela.pt\/noticias\/2026\/02\/24\/responsavel-da-protecao-civil-de-santo-tirso-afirma-ter-sido-diligente-no-fogo\/#primaryimage\",\"url\":\"https:\/\/portaltela.pt\/s.01k8rhncp4jt1\/2026\/02\/img_1500x1000uu2024-08-24-19-36-12-1732821.jpg\",\"contentUrl\":\"https:\/\/portaltela.pt\/s.01k8rhncp4jt1\/2026\/02\/img_1500x1000uu2024-08-24-19-36-12-1732821.jpg\",\"width\":796,\"height\":448,\"caption\":\"Tribunal de Matosinhos\"},{\"@type\":\"BreadcrumbList\",\"@id\":\"https:\/\/portaltela.pt\/noticias\/2026\/02\/24\/responsavel-da-protecao-civil-de-santo-tirso-afirma-ter-sido-diligente-no-fogo\/#breadcrumb\",\"itemListElement\":[{\"@type\":\"ListItem\",\"position\":1,\"name\":\"In\u00edcio\",\"item\":\"https:\/\/portaltela.pt\/\"},{\"@type\":\"ListItem\",\"position\":2,\"name\":\"Respons\u00e1vel da Prote\u00e7\u00e3o Civil de Santo Tirso afirma ter sido diligente no fogo\"}]},{\"@type\":\"WebSite\",\"@id\":\"https:\/\/portaltela.pt\/#website\",\"url\":\"https:\/\/portaltela.pt\/\",\"name\":\"Portal Tela Portugal\",\"description\":\"\",\"potentialAction\":[{\"@type\":\"SearchAction\",\"target\":{\"@type\":\"EntryPoint\",\"urlTemplate\":\"https:\/\/portaltela.pt\/?s={search_term_string}\"},\"query-input\":{\"@type\":\"PropertyValueSpecification\",\"valueRequired\":true,\"valueName\":\"search_term_string\"}}],\"inLanguage\":\"pt-PT\"},{\"@type\":\"Person\",\"@id\":\"https:\/\/portaltela.pt\/#\/schema\/person\/c4278d4a6028830caff9ee44b42d32ed\",\"name\":\"Telinha\",\"image\":{\"@type\":\"ImageObject\",\"inLanguage\":\"pt-PT\",\"@id\":\"https:\/\/portaltela.pt\/s.01k8rhncp4jt1\/2025\/11\/talking-bot-125x125.png\",\"url\":\"https:\/\/portaltela.pt\/s.01k8rhncp4jt1\/2025\/11\/talking-bot-125x125.png\",\"contentUrl\":\"https:\/\/portaltela.pt\/s.01k8rhncp4jt1\/2025\/11\/talking-bot-125x125.png\",\"caption\":\"Telinha\"},\"sameAs\":[\"https:\/\/portaltela.pt\/\"],\"url\":\"https:\/\/portaltela.pt\/por\/367410592786\/\"}]}<\/script>\n<!-- \/ Yoast SEO plugin. -->","yoast_head_json":{"title":"Respons\u00e1vel da Prote\u00e7\u00e3o Civil de Santo Tirso afirma ter sido diligente no fogo - Portal Tela Portugal","robots":{"index":"index","follow":"follow","max-snippet":"max-snippet:-1","max-image-preview":"max-image-preview:large","max-video-preview":"max-video-preview:-1"},"og_locale":"pt_PT","og_type":"article","og_title":"Respons\u00e1vel da Prote\u00e7\u00e3o Civil de Santo Tirso afirma ter sido diligente no fogo - Portal Tela Portugal","og_description":"O inc\u00eandio na serra da Agrela, em Santo Tirso, entre 17 e 19 de julho de 2020, matou 92 animais num canil ilegal (88 c\u00e3es e 4 gatos. Est\u00e3o a ser julgados mais de duas centenas de crimes de maus-tratos a animais, incluindo a coordenadora da Prote\u00e7\u00e3o Civil municipal e as donas do canil \u201cCantinho das Quatro patas\u201d. A arguida afirmou ter sido \u201cdiligente\u201d e ter sinalizado os dois abrigos como pontos sens\u00edveis, ao verificar no posto de comando que n\u00e3o estavam assinalados. Disse que, ao chegar ao local no dia 17, pediu para falar com o comandante dos Bombeiros de Santo Tirso, que s\u00f3 chegou mais tarde, e que o inc\u00eandio foi considerado dominado, sendo que mais tarde reacendeu. A autora sublinhou que s\u00f3 tomou conhecimento de que o fogo atingiu os abrigos posteriormente, conhecendo tamb\u00e9m que alguns animais estavam presos com cadeados e que muitos n\u00e3o estavam vacinados.","og_url":"https:\/\/portaltela.pt\/noticias\/2026\/02\/24\/responsavel-da-protecao-civil-de-santo-tirso-afirma-ter-sido-diligente-no-fogo\/","og_site_name":"Portal Tela Portugal","article_published_time":"2026-02-24T14:27:17+00:00","author":"Telinha","twitter_card":"summary_large_image","twitter_misc":{"Escrito por":"Telinha","Tempo estimado de leitura":"1 minuto"},"schema":{"@context":"https:\/\/schema.org","@graph":[{"@type":"Article","@id":"https:\/\/portaltela.pt\/noticias\/2026\/02\/24\/responsavel-da-protecao-civil-de-santo-tirso-afirma-ter-sido-diligente-no-fogo\/#article","isPartOf":{"@id":"https:\/\/portaltela.pt\/noticias\/2026\/02\/24\/responsavel-da-protecao-civil-de-santo-tirso-afirma-ter-sido-diligente-no-fogo\/"},"author":{"name":"Telinha","@id":"https:\/\/portaltela.pt\/#\/schema\/person\/c4278d4a6028830caff9ee44b42d32ed"},"headline":"Respons\u00e1vel da Prote\u00e7\u00e3o Civil de Santo Tirso afirma ter sido diligente no fogo","datePublished":"2026-02-24T14:27:17+00:00","mainEntityOfPage":{"@id":"https:\/\/portaltela.pt\/noticias\/2026\/02\/24\/responsavel-da-protecao-civil-de-santo-tirso-afirma-ter-sido-diligente-no-fogo\/"},"wordCount":284,"image":{"@id":"https:\/\/portaltela.pt\/noticias\/2026\/02\/24\/responsavel-da-protecao-civil-de-santo-tirso-afirma-ter-sido-diligente-no-fogo\/#primaryimage"},"thumbnailUrl":"https:\/\/portaltela.pt\/s.01k8rhncp4jt1\/2026\/02\/img_1500x1000uu2024-08-24-19-36-12-1732821.jpg","keywords":["abrigos","animais de companhia","maus-tratos","maus-tratos a animais de companhia","Tribunais"],"articleSection":["Not\u00edcias"],"inLanguage":"pt-PT"},{"@type":"WebPage","@id":"https:\/\/portaltela.pt\/noticias\/2026\/02\/24\/responsavel-da-protecao-civil-de-santo-tirso-afirma-ter-sido-diligente-no-fogo\/","url":"https:\/\/portaltela.pt\/noticias\/2026\/02\/24\/responsavel-da-protecao-civil-de-santo-tirso-afirma-ter-sido-diligente-no-fogo\/","name":"Respons\u00e1vel da Prote\u00e7\u00e3o Civil de Santo Tirso afirma ter sido diligente no fogo - Portal Tela Portugal","isPartOf":{"@id":"https:\/\/portaltela.pt\/#website"},"primaryImageOfPage":{"@id":"https:\/\/portaltela.pt\/noticias\/2026\/02\/24\/responsavel-da-protecao-civil-de-santo-tirso-afirma-ter-sido-diligente-no-fogo\/#primaryimage"},"image":{"@id":"https:\/\/portaltela.pt\/noticias\/2026\/02\/24\/responsavel-da-protecao-civil-de-santo-tirso-afirma-ter-sido-diligente-no-fogo\/#primaryimage"},"thumbnailUrl":"https:\/\/portaltela.pt\/s.01k8rhncp4jt1\/2026\/02\/img_1500x1000uu2024-08-24-19-36-12-1732821.jpg","datePublished":"2026-02-24T14:27:17+00:00","author":{"@id":"https:\/\/portaltela.pt\/#\/schema\/person\/c4278d4a6028830caff9ee44b42d32ed"},"breadcrumb":{"@id":"https:\/\/portaltela.pt\/noticias\/2026\/02\/24\/responsavel-da-protecao-civil-de-santo-tirso-afirma-ter-sido-diligente-no-fogo\/#breadcrumb"},"inLanguage":"pt-PT","potentialAction":[{"@type":"ReadAction","target":["https:\/\/portaltela.pt\/noticias\/2026\/02\/24\/responsavel-da-protecao-civil-de-santo-tirso-afirma-ter-sido-diligente-no-fogo\/"]}]},{"@type":"ImageObject","inLanguage":"pt-PT","@id":"https:\/\/portaltela.pt\/noticias\/2026\/02\/24\/responsavel-da-protecao-civil-de-santo-tirso-afirma-ter-sido-diligente-no-fogo\/#primaryimage","url":"https:\/\/portaltela.pt\/s.01k8rhncp4jt1\/2026\/02\/img_1500x1000uu2024-08-24-19-36-12-1732821.jpg","contentUrl":"https:\/\/portaltela.pt\/s.01k8rhncp4jt1\/2026\/02\/img_1500x1000uu2024-08-24-19-36-12-1732821.jpg","width":796,"height":448,"caption":"Tribunal de Matosinhos"},{"@type":"BreadcrumbList","@id":"https:\/\/portaltela.pt\/noticias\/2026\/02\/24\/responsavel-da-protecao-civil-de-santo-tirso-afirma-ter-sido-diligente-no-fogo\/#breadcrumb","itemListElement":[{"@type":"ListItem","position":1,"name":"In\u00edcio","item":"https:\/\/portaltela.pt\/"},{"@type":"ListItem","position":2,"name":"Respons\u00e1vel da Prote\u00e7\u00e3o Civil de Santo Tirso afirma ter sido diligente no fogo"}]},{"@type":"WebSite","@id":"https:\/\/portaltela.pt\/#website","url":"https:\/\/portaltela.pt\/","name":"Portal Tela Portugal","description":"","potentialAction":[{"@type":"SearchAction","target":{"@type":"EntryPoint","urlTemplate":"https:\/\/portaltela.pt\/?s={search_term_string}"},"query-input":{"@type":"PropertyValueSpecification","valueRequired":true,"valueName":"search_term_string"}}],"inLanguage":"pt-PT"},{"@type":"Person","@id":"https:\/\/portaltela.pt\/#\/schema\/person\/c4278d4a6028830caff9ee44b42d32ed","name":"Telinha","image":{"@type":"ImageObject","inLanguage":"pt-PT","@id":"https:\/\/portaltela.pt\/s.01k8rhncp4jt1\/2025\/11\/talking-bot-125x125.png","url":"https:\/\/portaltela.pt\/s.01k8rhncp4jt1\/2025\/11\/talking-bot-125x125.png","contentUrl":"https:\/\/portaltela.pt\/s.01k8rhncp4jt1\/2025\/11\/talking-bot-125x125.png","caption":"Telinha"},"sameAs":["https:\/\/portaltela.pt\/"],"url":"https:\/\/portaltela.pt\/por\/367410592786\/"}]}},"_links":{"self":[{"href":"https:\/\/portaltela.pt\/api\/wp\/v2\/posts\/224324","targetHints":{"allow":["GET"]}}],"collection":[{"href":"https:\/\/portaltela.pt\/api\/wp\/v2\/posts"}],"about":[{"href":"https:\/\/portaltela.pt\/api\/wp\/v2\/types\/post"}],"author":[{"embeddable":true,"href":"https:\/\/portaltela.pt\/api\/wp\/v2\/users\/2"}],"replies":[{"embeddable":true,"href":"https:\/\/portaltela.pt\/api\/wp\/v2\/comments?post=224324"}],"version-history":[{"count":0,"href":"https:\/\/portaltela.pt\/api\/wp\/v2\/posts\/224324\/revisions"}],"wp:featuredmedia":[{"embeddable":true,"href":"https:\/\/portaltela.pt\/api\/wp\/v2\/media\/224326"}],"wp:attachment":[{"href":"https:\/\/portaltela.pt\/api\/wp\/v2\/media?parent=224324"}],"wp:term":[{"taxonomy":"category","embeddable":true,"href":"https:\/\/portaltela.pt\/api\/wp\/v2\/categories?post=224324"},{"taxonomy":"post_tag","embeddable":true,"href":"https:\/\/portaltela.pt\/api\/wp\/v2\/tags?post=224324"}],"curies":[{"name":"wp","href":"https:\/\/api.w.org\/{rel}","templated":true}]}}