{"id":224319,"date":"2026-02-24T11:16:49","date_gmt":"2026-02-24T14:16:49","guid":{"rendered":"https:\/\/portaltela.pt\/noticias\/2026\/02\/24\/primeiro-bebe-nascido-no-reino-unido-apos-transplante-de-utero-de-doadora-falecida\/"},"modified":"2026-02-24T11:16:49","modified_gmt":"2026-02-24T14:16:49","slug":"primeiro-bebe-nascido-no-reino-unido-apos-transplante-de-utero-de-doadora-falecida","status":"publish","type":"post","link":"https:\/\/portaltela.pt\/noticias\/2026\/02\/24\/primeiro-bebe-nascido-no-reino-unido-apos-transplante-de-utero-de-doadora-falecida\/","title":{"rendered":"Primeiro beb\u00e9 nascido no Reino Unido ap\u00f3s transplante de \u00fatero de doadora falecida"},"content":{"rendered":"<p>Hugo nasceu em dezembro, no Reino Unido, num hospital de Londres, tornando-se o primeiro beb\u00e9 no pa\u00eds a nascer de uma m\u00e3e que recebeu um transplante de \u00fatero de uma doadora morta. O beb\u00e9 pesava 3,09 quilos e encontra-se saud\u00e1vel. O caso representa uma estreia brit\u00e2nica com donante falecida.<\/p>\n<p>Grace Bell, m\u00e3e de Hugo, nasceu com a s\u00edndrome de Mayer-Rokitansky-K\u00fcster-Hauser, que provoca \u00fatero subdesenvolvido ou ausente. Ainda na adolesc\u00eancia foi informada de que n\u00e3o poderia ter filhos. Ap\u00f3s o transplante, em 2024, iniciou tratamento de fertilidade e concebeu no \u00faltimo m\u00eas de dezembro.<\/p>\n<p>A cirurgia envolveu um \u00fatero de uma doadora falecida, cujo registo n\u00e3o faz parte do sistema de doadores do NHS. A autoriza\u00e7\u00e3o da fam\u00edlia da doadora foi necess\u00e1ria para o procedimento.<\/p>\n<h3>Contexto<\/h3>\n<p>O \u00f3rg\u00e3o transplante foi removido ap\u00f3s o t\u00e9rmino de eventual novo uso pelo casal, de modo a evitar que Grace Bell tenha de tomar imunossupressores ao longo da vida. O objetivo \u00e9 permitir a gravidez sem manter o transplante de forma permanente.<\/p>\n<p>O primeiro transplante de \u00fatero no Reino Unido ocorreu em 2023, com Grace Davidson, tamb\u00e9m com a s\u00edndrome MRKH, que recebeu o \u00fatero de uma irm\u00e3 viva. Este caso de Hugo acrescenta uma nova frente na medicina brit\u00e2nica.<\/p>\n","protected":false},"excerpt":{"rendered":"<ul>\n<li>Hugo nasceu em dezembro, em Londres, com 3,09 quilos, tornando-se o primeiro beb\u00e9 no Reino Unido cuja m\u00e3e recebeu um transplante de \u00fatero de uma doadora morta.<\/li>\n<li>Este \u00e9 o primeiro nascimento no pa\u00eds com \u00fatero de uma dadora falecida; na Europa, apenas dois casos id\u00eanticos foram relatados at\u00e9 ao momento, segundo o The Guardian.<\/li>\n<li>Grace Bell nasceu com a s\u00edndrome de Mayer-Rokitansky-K\u00fcster-Hauser e foi informada na adolesc\u00eancia de que n\u00e3o poderia ter filhos; ap\u00f3s o transplante, iniciou tratamento de fertilidade em 2024 e deu \u00e0 luz no \u00faltimo m\u00eas de dezembro.<\/li>\n<li>O \u00fatero transplantado n\u00e3o faz parte do registo de doadores do Servi\u00e7o Nacional de Sa\u00fade brit\u00e2nico, sendo necess\u00e1ria autoriza\u00e7\u00e3o da fam\u00edlia da doadora.<\/li>\n<li>O \u00f3rg\u00e3o ser\u00e1 removido quando o casal terminar de ter filhos, para evitar que Grace Bell tenha de tomar medicamentos imunossupressores durante toda a vida.<\/li>\n<\/ul>\n","protected":false},"author":2,"featured_media":224328,"comment_status":"closed","ping_status":"closed","sticky":false,"template":"","format":"standard","meta":{"footnotes":""},"categories":[1],"tags":[3640,6312,3638,4591,2376,5128],"class_list":["post-224319","post","type-post","status-publish","format-standard","has-post-thumbnail","hentry","category-noticias","tag-doacao-de-orgaos","tag-ginecologia","tag-gravidas","tag-inglaterra","tag-londres","tag-transplantes"],"yoast_head":"<!-- This site is optimized with the Yoast SEO plugin v27.2 - https:\/\/yoast.com\/product\/yoast-seo-wordpress\/ -->\n<title>Primeiro beb\u00e9 nascido no Reino Unido ap\u00f3s transplante de \u00fatero de doadora falecida - Portal Tela Portugal<\/title>\n<meta name=\"robots\" content=\"index, follow, max-snippet:-1, max-image-preview:large, max-video-preview:-1\" \/>\n<meta property=\"og:locale\" content=\"pt_PT\" \/>\n<meta property=\"og:type\" content=\"article\" \/>\n<meta property=\"og:title\" content=\"Primeiro beb\u00e9 nascido no Reino Unido ap\u00f3s transplante de \u00fatero de doadora falecida - Portal Tela Portugal\" \/>\n<meta property=\"og:description\" content=\"Hugo nasceu em dezembro, em Londres, com 3,09 quilos, tornando-se o primeiro beb\u00e9 no Reino Unido cuja m\u00e3e recebeu um transplante de \u00fatero de uma doadora morta. Este \u00e9 o primeiro nascimento no pa\u00eds com \u00fatero de uma dadora falecida; na Europa, apenas dois casos id\u00eanticos foram relatados at\u00e9 ao momento, segundo o The Guardian. Grace Bell nasceu com a s\u00edndrome de Mayer-Rokitansky-K\u00fcster-Hauser e foi informada na adolesc\u00eancia de que n\u00e3o poderia ter filhos; ap\u00f3s o transplante, iniciou tratamento de fertilidade em 2024 e deu \u00e0 luz no \u00faltimo m\u00eas de dezembro. O \u00fatero transplantado n\u00e3o faz parte do registo de doadores do Servi\u00e7o Nacional de Sa\u00fade brit\u00e2nico, sendo necess\u00e1ria autoriza\u00e7\u00e3o da fam\u00edlia da doadora. O \u00f3rg\u00e3o ser\u00e1 removido quando o casal terminar de ter filhos, para evitar que Grace Bell tenha de tomar medicamentos imunossupressores durante toda a vida.\" \/>\n<meta property=\"og:url\" content=\"https:\/\/portaltela.pt\/noticias\/2026\/02\/24\/primeiro-bebe-nascido-no-reino-unido-apos-transplante-de-utero-de-doadora-falecida\/\" \/>\n<meta property=\"og:site_name\" content=\"Portal Tela Portugal\" \/>\n<meta property=\"article:published_time\" content=\"2026-02-24T14:16:49+00:00\" \/>\n<meta name=\"author\" content=\"Telinha\" \/>\n<meta name=\"twitter:card\" content=\"summary_large_image\" \/>\n<meta name=\"twitter:label1\" content=\"Escrito por\" \/>\n\t<meta name=\"twitter:data1\" content=\"Telinha\" \/>\n\t<meta name=\"twitter:label2\" content=\"Tempo estimado de leitura\" \/>\n\t<meta name=\"twitter:data2\" content=\"1 minuto\" \/>\n<script type=\"application\/ld+json\" class=\"yoast-schema-graph\">{\"@context\":\"https:\/\/schema.org\",\"@graph\":[{\"@type\":\"Article\",\"@id\":\"https:\/\/portaltela.pt\/noticias\/2026\/02\/24\/primeiro-bebe-nascido-no-reino-unido-apos-transplante-de-utero-de-doadora-falecida\/#article\",\"isPartOf\":{\"@id\":\"https:\/\/portaltela.pt\/noticias\/2026\/02\/24\/primeiro-bebe-nascido-no-reino-unido-apos-transplante-de-utero-de-doadora-falecida\/\"},\"author\":{\"name\":\"Telinha\",\"@id\":\"https:\/\/portaltela.pt\/#\/schema\/person\/c4278d4a6028830caff9ee44b42d32ed\"},\"headline\":\"Primeiro beb\u00e9 nascido no Reino Unido ap\u00f3s transplante de \u00fatero de doadora falecida\",\"datePublished\":\"2026-02-24T14:16:49+00:00\",\"mainEntityOfPage\":{\"@id\":\"https:\/\/portaltela.pt\/noticias\/2026\/02\/24\/primeiro-bebe-nascido-no-reino-unido-apos-transplante-de-utero-de-doadora-falecida\/\"},\"wordCount\":236,\"image\":{\"@id\":\"https:\/\/portaltela.pt\/noticias\/2026\/02\/24\/primeiro-bebe-nascido-no-reino-unido-apos-transplante-de-utero-de-doadora-falecida\/#primaryimage\"},\"thumbnailUrl\":\"https:\/\/portaltela.pt\/s.01k8rhncp4jt1\/2026\/02\/img_1500x1000uu2026-02-24-14-09-06-2268750.jpg\",\"keywords\":[\"doa\u00e7\u00e3o de \u00f3rg\u00e3os\",\"ginecologia\",\"gr\u00e1vidas\",\"Inglaterra\",\"Londres\",\"transplantes\"],\"articleSection\":[\"Not\u00edcias\"],\"inLanguage\":\"pt-PT\"},{\"@type\":\"WebPage\",\"@id\":\"https:\/\/portaltela.pt\/noticias\/2026\/02\/24\/primeiro-bebe-nascido-no-reino-unido-apos-transplante-de-utero-de-doadora-falecida\/\",\"url\":\"https:\/\/portaltela.pt\/noticias\/2026\/02\/24\/primeiro-bebe-nascido-no-reino-unido-apos-transplante-de-utero-de-doadora-falecida\/\",\"name\":\"Primeiro beb\u00e9 nascido no Reino Unido ap\u00f3s transplante de \u00fatero de doadora falecida - Portal Tela Portugal\",\"isPartOf\":{\"@id\":\"https:\/\/portaltela.pt\/#website\"},\"primaryImageOfPage\":{\"@id\":\"https:\/\/portaltela.pt\/noticias\/2026\/02\/24\/primeiro-bebe-nascido-no-reino-unido-apos-transplante-de-utero-de-doadora-falecida\/#primaryimage\"},\"image\":{\"@id\":\"https:\/\/portaltela.pt\/noticias\/2026\/02\/24\/primeiro-bebe-nascido-no-reino-unido-apos-transplante-de-utero-de-doadora-falecida\/#primaryimage\"},\"thumbnailUrl\":\"https:\/\/portaltela.pt\/s.01k8rhncp4jt1\/2026\/02\/img_1500x1000uu2026-02-24-14-09-06-2268750.jpg\",\"datePublished\":\"2026-02-24T14:16:49+00:00\",\"author\":{\"@id\":\"https:\/\/portaltela.pt\/#\/schema\/person\/c4278d4a6028830caff9ee44b42d32ed\"},\"breadcrumb\":{\"@id\":\"https:\/\/portaltela.pt\/noticias\/2026\/02\/24\/primeiro-bebe-nascido-no-reino-unido-apos-transplante-de-utero-de-doadora-falecida\/#breadcrumb\"},\"inLanguage\":\"pt-PT\",\"potentialAction\":[{\"@type\":\"ReadAction\",\"target\":[\"https:\/\/portaltela.pt\/noticias\/2026\/02\/24\/primeiro-bebe-nascido-no-reino-unido-apos-transplante-de-utero-de-doadora-falecida\/\"]}]},{\"@type\":\"ImageObject\",\"inLanguage\":\"pt-PT\",\"@id\":\"https:\/\/portaltela.pt\/noticias\/2026\/02\/24\/primeiro-bebe-nascido-no-reino-unido-apos-transplante-de-utero-de-doadora-falecida\/#primaryimage\",\"url\":\"https:\/\/portaltela.pt\/s.01k8rhncp4jt1\/2026\/02\/img_1500x1000uu2026-02-24-14-09-06-2268750.jpg\",\"contentUrl\":\"https:\/\/portaltela.pt\/s.01k8rhncp4jt1\/2026\/02\/img_1500x1000uu2026-02-24-14-09-06-2268750.jpg\",\"width\":796,\"height\":448,\"caption\":\"Os pais com o pequeno Hugo ao colo\"},{\"@type\":\"BreadcrumbList\",\"@id\":\"https:\/\/portaltela.pt\/noticias\/2026\/02\/24\/primeiro-bebe-nascido-no-reino-unido-apos-transplante-de-utero-de-doadora-falecida\/#breadcrumb\",\"itemListElement\":[{\"@type\":\"ListItem\",\"position\":1,\"name\":\"In\u00edcio\",\"item\":\"https:\/\/portaltela.pt\/\"},{\"@type\":\"ListItem\",\"position\":2,\"name\":\"Primeiro beb\u00e9 nascido no Reino Unido ap\u00f3s transplante de \u00fatero de doadora falecida\"}]},{\"@type\":\"WebSite\",\"@id\":\"https:\/\/portaltela.pt\/#website\",\"url\":\"https:\/\/portaltela.pt\/\",\"name\":\"Portal Tela Portugal\",\"description\":\"\",\"potentialAction\":[{\"@type\":\"SearchAction\",\"target\":{\"@type\":\"EntryPoint\",\"urlTemplate\":\"https:\/\/portaltela.pt\/?s={search_term_string}\"},\"query-input\":{\"@type\":\"PropertyValueSpecification\",\"valueRequired\":true,\"valueName\":\"search_term_string\"}}],\"inLanguage\":\"pt-PT\"},{\"@type\":\"Person\",\"@id\":\"https:\/\/portaltela.pt\/#\/schema\/person\/c4278d4a6028830caff9ee44b42d32ed\",\"name\":\"Telinha\",\"image\":{\"@type\":\"ImageObject\",\"inLanguage\":\"pt-PT\",\"@id\":\"https:\/\/portaltela.pt\/s.01k8rhncp4jt1\/2025\/11\/talking-bot-125x125.png\",\"url\":\"https:\/\/portaltela.pt\/s.01k8rhncp4jt1\/2025\/11\/talking-bot-125x125.png\",\"contentUrl\":\"https:\/\/portaltela.pt\/s.01k8rhncp4jt1\/2025\/11\/talking-bot-125x125.png\",\"caption\":\"Telinha\"},\"sameAs\":[\"https:\/\/portaltela.pt\/\"],\"url\":\"https:\/\/portaltela.pt\/por\/367410592786\/\"}]}<\/script>\n<!-- \/ Yoast SEO plugin. -->","yoast_head_json":{"title":"Primeiro beb\u00e9 nascido no Reino Unido ap\u00f3s transplante de \u00fatero de doadora falecida - Portal Tela Portugal","robots":{"index":"index","follow":"follow","max-snippet":"max-snippet:-1","max-image-preview":"max-image-preview:large","max-video-preview":"max-video-preview:-1"},"og_locale":"pt_PT","og_type":"article","og_title":"Primeiro beb\u00e9 nascido no Reino Unido ap\u00f3s transplante de \u00fatero de doadora falecida - Portal Tela Portugal","og_description":"Hugo nasceu em dezembro, em Londres, com 3,09 quilos, tornando-se o primeiro beb\u00e9 no Reino Unido cuja m\u00e3e recebeu um transplante de \u00fatero de uma doadora morta. Este \u00e9 o primeiro nascimento no pa\u00eds com \u00fatero de uma dadora falecida; na Europa, apenas dois casos id\u00eanticos foram relatados at\u00e9 ao momento, segundo o The Guardian. Grace Bell nasceu com a s\u00edndrome de Mayer-Rokitansky-K\u00fcster-Hauser e foi informada na adolesc\u00eancia de que n\u00e3o poderia ter filhos; ap\u00f3s o transplante, iniciou tratamento de fertilidade em 2024 e deu \u00e0 luz no \u00faltimo m\u00eas de dezembro. O \u00fatero transplantado n\u00e3o faz parte do registo de doadores do Servi\u00e7o Nacional de Sa\u00fade brit\u00e2nico, sendo necess\u00e1ria autoriza\u00e7\u00e3o da fam\u00edlia da doadora. O \u00f3rg\u00e3o ser\u00e1 removido quando o casal terminar de ter filhos, para evitar que Grace Bell tenha de tomar medicamentos imunossupressores durante toda a vida.","og_url":"https:\/\/portaltela.pt\/noticias\/2026\/02\/24\/primeiro-bebe-nascido-no-reino-unido-apos-transplante-de-utero-de-doadora-falecida\/","og_site_name":"Portal Tela Portugal","article_published_time":"2026-02-24T14:16:49+00:00","author":"Telinha","twitter_card":"summary_large_image","twitter_misc":{"Escrito por":"Telinha","Tempo estimado de leitura":"1 minuto"},"schema":{"@context":"https:\/\/schema.org","@graph":[{"@type":"Article","@id":"https:\/\/portaltela.pt\/noticias\/2026\/02\/24\/primeiro-bebe-nascido-no-reino-unido-apos-transplante-de-utero-de-doadora-falecida\/#article","isPartOf":{"@id":"https:\/\/portaltela.pt\/noticias\/2026\/02\/24\/primeiro-bebe-nascido-no-reino-unido-apos-transplante-de-utero-de-doadora-falecida\/"},"author":{"name":"Telinha","@id":"https:\/\/portaltela.pt\/#\/schema\/person\/c4278d4a6028830caff9ee44b42d32ed"},"headline":"Primeiro beb\u00e9 nascido no Reino Unido ap\u00f3s transplante de \u00fatero de doadora falecida","datePublished":"2026-02-24T14:16:49+00:00","mainEntityOfPage":{"@id":"https:\/\/portaltela.pt\/noticias\/2026\/02\/24\/primeiro-bebe-nascido-no-reino-unido-apos-transplante-de-utero-de-doadora-falecida\/"},"wordCount":236,"image":{"@id":"https:\/\/portaltela.pt\/noticias\/2026\/02\/24\/primeiro-bebe-nascido-no-reino-unido-apos-transplante-de-utero-de-doadora-falecida\/#primaryimage"},"thumbnailUrl":"https:\/\/portaltela.pt\/s.01k8rhncp4jt1\/2026\/02\/img_1500x1000uu2026-02-24-14-09-06-2268750.jpg","keywords":["doa\u00e7\u00e3o de \u00f3rg\u00e3os","ginecologia","gr\u00e1vidas","Inglaterra","Londres","transplantes"],"articleSection":["Not\u00edcias"],"inLanguage":"pt-PT"},{"@type":"WebPage","@id":"https:\/\/portaltela.pt\/noticias\/2026\/02\/24\/primeiro-bebe-nascido-no-reino-unido-apos-transplante-de-utero-de-doadora-falecida\/","url":"https:\/\/portaltela.pt\/noticias\/2026\/02\/24\/primeiro-bebe-nascido-no-reino-unido-apos-transplante-de-utero-de-doadora-falecida\/","name":"Primeiro beb\u00e9 nascido no Reino Unido ap\u00f3s transplante de \u00fatero de doadora falecida - Portal Tela Portugal","isPartOf":{"@id":"https:\/\/portaltela.pt\/#website"},"primaryImageOfPage":{"@id":"https:\/\/portaltela.pt\/noticias\/2026\/02\/24\/primeiro-bebe-nascido-no-reino-unido-apos-transplante-de-utero-de-doadora-falecida\/#primaryimage"},"image":{"@id":"https:\/\/portaltela.pt\/noticias\/2026\/02\/24\/primeiro-bebe-nascido-no-reino-unido-apos-transplante-de-utero-de-doadora-falecida\/#primaryimage"},"thumbnailUrl":"https:\/\/portaltela.pt\/s.01k8rhncp4jt1\/2026\/02\/img_1500x1000uu2026-02-24-14-09-06-2268750.jpg","datePublished":"2026-02-24T14:16:49+00:00","author":{"@id":"https:\/\/portaltela.pt\/#\/schema\/person\/c4278d4a6028830caff9ee44b42d32ed"},"breadcrumb":{"@id":"https:\/\/portaltela.pt\/noticias\/2026\/02\/24\/primeiro-bebe-nascido-no-reino-unido-apos-transplante-de-utero-de-doadora-falecida\/#breadcrumb"},"inLanguage":"pt-PT","potentialAction":[{"@type":"ReadAction","target":["https:\/\/portaltela.pt\/noticias\/2026\/02\/24\/primeiro-bebe-nascido-no-reino-unido-apos-transplante-de-utero-de-doadora-falecida\/"]}]},{"@type":"ImageObject","inLanguage":"pt-PT","@id":"https:\/\/portaltela.pt\/noticias\/2026\/02\/24\/primeiro-bebe-nascido-no-reino-unido-apos-transplante-de-utero-de-doadora-falecida\/#primaryimage","url":"https:\/\/portaltela.pt\/s.01k8rhncp4jt1\/2026\/02\/img_1500x1000uu2026-02-24-14-09-06-2268750.jpg","contentUrl":"https:\/\/portaltela.pt\/s.01k8rhncp4jt1\/2026\/02\/img_1500x1000uu2026-02-24-14-09-06-2268750.jpg","width":796,"height":448,"caption":"Os pais com o pequeno Hugo ao colo"},{"@type":"BreadcrumbList","@id":"https:\/\/portaltela.pt\/noticias\/2026\/02\/24\/primeiro-bebe-nascido-no-reino-unido-apos-transplante-de-utero-de-doadora-falecida\/#breadcrumb","itemListElement":[{"@type":"ListItem","position":1,"name":"In\u00edcio","item":"https:\/\/portaltela.pt\/"},{"@type":"ListItem","position":2,"name":"Primeiro beb\u00e9 nascido no Reino Unido ap\u00f3s transplante de \u00fatero de doadora falecida"}]},{"@type":"WebSite","@id":"https:\/\/portaltela.pt\/#website","url":"https:\/\/portaltela.pt\/","name":"Portal Tela Portugal","description":"","potentialAction":[{"@type":"SearchAction","target":{"@type":"EntryPoint","urlTemplate":"https:\/\/portaltela.pt\/?s={search_term_string}"},"query-input":{"@type":"PropertyValueSpecification","valueRequired":true,"valueName":"search_term_string"}}],"inLanguage":"pt-PT"},{"@type":"Person","@id":"https:\/\/portaltela.pt\/#\/schema\/person\/c4278d4a6028830caff9ee44b42d32ed","name":"Telinha","image":{"@type":"ImageObject","inLanguage":"pt-PT","@id":"https:\/\/portaltela.pt\/s.01k8rhncp4jt1\/2025\/11\/talking-bot-125x125.png","url":"https:\/\/portaltela.pt\/s.01k8rhncp4jt1\/2025\/11\/talking-bot-125x125.png","contentUrl":"https:\/\/portaltela.pt\/s.01k8rhncp4jt1\/2025\/11\/talking-bot-125x125.png","caption":"Telinha"},"sameAs":["https:\/\/portaltela.pt\/"],"url":"https:\/\/portaltela.pt\/por\/367410592786\/"}]}},"_links":{"self":[{"href":"https:\/\/portaltela.pt\/api\/wp\/v2\/posts\/224319","targetHints":{"allow":["GET"]}}],"collection":[{"href":"https:\/\/portaltela.pt\/api\/wp\/v2\/posts"}],"about":[{"href":"https:\/\/portaltela.pt\/api\/wp\/v2\/types\/post"}],"author":[{"embeddable":true,"href":"https:\/\/portaltela.pt\/api\/wp\/v2\/users\/2"}],"replies":[{"embeddable":true,"href":"https:\/\/portaltela.pt\/api\/wp\/v2\/comments?post=224319"}],"version-history":[{"count":0,"href":"https:\/\/portaltela.pt\/api\/wp\/v2\/posts\/224319\/revisions"}],"wp:featuredmedia":[{"embeddable":true,"href":"https:\/\/portaltela.pt\/api\/wp\/v2\/media\/224328"}],"wp:attachment":[{"href":"https:\/\/portaltela.pt\/api\/wp\/v2\/media?parent=224319"}],"wp:term":[{"taxonomy":"category","embeddable":true,"href":"https:\/\/portaltela.pt\/api\/wp\/v2\/categories?post=224319"},{"taxonomy":"post_tag","embeddable":true,"href":"https:\/\/portaltela.pt\/api\/wp\/v2\/tags?post=224319"}],"curies":[{"name":"wp","href":"https:\/\/api.w.org\/{rel}","templated":true}]}}