{"id":224316,"date":"2026-02-24T11:22:00","date_gmt":"2026-02-24T14:22:00","guid":{"rendered":"https:\/\/portaltela.pt\/noticias\/2026\/02\/24\/ministra-da-saude-diz-que-nomeacoes-para-uls-seguiram-os-mesmos-criterios\/"},"modified":"2026-02-24T11:22:00","modified_gmt":"2026-02-24T14:22:00","slug":"ministra-da-saude-diz-que-nomeacoes-para-uls-seguiram-os-mesmos-criterios","status":"publish","type":"post","link":"https:\/\/portaltela.pt\/noticias\/politica\/2026\/02\/24\/ministra-da-saude-diz-que-nomeacoes-para-uls-seguiram-os-mesmos-criterios\/","title":{"rendered":"Ministra da Sa\u00fade diz que nomea\u00e7\u00f5es para ULS seguiram os mesmos crit\u00e9rios"},"content":{"rendered":"<p>A ministra da Sa\u00fade, Ana Paula Martins, afirmou nesta ter\u00e7a-feira que os crit\u00e9rios para nomear as novas administra\u00e7\u00f5es de unidades locais de sa\u00fade (ULS) s\u00e3o os mesmos de sempre, ap\u00f3s ser questionada sobre substitui\u00e7\u00f5es nas equipas dirigentes. O foco foi esclarecer o que est\u00e1 por tr\u00e1s das nomea\u00e7\u00f5es.<\/p>\n<p>Martins explicou que os crit\u00e9rios utilizados sempre existiram para a nomea\u00e7\u00e3o dos conselhos de administra\u00e7\u00e3o, e que o Governo est\u00e1 a seguir o processo instaurado pela Dire\u00e7\u00e3o Executiva do Servi\u00e7o Nacional de Sa\u00fade (SNS), que indigitou e prop\u00f4s as nomea\u00e7\u00f5es \u00e0 Governo. A ministra destacou ainda que a reforma do Estado pode trazer mudan\u00e7as.<\/p>\n<p>A governante reconheceu dificuldades na obten\u00e7\u00e3o de candidatos, mencionando que v\u00e1rios convites foram recusados e que os riscos da gest\u00e3o hospitalar, como multas, falta de seguros e vencimentos baixos, dificultam o recrutamento. N\u00e3o houve coment\u00e1rios sobre alternativas de modelo neste momento.<\/p>\n<h3>Contexto e desdobramentos<\/h3>\n<p>No final de 2025, o SNS informou que 10 conselhos de administra\u00e7\u00e3o de ULS terminavam mandatos a 31 de dezembro, elevando o foco na continuidade da gest\u00e3o. A Ordem dos M\u00e9dicos j\u00e1 alertara para que as nomea\u00e7\u00f5es se baseiem em compet\u00eancia e experi\u00eancia, n\u00e3o em amiguismo pol\u00edtico.<\/p>\n<p>A posi\u00e7\u00e3o da Ordem refor\u00e7a a exig\u00eancia de crit\u00e9rios t\u00e9cnicos para assegurar a qualidade da gest\u00e3o. O Governo, por sua vez, mant\u00e9m o rumo de avalia\u00e7\u00e3o de poss\u00edveis altera\u00e7\u00f5es no modelo de nomea\u00e7\u00e3o, no \u00e2mbito da reforma da Administra\u00e7\u00e3o P\u00fablica.<\/p>\n","protected":false},"excerpt":{"rendered":"<ul>\n<li>A ministra da Sa\u00fade, Ana Paula Martins, disse que os crit\u00e9rios para nomear as administra\u00e7\u00f5es das ULS s\u00e3o os \u201cmesmos crit\u00e9rios de sempre\u201d.<\/li>\n<li>Reconheceu que v\u00e1rios convites para os cargos t\u00eam sido recusados.<\/li>\n<li>A dire\u00e7\u00e3o executiva do Servi\u00e7o Nacional de Sa\u00fade compete indigitar e propor essas nomea\u00e7\u00f5es ao Governo.<\/li>\n<li>Est\u00e1 em curso uma reforma do Estado; a ministra referiu que \u00e9 poss\u00edvel ponderar outros crit\u00e9rios, mas, at\u00e9 agora, o Governo manteve os crit\u00e9rios usados.<\/li>\n<li>Ao fim de 2025, dez conselhos de administra\u00e7\u00e3o de ULS terminavam mandatos a 31 de dezembro, e a Ordem dos M\u00e9dicos j\u00e1 pediu que as nomea\u00e7\u00f5es se baseiem em compet\u00eancia e experi\u00eancia, n\u00e3o em favoritismo.<\/li>\n<\/ul>\n","protected":false},"author":2,"featured_media":224322,"comment_status":"closed","ping_status":"closed","sticky":false,"template":"","format":"standard","meta":{"footnotes":""},"categories":[1,5],"tags":[168,4523,698,172,271,1775],"class_list":["post-224316","post","type-post","status-publish","format-standard","has-post-thumbnail","hentry","category-noticias","category-politica","tag-administracao-publica","tag-nomeacoes","tag-ordem-dos-medicos","tag-saude","tag-saude-publica","tag-sns"],"yoast_head":"<!-- This site is optimized with the Yoast SEO plugin v27.2 - https:\/\/yoast.com\/product\/yoast-seo-wordpress\/ -->\n<title>Ministra da Sa\u00fade diz que nomea\u00e7\u00f5es para ULS seguiram os mesmos crit\u00e9rios - Portal Tela Portugal<\/title>\n<meta name=\"robots\" content=\"index, follow, max-snippet:-1, max-image-preview:large, max-video-preview:-1\" \/>\n<meta property=\"og:locale\" content=\"pt_PT\" \/>\n<meta property=\"og:type\" content=\"article\" \/>\n<meta property=\"og:title\" content=\"Ministra da Sa\u00fade diz que nomea\u00e7\u00f5es para ULS seguiram os mesmos crit\u00e9rios - Portal Tela Portugal\" \/>\n<meta property=\"og:description\" content=\"A ministra da Sa\u00fade, Ana Paula Martins, disse que os crit\u00e9rios para nomear as administra\u00e7\u00f5es das ULS s\u00e3o os \u201cmesmos crit\u00e9rios de sempre\u201d. Reconheceu que v\u00e1rios convites para os cargos t\u00eam sido recusados. A dire\u00e7\u00e3o executiva do Servi\u00e7o Nacional de Sa\u00fade compete indigitar e propor essas nomea\u00e7\u00f5es ao Governo. Est\u00e1 em curso uma reforma do Estado; a ministra referiu que \u00e9 poss\u00edvel ponderar outros crit\u00e9rios, mas, at\u00e9 agora, o Governo manteve os crit\u00e9rios usados. Ao fim de 2025, dez conselhos de administra\u00e7\u00e3o de ULS terminavam mandatos a 31 de dezembro, e a Ordem dos M\u00e9dicos j\u00e1 pediu que as nomea\u00e7\u00f5es se baseiem em compet\u00eancia e experi\u00eancia, n\u00e3o em favoritismo.\" \/>\n<meta property=\"og:url\" content=\"https:\/\/portaltela.pt\/noticias\/2026\/02\/24\/ministra-da-saude-diz-que-nomeacoes-para-uls-seguiram-os-mesmos-criterios\/\" \/>\n<meta property=\"og:site_name\" content=\"Portal Tela Portugal\" \/>\n<meta property=\"article:published_time\" content=\"2026-02-24T14:22:00+00:00\" \/>\n<meta name=\"author\" content=\"Telinha\" \/>\n<meta name=\"twitter:card\" content=\"summary_large_image\" \/>\n<meta name=\"twitter:label1\" content=\"Escrito por\" \/>\n\t<meta name=\"twitter:data1\" content=\"Telinha\" \/>\n\t<meta name=\"twitter:label2\" content=\"Tempo estimado de leitura\" \/>\n\t<meta name=\"twitter:data2\" content=\"1 minuto\" \/>\n<script type=\"application\/ld+json\" class=\"yoast-schema-graph\">{\"@context\":\"https:\/\/schema.org\",\"@graph\":[{\"@type\":\"Article\",\"@id\":\"https:\/\/portaltela.pt\/noticias\/2026\/02\/24\/ministra-da-saude-diz-que-nomeacoes-para-uls-seguiram-os-mesmos-criterios\/#article\",\"isPartOf\":{\"@id\":\"https:\/\/portaltela.pt\/noticias\/2026\/02\/24\/ministra-da-saude-diz-que-nomeacoes-para-uls-seguiram-os-mesmos-criterios\/\"},\"author\":{\"name\":\"Telinha\",\"@id\":\"https:\/\/portaltela.pt\/#\/schema\/person\/c4278d4a6028830caff9ee44b42d32ed\"},\"headline\":\"Ministra da Sa\u00fade diz que nomea\u00e7\u00f5es para ULS seguiram os mesmos crit\u00e9rios\",\"datePublished\":\"2026-02-24T14:22:00+00:00\",\"mainEntityOfPage\":{\"@id\":\"https:\/\/portaltela.pt\/noticias\/2026\/02\/24\/ministra-da-saude-diz-que-nomeacoes-para-uls-seguiram-os-mesmos-criterios\/\"},\"wordCount\":289,\"image\":{\"@id\":\"https:\/\/portaltela.pt\/noticias\/2026\/02\/24\/ministra-da-saude-diz-que-nomeacoes-para-uls-seguiram-os-mesmos-criterios\/#primaryimage\"},\"thumbnailUrl\":\"https:\/\/portaltela.pt\/s.01k8rhncp4jt1\/2026\/02\/img_1500x1000uu2025-10-31-16-30-41-2244694.jpg\",\"keywords\":[\"administra\u00e7\u00e3o p\u00fablica\",\"nomea\u00e7\u00f5es\",\"Ordem dos M\u00e9dicos\",\"sa\u00fade\",\"sa\u00fade p\u00fablica\",\"SNS\"],\"articleSection\":[\"Not\u00edcias\",\"Pol\u00edtica\"],\"inLanguage\":\"pt-PT\"},{\"@type\":\"WebPage\",\"@id\":\"https:\/\/portaltela.pt\/noticias\/2026\/02\/24\/ministra-da-saude-diz-que-nomeacoes-para-uls-seguiram-os-mesmos-criterios\/\",\"url\":\"https:\/\/portaltela.pt\/noticias\/2026\/02\/24\/ministra-da-saude-diz-que-nomeacoes-para-uls-seguiram-os-mesmos-criterios\/\",\"name\":\"Ministra da Sa\u00fade diz que nomea\u00e7\u00f5es para ULS seguiram os mesmos crit\u00e9rios - Portal Tela Portugal\",\"isPartOf\":{\"@id\":\"https:\/\/portaltela.pt\/#website\"},\"primaryImageOfPage\":{\"@id\":\"https:\/\/portaltela.pt\/noticias\/2026\/02\/24\/ministra-da-saude-diz-que-nomeacoes-para-uls-seguiram-os-mesmos-criterios\/#primaryimage\"},\"image\":{\"@id\":\"https:\/\/portaltela.pt\/noticias\/2026\/02\/24\/ministra-da-saude-diz-que-nomeacoes-para-uls-seguiram-os-mesmos-criterios\/#primaryimage\"},\"thumbnailUrl\":\"https:\/\/portaltela.pt\/s.01k8rhncp4jt1\/2026\/02\/img_1500x1000uu2025-10-31-16-30-41-2244694.jpg\",\"datePublished\":\"2026-02-24T14:22:00+00:00\",\"author\":{\"@id\":\"https:\/\/portaltela.pt\/#\/schema\/person\/c4278d4a6028830caff9ee44b42d32ed\"},\"breadcrumb\":{\"@id\":\"https:\/\/portaltela.pt\/noticias\/2026\/02\/24\/ministra-da-saude-diz-que-nomeacoes-para-uls-seguiram-os-mesmos-criterios\/#breadcrumb\"},\"inLanguage\":\"pt-PT\",\"potentialAction\":[{\"@type\":\"ReadAction\",\"target\":[\"https:\/\/portaltela.pt\/noticias\/2026\/02\/24\/ministra-da-saude-diz-que-nomeacoes-para-uls-seguiram-os-mesmos-criterios\/\"]}]},{\"@type\":\"ImageObject\",\"inLanguage\":\"pt-PT\",\"@id\":\"https:\/\/portaltela.pt\/noticias\/2026\/02\/24\/ministra-da-saude-diz-que-nomeacoes-para-uls-seguiram-os-mesmos-criterios\/#primaryimage\",\"url\":\"https:\/\/portaltela.pt\/s.01k8rhncp4jt1\/2026\/02\/img_1500x1000uu2025-10-31-16-30-41-2244694.jpg\",\"contentUrl\":\"https:\/\/portaltela.pt\/s.01k8rhncp4jt1\/2026\/02\/img_1500x1000uu2025-10-31-16-30-41-2244694.jpg\",\"width\":796,\"height\":448,\"caption\":\"Ministra da Sa\u00fade\"},{\"@type\":\"BreadcrumbList\",\"@id\":\"https:\/\/portaltela.pt\/noticias\/2026\/02\/24\/ministra-da-saude-diz-que-nomeacoes-para-uls-seguiram-os-mesmos-criterios\/#breadcrumb\",\"itemListElement\":[{\"@type\":\"ListItem\",\"position\":1,\"name\":\"In\u00edcio\",\"item\":\"https:\/\/portaltela.pt\/\"},{\"@type\":\"ListItem\",\"position\":2,\"name\":\"Ministra da Sa\u00fade diz que nomea\u00e7\u00f5es para ULS seguiram os mesmos crit\u00e9rios\"}]},{\"@type\":\"WebSite\",\"@id\":\"https:\/\/portaltela.pt\/#website\",\"url\":\"https:\/\/portaltela.pt\/\",\"name\":\"Portal Tela Portugal\",\"description\":\"\",\"potentialAction\":[{\"@type\":\"SearchAction\",\"target\":{\"@type\":\"EntryPoint\",\"urlTemplate\":\"https:\/\/portaltela.pt\/?s={search_term_string}\"},\"query-input\":{\"@type\":\"PropertyValueSpecification\",\"valueRequired\":true,\"valueName\":\"search_term_string\"}}],\"inLanguage\":\"pt-PT\"},{\"@type\":\"Person\",\"@id\":\"https:\/\/portaltela.pt\/#\/schema\/person\/c4278d4a6028830caff9ee44b42d32ed\",\"name\":\"Telinha\",\"image\":{\"@type\":\"ImageObject\",\"inLanguage\":\"pt-PT\",\"@id\":\"https:\/\/portaltela.pt\/s.01k8rhncp4jt1\/2025\/11\/talking-bot-125x125.png\",\"url\":\"https:\/\/portaltela.pt\/s.01k8rhncp4jt1\/2025\/11\/talking-bot-125x125.png\",\"contentUrl\":\"https:\/\/portaltela.pt\/s.01k8rhncp4jt1\/2025\/11\/talking-bot-125x125.png\",\"caption\":\"Telinha\"},\"sameAs\":[\"https:\/\/portaltela.pt\/\"],\"url\":\"https:\/\/portaltela.pt\/por\/367410592786\/\"}]}<\/script>\n<!-- \/ Yoast SEO plugin. -->","yoast_head_json":{"title":"Ministra da Sa\u00fade diz que nomea\u00e7\u00f5es para ULS seguiram os mesmos crit\u00e9rios - Portal Tela Portugal","robots":{"index":"index","follow":"follow","max-snippet":"max-snippet:-1","max-image-preview":"max-image-preview:large","max-video-preview":"max-video-preview:-1"},"og_locale":"pt_PT","og_type":"article","og_title":"Ministra da Sa\u00fade diz que nomea\u00e7\u00f5es para ULS seguiram os mesmos crit\u00e9rios - Portal Tela Portugal","og_description":"A ministra da Sa\u00fade, Ana Paula Martins, disse que os crit\u00e9rios para nomear as administra\u00e7\u00f5es das ULS s\u00e3o os \u201cmesmos crit\u00e9rios de sempre\u201d. Reconheceu que v\u00e1rios convites para os cargos t\u00eam sido recusados. A dire\u00e7\u00e3o executiva do Servi\u00e7o Nacional de Sa\u00fade compete indigitar e propor essas nomea\u00e7\u00f5es ao Governo. Est\u00e1 em curso uma reforma do Estado; a ministra referiu que \u00e9 poss\u00edvel ponderar outros crit\u00e9rios, mas, at\u00e9 agora, o Governo manteve os crit\u00e9rios usados. Ao fim de 2025, dez conselhos de administra\u00e7\u00e3o de ULS terminavam mandatos a 31 de dezembro, e a Ordem dos M\u00e9dicos j\u00e1 pediu que as nomea\u00e7\u00f5es se baseiem em compet\u00eancia e experi\u00eancia, n\u00e3o em favoritismo.","og_url":"https:\/\/portaltela.pt\/noticias\/2026\/02\/24\/ministra-da-saude-diz-que-nomeacoes-para-uls-seguiram-os-mesmos-criterios\/","og_site_name":"Portal Tela Portugal","article_published_time":"2026-02-24T14:22:00+00:00","author":"Telinha","twitter_card":"summary_large_image","twitter_misc":{"Escrito por":"Telinha","Tempo estimado de leitura":"1 minuto"},"schema":{"@context":"https:\/\/schema.org","@graph":[{"@type":"Article","@id":"https:\/\/portaltela.pt\/noticias\/2026\/02\/24\/ministra-da-saude-diz-que-nomeacoes-para-uls-seguiram-os-mesmos-criterios\/#article","isPartOf":{"@id":"https:\/\/portaltela.pt\/noticias\/2026\/02\/24\/ministra-da-saude-diz-que-nomeacoes-para-uls-seguiram-os-mesmos-criterios\/"},"author":{"name":"Telinha","@id":"https:\/\/portaltela.pt\/#\/schema\/person\/c4278d4a6028830caff9ee44b42d32ed"},"headline":"Ministra da Sa\u00fade diz que nomea\u00e7\u00f5es para ULS seguiram os mesmos crit\u00e9rios","datePublished":"2026-02-24T14:22:00+00:00","mainEntityOfPage":{"@id":"https:\/\/portaltela.pt\/noticias\/2026\/02\/24\/ministra-da-saude-diz-que-nomeacoes-para-uls-seguiram-os-mesmos-criterios\/"},"wordCount":289,"image":{"@id":"https:\/\/portaltela.pt\/noticias\/2026\/02\/24\/ministra-da-saude-diz-que-nomeacoes-para-uls-seguiram-os-mesmos-criterios\/#primaryimage"},"thumbnailUrl":"https:\/\/portaltela.pt\/s.01k8rhncp4jt1\/2026\/02\/img_1500x1000uu2025-10-31-16-30-41-2244694.jpg","keywords":["administra\u00e7\u00e3o p\u00fablica","nomea\u00e7\u00f5es","Ordem dos M\u00e9dicos","sa\u00fade","sa\u00fade p\u00fablica","SNS"],"articleSection":["Not\u00edcias","Pol\u00edtica"],"inLanguage":"pt-PT"},{"@type":"WebPage","@id":"https:\/\/portaltela.pt\/noticias\/2026\/02\/24\/ministra-da-saude-diz-que-nomeacoes-para-uls-seguiram-os-mesmos-criterios\/","url":"https:\/\/portaltela.pt\/noticias\/2026\/02\/24\/ministra-da-saude-diz-que-nomeacoes-para-uls-seguiram-os-mesmos-criterios\/","name":"Ministra da Sa\u00fade diz que nomea\u00e7\u00f5es para ULS seguiram os mesmos crit\u00e9rios - Portal Tela Portugal","isPartOf":{"@id":"https:\/\/portaltela.pt\/#website"},"primaryImageOfPage":{"@id":"https:\/\/portaltela.pt\/noticias\/2026\/02\/24\/ministra-da-saude-diz-que-nomeacoes-para-uls-seguiram-os-mesmos-criterios\/#primaryimage"},"image":{"@id":"https:\/\/portaltela.pt\/noticias\/2026\/02\/24\/ministra-da-saude-diz-que-nomeacoes-para-uls-seguiram-os-mesmos-criterios\/#primaryimage"},"thumbnailUrl":"https:\/\/portaltela.pt\/s.01k8rhncp4jt1\/2026\/02\/img_1500x1000uu2025-10-31-16-30-41-2244694.jpg","datePublished":"2026-02-24T14:22:00+00:00","author":{"@id":"https:\/\/portaltela.pt\/#\/schema\/person\/c4278d4a6028830caff9ee44b42d32ed"},"breadcrumb":{"@id":"https:\/\/portaltela.pt\/noticias\/2026\/02\/24\/ministra-da-saude-diz-que-nomeacoes-para-uls-seguiram-os-mesmos-criterios\/#breadcrumb"},"inLanguage":"pt-PT","potentialAction":[{"@type":"ReadAction","target":["https:\/\/portaltela.pt\/noticias\/2026\/02\/24\/ministra-da-saude-diz-que-nomeacoes-para-uls-seguiram-os-mesmos-criterios\/"]}]},{"@type":"ImageObject","inLanguage":"pt-PT","@id":"https:\/\/portaltela.pt\/noticias\/2026\/02\/24\/ministra-da-saude-diz-que-nomeacoes-para-uls-seguiram-os-mesmos-criterios\/#primaryimage","url":"https:\/\/portaltela.pt\/s.01k8rhncp4jt1\/2026\/02\/img_1500x1000uu2025-10-31-16-30-41-2244694.jpg","contentUrl":"https:\/\/portaltela.pt\/s.01k8rhncp4jt1\/2026\/02\/img_1500x1000uu2025-10-31-16-30-41-2244694.jpg","width":796,"height":448,"caption":"Ministra da Sa\u00fade"},{"@type":"BreadcrumbList","@id":"https:\/\/portaltela.pt\/noticias\/2026\/02\/24\/ministra-da-saude-diz-que-nomeacoes-para-uls-seguiram-os-mesmos-criterios\/#breadcrumb","itemListElement":[{"@type":"ListItem","position":1,"name":"In\u00edcio","item":"https:\/\/portaltela.pt\/"},{"@type":"ListItem","position":2,"name":"Ministra da Sa\u00fade diz que nomea\u00e7\u00f5es para ULS seguiram os mesmos crit\u00e9rios"}]},{"@type":"WebSite","@id":"https:\/\/portaltela.pt\/#website","url":"https:\/\/portaltela.pt\/","name":"Portal Tela Portugal","description":"","potentialAction":[{"@type":"SearchAction","target":{"@type":"EntryPoint","urlTemplate":"https:\/\/portaltela.pt\/?s={search_term_string}"},"query-input":{"@type":"PropertyValueSpecification","valueRequired":true,"valueName":"search_term_string"}}],"inLanguage":"pt-PT"},{"@type":"Person","@id":"https:\/\/portaltela.pt\/#\/schema\/person\/c4278d4a6028830caff9ee44b42d32ed","name":"Telinha","image":{"@type":"ImageObject","inLanguage":"pt-PT","@id":"https:\/\/portaltela.pt\/s.01k8rhncp4jt1\/2025\/11\/talking-bot-125x125.png","url":"https:\/\/portaltela.pt\/s.01k8rhncp4jt1\/2025\/11\/talking-bot-125x125.png","contentUrl":"https:\/\/portaltela.pt\/s.01k8rhncp4jt1\/2025\/11\/talking-bot-125x125.png","caption":"Telinha"},"sameAs":["https:\/\/portaltela.pt\/"],"url":"https:\/\/portaltela.pt\/por\/367410592786\/"}]}},"_links":{"self":[{"href":"https:\/\/portaltela.pt\/api\/wp\/v2\/posts\/224316","targetHints":{"allow":["GET"]}}],"collection":[{"href":"https:\/\/portaltela.pt\/api\/wp\/v2\/posts"}],"about":[{"href":"https:\/\/portaltela.pt\/api\/wp\/v2\/types\/post"}],"author":[{"embeddable":true,"href":"https:\/\/portaltela.pt\/api\/wp\/v2\/users\/2"}],"replies":[{"embeddable":true,"href":"https:\/\/portaltela.pt\/api\/wp\/v2\/comments?post=224316"}],"version-history":[{"count":0,"href":"https:\/\/portaltela.pt\/api\/wp\/v2\/posts\/224316\/revisions"}],"wp:featuredmedia":[{"embeddable":true,"href":"https:\/\/portaltela.pt\/api\/wp\/v2\/media\/224322"}],"wp:attachment":[{"href":"https:\/\/portaltela.pt\/api\/wp\/v2\/media?parent=224316"}],"wp:term":[{"taxonomy":"category","embeddable":true,"href":"https:\/\/portaltela.pt\/api\/wp\/v2\/categories?post=224316"},{"taxonomy":"post_tag","embeddable":true,"href":"https:\/\/portaltela.pt\/api\/wp\/v2\/tags?post=224316"}],"curies":[{"name":"wp","href":"https:\/\/api.w.org\/{rel}","templated":true}]}}