{"id":224282,"date":"2026-02-24T10:56:00","date_gmt":"2026-02-24T13:56:00","guid":{"rendered":"https:\/\/portaltela.pt\/noticias\/2026\/02\/24\/mulher-de-29-anos-morre-em-casa-familia-lamenta-atraso-do-inem\/"},"modified":"2026-02-24T10:56:00","modified_gmt":"2026-02-24T13:56:00","slug":"mulher-de-29-anos-morre-em-casa-familia-lamenta-atraso-do-inem","status":"publish","type":"post","link":"https:\/\/portaltela.pt\/noticias\/2026\/02\/24\/mulher-de-29-anos-morre-em-casa-familia-lamenta-atraso-do-inem\/","title":{"rendered":"Mulher de 29 anos morre em casa; fam\u00edlia lamenta atraso do INEM"},"content":{"rendered":"<p>Uma mulher de 29 anos morreu na manh\u00e3 de s\u00e1bado em Aldeia da Piedade, Azeit\u00e3o, Set\u00fabal, ap\u00f3s sofrer uma paragem cardiorrespirat\u00f3ria em casa, na presen\u00e7a da m\u00e3e e do padrasto. A fam\u00edlia aponta atraso na resposta do INEM como fator relevante.<\/p>\n<p>A fam\u00edlia lamenta o que atribui a atraso na interven\u00e7\u00e3o do INEM, o que, segundo disseram, pode ter influenciado o desfecho. A v\u00edtima encontrava-se em casa quando ocorreu a emerg\u00eancia.<\/p>\n<p>O INEM acionou os bombeiros dois minutos ap\u00f3s a chamada para o 112, conforme informa\u00e7\u00e3o divulgada pela unidade. N\u00e3o foram avan\u00e7adas informa\u00e7\u00f5es adicionais sobre o atendimento m\u00e9dico no local.<\/p>\n<h3>Detalhes do atendimento<\/h3>\n<p>As autoridades n\u00e3o divulgaram dados sobre eventual transporte da v\u00edtima ou sobre o andamento das investiga\u00e7\u00f5es. O caso est\u00e1 sob averigua\u00e7\u00e3o pelas entidades competentes.<\/p>\n","protected":false},"excerpt":{"rendered":"<ul>\n<li>O caso ocorreu na manh\u00e3 de s\u00e1bado, \u00e0s 10.15 horas, na Aldeia da Piedade, em Azeit\u00e3o, Set\u00fabal.<\/li>\n<li>Daniela Soraia, de 29 anos, sofreu uma paragem cardiorrespirat\u00f3ria em casa, estando com a m\u00e3e e o padrasto.<\/li>\n<li>O INEM acionou os bombeiros dois minutos depois da chamada para o 112.<\/li>\n<li>A fam\u00edlia lamenta atraso na interven\u00e7\u00e3o do INEM.<\/li>\n<li>A not\u00edcia descreve o incidente sem indicar desfecho ou respons\u00e1veis.<\/li>\n<\/ul>\n","protected":false},"author":2,"featured_media":224285,"comment_status":"closed","ping_status":"closed","sticky":false,"template":"","format":"standard","meta":{"footnotes":""},"categories":[1],"tags":[974,971,5928,271,994,1899],"class_list":["post-224282","post","type-post","status-publish","format-standard","has-post-thumbnail","hentry","category-noticias","tag-azeitao","tag-bombeiros","tag-emergencia","tag-saude-publica","tag-setubal","tag-urgencias"],"yoast_head":"<!-- This site is optimized with the Yoast SEO plugin v27.2 - https:\/\/yoast.com\/product\/yoast-seo-wordpress\/ -->\n<title>Mulher de 29 anos morre em casa; fam\u00edlia lamenta atraso do INEM - Portal Tela Portugal<\/title>\n<meta name=\"robots\" content=\"index, follow, max-snippet:-1, max-image-preview:large, max-video-preview:-1\" \/>\n<meta property=\"og:locale\" content=\"pt_PT\" \/>\n<meta property=\"og:type\" content=\"article\" \/>\n<meta property=\"og:title\" content=\"Mulher de 29 anos morre em casa; fam\u00edlia lamenta atraso do INEM - Portal Tela Portugal\" \/>\n<meta property=\"og:description\" content=\"O caso ocorreu na manh\u00e3 de s\u00e1bado, \u00e0s 10.15 horas, na Aldeia da Piedade, em Azeit\u00e3o, Set\u00fabal. Daniela Soraia, de 29 anos, sofreu uma paragem cardiorrespirat\u00f3ria em casa, estando com a m\u00e3e e o padrasto. O INEM acionou os bombeiros dois minutos depois da chamada para o 112. A fam\u00edlia lamenta atraso na interven\u00e7\u00e3o do INEM. A not\u00edcia descreve o incidente sem indicar desfecho ou respons\u00e1veis.\" \/>\n<meta property=\"og:url\" content=\"https:\/\/portaltela.pt\/noticias\/2026\/02\/24\/mulher-de-29-anos-morre-em-casa-familia-lamenta-atraso-do-inem\/\" \/>\n<meta property=\"og:site_name\" content=\"Portal Tela Portugal\" \/>\n<meta property=\"article:published_time\" content=\"2026-02-24T13:56:00+00:00\" \/>\n<meta name=\"author\" content=\"Telinha\" \/>\n<meta name=\"twitter:card\" content=\"summary_large_image\" \/>\n<meta name=\"twitter:label1\" content=\"Escrito por\" \/>\n\t<meta name=\"twitter:data1\" content=\"Telinha\" \/>\n\t<meta name=\"twitter:label2\" content=\"Tempo estimado de leitura\" \/>\n\t<meta name=\"twitter:data2\" content=\"1 minuto\" \/>\n<script type=\"application\/ld+json\" class=\"yoast-schema-graph\">{\"@context\":\"https:\/\/schema.org\",\"@graph\":[{\"@type\":\"Article\",\"@id\":\"https:\/\/portaltela.pt\/noticias\/2026\/02\/24\/mulher-de-29-anos-morre-em-casa-familia-lamenta-atraso-do-inem\/#article\",\"isPartOf\":{\"@id\":\"https:\/\/portaltela.pt\/noticias\/2026\/02\/24\/mulher-de-29-anos-morre-em-casa-familia-lamenta-atraso-do-inem\/\"},\"author\":{\"name\":\"Telinha\",\"@id\":\"https:\/\/portaltela.pt\/#\/schema\/person\/c4278d4a6028830caff9ee44b42d32ed\"},\"headline\":\"Mulher de 29 anos morre em casa; fam\u00edlia lamenta atraso do INEM\",\"datePublished\":\"2026-02-24T13:56:00+00:00\",\"mainEntityOfPage\":{\"@id\":\"https:\/\/portaltela.pt\/noticias\/2026\/02\/24\/mulher-de-29-anos-morre-em-casa-familia-lamenta-atraso-do-inem\/\"},\"wordCount\":159,\"image\":{\"@id\":\"https:\/\/portaltela.pt\/noticias\/2026\/02\/24\/mulher-de-29-anos-morre-em-casa-familia-lamenta-atraso-do-inem\/#primaryimage\"},\"thumbnailUrl\":\"https:\/\/portaltela.pt\/s.01k8rhncp4jt1\/2026\/02\/image-94.webp\",\"keywords\":[\"Azeit\u00e3o\",\"bombeiros\",\"emerg\u00eancia\",\"sa\u00fade p\u00fablica\",\"Set\u00fabal\",\"urg\u00eancias\"],\"articleSection\":[\"Not\u00edcias\"],\"inLanguage\":\"pt-PT\"},{\"@type\":\"WebPage\",\"@id\":\"https:\/\/portaltela.pt\/noticias\/2026\/02\/24\/mulher-de-29-anos-morre-em-casa-familia-lamenta-atraso-do-inem\/\",\"url\":\"https:\/\/portaltela.pt\/noticias\/2026\/02\/24\/mulher-de-29-anos-morre-em-casa-familia-lamenta-atraso-do-inem\/\",\"name\":\"Mulher de 29 anos morre em casa; fam\u00edlia lamenta atraso do INEM - Portal Tela Portugal\",\"isPartOf\":{\"@id\":\"https:\/\/portaltela.pt\/#website\"},\"primaryImageOfPage\":{\"@id\":\"https:\/\/portaltela.pt\/noticias\/2026\/02\/24\/mulher-de-29-anos-morre-em-casa-familia-lamenta-atraso-do-inem\/#primaryimage\"},\"image\":{\"@id\":\"https:\/\/portaltela.pt\/noticias\/2026\/02\/24\/mulher-de-29-anos-morre-em-casa-familia-lamenta-atraso-do-inem\/#primaryimage\"},\"thumbnailUrl\":\"https:\/\/portaltela.pt\/s.01k8rhncp4jt1\/2026\/02\/image-94.webp\",\"datePublished\":\"2026-02-24T13:56:00+00:00\",\"author\":{\"@id\":\"https:\/\/portaltela.pt\/#\/schema\/person\/c4278d4a6028830caff9ee44b42d32ed\"},\"breadcrumb\":{\"@id\":\"https:\/\/portaltela.pt\/noticias\/2026\/02\/24\/mulher-de-29-anos-morre-em-casa-familia-lamenta-atraso-do-inem\/#breadcrumb\"},\"inLanguage\":\"pt-PT\",\"potentialAction\":[{\"@type\":\"ReadAction\",\"target\":[\"https:\/\/portaltela.pt\/noticias\/2026\/02\/24\/mulher-de-29-anos-morre-em-casa-familia-lamenta-atraso-do-inem\/\"]}]},{\"@type\":\"ImageObject\",\"inLanguage\":\"pt-PT\",\"@id\":\"https:\/\/portaltela.pt\/noticias\/2026\/02\/24\/mulher-de-29-anos-morre-em-casa-familia-lamenta-atraso-do-inem\/#primaryimage\",\"url\":\"https:\/\/portaltela.pt\/s.01k8rhncp4jt1\/2026\/02\/image-94.webp\",\"contentUrl\":\"https:\/\/portaltela.pt\/s.01k8rhncp4jt1\/2026\/02\/image-94.webp\",\"width\":1200,\"height\":800,\"caption\":\"INEM acionou os bombeiros dois minutos depois da chamada para o 112\"},{\"@type\":\"BreadcrumbList\",\"@id\":\"https:\/\/portaltela.pt\/noticias\/2026\/02\/24\/mulher-de-29-anos-morre-em-casa-familia-lamenta-atraso-do-inem\/#breadcrumb\",\"itemListElement\":[{\"@type\":\"ListItem\",\"position\":1,\"name\":\"In\u00edcio\",\"item\":\"https:\/\/portaltela.pt\/\"},{\"@type\":\"ListItem\",\"position\":2,\"name\":\"Mulher de 29 anos morre em casa; fam\u00edlia lamenta atraso do INEM\"}]},{\"@type\":\"WebSite\",\"@id\":\"https:\/\/portaltela.pt\/#website\",\"url\":\"https:\/\/portaltela.pt\/\",\"name\":\"Portal Tela Portugal\",\"description\":\"\",\"potentialAction\":[{\"@type\":\"SearchAction\",\"target\":{\"@type\":\"EntryPoint\",\"urlTemplate\":\"https:\/\/portaltela.pt\/?s={search_term_string}\"},\"query-input\":{\"@type\":\"PropertyValueSpecification\",\"valueRequired\":true,\"valueName\":\"search_term_string\"}}],\"inLanguage\":\"pt-PT\"},{\"@type\":\"Person\",\"@id\":\"https:\/\/portaltela.pt\/#\/schema\/person\/c4278d4a6028830caff9ee44b42d32ed\",\"name\":\"Telinha\",\"image\":{\"@type\":\"ImageObject\",\"inLanguage\":\"pt-PT\",\"@id\":\"https:\/\/portaltela.pt\/s.01k8rhncp4jt1\/2025\/11\/talking-bot-125x125.png\",\"url\":\"https:\/\/portaltela.pt\/s.01k8rhncp4jt1\/2025\/11\/talking-bot-125x125.png\",\"contentUrl\":\"https:\/\/portaltela.pt\/s.01k8rhncp4jt1\/2025\/11\/talking-bot-125x125.png\",\"caption\":\"Telinha\"},\"sameAs\":[\"https:\/\/portaltela.pt\/\"],\"url\":\"https:\/\/portaltela.pt\/por\/367410592786\/\"}]}<\/script>\n<!-- \/ Yoast SEO plugin. -->","yoast_head_json":{"title":"Mulher de 29 anos morre em casa; fam\u00edlia lamenta atraso do INEM - Portal Tela Portugal","robots":{"index":"index","follow":"follow","max-snippet":"max-snippet:-1","max-image-preview":"max-image-preview:large","max-video-preview":"max-video-preview:-1"},"og_locale":"pt_PT","og_type":"article","og_title":"Mulher de 29 anos morre em casa; fam\u00edlia lamenta atraso do INEM - Portal Tela Portugal","og_description":"O caso ocorreu na manh\u00e3 de s\u00e1bado, \u00e0s 10.15 horas, na Aldeia da Piedade, em Azeit\u00e3o, Set\u00fabal. Daniela Soraia, de 29 anos, sofreu uma paragem cardiorrespirat\u00f3ria em casa, estando com a m\u00e3e e o padrasto. O INEM acionou os bombeiros dois minutos depois da chamada para o 112. A fam\u00edlia lamenta atraso na interven\u00e7\u00e3o do INEM. A not\u00edcia descreve o incidente sem indicar desfecho ou respons\u00e1veis.","og_url":"https:\/\/portaltela.pt\/noticias\/2026\/02\/24\/mulher-de-29-anos-morre-em-casa-familia-lamenta-atraso-do-inem\/","og_site_name":"Portal Tela Portugal","article_published_time":"2026-02-24T13:56:00+00:00","author":"Telinha","twitter_card":"summary_large_image","twitter_misc":{"Escrito por":"Telinha","Tempo estimado de leitura":"1 minuto"},"schema":{"@context":"https:\/\/schema.org","@graph":[{"@type":"Article","@id":"https:\/\/portaltela.pt\/noticias\/2026\/02\/24\/mulher-de-29-anos-morre-em-casa-familia-lamenta-atraso-do-inem\/#article","isPartOf":{"@id":"https:\/\/portaltela.pt\/noticias\/2026\/02\/24\/mulher-de-29-anos-morre-em-casa-familia-lamenta-atraso-do-inem\/"},"author":{"name":"Telinha","@id":"https:\/\/portaltela.pt\/#\/schema\/person\/c4278d4a6028830caff9ee44b42d32ed"},"headline":"Mulher de 29 anos morre em casa; fam\u00edlia lamenta atraso do INEM","datePublished":"2026-02-24T13:56:00+00:00","mainEntityOfPage":{"@id":"https:\/\/portaltela.pt\/noticias\/2026\/02\/24\/mulher-de-29-anos-morre-em-casa-familia-lamenta-atraso-do-inem\/"},"wordCount":159,"image":{"@id":"https:\/\/portaltela.pt\/noticias\/2026\/02\/24\/mulher-de-29-anos-morre-em-casa-familia-lamenta-atraso-do-inem\/#primaryimage"},"thumbnailUrl":"https:\/\/portaltela.pt\/s.01k8rhncp4jt1\/2026\/02\/image-94.webp","keywords":["Azeit\u00e3o","bombeiros","emerg\u00eancia","sa\u00fade p\u00fablica","Set\u00fabal","urg\u00eancias"],"articleSection":["Not\u00edcias"],"inLanguage":"pt-PT"},{"@type":"WebPage","@id":"https:\/\/portaltela.pt\/noticias\/2026\/02\/24\/mulher-de-29-anos-morre-em-casa-familia-lamenta-atraso-do-inem\/","url":"https:\/\/portaltela.pt\/noticias\/2026\/02\/24\/mulher-de-29-anos-morre-em-casa-familia-lamenta-atraso-do-inem\/","name":"Mulher de 29 anos morre em casa; fam\u00edlia lamenta atraso do INEM - Portal Tela Portugal","isPartOf":{"@id":"https:\/\/portaltela.pt\/#website"},"primaryImageOfPage":{"@id":"https:\/\/portaltela.pt\/noticias\/2026\/02\/24\/mulher-de-29-anos-morre-em-casa-familia-lamenta-atraso-do-inem\/#primaryimage"},"image":{"@id":"https:\/\/portaltela.pt\/noticias\/2026\/02\/24\/mulher-de-29-anos-morre-em-casa-familia-lamenta-atraso-do-inem\/#primaryimage"},"thumbnailUrl":"https:\/\/portaltela.pt\/s.01k8rhncp4jt1\/2026\/02\/image-94.webp","datePublished":"2026-02-24T13:56:00+00:00","author":{"@id":"https:\/\/portaltela.pt\/#\/schema\/person\/c4278d4a6028830caff9ee44b42d32ed"},"breadcrumb":{"@id":"https:\/\/portaltela.pt\/noticias\/2026\/02\/24\/mulher-de-29-anos-morre-em-casa-familia-lamenta-atraso-do-inem\/#breadcrumb"},"inLanguage":"pt-PT","potentialAction":[{"@type":"ReadAction","target":["https:\/\/portaltela.pt\/noticias\/2026\/02\/24\/mulher-de-29-anos-morre-em-casa-familia-lamenta-atraso-do-inem\/"]}]},{"@type":"ImageObject","inLanguage":"pt-PT","@id":"https:\/\/portaltela.pt\/noticias\/2026\/02\/24\/mulher-de-29-anos-morre-em-casa-familia-lamenta-atraso-do-inem\/#primaryimage","url":"https:\/\/portaltela.pt\/s.01k8rhncp4jt1\/2026\/02\/image-94.webp","contentUrl":"https:\/\/portaltela.pt\/s.01k8rhncp4jt1\/2026\/02\/image-94.webp","width":1200,"height":800,"caption":"INEM acionou os bombeiros dois minutos depois da chamada para o 112"},{"@type":"BreadcrumbList","@id":"https:\/\/portaltela.pt\/noticias\/2026\/02\/24\/mulher-de-29-anos-morre-em-casa-familia-lamenta-atraso-do-inem\/#breadcrumb","itemListElement":[{"@type":"ListItem","position":1,"name":"In\u00edcio","item":"https:\/\/portaltela.pt\/"},{"@type":"ListItem","position":2,"name":"Mulher de 29 anos morre em casa; fam\u00edlia lamenta atraso do INEM"}]},{"@type":"WebSite","@id":"https:\/\/portaltela.pt\/#website","url":"https:\/\/portaltela.pt\/","name":"Portal Tela Portugal","description":"","potentialAction":[{"@type":"SearchAction","target":{"@type":"EntryPoint","urlTemplate":"https:\/\/portaltela.pt\/?s={search_term_string}"},"query-input":{"@type":"PropertyValueSpecification","valueRequired":true,"valueName":"search_term_string"}}],"inLanguage":"pt-PT"},{"@type":"Person","@id":"https:\/\/portaltela.pt\/#\/schema\/person\/c4278d4a6028830caff9ee44b42d32ed","name":"Telinha","image":{"@type":"ImageObject","inLanguage":"pt-PT","@id":"https:\/\/portaltela.pt\/s.01k8rhncp4jt1\/2025\/11\/talking-bot-125x125.png","url":"https:\/\/portaltela.pt\/s.01k8rhncp4jt1\/2025\/11\/talking-bot-125x125.png","contentUrl":"https:\/\/portaltela.pt\/s.01k8rhncp4jt1\/2025\/11\/talking-bot-125x125.png","caption":"Telinha"},"sameAs":["https:\/\/portaltela.pt\/"],"url":"https:\/\/portaltela.pt\/por\/367410592786\/"}]}},"_links":{"self":[{"href":"https:\/\/portaltela.pt\/api\/wp\/v2\/posts\/224282","targetHints":{"allow":["GET"]}}],"collection":[{"href":"https:\/\/portaltela.pt\/api\/wp\/v2\/posts"}],"about":[{"href":"https:\/\/portaltela.pt\/api\/wp\/v2\/types\/post"}],"author":[{"embeddable":true,"href":"https:\/\/portaltela.pt\/api\/wp\/v2\/users\/2"}],"replies":[{"embeddable":true,"href":"https:\/\/portaltela.pt\/api\/wp\/v2\/comments?post=224282"}],"version-history":[{"count":0,"href":"https:\/\/portaltela.pt\/api\/wp\/v2\/posts\/224282\/revisions"}],"wp:featuredmedia":[{"embeddable":true,"href":"https:\/\/portaltela.pt\/api\/wp\/v2\/media\/224285"}],"wp:attachment":[{"href":"https:\/\/portaltela.pt\/api\/wp\/v2\/media?parent=224282"}],"wp:term":[{"taxonomy":"category","embeddable":true,"href":"https:\/\/portaltela.pt\/api\/wp\/v2\/categories?post=224282"},{"taxonomy":"post_tag","embeddable":true,"href":"https:\/\/portaltela.pt\/api\/wp\/v2\/tags?post=224282"}],"curies":[{"name":"wp","href":"https:\/\/api.w.org\/{rel}","templated":true}]}}