{"id":224273,"date":"2026-02-24T10:51:46","date_gmt":"2026-02-24T13:51:46","guid":{"rendered":"https:\/\/portaltela.pt\/noticias\/2026\/02\/24\/chefe-da-psp-julgado-em-leiria-por-14-crimes-e-nega-agressao-a-mulher\/"},"modified":"2026-02-24T10:51:46","modified_gmt":"2026-02-24T13:51:46","slug":"chefe-da-psp-julgado-em-leiria-por-14-crimes-e-nega-agressao-a-mulher","status":"publish","type":"post","link":"https:\/\/portaltela.pt\/noticias\/2026\/02\/24\/chefe-da-psp-julgado-em-leiria-por-14-crimes-e-nega-agressao-a-mulher\/","title":{"rendered":"Chefe da PSP julgado em Leiria por 14 crimes e nega agress\u00e3o \u00e0 mulher"},"content":{"rendered":"<p>Um chefe da PSP come\u00e7ou esta ter\u00e7a-feira a ser julgado no Tribunal Judicial de Leiria por 14 crimes, negando ter batido na mulher, embora reconhe\u00e7a ter dirigido express\u00f5es ofensivas. Est\u00e1 sujeito \u00e0 obriga\u00e7\u00e3o de perman\u00eancia na habita\u00e7\u00e3o com vigil\u00e2ncia eletr\u00f3nica.<\/p>\n<p>O arguido, de 41 anos, \u00e9 acusado de viol\u00eancia dom\u00e9stica agravada, nove crimes de amea\u00e7a agravados, tr\u00eas de introdu\u00e7\u00e3o em lugar vedado e um de ofensa \u00e0 integridade f\u00edsica. A v\u00edtima \u00e9 a mulher com quem tem um filho menor e os sogros.<\/p>\n<p>Segundo a acusa\u00e7\u00e3o, a mulher vivia sob controlo reiterado e sobressalto, com relatos de humilha\u00e7\u00e3o e medo de viol\u00eancia f\u00edsica. O MP descreve situa\u00e7\u00f5es em que foram proferidas amea\u00e7as de morte e ataques durante discuss\u00f5es.<\/p>\n<h3>Situa\u00e7\u00e3o atual<\/h3>\n<p>Durante o julgamento, o arguido negou ter causado encontr\u00f5es ou ter chamado nomes de forma reiterada, admitindo apenas express\u00f5es insultuosas em contexto de discuss\u00f5es. Refere que apenas houve momentos de alterca\u00e7\u00e3o pontuais.<\/p>\n<p>Afirma ainda que n\u00e3o controlava os quil\u00f3metros percorridos pela v\u00edtima nem o tempo que permanecia fora de casa. Diz que, nos momentos de maior tens\u00e3o, sugeria que a v\u00edtima n\u00e3o estivesse em casa, por estar em sofrimento.<\/p>\n<p>Mensagens enviadas pelo arguido, segundo a defesa, teriam sido associadas a um medo de perder o filho e a uma tentativa de saber onde estava a crian\u00e7a. O tribunal solicitou per\u00edcia ao Instituto Nacional de Medicina Legal para aferir a imputabilidade.<\/p>\n<h3>Per\u00edcia solicitada<\/h3>\n<p>O Minist\u00e9rio P\u00fablico sustenta que o arguido mant\u00e9m comportamentos repetidos de viol\u00eancia psicol\u00f3gica e amea\u00e7as, com impacto no bem-estar das v\u00edtimas. O julgamento pode prosseguir com avalia\u00e7\u00e3o cl\u00ednica da capacidade mental no tribunal.<\/p>\n<p>O processo segue para avalia\u00e7\u00e3o pericial, e o julgamento est\u00e1 marcado para 10 de mar\u00e7o. O objetivo \u00e9 esclarecer a imputabilidade do arguido em fun\u00e7\u00e3o do estado ps\u00edquico atual.<\/p>\n","protected":false},"excerpt":{"rendered":"<ul>\n<li>Chefe da PSP de Leiria est\u00e1 a ser julgado por 14 crimes, incluindo viol\u00eancia dom\u00e9stica agravada, nove crimes de amea\u00e7a agravados, tr\u00eas de introdu\u00e7\u00e3o em lugar vedado ao p\u00fablico e um de ofensa \u00e0 integridade f\u00edsica.<\/li>\n<li>O arguido, de 41 anos, negou ter batido na mulher e afirmou nunca a ter tocado; reconheceu ter dirigido express\u00f5es injuriosas em discuss\u00f5es.<\/li>\n<li>Est\u00e1 sob medida de coa\u00e7\u00e3o de obriga\u00e7\u00e3o de perman\u00eancia na habita\u00e7\u00e3o com vigil\u00e2ncia eletr\u00f3nica; disse n\u00e3o ter controlado os quil\u00f3metros que a v\u00edtima percorria nem o tempo que passava fora de casa.<\/li>\n<li>O Minist\u00e9rio P\u00fablico descreve maus-tratos psicol\u00f3gicos, ataques de p\u00e2nico da v\u00edtima e amea\u00e7as de morte \u00e0 mulher e aos sogros; o arguido alegou que houve situa\u00e7\u00e3o de p\u00e2nico durante uma discuss\u00e3o.<\/li>\n<li>O tribunal solicitou avalia\u00e7\u00e3o ao Instituto Nacional de Medicina Legal e Ci\u00eancias Forenses para aferir a imputabilidade do arguido, com o processo a prosseguir em 10 de mar\u00e7o.<\/li>\n<\/ul>\n","protected":false},"author":2,"featured_media":224278,"comment_status":"closed","ping_status":"closed","sticky":false,"template":"","format":"standard","meta":{"footnotes":""},"categories":[1],"tags":[291,147,3667,939,214,2244],"class_list":["post-224273","post","type-post","status-publish","format-standard","has-post-thumbnail","hentry","category-noticias","tag-ameaca-agravada","tag-crime","tag-processos","tag-violencia","tag-violencia-domestica","tag-violencia-psicologica"],"yoast_head":"<!-- This site is optimized with the Yoast SEO plugin v27.2 - https:\/\/yoast.com\/product\/yoast-seo-wordpress\/ -->\n<title>Chefe da PSP julgado em Leiria por 14 crimes e nega agress\u00e3o \u00e0 mulher - Portal Tela Portugal<\/title>\n<meta name=\"robots\" content=\"index, follow, max-snippet:-1, max-image-preview:large, max-video-preview:-1\" \/>\n<meta property=\"og:locale\" content=\"pt_PT\" \/>\n<meta property=\"og:type\" content=\"article\" \/>\n<meta property=\"og:title\" content=\"Chefe da PSP julgado em Leiria por 14 crimes e nega agress\u00e3o \u00e0 mulher - Portal Tela Portugal\" \/>\n<meta property=\"og:description\" content=\"Chefe da PSP de Leiria est\u00e1 a ser julgado por 14 crimes, incluindo viol\u00eancia dom\u00e9stica agravada, nove crimes de amea\u00e7a agravados, tr\u00eas de introdu\u00e7\u00e3o em lugar vedado ao p\u00fablico e um de ofensa \u00e0 integridade f\u00edsica. O arguido, de 41 anos, negou ter batido na mulher e afirmou nunca a ter tocado; reconheceu ter dirigido express\u00f5es injuriosas em discuss\u00f5es. Est\u00e1 sob medida de coa\u00e7\u00e3o de obriga\u00e7\u00e3o de perman\u00eancia na habita\u00e7\u00e3o com vigil\u00e2ncia eletr\u00f3nica; disse n\u00e3o ter controlado os quil\u00f3metros que a v\u00edtima percorria nem o tempo que passava fora de casa. O Minist\u00e9rio P\u00fablico descreve maus-tratos psicol\u00f3gicos, ataques de p\u00e2nico da v\u00edtima e amea\u00e7as de morte \u00e0 mulher e aos sogros; o arguido alegou que houve situa\u00e7\u00e3o de p\u00e2nico durante uma discuss\u00e3o. O tribunal solicitou avalia\u00e7\u00e3o ao Instituto Nacional de Medicina Legal e Ci\u00eancias Forenses para aferir a imputabilidade do arguido, com o processo a prosseguir em 10 de mar\u00e7o.\" \/>\n<meta property=\"og:url\" content=\"https:\/\/portaltela.pt\/noticias\/2026\/02\/24\/chefe-da-psp-julgado-em-leiria-por-14-crimes-e-nega-agressao-a-mulher\/\" \/>\n<meta property=\"og:site_name\" content=\"Portal Tela Portugal\" \/>\n<meta property=\"article:published_time\" content=\"2026-02-24T13:51:46+00:00\" \/>\n<meta name=\"author\" content=\"Telinha\" \/>\n<meta name=\"twitter:card\" content=\"summary_large_image\" \/>\n<meta name=\"twitter:label1\" content=\"Escrito por\" \/>\n\t<meta name=\"twitter:data1\" content=\"Telinha\" \/>\n\t<meta name=\"twitter:label2\" content=\"Tempo estimado de leitura\" \/>\n\t<meta name=\"twitter:data2\" content=\"2 minutos\" \/>\n<script type=\"application\/ld+json\" class=\"yoast-schema-graph\">{\"@context\":\"https:\/\/schema.org\",\"@graph\":[{\"@type\":\"Article\",\"@id\":\"https:\/\/portaltela.pt\/noticias\/2026\/02\/24\/chefe-da-psp-julgado-em-leiria-por-14-crimes-e-nega-agressao-a-mulher\/#article\",\"isPartOf\":{\"@id\":\"https:\/\/portaltela.pt\/noticias\/2026\/02\/24\/chefe-da-psp-julgado-em-leiria-por-14-crimes-e-nega-agressao-a-mulher\/\"},\"author\":{\"name\":\"Telinha\",\"@id\":\"https:\/\/portaltela.pt\/#\/schema\/person\/c4278d4a6028830caff9ee44b42d32ed\"},\"headline\":\"Chefe da PSP julgado em Leiria por 14 crimes e nega agress\u00e3o \u00e0 mulher\",\"datePublished\":\"2026-02-24T13:51:46+00:00\",\"mainEntityOfPage\":{\"@id\":\"https:\/\/portaltela.pt\/noticias\/2026\/02\/24\/chefe-da-psp-julgado-em-leiria-por-14-crimes-e-nega-agressao-a-mulher\/\"},\"wordCount\":349,\"image\":{\"@id\":\"https:\/\/portaltela.pt\/noticias\/2026\/02\/24\/chefe-da-psp-julgado-em-leiria-por-14-crimes-e-nega-agressao-a-mulher\/#primaryimage\"},\"thumbnailUrl\":\"https:\/\/portaltela.pt\/s.01k8rhncp4jt1\/2026\/02\/img_1500x1000uu2016-01-25-14-22-00-509958.jpg\",\"keywords\":[\"amea\u00e7a agravada\",\"crime\",\"processos\",\"viol\u00eancia\",\"viol\u00eancia dom\u00e9stica\",\"viol\u00eancia psicol\u00f3gica\"],\"articleSection\":[\"Not\u00edcias\"],\"inLanguage\":\"pt-PT\"},{\"@type\":\"WebPage\",\"@id\":\"https:\/\/portaltela.pt\/noticias\/2026\/02\/24\/chefe-da-psp-julgado-em-leiria-por-14-crimes-e-nega-agressao-a-mulher\/\",\"url\":\"https:\/\/portaltela.pt\/noticias\/2026\/02\/24\/chefe-da-psp-julgado-em-leiria-por-14-crimes-e-nega-agressao-a-mulher\/\",\"name\":\"Chefe da PSP julgado em Leiria por 14 crimes e nega agress\u00e3o \u00e0 mulher - Portal Tela Portugal\",\"isPartOf\":{\"@id\":\"https:\/\/portaltela.pt\/#website\"},\"primaryImageOfPage\":{\"@id\":\"https:\/\/portaltela.pt\/noticias\/2026\/02\/24\/chefe-da-psp-julgado-em-leiria-por-14-crimes-e-nega-agressao-a-mulher\/#primaryimage\"},\"image\":{\"@id\":\"https:\/\/portaltela.pt\/noticias\/2026\/02\/24\/chefe-da-psp-julgado-em-leiria-por-14-crimes-e-nega-agressao-a-mulher\/#primaryimage\"},\"thumbnailUrl\":\"https:\/\/portaltela.pt\/s.01k8rhncp4jt1\/2026\/02\/img_1500x1000uu2016-01-25-14-22-00-509958.jpg\",\"datePublished\":\"2026-02-24T13:51:46+00:00\",\"author\":{\"@id\":\"https:\/\/portaltela.pt\/#\/schema\/person\/c4278d4a6028830caff9ee44b42d32ed\"},\"breadcrumb\":{\"@id\":\"https:\/\/portaltela.pt\/noticias\/2026\/02\/24\/chefe-da-psp-julgado-em-leiria-por-14-crimes-e-nega-agressao-a-mulher\/#breadcrumb\"},\"inLanguage\":\"pt-PT\",\"potentialAction\":[{\"@type\":\"ReadAction\",\"target\":[\"https:\/\/portaltela.pt\/noticias\/2026\/02\/24\/chefe-da-psp-julgado-em-leiria-por-14-crimes-e-nega-agressao-a-mulher\/\"]}]},{\"@type\":\"ImageObject\",\"inLanguage\":\"pt-PT\",\"@id\":\"https:\/\/portaltela.pt\/noticias\/2026\/02\/24\/chefe-da-psp-julgado-em-leiria-por-14-crimes-e-nega-agressao-a-mulher\/#primaryimage\",\"url\":\"https:\/\/portaltela.pt\/s.01k8rhncp4jt1\/2026\/02\/img_1500x1000uu2016-01-25-14-22-00-509958.jpg\",\"contentUrl\":\"https:\/\/portaltela.pt\/s.01k8rhncp4jt1\/2026\/02\/img_1500x1000uu2016-01-25-14-22-00-509958.jpg\",\"width\":796,\"height\":448,\"caption\":\"PSP\"},{\"@type\":\"BreadcrumbList\",\"@id\":\"https:\/\/portaltela.pt\/noticias\/2026\/02\/24\/chefe-da-psp-julgado-em-leiria-por-14-crimes-e-nega-agressao-a-mulher\/#breadcrumb\",\"itemListElement\":[{\"@type\":\"ListItem\",\"position\":1,\"name\":\"In\u00edcio\",\"item\":\"https:\/\/portaltela.pt\/\"},{\"@type\":\"ListItem\",\"position\":2,\"name\":\"Chefe da PSP julgado em Leiria por 14 crimes e nega agress\u00e3o \u00e0 mulher\"}]},{\"@type\":\"WebSite\",\"@id\":\"https:\/\/portaltela.pt\/#website\",\"url\":\"https:\/\/portaltela.pt\/\",\"name\":\"Portal Tela Portugal\",\"description\":\"\",\"potentialAction\":[{\"@type\":\"SearchAction\",\"target\":{\"@type\":\"EntryPoint\",\"urlTemplate\":\"https:\/\/portaltela.pt\/?s={search_term_string}\"},\"query-input\":{\"@type\":\"PropertyValueSpecification\",\"valueRequired\":true,\"valueName\":\"search_term_string\"}}],\"inLanguage\":\"pt-PT\"},{\"@type\":\"Person\",\"@id\":\"https:\/\/portaltela.pt\/#\/schema\/person\/c4278d4a6028830caff9ee44b42d32ed\",\"name\":\"Telinha\",\"image\":{\"@type\":\"ImageObject\",\"inLanguage\":\"pt-PT\",\"@id\":\"https:\/\/portaltela.pt\/s.01k8rhncp4jt1\/2025\/11\/talking-bot-125x125.png\",\"url\":\"https:\/\/portaltela.pt\/s.01k8rhncp4jt1\/2025\/11\/talking-bot-125x125.png\",\"contentUrl\":\"https:\/\/portaltela.pt\/s.01k8rhncp4jt1\/2025\/11\/talking-bot-125x125.png\",\"caption\":\"Telinha\"},\"sameAs\":[\"https:\/\/portaltela.pt\/\"],\"url\":\"https:\/\/portaltela.pt\/por\/367410592786\/\"}]}<\/script>\n<!-- \/ Yoast SEO plugin. -->","yoast_head_json":{"title":"Chefe da PSP julgado em Leiria por 14 crimes e nega agress\u00e3o \u00e0 mulher - Portal Tela Portugal","robots":{"index":"index","follow":"follow","max-snippet":"max-snippet:-1","max-image-preview":"max-image-preview:large","max-video-preview":"max-video-preview:-1"},"og_locale":"pt_PT","og_type":"article","og_title":"Chefe da PSP julgado em Leiria por 14 crimes e nega agress\u00e3o \u00e0 mulher - Portal Tela Portugal","og_description":"Chefe da PSP de Leiria est\u00e1 a ser julgado por 14 crimes, incluindo viol\u00eancia dom\u00e9stica agravada, nove crimes de amea\u00e7a agravados, tr\u00eas de introdu\u00e7\u00e3o em lugar vedado ao p\u00fablico e um de ofensa \u00e0 integridade f\u00edsica. O arguido, de 41 anos, negou ter batido na mulher e afirmou nunca a ter tocado; reconheceu ter dirigido express\u00f5es injuriosas em discuss\u00f5es. Est\u00e1 sob medida de coa\u00e7\u00e3o de obriga\u00e7\u00e3o de perman\u00eancia na habita\u00e7\u00e3o com vigil\u00e2ncia eletr\u00f3nica; disse n\u00e3o ter controlado os quil\u00f3metros que a v\u00edtima percorria nem o tempo que passava fora de casa. O Minist\u00e9rio P\u00fablico descreve maus-tratos psicol\u00f3gicos, ataques de p\u00e2nico da v\u00edtima e amea\u00e7as de morte \u00e0 mulher e aos sogros; o arguido alegou que houve situa\u00e7\u00e3o de p\u00e2nico durante uma discuss\u00e3o. O tribunal solicitou avalia\u00e7\u00e3o ao Instituto Nacional de Medicina Legal e Ci\u00eancias Forenses para aferir a imputabilidade do arguido, com o processo a prosseguir em 10 de mar\u00e7o.","og_url":"https:\/\/portaltela.pt\/noticias\/2026\/02\/24\/chefe-da-psp-julgado-em-leiria-por-14-crimes-e-nega-agressao-a-mulher\/","og_site_name":"Portal Tela Portugal","article_published_time":"2026-02-24T13:51:46+00:00","author":"Telinha","twitter_card":"summary_large_image","twitter_misc":{"Escrito por":"Telinha","Tempo estimado de leitura":"2 minutos"},"schema":{"@context":"https:\/\/schema.org","@graph":[{"@type":"Article","@id":"https:\/\/portaltela.pt\/noticias\/2026\/02\/24\/chefe-da-psp-julgado-em-leiria-por-14-crimes-e-nega-agressao-a-mulher\/#article","isPartOf":{"@id":"https:\/\/portaltela.pt\/noticias\/2026\/02\/24\/chefe-da-psp-julgado-em-leiria-por-14-crimes-e-nega-agressao-a-mulher\/"},"author":{"name":"Telinha","@id":"https:\/\/portaltela.pt\/#\/schema\/person\/c4278d4a6028830caff9ee44b42d32ed"},"headline":"Chefe da PSP julgado em Leiria por 14 crimes e nega agress\u00e3o \u00e0 mulher","datePublished":"2026-02-24T13:51:46+00:00","mainEntityOfPage":{"@id":"https:\/\/portaltela.pt\/noticias\/2026\/02\/24\/chefe-da-psp-julgado-em-leiria-por-14-crimes-e-nega-agressao-a-mulher\/"},"wordCount":349,"image":{"@id":"https:\/\/portaltela.pt\/noticias\/2026\/02\/24\/chefe-da-psp-julgado-em-leiria-por-14-crimes-e-nega-agressao-a-mulher\/#primaryimage"},"thumbnailUrl":"https:\/\/portaltela.pt\/s.01k8rhncp4jt1\/2026\/02\/img_1500x1000uu2016-01-25-14-22-00-509958.jpg","keywords":["amea\u00e7a agravada","crime","processos","viol\u00eancia","viol\u00eancia dom\u00e9stica","viol\u00eancia psicol\u00f3gica"],"articleSection":["Not\u00edcias"],"inLanguage":"pt-PT"},{"@type":"WebPage","@id":"https:\/\/portaltela.pt\/noticias\/2026\/02\/24\/chefe-da-psp-julgado-em-leiria-por-14-crimes-e-nega-agressao-a-mulher\/","url":"https:\/\/portaltela.pt\/noticias\/2026\/02\/24\/chefe-da-psp-julgado-em-leiria-por-14-crimes-e-nega-agressao-a-mulher\/","name":"Chefe da PSP julgado em Leiria por 14 crimes e nega agress\u00e3o \u00e0 mulher - Portal Tela Portugal","isPartOf":{"@id":"https:\/\/portaltela.pt\/#website"},"primaryImageOfPage":{"@id":"https:\/\/portaltela.pt\/noticias\/2026\/02\/24\/chefe-da-psp-julgado-em-leiria-por-14-crimes-e-nega-agressao-a-mulher\/#primaryimage"},"image":{"@id":"https:\/\/portaltela.pt\/noticias\/2026\/02\/24\/chefe-da-psp-julgado-em-leiria-por-14-crimes-e-nega-agressao-a-mulher\/#primaryimage"},"thumbnailUrl":"https:\/\/portaltela.pt\/s.01k8rhncp4jt1\/2026\/02\/img_1500x1000uu2016-01-25-14-22-00-509958.jpg","datePublished":"2026-02-24T13:51:46+00:00","author":{"@id":"https:\/\/portaltela.pt\/#\/schema\/person\/c4278d4a6028830caff9ee44b42d32ed"},"breadcrumb":{"@id":"https:\/\/portaltela.pt\/noticias\/2026\/02\/24\/chefe-da-psp-julgado-em-leiria-por-14-crimes-e-nega-agressao-a-mulher\/#breadcrumb"},"inLanguage":"pt-PT","potentialAction":[{"@type":"ReadAction","target":["https:\/\/portaltela.pt\/noticias\/2026\/02\/24\/chefe-da-psp-julgado-em-leiria-por-14-crimes-e-nega-agressao-a-mulher\/"]}]},{"@type":"ImageObject","inLanguage":"pt-PT","@id":"https:\/\/portaltela.pt\/noticias\/2026\/02\/24\/chefe-da-psp-julgado-em-leiria-por-14-crimes-e-nega-agressao-a-mulher\/#primaryimage","url":"https:\/\/portaltela.pt\/s.01k8rhncp4jt1\/2026\/02\/img_1500x1000uu2016-01-25-14-22-00-509958.jpg","contentUrl":"https:\/\/portaltela.pt\/s.01k8rhncp4jt1\/2026\/02\/img_1500x1000uu2016-01-25-14-22-00-509958.jpg","width":796,"height":448,"caption":"PSP"},{"@type":"BreadcrumbList","@id":"https:\/\/portaltela.pt\/noticias\/2026\/02\/24\/chefe-da-psp-julgado-em-leiria-por-14-crimes-e-nega-agressao-a-mulher\/#breadcrumb","itemListElement":[{"@type":"ListItem","position":1,"name":"In\u00edcio","item":"https:\/\/portaltela.pt\/"},{"@type":"ListItem","position":2,"name":"Chefe da PSP julgado em Leiria por 14 crimes e nega agress\u00e3o \u00e0 mulher"}]},{"@type":"WebSite","@id":"https:\/\/portaltela.pt\/#website","url":"https:\/\/portaltela.pt\/","name":"Portal Tela Portugal","description":"","potentialAction":[{"@type":"SearchAction","target":{"@type":"EntryPoint","urlTemplate":"https:\/\/portaltela.pt\/?s={search_term_string}"},"query-input":{"@type":"PropertyValueSpecification","valueRequired":true,"valueName":"search_term_string"}}],"inLanguage":"pt-PT"},{"@type":"Person","@id":"https:\/\/portaltela.pt\/#\/schema\/person\/c4278d4a6028830caff9ee44b42d32ed","name":"Telinha","image":{"@type":"ImageObject","inLanguage":"pt-PT","@id":"https:\/\/portaltela.pt\/s.01k8rhncp4jt1\/2025\/11\/talking-bot-125x125.png","url":"https:\/\/portaltela.pt\/s.01k8rhncp4jt1\/2025\/11\/talking-bot-125x125.png","contentUrl":"https:\/\/portaltela.pt\/s.01k8rhncp4jt1\/2025\/11\/talking-bot-125x125.png","caption":"Telinha"},"sameAs":["https:\/\/portaltela.pt\/"],"url":"https:\/\/portaltela.pt\/por\/367410592786\/"}]}},"_links":{"self":[{"href":"https:\/\/portaltela.pt\/api\/wp\/v2\/posts\/224273","targetHints":{"allow":["GET"]}}],"collection":[{"href":"https:\/\/portaltela.pt\/api\/wp\/v2\/posts"}],"about":[{"href":"https:\/\/portaltela.pt\/api\/wp\/v2\/types\/post"}],"author":[{"embeddable":true,"href":"https:\/\/portaltela.pt\/api\/wp\/v2\/users\/2"}],"replies":[{"embeddable":true,"href":"https:\/\/portaltela.pt\/api\/wp\/v2\/comments?post=224273"}],"version-history":[{"count":0,"href":"https:\/\/portaltela.pt\/api\/wp\/v2\/posts\/224273\/revisions"}],"wp:featuredmedia":[{"embeddable":true,"href":"https:\/\/portaltela.pt\/api\/wp\/v2\/media\/224278"}],"wp:attachment":[{"href":"https:\/\/portaltela.pt\/api\/wp\/v2\/media?parent=224273"}],"wp:term":[{"taxonomy":"category","embeddable":true,"href":"https:\/\/portaltela.pt\/api\/wp\/v2\/categories?post=224273"},{"taxonomy":"post_tag","embeddable":true,"href":"https:\/\/portaltela.pt\/api\/wp\/v2\/tags?post=224273"}],"curies":[{"name":"wp","href":"https:\/\/api.w.org\/{rel}","templated":true}]}}