{"id":224270,"date":"2026-02-24T10:51:58","date_gmt":"2026-02-24T13:51:58","guid":{"rendered":"https:\/\/portaltela.pt\/noticias\/2026\/02\/24\/convento-de-cristo-e-mosteiro-da-batalha-reabrem-sexta-feira-apos-mau-tempo\/"},"modified":"2026-02-24T10:51:58","modified_gmt":"2026-02-24T13:51:58","slug":"convento-de-cristo-e-mosteiro-da-batalha-reabrem-sexta-feira-apos-mau-tempo","status":"publish","type":"post","link":"https:\/\/portaltela.pt\/noticias\/2026\/02\/24\/convento-de-cristo-e-mosteiro-da-batalha-reabrem-sexta-feira-apos-mau-tempo\/","title":{"rendered":"Convento de Cristo e Mosteiro da Batalha reabrem sexta-feira ap\u00f3s mau tempo"},"content":{"rendered":"<p>O Convento de Cristo, em Tomar, e o Mosteiro da Batalha v\u00e3o reabrir ao p\u00fablico na sexta-feira, ap\u00f3s encerramentos provocados pelo mau tempo. A reabertura foi anunciada pela Museus e Monumentos de Portugal (MMP).<\/p>\n<p>Com a reabertura, ficam em funcionamento todos os equipamentos culturais sob gest\u00e3o da MMP, ainda que algumas \u00e1reas continuem com acesso condicionado. Os dois monumentos s\u00e3o patrim\u00f3nio mundial inscrito na UNESCO.<\/p>\n<p>A MMP explica que os encerramentos decorreram de danos causados pelo temporal, nomeadamente a fachadas, vidros e coberturas, bem como pela queda de \u00e1rvores nas \u00e1reas envolventes. A finalidade \u00e9 assegurar a disponibilidade dos recursos culturais sob gest\u00e3o p\u00fablica.<\/p>\n<h3>Situa\u00e7\u00e3o atual e perspetivas<\/h3>\n<p>Ambos os monumentos nacionais mant\u00eam a normalidade operacional da rede de museus e equipamentos da MMP, com monitoriza\u00e7\u00e3o de eventuais restri\u00e7\u00f5es adicionais em zonas com interven\u00e7\u00e3o ainda em curso ou em avalia\u00e7\u00e3o.<\/p>\n","protected":false},"excerpt":{"rendered":"<ul>\n<li>Os monumentos Convento de Cristo, em Tomar, e Mosteiro da Batalha v\u00e3o reabrir ao p\u00fablico na sexta-feira, segundo a Museus e Monumentos de Portugal (MMP).<\/li>\n<li>As reaberturas ocorrem ap\u00f3s encerramentos provocados pelo mau tempo, com algumas \u00e1reas a manter acesso condicionado.<\/li>\n<li>Os dois monumentos integram a Lista de Patrim\u00f3nio Mundial da UNESCO.<\/li>\n<li>A MMP explica que o tempor\u00e1rio encerramento se deveu a danos nas fachadas, vidros e coberturas, bem como \u00e0 queda de \u00e1rvores nas \u00e1reas exteriores.<\/li>\n<li>Com a reabertura, garantem-se novamente todos os equipamentos culturais sob gest\u00e3o da MMP que estiveram fechados.<\/li>\n<\/ul>\n","protected":false},"author":2,"featured_media":224271,"comment_status":"closed","ping_status":"closed","sticky":false,"template":"","format":"standard","meta":{"footnotes":""},"categories":[1],"tags":[4949,5959,5751,814,1175,1088],"class_list":["post-224270","post","type-post","status-publish","format-standard","has-post-thumbnail","hentry","category-noticias","tag-batalha","tag-monumentos-de-portugal","tag-museus-e-arquivos","tag-patrimonio","tag-patrimonio-cultural","tag-tomar"],"yoast_head":"<!-- This site is optimized with the Yoast SEO plugin v27.2 - https:\/\/yoast.com\/product\/yoast-seo-wordpress\/ -->\n<title>Convento de Cristo e Mosteiro da Batalha reabrem sexta-feira ap\u00f3s mau tempo - Portal Tela Portugal<\/title>\n<meta name=\"robots\" content=\"index, follow, max-snippet:-1, max-image-preview:large, max-video-preview:-1\" \/>\n<meta property=\"og:locale\" content=\"pt_PT\" \/>\n<meta property=\"og:type\" content=\"article\" \/>\n<meta property=\"og:title\" content=\"Convento de Cristo e Mosteiro da Batalha reabrem sexta-feira ap\u00f3s mau tempo - Portal Tela Portugal\" \/>\n<meta property=\"og:description\" content=\"Os monumentos Convento de Cristo, em Tomar, e Mosteiro da Batalha v\u00e3o reabrir ao p\u00fablico na sexta-feira, segundo a Museus e Monumentos de Portugal (MMP). As reaberturas ocorrem ap\u00f3s encerramentos provocados pelo mau tempo, com algumas \u00e1reas a manter acesso condicionado. Os dois monumentos integram a Lista de Patrim\u00f3nio Mundial da UNESCO. A MMP explica que o tempor\u00e1rio encerramento se deveu a danos nas fachadas, vidros e coberturas, bem como \u00e0 queda de \u00e1rvores nas \u00e1reas exteriores. Com a reabertura, garantem-se novamente todos os equipamentos culturais sob gest\u00e3o da MMP que estiveram fechados.\" \/>\n<meta property=\"og:url\" content=\"https:\/\/portaltela.pt\/noticias\/2026\/02\/24\/convento-de-cristo-e-mosteiro-da-batalha-reabrem-sexta-feira-apos-mau-tempo\/\" \/>\n<meta property=\"og:site_name\" content=\"Portal Tela Portugal\" \/>\n<meta property=\"article:published_time\" content=\"2026-02-24T13:51:58+00:00\" \/>\n<meta name=\"author\" content=\"Telinha\" \/>\n<meta name=\"twitter:card\" content=\"summary_large_image\" \/>\n<meta name=\"twitter:label1\" content=\"Escrito por\" \/>\n\t<meta name=\"twitter:data1\" content=\"Telinha\" \/>\n\t<meta name=\"twitter:label2\" content=\"Tempo estimado de leitura\" \/>\n\t<meta name=\"twitter:data2\" content=\"1 minuto\" \/>\n<script type=\"application\/ld+json\" class=\"yoast-schema-graph\">{\"@context\":\"https:\/\/schema.org\",\"@graph\":[{\"@type\":\"Article\",\"@id\":\"https:\/\/portaltela.pt\/noticias\/2026\/02\/24\/convento-de-cristo-e-mosteiro-da-batalha-reabrem-sexta-feira-apos-mau-tempo\/#article\",\"isPartOf\":{\"@id\":\"https:\/\/portaltela.pt\/noticias\/2026\/02\/24\/convento-de-cristo-e-mosteiro-da-batalha-reabrem-sexta-feira-apos-mau-tempo\/\"},\"author\":{\"name\":\"Telinha\",\"@id\":\"https:\/\/portaltela.pt\/#\/schema\/person\/c4278d4a6028830caff9ee44b42d32ed\"},\"headline\":\"Convento de Cristo e Mosteiro da Batalha reabrem sexta-feira ap\u00f3s mau tempo\",\"datePublished\":\"2026-02-24T13:51:58+00:00\",\"mainEntityOfPage\":{\"@id\":\"https:\/\/portaltela.pt\/noticias\/2026\/02\/24\/convento-de-cristo-e-mosteiro-da-batalha-reabrem-sexta-feira-apos-mau-tempo\/\"},\"wordCount\":166,\"image\":{\"@id\":\"https:\/\/portaltela.pt\/noticias\/2026\/02\/24\/convento-de-cristo-e-mosteiro-da-batalha-reabrem-sexta-feira-apos-mau-tempo\/#primaryimage\"},\"thumbnailUrl\":\"https:\/\/portaltela.pt\/s.01k8rhncp4jt1\/2026\/02\/img_1500x1000uu2022-05-07-17-16-14-1147229.jpg\",\"keywords\":[\"Batalha\",\"Monumentos de Portugal\",\"museus e arquivos\",\"patrim\u00f3nio\",\"Patrim\u00f3nio Cultural\",\"Tomar\"],\"articleSection\":[\"Not\u00edcias\"],\"inLanguage\":\"pt-PT\"},{\"@type\":\"WebPage\",\"@id\":\"https:\/\/portaltela.pt\/noticias\/2026\/02\/24\/convento-de-cristo-e-mosteiro-da-batalha-reabrem-sexta-feira-apos-mau-tempo\/\",\"url\":\"https:\/\/portaltela.pt\/noticias\/2026\/02\/24\/convento-de-cristo-e-mosteiro-da-batalha-reabrem-sexta-feira-apos-mau-tempo\/\",\"name\":\"Convento de Cristo e Mosteiro da Batalha reabrem sexta-feira ap\u00f3s mau tempo - Portal Tela Portugal\",\"isPartOf\":{\"@id\":\"https:\/\/portaltela.pt\/#website\"},\"primaryImageOfPage\":{\"@id\":\"https:\/\/portaltela.pt\/noticias\/2026\/02\/24\/convento-de-cristo-e-mosteiro-da-batalha-reabrem-sexta-feira-apos-mau-tempo\/#primaryimage\"},\"image\":{\"@id\":\"https:\/\/portaltela.pt\/noticias\/2026\/02\/24\/convento-de-cristo-e-mosteiro-da-batalha-reabrem-sexta-feira-apos-mau-tempo\/#primaryimage\"},\"thumbnailUrl\":\"https:\/\/portaltela.pt\/s.01k8rhncp4jt1\/2026\/02\/img_1500x1000uu2022-05-07-17-16-14-1147229.jpg\",\"datePublished\":\"2026-02-24T13:51:58+00:00\",\"author\":{\"@id\":\"https:\/\/portaltela.pt\/#\/schema\/person\/c4278d4a6028830caff9ee44b42d32ed\"},\"breadcrumb\":{\"@id\":\"https:\/\/portaltela.pt\/noticias\/2026\/02\/24\/convento-de-cristo-e-mosteiro-da-batalha-reabrem-sexta-feira-apos-mau-tempo\/#breadcrumb\"},\"inLanguage\":\"pt-PT\",\"potentialAction\":[{\"@type\":\"ReadAction\",\"target\":[\"https:\/\/portaltela.pt\/noticias\/2026\/02\/24\/convento-de-cristo-e-mosteiro-da-batalha-reabrem-sexta-feira-apos-mau-tempo\/\"]}]},{\"@type\":\"ImageObject\",\"inLanguage\":\"pt-PT\",\"@id\":\"https:\/\/portaltela.pt\/noticias\/2026\/02\/24\/convento-de-cristo-e-mosteiro-da-batalha-reabrem-sexta-feira-apos-mau-tempo\/#primaryimage\",\"url\":\"https:\/\/portaltela.pt\/s.01k8rhncp4jt1\/2026\/02\/img_1500x1000uu2022-05-07-17-16-14-1147229.jpg\",\"contentUrl\":\"https:\/\/portaltela.pt\/s.01k8rhncp4jt1\/2026\/02\/img_1500x1000uu2022-05-07-17-16-14-1147229.jpg\",\"width\":796,\"height\":448,\"caption\":\"Mosteiro da Batalha\"},{\"@type\":\"BreadcrumbList\",\"@id\":\"https:\/\/portaltela.pt\/noticias\/2026\/02\/24\/convento-de-cristo-e-mosteiro-da-batalha-reabrem-sexta-feira-apos-mau-tempo\/#breadcrumb\",\"itemListElement\":[{\"@type\":\"ListItem\",\"position\":1,\"name\":\"In\u00edcio\",\"item\":\"https:\/\/portaltela.pt\/\"},{\"@type\":\"ListItem\",\"position\":2,\"name\":\"Convento de Cristo e Mosteiro da Batalha reabrem sexta-feira ap\u00f3s mau tempo\"}]},{\"@type\":\"WebSite\",\"@id\":\"https:\/\/portaltela.pt\/#website\",\"url\":\"https:\/\/portaltela.pt\/\",\"name\":\"Portal Tela Portugal\",\"description\":\"\",\"potentialAction\":[{\"@type\":\"SearchAction\",\"target\":{\"@type\":\"EntryPoint\",\"urlTemplate\":\"https:\/\/portaltela.pt\/?s={search_term_string}\"},\"query-input\":{\"@type\":\"PropertyValueSpecification\",\"valueRequired\":true,\"valueName\":\"search_term_string\"}}],\"inLanguage\":\"pt-PT\"},{\"@type\":\"Person\",\"@id\":\"https:\/\/portaltela.pt\/#\/schema\/person\/c4278d4a6028830caff9ee44b42d32ed\",\"name\":\"Telinha\",\"image\":{\"@type\":\"ImageObject\",\"inLanguage\":\"pt-PT\",\"@id\":\"https:\/\/portaltela.pt\/s.01k8rhncp4jt1\/2025\/11\/talking-bot-125x125.png\",\"url\":\"https:\/\/portaltela.pt\/s.01k8rhncp4jt1\/2025\/11\/talking-bot-125x125.png\",\"contentUrl\":\"https:\/\/portaltela.pt\/s.01k8rhncp4jt1\/2025\/11\/talking-bot-125x125.png\",\"caption\":\"Telinha\"},\"sameAs\":[\"https:\/\/portaltela.pt\/\"],\"url\":\"https:\/\/portaltela.pt\/por\/367410592786\/\"}]}<\/script>\n<!-- \/ Yoast SEO plugin. -->","yoast_head_json":{"title":"Convento de Cristo e Mosteiro da Batalha reabrem sexta-feira ap\u00f3s mau tempo - Portal Tela Portugal","robots":{"index":"index","follow":"follow","max-snippet":"max-snippet:-1","max-image-preview":"max-image-preview:large","max-video-preview":"max-video-preview:-1"},"og_locale":"pt_PT","og_type":"article","og_title":"Convento de Cristo e Mosteiro da Batalha reabrem sexta-feira ap\u00f3s mau tempo - Portal Tela Portugal","og_description":"Os monumentos Convento de Cristo, em Tomar, e Mosteiro da Batalha v\u00e3o reabrir ao p\u00fablico na sexta-feira, segundo a Museus e Monumentos de Portugal (MMP). As reaberturas ocorrem ap\u00f3s encerramentos provocados pelo mau tempo, com algumas \u00e1reas a manter acesso condicionado. Os dois monumentos integram a Lista de Patrim\u00f3nio Mundial da UNESCO. A MMP explica que o tempor\u00e1rio encerramento se deveu a danos nas fachadas, vidros e coberturas, bem como \u00e0 queda de \u00e1rvores nas \u00e1reas exteriores. Com a reabertura, garantem-se novamente todos os equipamentos culturais sob gest\u00e3o da MMP que estiveram fechados.","og_url":"https:\/\/portaltela.pt\/noticias\/2026\/02\/24\/convento-de-cristo-e-mosteiro-da-batalha-reabrem-sexta-feira-apos-mau-tempo\/","og_site_name":"Portal Tela Portugal","article_published_time":"2026-02-24T13:51:58+00:00","author":"Telinha","twitter_card":"summary_large_image","twitter_misc":{"Escrito por":"Telinha","Tempo estimado de leitura":"1 minuto"},"schema":{"@context":"https:\/\/schema.org","@graph":[{"@type":"Article","@id":"https:\/\/portaltela.pt\/noticias\/2026\/02\/24\/convento-de-cristo-e-mosteiro-da-batalha-reabrem-sexta-feira-apos-mau-tempo\/#article","isPartOf":{"@id":"https:\/\/portaltela.pt\/noticias\/2026\/02\/24\/convento-de-cristo-e-mosteiro-da-batalha-reabrem-sexta-feira-apos-mau-tempo\/"},"author":{"name":"Telinha","@id":"https:\/\/portaltela.pt\/#\/schema\/person\/c4278d4a6028830caff9ee44b42d32ed"},"headline":"Convento de Cristo e Mosteiro da Batalha reabrem sexta-feira ap\u00f3s mau tempo","datePublished":"2026-02-24T13:51:58+00:00","mainEntityOfPage":{"@id":"https:\/\/portaltela.pt\/noticias\/2026\/02\/24\/convento-de-cristo-e-mosteiro-da-batalha-reabrem-sexta-feira-apos-mau-tempo\/"},"wordCount":166,"image":{"@id":"https:\/\/portaltela.pt\/noticias\/2026\/02\/24\/convento-de-cristo-e-mosteiro-da-batalha-reabrem-sexta-feira-apos-mau-tempo\/#primaryimage"},"thumbnailUrl":"https:\/\/portaltela.pt\/s.01k8rhncp4jt1\/2026\/02\/img_1500x1000uu2022-05-07-17-16-14-1147229.jpg","keywords":["Batalha","Monumentos de Portugal","museus e arquivos","patrim\u00f3nio","Patrim\u00f3nio Cultural","Tomar"],"articleSection":["Not\u00edcias"],"inLanguage":"pt-PT"},{"@type":"WebPage","@id":"https:\/\/portaltela.pt\/noticias\/2026\/02\/24\/convento-de-cristo-e-mosteiro-da-batalha-reabrem-sexta-feira-apos-mau-tempo\/","url":"https:\/\/portaltela.pt\/noticias\/2026\/02\/24\/convento-de-cristo-e-mosteiro-da-batalha-reabrem-sexta-feira-apos-mau-tempo\/","name":"Convento de Cristo e Mosteiro da Batalha reabrem sexta-feira ap\u00f3s mau tempo - Portal Tela Portugal","isPartOf":{"@id":"https:\/\/portaltela.pt\/#website"},"primaryImageOfPage":{"@id":"https:\/\/portaltela.pt\/noticias\/2026\/02\/24\/convento-de-cristo-e-mosteiro-da-batalha-reabrem-sexta-feira-apos-mau-tempo\/#primaryimage"},"image":{"@id":"https:\/\/portaltela.pt\/noticias\/2026\/02\/24\/convento-de-cristo-e-mosteiro-da-batalha-reabrem-sexta-feira-apos-mau-tempo\/#primaryimage"},"thumbnailUrl":"https:\/\/portaltela.pt\/s.01k8rhncp4jt1\/2026\/02\/img_1500x1000uu2022-05-07-17-16-14-1147229.jpg","datePublished":"2026-02-24T13:51:58+00:00","author":{"@id":"https:\/\/portaltela.pt\/#\/schema\/person\/c4278d4a6028830caff9ee44b42d32ed"},"breadcrumb":{"@id":"https:\/\/portaltela.pt\/noticias\/2026\/02\/24\/convento-de-cristo-e-mosteiro-da-batalha-reabrem-sexta-feira-apos-mau-tempo\/#breadcrumb"},"inLanguage":"pt-PT","potentialAction":[{"@type":"ReadAction","target":["https:\/\/portaltela.pt\/noticias\/2026\/02\/24\/convento-de-cristo-e-mosteiro-da-batalha-reabrem-sexta-feira-apos-mau-tempo\/"]}]},{"@type":"ImageObject","inLanguage":"pt-PT","@id":"https:\/\/portaltela.pt\/noticias\/2026\/02\/24\/convento-de-cristo-e-mosteiro-da-batalha-reabrem-sexta-feira-apos-mau-tempo\/#primaryimage","url":"https:\/\/portaltela.pt\/s.01k8rhncp4jt1\/2026\/02\/img_1500x1000uu2022-05-07-17-16-14-1147229.jpg","contentUrl":"https:\/\/portaltela.pt\/s.01k8rhncp4jt1\/2026\/02\/img_1500x1000uu2022-05-07-17-16-14-1147229.jpg","width":796,"height":448,"caption":"Mosteiro da Batalha"},{"@type":"BreadcrumbList","@id":"https:\/\/portaltela.pt\/noticias\/2026\/02\/24\/convento-de-cristo-e-mosteiro-da-batalha-reabrem-sexta-feira-apos-mau-tempo\/#breadcrumb","itemListElement":[{"@type":"ListItem","position":1,"name":"In\u00edcio","item":"https:\/\/portaltela.pt\/"},{"@type":"ListItem","position":2,"name":"Convento de Cristo e Mosteiro da Batalha reabrem sexta-feira ap\u00f3s mau tempo"}]},{"@type":"WebSite","@id":"https:\/\/portaltela.pt\/#website","url":"https:\/\/portaltela.pt\/","name":"Portal Tela Portugal","description":"","potentialAction":[{"@type":"SearchAction","target":{"@type":"EntryPoint","urlTemplate":"https:\/\/portaltela.pt\/?s={search_term_string}"},"query-input":{"@type":"PropertyValueSpecification","valueRequired":true,"valueName":"search_term_string"}}],"inLanguage":"pt-PT"},{"@type":"Person","@id":"https:\/\/portaltela.pt\/#\/schema\/person\/c4278d4a6028830caff9ee44b42d32ed","name":"Telinha","image":{"@type":"ImageObject","inLanguage":"pt-PT","@id":"https:\/\/portaltela.pt\/s.01k8rhncp4jt1\/2025\/11\/talking-bot-125x125.png","url":"https:\/\/portaltela.pt\/s.01k8rhncp4jt1\/2025\/11\/talking-bot-125x125.png","contentUrl":"https:\/\/portaltela.pt\/s.01k8rhncp4jt1\/2025\/11\/talking-bot-125x125.png","caption":"Telinha"},"sameAs":["https:\/\/portaltela.pt\/"],"url":"https:\/\/portaltela.pt\/por\/367410592786\/"}]}},"_links":{"self":[{"href":"https:\/\/portaltela.pt\/api\/wp\/v2\/posts\/224270","targetHints":{"allow":["GET"]}}],"collection":[{"href":"https:\/\/portaltela.pt\/api\/wp\/v2\/posts"}],"about":[{"href":"https:\/\/portaltela.pt\/api\/wp\/v2\/types\/post"}],"author":[{"embeddable":true,"href":"https:\/\/portaltela.pt\/api\/wp\/v2\/users\/2"}],"replies":[{"embeddable":true,"href":"https:\/\/portaltela.pt\/api\/wp\/v2\/comments?post=224270"}],"version-history":[{"count":0,"href":"https:\/\/portaltela.pt\/api\/wp\/v2\/posts\/224270\/revisions"}],"wp:featuredmedia":[{"embeddable":true,"href":"https:\/\/portaltela.pt\/api\/wp\/v2\/media\/224271"}],"wp:attachment":[{"href":"https:\/\/portaltela.pt\/api\/wp\/v2\/media?parent=224270"}],"wp:term":[{"taxonomy":"category","embeddable":true,"href":"https:\/\/portaltela.pt\/api\/wp\/v2\/categories?post=224270"},{"taxonomy":"post_tag","embeddable":true,"href":"https:\/\/portaltela.pt\/api\/wp\/v2\/tags?post=224270"}],"curies":[{"name":"wp","href":"https:\/\/api.w.org\/{rel}","templated":true}]}}