{"id":224241,"date":"2026-02-23T21:00:00","date_gmt":"2026-02-24T00:00:00","guid":{"rendered":"https:\/\/portaltela.pt\/noticias\/2026\/02\/23\/lei-laboral-ministra-afirma-consenso-tecnico-em-mais-de-30-artigos\/"},"modified":"2026-02-23T21:00:00","modified_gmt":"2026-02-24T00:00:00","slug":"lei-laboral-ministra-afirma-consenso-tecnico-em-mais-de-30-artigos","status":"publish","type":"post","link":"https:\/\/portaltela.pt\/noticias\/2026\/02\/23\/lei-laboral-ministra-afirma-consenso-tecnico-em-mais-de-30-artigos\/","title":{"rendered":"Lei Laboral: Ministra afirma consenso t\u00e9cnico em mais de 30 artigos"},"content":{"rendered":"<p>A ministra do Trabalho afirmou hoje que j\u00e1 existe consenso t\u00e9cnico em mais de tr\u00eas dezenas de artigos da proposta de revis\u00e3o da lei laboral. A afirma\u00e7\u00e3o ocorreu na ter\u00e7a-feira, 24 de fevereiro, em rela\u00e7\u00e3o ao processo negocial com os parceiros sociais.<\/p>\n<p>Palma Ramalho disse que o processo de negocia\u00e7\u00e3o decorre h\u00e1 sete meses e que o Executivo pretende chegar a um acordo em sede de negocia\u00e7\u00e3o coletiva. A respons\u00e1vel explicou que o objetivo \u00e9 aprovar a nova legisla\u00e7\u00e3o at\u00e9 ao final de mar\u00e7o.<\/p>\n<p>O Governo pretende que a lei entre em vigor no primeiro semestre de 2026. A ministra destacou que, apesar do progresso, ainda existem pontos por resolver, especialmente na regulamenta\u00e7\u00e3o de aspetos espec\u00edficos.<\/p>\n<h3>Progresso e pr\u00f3ximos passos<\/h3>\n<p>A ministra refor\u00e7ou que o Governo est\u00e1 aberto ao di\u00e1logo e continuar\u00e1 a trabalhar com sindicatos e associa\u00e7\u00f5es patronais. O objetivo \u00e9 um quadro legal mais flex\u00edvel, sem perder os direitos dos trabalhadores.<\/p>\n<p>A proposta est\u00e1 a ser discutida na Assembleia da Rep\u00fablica. O Governo espera concluir o processo em breve para permitir a entrada em vigor ainda no primeiro semestre de 2026.<\/p>\n<p>Palma Ramalho sublinhou que o consenso t\u00e9cnico at\u00e9 agora indica avan\u00e7o relevante. O di\u00e1logo social foi considerado essencial para o progresso das negocia\u00e7\u00f5es.<\/p>\n<p>A governan\u00e7a p\u00fablica mant\u00e9m-se transparente, com o Governo a avan\u00e7ar em conjunto com os parceiros sociais. O objetivo \u00e9 modernizar a economia mantendo equil\u00edbrio entre emprego de qualidade e direitos laborais.<\/p>\n<p>A ministra concluiu afirmando que o Governo continua comprometido com um mercado de trabalho mais justo, est\u00e1vel e competitivo, mantendo o foco na negocia\u00e7\u00e3o aberta.<\/p>\n","protected":false},"excerpt":{"rendered":"<ul>\n<li>A ministra do Trabalho indicou consenso t\u00e9cnico em mais de trinta artigos da revis\u00e3o da lei laboral, ap\u00f3s sete meses de negocia\u00e7\u00f5es com parceiros sociais.<\/li>\n<li>O Governo pretende que a nova legisla\u00e7\u00e3o seja aprovada at\u00e9 ao final de mar\u00e7o e entre em vigor no primeiro semestre de 2026.<\/li>\n<li>Ainda existem quest\u00f5es por resolver, especialmente na regulamenta\u00e7\u00e3o de alguns aspetos espec\u00edficos.<\/li>\n<li>O processo decorre na Assembleia da Rep\u00fablica, com di\u00e1logo cont\u00ednuo entre governo, sindicatos e patronato.<\/li>\n<li>O objetivo \u00e9 um quadro legal mais flex\u00edvel, que promova contrata\u00e7\u00e3o e estabilidade laboral, assegurando os direitos dos trabalhadores e dinamizando a economia.<\/li>\n<\/ul>\n","protected":false},"author":2,"featured_media":224242,"comment_status":"closed","ping_status":"closed","sticky":false,"template":"","format":"standard","meta":{"footnotes":""},"categories":[1],"tags":[4211,6094,34,5539,5426,2201],"class_list":["post-224241","post","type-post","status-publish","format-standard","has-post-thumbnail","hentry","category-noticias","tag-assembleia-nacional","tag-direitos-dos-trabalhadores","tag-governo","tag-lei","tag-negociacao-coletiva","tag-trabalho"],"yoast_head":"<!-- This site is optimized with the Yoast SEO plugin v27.2 - https:\/\/yoast.com\/product\/yoast-seo-wordpress\/ -->\n<title>Lei Laboral: Ministra afirma consenso t\u00e9cnico em mais de 30 artigos - Portal Tela Portugal<\/title>\n<meta name=\"robots\" content=\"index, follow, max-snippet:-1, max-image-preview:large, max-video-preview:-1\" \/>\n<meta property=\"og:locale\" content=\"pt_PT\" \/>\n<meta property=\"og:type\" content=\"article\" \/>\n<meta property=\"og:title\" content=\"Lei Laboral: Ministra afirma consenso t\u00e9cnico em mais de 30 artigos - Portal Tela Portugal\" \/>\n<meta property=\"og:description\" content=\"A ministra do Trabalho indicou consenso t\u00e9cnico em mais de trinta artigos da revis\u00e3o da lei laboral, ap\u00f3s sete meses de negocia\u00e7\u00f5es com parceiros sociais. O Governo pretende que a nova legisla\u00e7\u00e3o seja aprovada at\u00e9 ao final de mar\u00e7o e entre em vigor no primeiro semestre de 2026. Ainda existem quest\u00f5es por resolver, especialmente na regulamenta\u00e7\u00e3o de alguns aspetos espec\u00edficos. O processo decorre na Assembleia da Rep\u00fablica, com di\u00e1logo cont\u00ednuo entre governo, sindicatos e patronato. O objetivo \u00e9 um quadro legal mais flex\u00edvel, que promova contrata\u00e7\u00e3o e estabilidade laboral, assegurando os direitos dos trabalhadores e dinamizando a economia.\" \/>\n<meta property=\"og:url\" content=\"https:\/\/portaltela.pt\/noticias\/2026\/02\/23\/lei-laboral-ministra-afirma-consenso-tecnico-em-mais-de-30-artigos\/\" \/>\n<meta property=\"og:site_name\" content=\"Portal Tela Portugal\" \/>\n<meta property=\"article:published_time\" content=\"2026-02-24T00:00:00+00:00\" \/>\n<meta name=\"author\" content=\"Telinha\" \/>\n<meta name=\"twitter:card\" content=\"summary_large_image\" \/>\n<meta name=\"twitter:label1\" content=\"Escrito por\" \/>\n\t<meta name=\"twitter:data1\" content=\"Telinha\" \/>\n\t<meta name=\"twitter:label2\" content=\"Tempo estimado de leitura\" \/>\n\t<meta name=\"twitter:data2\" content=\"1 minuto\" \/>\n<script type=\"application\/ld+json\" class=\"yoast-schema-graph\">{\"@context\":\"https:\/\/schema.org\",\"@graph\":[{\"@type\":\"Article\",\"@id\":\"https:\/\/portaltela.pt\/noticias\/2026\/02\/23\/lei-laboral-ministra-afirma-consenso-tecnico-em-mais-de-30-artigos\/#article\",\"isPartOf\":{\"@id\":\"https:\/\/portaltela.pt\/noticias\/2026\/02\/23\/lei-laboral-ministra-afirma-consenso-tecnico-em-mais-de-30-artigos\/\"},\"author\":{\"name\":\"Telinha\",\"@id\":\"https:\/\/portaltela.pt\/#\/schema\/person\/c4278d4a6028830caff9ee44b42d32ed\"},\"headline\":\"Lei Laboral: Ministra afirma consenso t\u00e9cnico em mais de 30 artigos\",\"datePublished\":\"2026-02-24T00:00:00+00:00\",\"mainEntityOfPage\":{\"@id\":\"https:\/\/portaltela.pt\/noticias\/2026\/02\/23\/lei-laboral-ministra-afirma-consenso-tecnico-em-mais-de-30-artigos\/\"},\"wordCount\":297,\"image\":{\"@id\":\"https:\/\/portaltela.pt\/noticias\/2026\/02\/23\/lei-laboral-ministra-afirma-consenso-tecnico-em-mais-de-30-artigos\/#primaryimage\"},\"thumbnailUrl\":\"https:\/\/portaltela.pt\/s.01k8rhncp4jt1\/2026\/02\/dn2Fimport2Fdncxpgxxypnfpero2Fvhmgfyy6iss5.jpg\",\"keywords\":[\"Assembleia Nacional\",\"direitos dos trabalhadores\",\"governo\",\"lei\",\"negocia\u00e7\u00e3o coletiva\",\"trabalho\"],\"articleSection\":[\"Not\u00edcias\"],\"inLanguage\":\"pt-PT\"},{\"@type\":\"WebPage\",\"@id\":\"https:\/\/portaltela.pt\/noticias\/2026\/02\/23\/lei-laboral-ministra-afirma-consenso-tecnico-em-mais-de-30-artigos\/\",\"url\":\"https:\/\/portaltela.pt\/noticias\/2026\/02\/23\/lei-laboral-ministra-afirma-consenso-tecnico-em-mais-de-30-artigos\/\",\"name\":\"Lei Laboral: Ministra afirma consenso t\u00e9cnico em mais de 30 artigos - Portal Tela Portugal\",\"isPartOf\":{\"@id\":\"https:\/\/portaltela.pt\/#website\"},\"primaryImageOfPage\":{\"@id\":\"https:\/\/portaltela.pt\/noticias\/2026\/02\/23\/lei-laboral-ministra-afirma-consenso-tecnico-em-mais-de-30-artigos\/#primaryimage\"},\"image\":{\"@id\":\"https:\/\/portaltela.pt\/noticias\/2026\/02\/23\/lei-laboral-ministra-afirma-consenso-tecnico-em-mais-de-30-artigos\/#primaryimage\"},\"thumbnailUrl\":\"https:\/\/portaltela.pt\/s.01k8rhncp4jt1\/2026\/02\/dn2Fimport2Fdncxpgxxypnfpero2Fvhmgfyy6iss5.jpg\",\"datePublished\":\"2026-02-24T00:00:00+00:00\",\"author\":{\"@id\":\"https:\/\/portaltela.pt\/#\/schema\/person\/c4278d4a6028830caff9ee44b42d32ed\"},\"breadcrumb\":{\"@id\":\"https:\/\/portaltela.pt\/noticias\/2026\/02\/23\/lei-laboral-ministra-afirma-consenso-tecnico-em-mais-de-30-artigos\/#breadcrumb\"},\"inLanguage\":\"pt-PT\",\"potentialAction\":[{\"@type\":\"ReadAction\",\"target\":[\"https:\/\/portaltela.pt\/noticias\/2026\/02\/23\/lei-laboral-ministra-afirma-consenso-tecnico-em-mais-de-30-artigos\/\"]}]},{\"@type\":\"ImageObject\",\"inLanguage\":\"pt-PT\",\"@id\":\"https:\/\/portaltela.pt\/noticias\/2026\/02\/23\/lei-laboral-ministra-afirma-consenso-tecnico-em-mais-de-30-artigos\/#primaryimage\",\"url\":\"https:\/\/portaltela.pt\/s.01k8rhncp4jt1\/2026\/02\/dn2Fimport2Fdncxpgxxypnfpero2Fvhmgfyy6iss5.jpg\",\"contentUrl\":\"https:\/\/portaltela.pt\/s.01k8rhncp4jt1\/2026\/02\/dn2Fimport2Fdncxpgxxypnfpero2Fvhmgfyy6iss5.jpg\",\"width\":1200,\"height\":629,\"caption\":\"Photo\"},{\"@type\":\"BreadcrumbList\",\"@id\":\"https:\/\/portaltela.pt\/noticias\/2026\/02\/23\/lei-laboral-ministra-afirma-consenso-tecnico-em-mais-de-30-artigos\/#breadcrumb\",\"itemListElement\":[{\"@type\":\"ListItem\",\"position\":1,\"name\":\"In\u00edcio\",\"item\":\"https:\/\/portaltela.pt\/\"},{\"@type\":\"ListItem\",\"position\":2,\"name\":\"Lei Laboral: Ministra afirma consenso t\u00e9cnico em mais de 30 artigos\"}]},{\"@type\":\"WebSite\",\"@id\":\"https:\/\/portaltela.pt\/#website\",\"url\":\"https:\/\/portaltela.pt\/\",\"name\":\"Portal Tela Portugal\",\"description\":\"\",\"potentialAction\":[{\"@type\":\"SearchAction\",\"target\":{\"@type\":\"EntryPoint\",\"urlTemplate\":\"https:\/\/portaltela.pt\/?s={search_term_string}\"},\"query-input\":{\"@type\":\"PropertyValueSpecification\",\"valueRequired\":true,\"valueName\":\"search_term_string\"}}],\"inLanguage\":\"pt-PT\"},{\"@type\":\"Person\",\"@id\":\"https:\/\/portaltela.pt\/#\/schema\/person\/c4278d4a6028830caff9ee44b42d32ed\",\"name\":\"Telinha\",\"image\":{\"@type\":\"ImageObject\",\"inLanguage\":\"pt-PT\",\"@id\":\"https:\/\/portaltela.pt\/s.01k8rhncp4jt1\/2025\/11\/talking-bot-125x125.png\",\"url\":\"https:\/\/portaltela.pt\/s.01k8rhncp4jt1\/2025\/11\/talking-bot-125x125.png\",\"contentUrl\":\"https:\/\/portaltela.pt\/s.01k8rhncp4jt1\/2025\/11\/talking-bot-125x125.png\",\"caption\":\"Telinha\"},\"sameAs\":[\"https:\/\/portaltela.pt\/\"],\"url\":\"https:\/\/portaltela.pt\/por\/367410592786\/\"}]}<\/script>\n<!-- \/ Yoast SEO plugin. -->","yoast_head_json":{"title":"Lei Laboral: Ministra afirma consenso t\u00e9cnico em mais de 30 artigos - Portal Tela Portugal","robots":{"index":"index","follow":"follow","max-snippet":"max-snippet:-1","max-image-preview":"max-image-preview:large","max-video-preview":"max-video-preview:-1"},"og_locale":"pt_PT","og_type":"article","og_title":"Lei Laboral: Ministra afirma consenso t\u00e9cnico em mais de 30 artigos - Portal Tela Portugal","og_description":"A ministra do Trabalho indicou consenso t\u00e9cnico em mais de trinta artigos da revis\u00e3o da lei laboral, ap\u00f3s sete meses de negocia\u00e7\u00f5es com parceiros sociais. O Governo pretende que a nova legisla\u00e7\u00e3o seja aprovada at\u00e9 ao final de mar\u00e7o e entre em vigor no primeiro semestre de 2026. Ainda existem quest\u00f5es por resolver, especialmente na regulamenta\u00e7\u00e3o de alguns aspetos espec\u00edficos. O processo decorre na Assembleia da Rep\u00fablica, com di\u00e1logo cont\u00ednuo entre governo, sindicatos e patronato. O objetivo \u00e9 um quadro legal mais flex\u00edvel, que promova contrata\u00e7\u00e3o e estabilidade laboral, assegurando os direitos dos trabalhadores e dinamizando a economia.","og_url":"https:\/\/portaltela.pt\/noticias\/2026\/02\/23\/lei-laboral-ministra-afirma-consenso-tecnico-em-mais-de-30-artigos\/","og_site_name":"Portal Tela Portugal","article_published_time":"2026-02-24T00:00:00+00:00","author":"Telinha","twitter_card":"summary_large_image","twitter_misc":{"Escrito por":"Telinha","Tempo estimado de leitura":"1 minuto"},"schema":{"@context":"https:\/\/schema.org","@graph":[{"@type":"Article","@id":"https:\/\/portaltela.pt\/noticias\/2026\/02\/23\/lei-laboral-ministra-afirma-consenso-tecnico-em-mais-de-30-artigos\/#article","isPartOf":{"@id":"https:\/\/portaltela.pt\/noticias\/2026\/02\/23\/lei-laboral-ministra-afirma-consenso-tecnico-em-mais-de-30-artigos\/"},"author":{"name":"Telinha","@id":"https:\/\/portaltela.pt\/#\/schema\/person\/c4278d4a6028830caff9ee44b42d32ed"},"headline":"Lei Laboral: Ministra afirma consenso t\u00e9cnico em mais de 30 artigos","datePublished":"2026-02-24T00:00:00+00:00","mainEntityOfPage":{"@id":"https:\/\/portaltela.pt\/noticias\/2026\/02\/23\/lei-laboral-ministra-afirma-consenso-tecnico-em-mais-de-30-artigos\/"},"wordCount":297,"image":{"@id":"https:\/\/portaltela.pt\/noticias\/2026\/02\/23\/lei-laboral-ministra-afirma-consenso-tecnico-em-mais-de-30-artigos\/#primaryimage"},"thumbnailUrl":"https:\/\/portaltela.pt\/s.01k8rhncp4jt1\/2026\/02\/dn2Fimport2Fdncxpgxxypnfpero2Fvhmgfyy6iss5.jpg","keywords":["Assembleia Nacional","direitos dos trabalhadores","governo","lei","negocia\u00e7\u00e3o coletiva","trabalho"],"articleSection":["Not\u00edcias"],"inLanguage":"pt-PT"},{"@type":"WebPage","@id":"https:\/\/portaltela.pt\/noticias\/2026\/02\/23\/lei-laboral-ministra-afirma-consenso-tecnico-em-mais-de-30-artigos\/","url":"https:\/\/portaltela.pt\/noticias\/2026\/02\/23\/lei-laboral-ministra-afirma-consenso-tecnico-em-mais-de-30-artigos\/","name":"Lei Laboral: Ministra afirma consenso t\u00e9cnico em mais de 30 artigos - Portal Tela Portugal","isPartOf":{"@id":"https:\/\/portaltela.pt\/#website"},"primaryImageOfPage":{"@id":"https:\/\/portaltela.pt\/noticias\/2026\/02\/23\/lei-laboral-ministra-afirma-consenso-tecnico-em-mais-de-30-artigos\/#primaryimage"},"image":{"@id":"https:\/\/portaltela.pt\/noticias\/2026\/02\/23\/lei-laboral-ministra-afirma-consenso-tecnico-em-mais-de-30-artigos\/#primaryimage"},"thumbnailUrl":"https:\/\/portaltela.pt\/s.01k8rhncp4jt1\/2026\/02\/dn2Fimport2Fdncxpgxxypnfpero2Fvhmgfyy6iss5.jpg","datePublished":"2026-02-24T00:00:00+00:00","author":{"@id":"https:\/\/portaltela.pt\/#\/schema\/person\/c4278d4a6028830caff9ee44b42d32ed"},"breadcrumb":{"@id":"https:\/\/portaltela.pt\/noticias\/2026\/02\/23\/lei-laboral-ministra-afirma-consenso-tecnico-em-mais-de-30-artigos\/#breadcrumb"},"inLanguage":"pt-PT","potentialAction":[{"@type":"ReadAction","target":["https:\/\/portaltela.pt\/noticias\/2026\/02\/23\/lei-laboral-ministra-afirma-consenso-tecnico-em-mais-de-30-artigos\/"]}]},{"@type":"ImageObject","inLanguage":"pt-PT","@id":"https:\/\/portaltela.pt\/noticias\/2026\/02\/23\/lei-laboral-ministra-afirma-consenso-tecnico-em-mais-de-30-artigos\/#primaryimage","url":"https:\/\/portaltela.pt\/s.01k8rhncp4jt1\/2026\/02\/dn2Fimport2Fdncxpgxxypnfpero2Fvhmgfyy6iss5.jpg","contentUrl":"https:\/\/portaltela.pt\/s.01k8rhncp4jt1\/2026\/02\/dn2Fimport2Fdncxpgxxypnfpero2Fvhmgfyy6iss5.jpg","width":1200,"height":629,"caption":"Photo"},{"@type":"BreadcrumbList","@id":"https:\/\/portaltela.pt\/noticias\/2026\/02\/23\/lei-laboral-ministra-afirma-consenso-tecnico-em-mais-de-30-artigos\/#breadcrumb","itemListElement":[{"@type":"ListItem","position":1,"name":"In\u00edcio","item":"https:\/\/portaltela.pt\/"},{"@type":"ListItem","position":2,"name":"Lei Laboral: Ministra afirma consenso t\u00e9cnico em mais de 30 artigos"}]},{"@type":"WebSite","@id":"https:\/\/portaltela.pt\/#website","url":"https:\/\/portaltela.pt\/","name":"Portal Tela Portugal","description":"","potentialAction":[{"@type":"SearchAction","target":{"@type":"EntryPoint","urlTemplate":"https:\/\/portaltela.pt\/?s={search_term_string}"},"query-input":{"@type":"PropertyValueSpecification","valueRequired":true,"valueName":"search_term_string"}}],"inLanguage":"pt-PT"},{"@type":"Person","@id":"https:\/\/portaltela.pt\/#\/schema\/person\/c4278d4a6028830caff9ee44b42d32ed","name":"Telinha","image":{"@type":"ImageObject","inLanguage":"pt-PT","@id":"https:\/\/portaltela.pt\/s.01k8rhncp4jt1\/2025\/11\/talking-bot-125x125.png","url":"https:\/\/portaltela.pt\/s.01k8rhncp4jt1\/2025\/11\/talking-bot-125x125.png","contentUrl":"https:\/\/portaltela.pt\/s.01k8rhncp4jt1\/2025\/11\/talking-bot-125x125.png","caption":"Telinha"},"sameAs":["https:\/\/portaltela.pt\/"],"url":"https:\/\/portaltela.pt\/por\/367410592786\/"}]}},"_links":{"self":[{"href":"https:\/\/portaltela.pt\/api\/wp\/v2\/posts\/224241","targetHints":{"allow":["GET"]}}],"collection":[{"href":"https:\/\/portaltela.pt\/api\/wp\/v2\/posts"}],"about":[{"href":"https:\/\/portaltela.pt\/api\/wp\/v2\/types\/post"}],"author":[{"embeddable":true,"href":"https:\/\/portaltela.pt\/api\/wp\/v2\/users\/2"}],"replies":[{"embeddable":true,"href":"https:\/\/portaltela.pt\/api\/wp\/v2\/comments?post=224241"}],"version-history":[{"count":0,"href":"https:\/\/portaltela.pt\/api\/wp\/v2\/posts\/224241\/revisions"}],"wp:featuredmedia":[{"embeddable":true,"href":"https:\/\/portaltela.pt\/api\/wp\/v2\/media\/224242"}],"wp:attachment":[{"href":"https:\/\/portaltela.pt\/api\/wp\/v2\/media?parent=224241"}],"wp:term":[{"taxonomy":"category","embeddable":true,"href":"https:\/\/portaltela.pt\/api\/wp\/v2\/categories?post=224241"},{"taxonomy":"post_tag","embeddable":true,"href":"https:\/\/portaltela.pt\/api\/wp\/v2\/tags?post=224241"}],"curies":[{"name":"wp","href":"https:\/\/api.w.org\/{rel}","templated":true}]}}