{"id":224224,"date":"2026-02-24T10:10:00","date_gmt":"2026-02-24T13:10:00","guid":{"rendered":"https:\/\/portaltela.pt\/noticias\/2026\/02\/24\/tribunal-anula-despacho-do-mec-que-previa-eleicoes-na-utad\/"},"modified":"2026-02-24T10:10:00","modified_gmt":"2026-02-24T13:10:00","slug":"tribunal-anula-despacho-do-mec-que-previa-eleicoes-na-utad","status":"publish","type":"post","link":"https:\/\/portaltela.pt\/noticias\/2026\/02\/24\/tribunal-anula-despacho-do-mec-que-previa-eleicoes-na-utad\/","title":{"rendered":"Tribunal anula despacho do MEC que previa elei\u00e7\u00f5es na UTAD"},"content":{"rendered":"<p>O Tribunal Administrativo e Fiscal (TAF) de Mirandela anulou o despacho do Minist\u00e9rio da Educa\u00e7\u00e3o que criou uma comiss\u00e3o eleitoral para organizar e convocar elei\u00e7\u00f5es no conselho geral da UTAD, em Vila Real. A decis\u00e3o p\u00f5e em causa o acordo de Outubro que nomeou Jorge Ventura como reitor interino e deu oito dias ao \u00f3rg\u00e3o para iniciar o processo.<\/p>\n<p>O processo come\u00e7ou ap\u00f3s a sa\u00edda do anterior reitor Em\u00eddio Gomes, em setembro, que intensificou a crise institucional na UTAD. O minist\u00e9rio nomeou, de forma interina, um reitor e seguiu para a constitui\u00e7\u00e3o de uma comiss\u00e3o eleitoral para as elei\u00e7\u00f5es do conselho geral.<\/p>\n<p>Em mar\u00e7o de 2025 foram eleitos 18 membros do Conselho Geral, mas a composi\u00e7\u00e3o ficou incompleta pela impasse na coopta\u00e7\u00e3o de sete membros externos. As elei\u00e7\u00f5es marcadas para 24 de fevereiro foram suspensas em dezembro, ap\u00f3s uma provid\u00eancia cautelar apresentada por nove membros eleitos.<\/p>\n<h3>An\u00e1lise da decis\u00e3o do TAF<\/h3>\n<p>A senten\u00e7a afirma que a atua\u00e7\u00e3o ministerial foi discricion\u00e1ria e que viola a autonomia universit\u00e1ria, n\u00e3o sendo pass\u00edvel de avalia\u00e7\u00e3o pelo tribunal quanto ao m\u00e9rito. O tribunal considerou que o ato desrespeitou o princ\u00edpio da proporcionalidade, ao intervir na institui\u00e7\u00e3o sem fundamenta\u00e7\u00e3o adequada.<\/p>\n<h3>Desdobramentos na coopta\u00e7\u00e3o e rea\u00e7\u00e3o de organiza\u00e7\u00f5es<\/h3>\n<p>A composi\u00e7\u00e3o do Conselho Geral permanece em aberto, com controv\u00e9rsia sobre a forma de vota\u00e7\u00e3o dos membros cooptados. O Movimento de Auditoria Cidad\u00e3 do Ensino Superior saudou a decis\u00e3o, destacando a ilegalidade da interven\u00e7\u00e3o ministerial. O desfecho final depende do Supremo Tribunal Administrativo.<\/p>\n","protected":false},"excerpt":{"rendered":"<ul>\n<li>O Tribunal Administrativo e Fiscal de Mirandela anulou o despacho de 20 de outubro do ministro da Educa\u00e7\u00e3o, Ci\u00eancia e Inova\u00e7\u00e3o que criava uma comiss\u00e3o eleitoral para organizar elei\u00e7\u00f5es no conselho geral da UTAD.<\/li>\n<li>A decis\u00e3o ocorreu na sequ\u00eancia de uma a\u00e7\u00e3o de membros eleitos do conselho geral, que contestaram o despacho.<\/li>\n<li>As elei\u00e7\u00f5es para o reitor, marcadas para 24 de fevereiro, foram suspensas em dezembro ap\u00f3s uma provid\u00eancia cautelar apresentada por alguns membros.<\/li>\n<li>A composi\u00e7\u00e3o do conselho geral continua incompleta devido ao impasse na escolha dos sete membros cooptados, cuja vota\u00e7\u00e3o tem sido alvo de contencioso.<\/li>\n<li>A senten\u00e7a sustenta que a a\u00e7\u00e3o ministerial violou o princ\u00edpio da proporcionalidade e que a autonomia da UTAD deve ser respeitada, cabendo ainda ao Supremo Tribunal Administrativo decidir o que resta do processo.<\/li>\n<\/ul>\n","protected":false},"author":2,"featured_media":224225,"comment_status":"closed","ping_status":"closed","sticky":false,"template":"","format":"standard","meta":{"footnotes":""},"categories":[1],"tags":[5316,873,163,6208,58,3458],"class_list":["post-224224","post","type-post","status-publish","format-standard","has-post-thumbnail","hentry","category-noticias","tag-autonomia-institucional","tag-conselho-geral","tag-educacao","tag-tribunais","tag-universidades","tag-utad"],"yoast_head":"<!-- This site is optimized with the Yoast SEO plugin v27.2 - https:\/\/yoast.com\/product\/yoast-seo-wordpress\/ -->\n<title>Tribunal anula despacho do MEC que previa elei\u00e7\u00f5es na UTAD - Portal Tela Portugal<\/title>\n<meta name=\"robots\" content=\"index, follow, max-snippet:-1, max-image-preview:large, max-video-preview:-1\" \/>\n<meta property=\"og:locale\" content=\"pt_PT\" \/>\n<meta property=\"og:type\" content=\"article\" \/>\n<meta property=\"og:title\" content=\"Tribunal anula despacho do MEC que previa elei\u00e7\u00f5es na UTAD - Portal Tela Portugal\" \/>\n<meta property=\"og:description\" content=\"O Tribunal Administrativo e Fiscal de Mirandela anulou o despacho de 20 de outubro do ministro da Educa\u00e7\u00e3o, Ci\u00eancia e Inova\u00e7\u00e3o que criava uma comiss\u00e3o eleitoral para organizar elei\u00e7\u00f5es no conselho geral da UTAD. A decis\u00e3o ocorreu na sequ\u00eancia de uma a\u00e7\u00e3o de membros eleitos do conselho geral, que contestaram o despacho. As elei\u00e7\u00f5es para o reitor, marcadas para 24 de fevereiro, foram suspensas em dezembro ap\u00f3s uma provid\u00eancia cautelar apresentada por alguns membros. A composi\u00e7\u00e3o do conselho geral continua incompleta devido ao impasse na escolha dos sete membros cooptados, cuja vota\u00e7\u00e3o tem sido alvo de contencioso. A senten\u00e7a sustenta que a a\u00e7\u00e3o ministerial violou o princ\u00edpio da proporcionalidade e que a autonomia da UTAD deve ser respeitada, cabendo ainda ao Supremo Tribunal Administrativo decidir o que resta do processo.\" \/>\n<meta property=\"og:url\" content=\"https:\/\/portaltela.pt\/noticias\/2026\/02\/24\/tribunal-anula-despacho-do-mec-que-previa-eleicoes-na-utad\/\" \/>\n<meta property=\"og:site_name\" content=\"Portal Tela Portugal\" \/>\n<meta property=\"article:published_time\" content=\"2026-02-24T13:10:00+00:00\" \/>\n<meta name=\"author\" content=\"Telinha\" \/>\n<meta name=\"twitter:card\" content=\"summary_large_image\" \/>\n<meta name=\"twitter:label1\" content=\"Escrito por\" \/>\n\t<meta name=\"twitter:data1\" content=\"Telinha\" \/>\n\t<meta name=\"twitter:label2\" content=\"Tempo estimado de leitura\" \/>\n\t<meta name=\"twitter:data2\" content=\"1 minuto\" \/>\n<script type=\"application\/ld+json\" class=\"yoast-schema-graph\">{\"@context\":\"https:\/\/schema.org\",\"@graph\":[{\"@type\":\"Article\",\"@id\":\"https:\/\/portaltela.pt\/noticias\/2026\/02\/24\/tribunal-anula-despacho-do-mec-que-previa-eleicoes-na-utad\/#article\",\"isPartOf\":{\"@id\":\"https:\/\/portaltela.pt\/noticias\/2026\/02\/24\/tribunal-anula-despacho-do-mec-que-previa-eleicoes-na-utad\/\"},\"author\":{\"name\":\"Telinha\",\"@id\":\"https:\/\/portaltela.pt\/#\/schema\/person\/c4278d4a6028830caff9ee44b42d32ed\"},\"headline\":\"Tribunal anula despacho do MEC que previa elei\u00e7\u00f5es na UTAD\",\"datePublished\":\"2026-02-24T13:10:00+00:00\",\"mainEntityOfPage\":{\"@id\":\"https:\/\/portaltela.pt\/noticias\/2026\/02\/24\/tribunal-anula-despacho-do-mec-que-previa-eleicoes-na-utad\/\"},\"wordCount\":294,\"image\":{\"@id\":\"https:\/\/portaltela.pt\/noticias\/2026\/02\/24\/tribunal-anula-despacho-do-mec-que-previa-eleicoes-na-utad\/#primaryimage\"},\"thumbnailUrl\":\"https:\/\/portaltela.pt\/s.01k8rhncp4jt1\/2026\/02\/2069359.jpg\",\"keywords\":[\"autonomia institucional\",\"Conselho Geral\",\"educa\u00e7\u00e3o\",\"Tribunais\",\"universidades\",\"UTAD\"],\"articleSection\":[\"Not\u00edcias\"],\"inLanguage\":\"pt-PT\"},{\"@type\":\"WebPage\",\"@id\":\"https:\/\/portaltela.pt\/noticias\/2026\/02\/24\/tribunal-anula-despacho-do-mec-que-previa-eleicoes-na-utad\/\",\"url\":\"https:\/\/portaltela.pt\/noticias\/2026\/02\/24\/tribunal-anula-despacho-do-mec-que-previa-eleicoes-na-utad\/\",\"name\":\"Tribunal anula despacho do MEC que previa elei\u00e7\u00f5es na UTAD - Portal Tela Portugal\",\"isPartOf\":{\"@id\":\"https:\/\/portaltela.pt\/#website\"},\"primaryImageOfPage\":{\"@id\":\"https:\/\/portaltela.pt\/noticias\/2026\/02\/24\/tribunal-anula-despacho-do-mec-que-previa-eleicoes-na-utad\/#primaryimage\"},\"image\":{\"@id\":\"https:\/\/portaltela.pt\/noticias\/2026\/02\/24\/tribunal-anula-despacho-do-mec-que-previa-eleicoes-na-utad\/#primaryimage\"},\"thumbnailUrl\":\"https:\/\/portaltela.pt\/s.01k8rhncp4jt1\/2026\/02\/2069359.jpg\",\"datePublished\":\"2026-02-24T13:10:00+00:00\",\"author\":{\"@id\":\"https:\/\/portaltela.pt\/#\/schema\/person\/c4278d4a6028830caff9ee44b42d32ed\"},\"breadcrumb\":{\"@id\":\"https:\/\/portaltela.pt\/noticias\/2026\/02\/24\/tribunal-anula-despacho-do-mec-que-previa-eleicoes-na-utad\/#breadcrumb\"},\"inLanguage\":\"pt-PT\",\"potentialAction\":[{\"@type\":\"ReadAction\",\"target\":[\"https:\/\/portaltela.pt\/noticias\/2026\/02\/24\/tribunal-anula-despacho-do-mec-que-previa-eleicoes-na-utad\/\"]}]},{\"@type\":\"ImageObject\",\"inLanguage\":\"pt-PT\",\"@id\":\"https:\/\/portaltela.pt\/noticias\/2026\/02\/24\/tribunal-anula-despacho-do-mec-que-previa-eleicoes-na-utad\/#primaryimage\",\"url\":\"https:\/\/portaltela.pt\/s.01k8rhncp4jt1\/2026\/02\/2069359.jpg\",\"contentUrl\":\"https:\/\/portaltela.pt\/s.01k8rhncp4jt1\/2026\/02\/2069359.jpg\",\"width\":796,\"height\":448,\"caption\":\"UTAD ter\u00e1 um novo curso de Medicina a funcionar no pr\u00f3ximo ano lectivo\"},{\"@type\":\"BreadcrumbList\",\"@id\":\"https:\/\/portaltela.pt\/noticias\/2026\/02\/24\/tribunal-anula-despacho-do-mec-que-previa-eleicoes-na-utad\/#breadcrumb\",\"itemListElement\":[{\"@type\":\"ListItem\",\"position\":1,\"name\":\"In\u00edcio\",\"item\":\"https:\/\/portaltela.pt\/\"},{\"@type\":\"ListItem\",\"position\":2,\"name\":\"Tribunal anula despacho do MEC que previa elei\u00e7\u00f5es na UTAD\"}]},{\"@type\":\"WebSite\",\"@id\":\"https:\/\/portaltela.pt\/#website\",\"url\":\"https:\/\/portaltela.pt\/\",\"name\":\"Portal Tela Portugal\",\"description\":\"\",\"potentialAction\":[{\"@type\":\"SearchAction\",\"target\":{\"@type\":\"EntryPoint\",\"urlTemplate\":\"https:\/\/portaltela.pt\/?s={search_term_string}\"},\"query-input\":{\"@type\":\"PropertyValueSpecification\",\"valueRequired\":true,\"valueName\":\"search_term_string\"}}],\"inLanguage\":\"pt-PT\"},{\"@type\":\"Person\",\"@id\":\"https:\/\/portaltela.pt\/#\/schema\/person\/c4278d4a6028830caff9ee44b42d32ed\",\"name\":\"Telinha\",\"image\":{\"@type\":\"ImageObject\",\"inLanguage\":\"pt-PT\",\"@id\":\"https:\/\/portaltela.pt\/s.01k8rhncp4jt1\/2025\/11\/talking-bot-125x125.png\",\"url\":\"https:\/\/portaltela.pt\/s.01k8rhncp4jt1\/2025\/11\/talking-bot-125x125.png\",\"contentUrl\":\"https:\/\/portaltela.pt\/s.01k8rhncp4jt1\/2025\/11\/talking-bot-125x125.png\",\"caption\":\"Telinha\"},\"sameAs\":[\"https:\/\/portaltela.pt\/\"],\"url\":\"https:\/\/portaltela.pt\/por\/367410592786\/\"}]}<\/script>\n<!-- \/ Yoast SEO plugin. -->","yoast_head_json":{"title":"Tribunal anula despacho do MEC que previa elei\u00e7\u00f5es na UTAD - Portal Tela Portugal","robots":{"index":"index","follow":"follow","max-snippet":"max-snippet:-1","max-image-preview":"max-image-preview:large","max-video-preview":"max-video-preview:-1"},"og_locale":"pt_PT","og_type":"article","og_title":"Tribunal anula despacho do MEC que previa elei\u00e7\u00f5es na UTAD - Portal Tela Portugal","og_description":"O Tribunal Administrativo e Fiscal de Mirandela anulou o despacho de 20 de outubro do ministro da Educa\u00e7\u00e3o, Ci\u00eancia e Inova\u00e7\u00e3o que criava uma comiss\u00e3o eleitoral para organizar elei\u00e7\u00f5es no conselho geral da UTAD. A decis\u00e3o ocorreu na sequ\u00eancia de uma a\u00e7\u00e3o de membros eleitos do conselho geral, que contestaram o despacho. As elei\u00e7\u00f5es para o reitor, marcadas para 24 de fevereiro, foram suspensas em dezembro ap\u00f3s uma provid\u00eancia cautelar apresentada por alguns membros. A composi\u00e7\u00e3o do conselho geral continua incompleta devido ao impasse na escolha dos sete membros cooptados, cuja vota\u00e7\u00e3o tem sido alvo de contencioso. A senten\u00e7a sustenta que a a\u00e7\u00e3o ministerial violou o princ\u00edpio da proporcionalidade e que a autonomia da UTAD deve ser respeitada, cabendo ainda ao Supremo Tribunal Administrativo decidir o que resta do processo.","og_url":"https:\/\/portaltela.pt\/noticias\/2026\/02\/24\/tribunal-anula-despacho-do-mec-que-previa-eleicoes-na-utad\/","og_site_name":"Portal Tela Portugal","article_published_time":"2026-02-24T13:10:00+00:00","author":"Telinha","twitter_card":"summary_large_image","twitter_misc":{"Escrito por":"Telinha","Tempo estimado de leitura":"1 minuto"},"schema":{"@context":"https:\/\/schema.org","@graph":[{"@type":"Article","@id":"https:\/\/portaltela.pt\/noticias\/2026\/02\/24\/tribunal-anula-despacho-do-mec-que-previa-eleicoes-na-utad\/#article","isPartOf":{"@id":"https:\/\/portaltela.pt\/noticias\/2026\/02\/24\/tribunal-anula-despacho-do-mec-que-previa-eleicoes-na-utad\/"},"author":{"name":"Telinha","@id":"https:\/\/portaltela.pt\/#\/schema\/person\/c4278d4a6028830caff9ee44b42d32ed"},"headline":"Tribunal anula despacho do MEC que previa elei\u00e7\u00f5es na UTAD","datePublished":"2026-02-24T13:10:00+00:00","mainEntityOfPage":{"@id":"https:\/\/portaltela.pt\/noticias\/2026\/02\/24\/tribunal-anula-despacho-do-mec-que-previa-eleicoes-na-utad\/"},"wordCount":294,"image":{"@id":"https:\/\/portaltela.pt\/noticias\/2026\/02\/24\/tribunal-anula-despacho-do-mec-que-previa-eleicoes-na-utad\/#primaryimage"},"thumbnailUrl":"https:\/\/portaltela.pt\/s.01k8rhncp4jt1\/2026\/02\/2069359.jpg","keywords":["autonomia institucional","Conselho Geral","educa\u00e7\u00e3o","Tribunais","universidades","UTAD"],"articleSection":["Not\u00edcias"],"inLanguage":"pt-PT"},{"@type":"WebPage","@id":"https:\/\/portaltela.pt\/noticias\/2026\/02\/24\/tribunal-anula-despacho-do-mec-que-previa-eleicoes-na-utad\/","url":"https:\/\/portaltela.pt\/noticias\/2026\/02\/24\/tribunal-anula-despacho-do-mec-que-previa-eleicoes-na-utad\/","name":"Tribunal anula despacho do MEC que previa elei\u00e7\u00f5es na UTAD - Portal Tela Portugal","isPartOf":{"@id":"https:\/\/portaltela.pt\/#website"},"primaryImageOfPage":{"@id":"https:\/\/portaltela.pt\/noticias\/2026\/02\/24\/tribunal-anula-despacho-do-mec-que-previa-eleicoes-na-utad\/#primaryimage"},"image":{"@id":"https:\/\/portaltela.pt\/noticias\/2026\/02\/24\/tribunal-anula-despacho-do-mec-que-previa-eleicoes-na-utad\/#primaryimage"},"thumbnailUrl":"https:\/\/portaltela.pt\/s.01k8rhncp4jt1\/2026\/02\/2069359.jpg","datePublished":"2026-02-24T13:10:00+00:00","author":{"@id":"https:\/\/portaltela.pt\/#\/schema\/person\/c4278d4a6028830caff9ee44b42d32ed"},"breadcrumb":{"@id":"https:\/\/portaltela.pt\/noticias\/2026\/02\/24\/tribunal-anula-despacho-do-mec-que-previa-eleicoes-na-utad\/#breadcrumb"},"inLanguage":"pt-PT","potentialAction":[{"@type":"ReadAction","target":["https:\/\/portaltela.pt\/noticias\/2026\/02\/24\/tribunal-anula-despacho-do-mec-que-previa-eleicoes-na-utad\/"]}]},{"@type":"ImageObject","inLanguage":"pt-PT","@id":"https:\/\/portaltela.pt\/noticias\/2026\/02\/24\/tribunal-anula-despacho-do-mec-que-previa-eleicoes-na-utad\/#primaryimage","url":"https:\/\/portaltela.pt\/s.01k8rhncp4jt1\/2026\/02\/2069359.jpg","contentUrl":"https:\/\/portaltela.pt\/s.01k8rhncp4jt1\/2026\/02\/2069359.jpg","width":796,"height":448,"caption":"UTAD ter\u00e1 um novo curso de Medicina a funcionar no pr\u00f3ximo ano lectivo"},{"@type":"BreadcrumbList","@id":"https:\/\/portaltela.pt\/noticias\/2026\/02\/24\/tribunal-anula-despacho-do-mec-que-previa-eleicoes-na-utad\/#breadcrumb","itemListElement":[{"@type":"ListItem","position":1,"name":"In\u00edcio","item":"https:\/\/portaltela.pt\/"},{"@type":"ListItem","position":2,"name":"Tribunal anula despacho do MEC que previa elei\u00e7\u00f5es na UTAD"}]},{"@type":"WebSite","@id":"https:\/\/portaltela.pt\/#website","url":"https:\/\/portaltela.pt\/","name":"Portal Tela Portugal","description":"","potentialAction":[{"@type":"SearchAction","target":{"@type":"EntryPoint","urlTemplate":"https:\/\/portaltela.pt\/?s={search_term_string}"},"query-input":{"@type":"PropertyValueSpecification","valueRequired":true,"valueName":"search_term_string"}}],"inLanguage":"pt-PT"},{"@type":"Person","@id":"https:\/\/portaltela.pt\/#\/schema\/person\/c4278d4a6028830caff9ee44b42d32ed","name":"Telinha","image":{"@type":"ImageObject","inLanguage":"pt-PT","@id":"https:\/\/portaltela.pt\/s.01k8rhncp4jt1\/2025\/11\/talking-bot-125x125.png","url":"https:\/\/portaltela.pt\/s.01k8rhncp4jt1\/2025\/11\/talking-bot-125x125.png","contentUrl":"https:\/\/portaltela.pt\/s.01k8rhncp4jt1\/2025\/11\/talking-bot-125x125.png","caption":"Telinha"},"sameAs":["https:\/\/portaltela.pt\/"],"url":"https:\/\/portaltela.pt\/por\/367410592786\/"}]}},"_links":{"self":[{"href":"https:\/\/portaltela.pt\/api\/wp\/v2\/posts\/224224","targetHints":{"allow":["GET"]}}],"collection":[{"href":"https:\/\/portaltela.pt\/api\/wp\/v2\/posts"}],"about":[{"href":"https:\/\/portaltela.pt\/api\/wp\/v2\/types\/post"}],"author":[{"embeddable":true,"href":"https:\/\/portaltela.pt\/api\/wp\/v2\/users\/2"}],"replies":[{"embeddable":true,"href":"https:\/\/portaltela.pt\/api\/wp\/v2\/comments?post=224224"}],"version-history":[{"count":0,"href":"https:\/\/portaltela.pt\/api\/wp\/v2\/posts\/224224\/revisions"}],"wp:featuredmedia":[{"embeddable":true,"href":"https:\/\/portaltela.pt\/api\/wp\/v2\/media\/224225"}],"wp:attachment":[{"href":"https:\/\/portaltela.pt\/api\/wp\/v2\/media?parent=224224"}],"wp:term":[{"taxonomy":"category","embeddable":true,"href":"https:\/\/portaltela.pt\/api\/wp\/v2\/categories?post=224224"},{"taxonomy":"post_tag","embeddable":true,"href":"https:\/\/portaltela.pt\/api\/wp\/v2\/tags?post=224224"}],"curies":[{"name":"wp","href":"https:\/\/api.w.org\/{rel}","templated":true}]}}